{"id":92423,"date":"2022-10-03T15:13:31","date_gmt":"2022-10-03T14:13:31","guid":{"rendered":"https:\/\/www.copealcoy.es\/?p=92423"},"modified":"2022-10-03T15:44:30","modified_gmt":"2022-10-03T14:44:30","slug":"planes-recupera-les-seues-festes-patronals-amb-gran-esplendor","status":"publish","type":"post","link":"https:\/\/www.copealcoy.es\/es\/planes-recupera-les-seues-festes-patronals-amb-gran-esplendor\/","title":{"rendered":"Planes recupera les seues Festes patronals amb gran esplendor"},"content":{"rendered":"<p style=\"text-align: justify;\"><a href=\"https:\/\/ajuntamentdeplanes.es\/12801024\/index.html\"><span style=\"color: #0000ff;\"><strong>Planes<\/strong><\/span> <\/a>ha viscut durant aquest passat cap de setmana <strong>les seues Festes Patronals<\/strong>, unes celebracions que <strong>recuperaven el seu format habitual<\/strong> despr\u00e9s de la crisi sanit\u00e0ria de la Covid-19. Nombrosos visitants dels pobles de l&#8217;Alcoi\u00e0 i el Comtat <strong>van gaudir dels actes d&#8217;aquests festejos<\/strong> que tanquen la temporada de festes d&#8217;estiu a les nostres comarques.<\/p>\n<p style=\"text-align: justify;\">Durant les Festes de Planes no han faltat <strong>els actes religiosos en honor als patrons del poble<\/strong> com les misses solemnes o les processons en honor a <strong>la Verge del Roser, Sant Roc i el Sant\u00edssim Crist<\/strong>. A m\u00e9s, en homenatge a aquest \u00faltim, va tindre lloc ahir diumenge de mat\u00ed <strong>la romeria fins a l&#8217;ermita<\/strong>, un dels moments m\u00e9s esperats per als ve\u00efns de la poblaci\u00f3. Aix\u00ed mateix, <a href=\"https:\/\/www.facebook.com\/profile.php?id=100063521674111\"><span style=\"color: #0000ff;\"><strong>la Colla de Campaners del Comtat<\/strong><\/span><\/a> ha estat ben present durant els dies de Festes oferint, <strong>vols manuals de campanes<\/strong> des de la torre de l&#8217;esgl\u00e9sia parroquial.<\/p>\n<p style=\"text-align: justify;\">El dissabte de vesprada fou el torn de <strong>la majestuosa Entrada<\/strong>, la qual va arrancar passades les cinc amb <strong>el sol i les altes temperatures<\/strong> com a convidades d&#8217;excepci\u00f3 en aquest recentment estrenat mes d&#8217;octubre. Els primers a desfilar foren els Cristians amb <strong>les\u00a0<span class=\"hiddenSpellError\">Filaes<\/span>\u00a0<span class=\"hiddenGreenError\">Templaris<\/span>\u00a0i\u00a0<span class=\"hiddenSpellError\">Maseros<\/span><\/strong>, les quals van aportar a la comitiva lluites entre guerrers, danses de l&#8217;edat mitjana i diverses esquadres especials amb llu\u00efdors dissenys. Despr\u00e9s arribaren les hosts de la mitja lluna i <strong>la Fil\u00e0 Moros del Raval<\/strong> va traure al carrer <strong>una espectacular capitania<\/strong> amb un\u00a0<span class=\"hiddenSpellError\">boato<\/span>\u00a0en el que van destacar ballets, esquadres de negres o els emirs del Capit\u00e0 sobre dromedari amb un vestit on predominava el color verd. <strong>Enric Barber\u00e0<\/strong>, el m\u00e0xim representant de les tropes de la mitja lluna, va desfilar sobre carrossa acompanyada de les seues favorites i de nou els Campaners del Comtat <strong>van tocar de valent les campanes de l&#8217;esgl\u00e9sia anunciant<\/strong> l&#8217;arribada al poble del protagonista. Cal assenyalar que l&#8217;Entrada <strong>va estrenar recorregut<\/strong>, per la carretera, i el resultat fou tot un \u00e8xit tant per al p\u00fablic com per als festers.<\/p>\n<p style=\"text-align: justify;\">Ahir diumenge <strong>es va disparar un gran castell de focs d&#8217;artifici<\/strong>, en el moment en el qual va finalitzar la process\u00f3 del Sant\u00edssim Crist, que es va poder veure des de diferents punts de la comarca. Les Festes acabaran el dissabte 8 d\u2019octubre i en aquesta jornada\u00a0<strong>hi haur\u00e0 una paella gegant<\/strong> en el carrer Bisbe Rafael\u00a0<span class=\"hiddenSpellError\">Sanus<\/span>\u00a0amb un\u00a0<span class=\"hiddenSpellError\">tardeo<\/span>, organitzat pels Quintos 2023, amenitzat per \u2018<span class=\"hiddenSpellError\">Bocachico<\/span>\u2019.<\/p>\n","protected":false},"excerpt":{"rendered":"<p>Planes ha viscut durant aquest passat cap de setmana les seues Festes Patronals, unes celebracions que recuperaven el seu format&#8230;<\/p>\n","protected":false},"author":1,"featured_media":92424,"comment_status":"open","ping_status":"open","sticky":false,"template":"","format":"standard","meta":{"footnotes":""},"categories":[6909,98,75],"tags":[237,1987,9822,856,963],"class_list":["post-92423","post","type-post","status-publish","format-standard","has-post-thumbnail","hentry","category-actualidad","category-comarcas","category-noticias","tag-comtat","tag-entrada","tag-festes-patronals","tag-moros-i-cristians","tag-planes"],"yoast_head":"<!-- This site is optimized with the Yoast SEO plugin v27.3 - https:\/\/yoast.com\/product\/yoast-seo-wordpress\/ -->\n<title>Planes recupera les seues Festes patronals amb gran esplendor - COPE Alcoy<\/title>\n<meta name=\"description\" content=\"Planes ha recuperat la celebraci\u00f3 de les seues Festes patronals amb gran esplendor despr\u00e9s de la pand\u00e8mia de la Covid-19\" \/>\n<meta name=\"robots\" content=\"index, follow, max-snippet:-1, max-image-preview:large, max-video-preview:-1\" \/>\n<link rel=\"canonical\" href=\"https:\/\/www.copealcoy.es\/es\/planes-recupera-les-seues-festes-patronals-amb-gran-esplendor\/\" \/>\n<meta property=\"og:locale\" content=\"es_ES\" \/>\n<meta property=\"og:type\" content=\"article\" \/>\n<meta property=\"og:title\" content=\"Planes recupera les seues Festes patronals amb gran esplendor - COPE Alcoy\" \/>\n<meta property=\"og:description\" content=\"Planes ha recuperat la celebraci\u00f3 de les seues Festes patronals amb gran esplendor despr\u00e9s de la pand\u00e8mia de la Covid-19\" \/>\n<meta property=\"og:url\" content=\"https:\/\/www.copealcoy.es\/es\/planes-recupera-les-seues-festes-patronals-amb-gran-esplendor\/\" \/>\n<meta property=\"og:site_name\" content=\"COPE Alcoy\" \/>\n<meta property=\"article:published_time\" content=\"2022-10-03T14:13:31+00:00\" \/>\n<meta property=\"article:modified_time\" content=\"2022-10-03T14:44:30+00:00\" \/>\n<meta property=\"og:image\" content=\"https:\/\/www.copealcoy.es\/wp-content\/uploads\/2022\/10\/unnamed-1.jpg\" \/>\n\t<meta property=\"og:image:width\" content=\"1600\" \/>\n\t<meta property=\"og:image:height\" content=\"900\" \/>\n\t<meta property=\"og:image:type\" content=\"image\/jpeg\" \/>\n<meta name=\"author\" content=\"Cope Alcoy\" \/>\n<meta name=\"twitter:label1\" content=\"Escrito por\" \/>\n\t<meta name=\"twitter:data1\" content=\"Cope Alcoy\" \/>\n\t<meta name=\"twitter:label2\" content=\"Tiempo de lectura\" \/>\n\t<meta name=\"twitter:data2\" content=\"2 minutos\" \/>\n<script type=\"application\/ld+json\" class=\"yoast-schema-graph\">{\"@context\":\"https:\\\/\\\/schema.org\",\"@graph\":[{\"@type\":\"Article\",\"@id\":\"https:\\\/\\\/www.copealcoy.es\\\/es\\\/planes-recupera-les-seues-festes-patronals-amb-gran-esplendor\\\/#article\",\"isPartOf\":{\"@id\":\"https:\\\/\\\/www.copealcoy.es\\\/es\\\/planes-recupera-les-seues-festes-patronals-amb-gran-esplendor\\\/\"},\"author\":{\"name\":\"Cope Alcoy\",\"@id\":\"https:\\\/\\\/www.copealcoy.es\\\/es\\\/#\\\/schema\\\/person\\\/e777c87fa024e57d40170af9df39882c\"},\"headline\":\"Planes recupera les seues Festes patronals amb gran esplendor\",\"datePublished\":\"2022-10-03T14:13:31+00:00\",\"dateModified\":\"2022-10-03T14:44:30+00:00\",\"mainEntityOfPage\":{\"@id\":\"https:\\\/\\\/www.copealcoy.es\\\/es\\\/planes-recupera-les-seues-festes-patronals-amb-gran-esplendor\\\/\"},\"wordCount\":436,\"commentCount\":0,\"image\":{\"@id\":\"https:\\\/\\\/www.copealcoy.es\\\/es\\\/planes-recupera-les-seues-festes-patronals-amb-gran-esplendor\\\/#primaryimage\"},\"thumbnailUrl\":\"https:\\\/\\\/www.copealcoy.es\\\/wp-content\\\/uploads\\\/2022\\\/10\\\/unnamed-1.jpg\",\"keywords\":[\"Comtat\",\"Entrada\",\"Festes Patronals\",\"Moros i Cristians\",\"Planes\"],\"articleSection\":[\"Actualidad\",\"Comarcas\",\"Noticias\"],\"inLanguage\":\"es\"},{\"@type\":\"WebPage\",\"@id\":\"https:\\\/\\\/www.copealcoy.es\\\/es\\\/planes-recupera-les-seues-festes-patronals-amb-gran-esplendor\\\/\",\"url\":\"https:\\\/\\\/www.copealcoy.es\\\/es\\\/planes-recupera-les-seues-festes-patronals-amb-gran-esplendor\\\/\",\"name\":\"Planes recupera les seues Festes patronals amb gran esplendor - COPE Alcoy\",\"isPartOf\":{\"@id\":\"https:\\\/\\\/www.copealcoy.es\\\/es\\\/#website\"},\"primaryImageOfPage\":{\"@id\":\"https:\\\/\\\/www.copealcoy.es\\\/es\\\/planes-recupera-les-seues-festes-patronals-amb-gran-esplendor\\\/#primaryimage\"},\"image\":{\"@id\":\"https:\\\/\\\/www.copealcoy.es\\\/es\\\/planes-recupera-les-seues-festes-patronals-amb-gran-esplendor\\\/#primaryimage\"},\"thumbnailUrl\":\"https:\\\/\\\/www.copealcoy.es\\\/wp-content\\\/uploads\\\/2022\\\/10\\\/unnamed-1.jpg\",\"datePublished\":\"2022-10-03T14:13:31+00:00\",\"dateModified\":\"2022-10-03T14:44:30+00:00\",\"author\":{\"@id\":\"https:\\\/\\\/www.copealcoy.es\\\/es\\\/#\\\/schema\\\/person\\\/e777c87fa024e57d40170af9df39882c\"},\"description\":\"Planes ha recuperat la celebraci\u00f3 de les seues Festes patronals amb gran esplendor despr\u00e9s de la pand\u00e8mia de la Covid-19\",\"breadcrumb\":{\"@id\":\"https:\\\/\\\/www.copealcoy.es\\\/es\\\/planes-recupera-les-seues-festes-patronals-amb-gran-esplendor\\\/#breadcrumb\"},\"inLanguage\":\"es\",\"potentialAction\":[{\"@type\":\"ReadAction\",\"target\":[\"https:\\\/\\\/www.copealcoy.es\\\/es\\\/planes-recupera-les-seues-festes-patronals-amb-gran-esplendor\\\/\"]}]},{\"@type\":\"ImageObject\",\"inLanguage\":\"es\",\"@id\":\"https:\\\/\\\/www.copealcoy.es\\\/es\\\/planes-recupera-les-seues-festes-patronals-amb-gran-esplendor\\\/#primaryimage\",\"url\":\"https:\\\/\\\/www.copealcoy.es\\\/wp-content\\\/uploads\\\/2022\\\/10\\\/unnamed-1.jpg\",\"contentUrl\":\"https:\\\/\\\/www.copealcoy.es\\\/wp-content\\\/uploads\\\/2022\\\/10\\\/unnamed-1.jpg\",\"width\":1600,\"height\":900},{\"@type\":\"BreadcrumbList\",\"@id\":\"https:\\\/\\\/www.copealcoy.es\\\/es\\\/planes-recupera-les-seues-festes-patronals-amb-gran-esplendor\\\/#breadcrumb\",\"itemListElement\":[{\"@type\":\"ListItem\",\"position\":1,\"name\":\"Portada\",\"item\":\"https:\\\/\\\/www.copealcoy.es\\\/es\\\/\"},{\"@type\":\"ListItem\",\"position\":2,\"name\":\"Planes recupera les seues Festes patronals amb gran esplendor\"}]},{\"@type\":\"WebSite\",\"@id\":\"https:\\\/\\\/www.copealcoy.es\\\/es\\\/#website\",\"url\":\"https:\\\/\\\/www.copealcoy.es\\\/es\\\/\",\"name\":\"COPE Alcoy\",\"description\":\"Emisora COPE de radio local con emisi\u00f3n online. Pont de Sant Jordi 8-10 03803 Alcoy\",\"potentialAction\":[{\"@type\":\"SearchAction\",\"target\":{\"@type\":\"EntryPoint\",\"urlTemplate\":\"https:\\\/\\\/www.copealcoy.es\\\/es\\\/?s={search_term_string}\"},\"query-input\":{\"@type\":\"PropertyValueSpecification\",\"valueRequired\":true,\"valueName\":\"search_term_string\"}}],\"inLanguage\":\"es\"},{\"@type\":\"Person\",\"@id\":\"https:\\\/\\\/www.copealcoy.es\\\/es\\\/#\\\/schema\\\/person\\\/e777c87fa024e57d40170af9df39882c\",\"name\":\"Cope Alcoy\",\"image\":{\"@type\":\"ImageObject\",\"inLanguage\":\"es\",\"@id\":\"https:\\\/\\\/secure.gravatar.com\\\/avatar\\\/bb65d0283347e303893ba14f0692005417c1e0e690a325a4c5d8bb2b3943ee14?s=96&d=mm&r=g\",\"url\":\"https:\\\/\\\/secure.gravatar.com\\\/avatar\\\/bb65d0283347e303893ba14f0692005417c1e0e690a325a4c5d8bb2b3943ee14?s=96&d=mm&r=g\",\"contentUrl\":\"https:\\\/\\\/secure.gravatar.com\\\/avatar\\\/bb65d0283347e303893ba14f0692005417c1e0e690a325a4c5d8bb2b3943ee14?s=96&d=mm&r=g\",\"caption\":\"Cope Alcoy\"}}]}<\/script>\n<!-- \/ Yoast SEO plugin. -->","yoast_head_json":{"title":"Planes recupera les seues Festes patronals amb gran esplendor - COPE Alcoy","description":"Planes ha recuperat la celebraci\u00f3 de les seues Festes patronals amb gran esplendor despr\u00e9s de la pand\u00e8mia de la Covid-19","robots":{"index":"index","follow":"follow","max-snippet":"max-snippet:-1","max-image-preview":"max-image-preview:large","max-video-preview":"max-video-preview:-1"},"canonical":"https:\/\/www.copealcoy.es\/es\/planes-recupera-les-seues-festes-patronals-amb-gran-esplendor\/","og_locale":"es_ES","og_type":"article","og_title":"Planes recupera les seues Festes patronals amb gran esplendor - COPE Alcoy","og_description":"Planes ha recuperat la celebraci\u00f3 de les seues Festes patronals amb gran esplendor despr\u00e9s de la pand\u00e8mia de la Covid-19","og_url":"https:\/\/www.copealcoy.es\/es\/planes-recupera-les-seues-festes-patronals-amb-gran-esplendor\/","og_site_name":"COPE Alcoy","article_published_time":"2022-10-03T14:13:31+00:00","article_modified_time":"2022-10-03T14:44:30+00:00","og_image":[{"width":1600,"height":900,"url":"https:\/\/www.copealcoy.es\/wp-content\/uploads\/2022\/10\/unnamed-1.jpg","type":"image\/jpeg"}],"author":"Cope Alcoy","twitter_misc":{"Escrito por":"Cope Alcoy","Tiempo de lectura":"2 minutos"},"schema":{"@context":"https:\/\/schema.org","@graph":[{"@type":"Article","@id":"https:\/\/www.copealcoy.es\/es\/planes-recupera-les-seues-festes-patronals-amb-gran-esplendor\/#article","isPartOf":{"@id":"https:\/\/www.copealcoy.es\/es\/planes-recupera-les-seues-festes-patronals-amb-gran-esplendor\/"},"author":{"name":"Cope Alcoy","@id":"https:\/\/www.copealcoy.es\/es\/#\/schema\/person\/e777c87fa024e57d40170af9df39882c"},"headline":"Planes recupera les seues Festes patronals amb gran esplendor","datePublished":"2022-10-03T14:13:31+00:00","dateModified":"2022-10-03T14:44:30+00:00","mainEntityOfPage":{"@id":"https:\/\/www.copealcoy.es\/es\/planes-recupera-les-seues-festes-patronals-amb-gran-esplendor\/"},"wordCount":436,"commentCount":0,"image":{"@id":"https:\/\/www.copealcoy.es\/es\/planes-recupera-les-seues-festes-patronals-amb-gran-esplendor\/#primaryimage"},"thumbnailUrl":"https:\/\/www.copealcoy.es\/wp-content\/uploads\/2022\/10\/unnamed-1.jpg","keywords":["Comtat","Entrada","Festes Patronals","Moros i Cristians","Planes"],"articleSection":["Actualidad","Comarcas","Noticias"],"inLanguage":"es"},{"@type":"WebPage","@id":"https:\/\/www.copealcoy.es\/es\/planes-recupera-les-seues-festes-patronals-amb-gran-esplendor\/","url":"https:\/\/www.copealcoy.es\/es\/planes-recupera-les-seues-festes-patronals-amb-gran-esplendor\/","name":"Planes recupera les seues Festes patronals amb gran esplendor - COPE Alcoy","isPartOf":{"@id":"https:\/\/www.copealcoy.es\/es\/#website"},"primaryImageOfPage":{"@id":"https:\/\/www.copealcoy.es\/es\/planes-recupera-les-seues-festes-patronals-amb-gran-esplendor\/#primaryimage"},"image":{"@id":"https:\/\/www.copealcoy.es\/es\/planes-recupera-les-seues-festes-patronals-amb-gran-esplendor\/#primaryimage"},"thumbnailUrl":"https:\/\/www.copealcoy.es\/wp-content\/uploads\/2022\/10\/unnamed-1.jpg","datePublished":"2022-10-03T14:13:31+00:00","dateModified":"2022-10-03T14:44:30+00:00","author":{"@id":"https:\/\/www.copealcoy.es\/es\/#\/schema\/person\/e777c87fa024e57d40170af9df39882c"},"description":"Planes ha recuperat la celebraci\u00f3 de les seues Festes patronals amb gran esplendor despr\u00e9s de la pand\u00e8mia de la Covid-19","breadcrumb":{"@id":"https:\/\/www.copealcoy.es\/es\/planes-recupera-les-seues-festes-patronals-amb-gran-esplendor\/#breadcrumb"},"inLanguage":"es","potentialAction":[{"@type":"ReadAction","target":["https:\/\/www.copealcoy.es\/es\/planes-recupera-les-seues-festes-patronals-amb-gran-esplendor\/"]}]},{"@type":"ImageObject","inLanguage":"es","@id":"https:\/\/www.copealcoy.es\/es\/planes-recupera-les-seues-festes-patronals-amb-gran-esplendor\/#primaryimage","url":"https:\/\/www.copealcoy.es\/wp-content\/uploads\/2022\/10\/unnamed-1.jpg","contentUrl":"https:\/\/www.copealcoy.es\/wp-content\/uploads\/2022\/10\/unnamed-1.jpg","width":1600,"height":900},{"@type":"BreadcrumbList","@id":"https:\/\/www.copealcoy.es\/es\/planes-recupera-les-seues-festes-patronals-amb-gran-esplendor\/#breadcrumb","itemListElement":[{"@type":"ListItem","position":1,"name":"Portada","item":"https:\/\/www.copealcoy.es\/es\/"},{"@type":"ListItem","position":2,"name":"Planes recupera les seues Festes patronals amb gran esplendor"}]},{"@type":"WebSite","@id":"https:\/\/www.copealcoy.es\/es\/#website","url":"https:\/\/www.copealcoy.es\/es\/","name":"COPE Alcoy","description":"Emisora COPE de radio local con emisi\u00f3n online. Pont de Sant Jordi 8-10 03803 Alcoy","potentialAction":[{"@type":"SearchAction","target":{"@type":"EntryPoint","urlTemplate":"https:\/\/www.copealcoy.es\/es\/?s={search_term_string}"},"query-input":{"@type":"PropertyValueSpecification","valueRequired":true,"valueName":"search_term_string"}}],"inLanguage":"es"},{"@type":"Person","@id":"https:\/\/www.copealcoy.es\/es\/#\/schema\/person\/e777c87fa024e57d40170af9df39882c","name":"Cope Alcoy","image":{"@type":"ImageObject","inLanguage":"es","@id":"https:\/\/secure.gravatar.com\/avatar\/bb65d0283347e303893ba14f0692005417c1e0e690a325a4c5d8bb2b3943ee14?s=96&d=mm&r=g","url":"https:\/\/secure.gravatar.com\/avatar\/bb65d0283347e303893ba14f0692005417c1e0e690a325a4c5d8bb2b3943ee14?s=96&d=mm&r=g","contentUrl":"https:\/\/secure.gravatar.com\/avatar\/bb65d0283347e303893ba14f0692005417c1e0e690a325a4c5d8bb2b3943ee14?s=96&d=mm&r=g","caption":"Cope Alcoy"}}]}},"_links":{"self":[{"href":"https:\/\/www.copealcoy.es\/es\/wp-json\/wp\/v2\/posts\/92423","targetHints":{"allow":["GET"]}}],"collection":[{"href":"https:\/\/www.copealcoy.es\/es\/wp-json\/wp\/v2\/posts"}],"about":[{"href":"https:\/\/www.copealcoy.es\/es\/wp-json\/wp\/v2\/types\/post"}],"author":[{"embeddable":true,"href":"https:\/\/www.copealcoy.es\/es\/wp-json\/wp\/v2\/users\/1"}],"replies":[{"embeddable":true,"href":"https:\/\/www.copealcoy.es\/es\/wp-json\/wp\/v2\/comments?post=92423"}],"version-history":[{"count":0,"href":"https:\/\/www.copealcoy.es\/es\/wp-json\/wp\/v2\/posts\/92423\/revisions"}],"wp:featuredmedia":[{"embeddable":true,"href":"https:\/\/www.copealcoy.es\/es\/wp-json\/wp\/v2\/media\/92424"}],"wp:attachment":[{"href":"https:\/\/www.copealcoy.es\/es\/wp-json\/wp\/v2\/media?parent=92423"}],"wp:term":[{"taxonomy":"category","embeddable":true,"href":"https:\/\/www.copealcoy.es\/es\/wp-json\/wp\/v2\/categories?post=92423"},{"taxonomy":"post_tag","embeddable":true,"href":"https:\/\/www.copealcoy.es\/es\/wp-json\/wp\/v2\/tags?post=92423"}],"curies":[{"name":"wp","href":"https:\/\/api.w.org\/{rel}","templated":true}]}}