{"id":92381,"date":"2022-09-30T22:21:21","date_gmt":"2022-09-30T21:21:21","guid":{"rendered":"https:\/\/www.copealcoy.es\/?p=92381"},"modified":"2022-10-08T16:46:28","modified_gmt":"2022-10-08T15:46:28","slug":"muro-ja-gaudeix-de-la-seua-fira-gastronomica","status":"publish","type":"post","link":"https:\/\/www.copealcoy.es\/es\/muro-ja-gaudeix-de-la-seua-fira-gastronomica\/","title":{"rendered":"Muro ja gaudeix de la seua Fira Gastron\u00f2mica"},"content":{"rendered":"<p style=\"text-align: justify;\"><a href=\"https:\/\/www.vilademuro.net\/\"><span style=\"color: #0000ff;\"><strong>Muro<\/strong><\/span><\/a> ja gaudeix de <strong>la XVII edici\u00f3 de la Fira Gastron\u00f2mica i del Sector Agroalimentari<\/strong>, una cita que sempre t\u00e9 lloc per aquestes dates i que esperen tant els ve\u00efns del municipi com nombrosos visitants de les comarques de l&#8217;Alcoi\u00e0 i el Comtat. El certamen <strong>torna a celebrar-se en la Pla\u00e7a Matzem<\/strong> despr\u00e9s que l&#8217;any passat s&#8217;haguera de traslladar als voltants del Parc del Bat\u00e0, ubicaci\u00f3 aquesta \u00faltima que <strong>garantia el compliment de les mesures que estaven llavors en vigor per a frenar la pand\u00e8mia de la COVID-19<\/strong>.<\/p>\n<p style=\"text-align: justify;\">En aquesta ocasi\u00f3 <strong>es recupera el format tradicional<\/strong> i s\u00f3n <strong>setze llocs de venda<\/strong> els que s&#8217;han instal\u00b7lat comptant tamb\u00e9 amb <strong>la participaci\u00f3 d&#8217;una vintena d&#8217;establiments<\/strong>. Fins dem\u00e0 diumenge trobarem en la Fira Gastron\u00f2mica de Muro <strong>productes t\u00edpics de la zona<\/strong> com a oli, mel o vi sense deixar de costat els embotits, salats, formatges, pernils o adobats. Tamb\u00e9 destaca <strong>una \u00e0mplia varietat<\/strong> de dol\u00e7os i pastes tradicionals al costat de varietats salades o pa artesanal. Tot aix\u00f2 es completa amb <strong>un ampli programa de concerts i actuacions musicals<\/strong> que es realitzen en l&#8217;escenari col\u00b7locat en la c\u00e8ntrica pla\u00e7a enfront del Castell de Festes \u201c<em>despr\u00e9s de la pand\u00e8mia s\u00f3n molt necessaris els esdeveniments d&#8217;aquestes caracter\u00edstiques perqu\u00e8 suposen un important revulsiu per a l&#8217;economia local. La gent ix al carrer, fa les seues compres en el comer\u00e7 del poble i tamb\u00e9 consumeix en la nostra hostaleria. A m\u00e9s, la Fira \u00e9s molt important per als negocis que participen en ella, ja que s\u00f3n sectors que tamb\u00e9 ho han passat molt malament durant les restriccions per la COVID-19<\/em>\u201d, matisava aquesta setmana l&#8217;edil de Turisme; <strong>Aida Mart\u00ednez<\/strong>.<\/p>\n<p style=\"text-align: justify;\">L&#8217;alcalde de Muro i el Conseller d&#8217;Economia Sostenible han estat en la inauguraci\u00f3 oficial i a\u00e7\u00f2 \u00e9s el que destacaven. Aquestes s\u00f3n les paraules de <strong>Gabriel Tom\u00e0s i Rafael Climent<\/strong>:<\/p>\n<audio class=\"wp-audio-shortcode\" id=\"audio-92381-1\" preload=\"none\" style=\"width: 100%;\" controls=\"controls\"><source type=\"audio\/mpeg\" src=\"https:\/\/www.copealcoy.es\/wp-content\/uploads\/2022\/09\/TALL-GABRIEL-TOMA\u0301S-FIRA-GASTRONO\u0300MICA.mp3?_=1\" \/><a href=\"https:\/\/www.copealcoy.es\/wp-content\/uploads\/2022\/09\/TALL-GABRIEL-TOMA\u0301S-FIRA-GASTRONO\u0300MICA.mp3\">https:\/\/www.copealcoy.es\/wp-content\/uploads\/2022\/09\/TALL-GABRIEL-TOMA\u0301S-FIRA-GASTRONO\u0300MICA.mp3<\/a><\/audio>\n<audio class=\"wp-audio-shortcode\" id=\"audio-92381-2\" preload=\"none\" style=\"width: 100%;\" controls=\"controls\"><source type=\"audio\/mpeg\" src=\"https:\/\/www.copealcoy.es\/wp-content\/uploads\/2022\/09\/TALL-CONSELLER-CLIMENT-FIRA-GASTRONO\u0300MICA.mp3?_=2\" \/><a href=\"https:\/\/www.copealcoy.es\/wp-content\/uploads\/2022\/09\/TALL-CONSELLER-CLIMENT-FIRA-GASTRONO\u0300MICA.mp3\">https:\/\/www.copealcoy.es\/wp-content\/uploads\/2022\/09\/TALL-CONSELLER-CLIMENT-FIRA-GASTRONO\u0300MICA.mp3<\/a><\/audio>\n<p style=\"text-align: justify;\">La Fira va obrir les seues portes ahir a la vesprada amb l&#8217;assist\u00e8ncia del Conseller d&#8217;Economia Sostenible de la Generalitat Valenciana;<strong> Rafael Climent<\/strong>, i una nodrida representaci\u00f3 institucional encap\u00e7alada per l&#8217;alcalde de Muro; <strong>Gabriel Tom\u00e1s<\/strong>. Abans d&#8217;aix\u00f2 va haver-hi <strong>jornada de portes obertes en el nou Bracal<\/strong> i es va aprofitar tamb\u00e9 l&#8217;ocasi\u00f3 per a entregar un detall commemoratiu a tots aquells que durant m\u00e9s d&#8217;una d\u00e8cada han treballat incansablement perqu\u00e8 Muro tinguera un col\u00b7legi sense barracons.<\/p>\n<div id='gallery-1' class='gallery galleryid-92381 gallery-columns-2 gallery-size-full'><figure class='gallery-item'>\n\t\t\t<div class='gallery-icon landscape'>\n\t\t\t\t<a href='https:\/\/www.copealcoy.es\/es\/muro-ja-gaudeix-de-la-seua-fira-gastronomica\/9f8b0364-53b0-48b3-aed7-bfb0952b4912\/'><img loading=\"lazy\" decoding=\"async\" width=\"1918\" height=\"1080\" src=\"https:\/\/www.copealcoy.es\/wp-content\/uploads\/2022\/09\/9f8b0364-53b0-48b3-aed7-bfb0952b4912-scaled.jpg\" class=\"attachment-full size-full\" alt=\"\" aria-describedby=\"gallery-1-92386\" srcset=\"https:\/\/www.copealcoy.es\/wp-content\/uploads\/2022\/09\/9f8b0364-53b0-48b3-aed7-bfb0952b4912-scaled.jpg 1918w, https:\/\/www.copealcoy.es\/wp-content\/uploads\/2022\/09\/9f8b0364-53b0-48b3-aed7-bfb0952b4912-768x432.jpg 768w, https:\/\/www.copealcoy.es\/wp-content\/uploads\/2022\/09\/9f8b0364-53b0-48b3-aed7-bfb0952b4912-1536x865.jpg 1536w\" sizes=\"auto, (max-width: 1918px) 100vw, 1918px\" \/><\/a>\n\t\t\t<\/div>\n\t\t\t\t<figcaption class='wp-caption-text gallery-caption' id='gallery-1-92386'>\n\t\t\t\tFira Gastron\u00f2mica Muro 2022\n\t\t\t\t<\/figcaption><\/figure><figure class='gallery-item'>\n\t\t\t<div class='gallery-icon landscape'>\n\t\t\t\t<a href='https:\/\/www.copealcoy.es\/es\/muro-ja-gaudeix-de-la-seua-fira-gastronomica\/7c3de3b9-f8a2-484c-b540-ef56e16c192c\/'><img loading=\"lazy\" decoding=\"async\" width=\"1918\" height=\"1080\" src=\"https:\/\/www.copealcoy.es\/wp-content\/uploads\/2022\/09\/7c3de3b9-f8a2-484c-b540-ef56e16c192c-scaled.jpg\" class=\"attachment-full size-full\" alt=\"\" aria-describedby=\"gallery-1-92387\" srcset=\"https:\/\/www.copealcoy.es\/wp-content\/uploads\/2022\/09\/7c3de3b9-f8a2-484c-b540-ef56e16c192c-scaled.jpg 1918w, https:\/\/www.copealcoy.es\/wp-content\/uploads\/2022\/09\/7c3de3b9-f8a2-484c-b540-ef56e16c192c-768x432.jpg 768w, https:\/\/www.copealcoy.es\/wp-content\/uploads\/2022\/09\/7c3de3b9-f8a2-484c-b540-ef56e16c192c-1536x865.jpg 1536w\" sizes=\"auto, (max-width: 1918px) 100vw, 1918px\" \/><\/a>\n\t\t\t<\/div>\n\t\t\t\t<figcaption class='wp-caption-text gallery-caption' id='gallery-1-92387'>\n\t\t\t\tFira Gastron\u00f2mica Muro 2022\n\t\t\t\t<\/figcaption><\/figure><figure class='gallery-item'>\n\t\t\t<div class='gallery-icon portrait'>\n\t\t\t\t<a href='https:\/\/www.copealcoy.es\/es\/muro-ja-gaudeix-de-la-seua-fira-gastronomica\/dded4b0c-6745-4801-b75d-433f83ffa1b4\/'><img loading=\"lazy\" decoding=\"async\" width=\"810\" height=\"1080\" src=\"https:\/\/www.copealcoy.es\/wp-content\/uploads\/2022\/09\/dded4b0c-6745-4801-b75d-433f83ffa1b4-scaled.jpg\" class=\"attachment-full size-full\" alt=\"\" aria-describedby=\"gallery-1-92388\" srcset=\"https:\/\/www.copealcoy.es\/wp-content\/uploads\/2022\/09\/dded4b0c-6745-4801-b75d-433f83ffa1b4-scaled.jpg 810w, https:\/\/www.copealcoy.es\/wp-content\/uploads\/2022\/09\/dded4b0c-6745-4801-b75d-433f83ffa1b4-768x1024.jpg 768w, https:\/\/www.copealcoy.es\/wp-content\/uploads\/2022\/09\/dded4b0c-6745-4801-b75d-433f83ffa1b4-1152x1536.jpg 1152w\" sizes=\"auto, (max-width: 810px) 100vw, 810px\" \/><\/a>\n\t\t\t<\/div>\n\t\t\t\t<figcaption class='wp-caption-text gallery-caption' id='gallery-1-92388'>\n\t\t\t\tFira Gastron\u00f2mica Muro 2022\n\t\t\t\t<\/figcaption><\/figure><figure class='gallery-item'>\n\t\t\t<div class='gallery-icon landscape'>\n\t\t\t\t<a href='https:\/\/www.copealcoy.es\/es\/muro-ja-gaudeix-de-la-seua-fira-gastronomica\/125e6524-52f1-4d6b-8c3e-5a09ccc96835\/'><img loading=\"lazy\" decoding=\"async\" width=\"768\" height=\"438\" src=\"https:\/\/www.copealcoy.es\/wp-content\/uploads\/2022\/09\/125e6524-52f1-4d6b-8c3e-5a09ccc96835.jpg\" class=\"attachment-full size-full\" alt=\"\" aria-describedby=\"gallery-1-92389\" \/><\/a>\n\t\t\t<\/div>\n\t\t\t\t<figcaption class='wp-caption-text gallery-caption' id='gallery-1-92389'>\n\t\t\t\tFira Gastron\u00f2mica Muro 2022\n\t\t\t\t<\/figcaption><\/figure><figure class='gallery-item'>\n\t\t\t<div class='gallery-icon landscape'>\n\t\t\t\t<a href='https:\/\/www.copealcoy.es\/es\/muro-ja-gaudeix-de-la-seua-fira-gastronomica\/f26b388b-76bd-43d7-bffe-ffef1cd0aeb1\/'><img loading=\"lazy\" decoding=\"async\" width=\"1918\" height=\"1080\" src=\"https:\/\/www.copealcoy.es\/wp-content\/uploads\/2022\/09\/f26b388b-76bd-43d7-bffe-ffef1cd0aeb1-scaled.jpg\" class=\"attachment-full size-full\" alt=\"\" aria-describedby=\"gallery-1-92390\" srcset=\"https:\/\/www.copealcoy.es\/wp-content\/uploads\/2022\/09\/f26b388b-76bd-43d7-bffe-ffef1cd0aeb1-scaled.jpg 1918w, https:\/\/www.copealcoy.es\/wp-content\/uploads\/2022\/09\/f26b388b-76bd-43d7-bffe-ffef1cd0aeb1-768x432.jpg 768w, https:\/\/www.copealcoy.es\/wp-content\/uploads\/2022\/09\/f26b388b-76bd-43d7-bffe-ffef1cd0aeb1-1536x865.jpg 1536w\" sizes=\"auto, (max-width: 1918px) 100vw, 1918px\" \/><\/a>\n\t\t\t<\/div>\n\t\t\t\t<figcaption class='wp-caption-text gallery-caption' id='gallery-1-92390'>\n\t\t\t\tFira Gastron\u00f2mica Muro 2022\n\t\t\t\t<\/figcaption><\/figure><figure class='gallery-item'>\n\t\t\t<div class='gallery-icon landscape'>\n\t\t\t\t<a href='https:\/\/www.copealcoy.es\/es\/muro-ja-gaudeix-de-la-seua-fira-gastronomica\/fd7l3pjwqa8svx1\/'><img loading=\"lazy\" decoding=\"async\" width=\"640\" height=\"360\" src=\"https:\/\/www.copealcoy.es\/wp-content\/uploads\/2022\/09\/Fd7l3pjWQA8svx1-scaled-e1664572784912.jpg\" class=\"attachment-full size-full\" alt=\"\" aria-describedby=\"gallery-1-92382\" \/><\/a>\n\t\t\t<\/div>\n\t\t\t\t<figcaption class='wp-caption-text gallery-caption' id='gallery-1-92382'>\n\t\t\t\tFira Gastron\u00f2mica Muro 2022\n\t\t\t\t<\/figcaption><\/figure>\n\t\t<\/div>\n\n","protected":false},"excerpt":{"rendered":"<p>Muro ja gaudeix de la XVII edici\u00f3 de la Fira Gastron\u00f2mica i del Sector Agroalimentari, una cita que sempre t\u00e9&#8230;<\/p>\n","protected":false},"author":1,"featured_media":92382,"comment_status":"open","ping_status":"open","sticky":false,"template":"","format":"standard","meta":{"footnotes":""},"categories":[98,75],"tags":[6090,11855,6978,135],"class_list":["post-92381","post","type-post","status-publish","format-standard","has-post-thumbnail","hentry","category-comarcas","category-noticias","tag-conseller-climent","tag-fira-gastronomica","tag-gabriel-tomas","tag-muro"],"yoast_head":"<!-- This site is optimized with the Yoast SEO plugin v27.3 - https:\/\/yoast.com\/product\/yoast-seo-wordpress\/ -->\n<title>Muro ja gaudeix de la seua Fira Gastron\u00f2mica - COPE Alcoy<\/title>\n<meta name=\"description\" content=\"Muro ja gaudeix de la XVII edici\u00f3 de la seua Fira Gastron\u00f2mica i del Sector Agroalimentari a la Pla\u00e7a del Matzem\" \/>\n<meta name=\"robots\" content=\"index, follow, max-snippet:-1, max-image-preview:large, max-video-preview:-1\" \/>\n<link rel=\"canonical\" href=\"https:\/\/www.copealcoy.es\/es\/muro-ja-gaudeix-de-la-seua-fira-gastronomica\/\" \/>\n<meta property=\"og:locale\" content=\"es_ES\" \/>\n<meta property=\"og:type\" content=\"article\" \/>\n<meta property=\"og:title\" content=\"Muro ja gaudeix de la seua Fira Gastron\u00f2mica - COPE Alcoy\" \/>\n<meta property=\"og:description\" content=\"Muro ja gaudeix de la XVII edici\u00f3 de la seua Fira Gastron\u00f2mica i del Sector Agroalimentari a la Pla\u00e7a del Matzem\" \/>\n<meta property=\"og:url\" content=\"https:\/\/www.copealcoy.es\/es\/muro-ja-gaudeix-de-la-seua-fira-gastronomica\/\" \/>\n<meta property=\"og:site_name\" content=\"COPE Alcoy\" \/>\n<meta property=\"article:published_time\" content=\"2022-09-30T21:21:21+00:00\" \/>\n<meta property=\"article:modified_time\" content=\"2022-10-08T15:46:28+00:00\" \/>\n<meta property=\"og:image\" content=\"https:\/\/www.copealcoy.es\/wp-content\/uploads\/2022\/09\/Fd7l3pjWQA8svx1-scaled-e1664572784912.jpg\" \/>\n\t<meta property=\"og:image:width\" content=\"640\" \/>\n\t<meta property=\"og:image:height\" content=\"360\" \/>\n\t<meta property=\"og:image:type\" content=\"image\/jpeg\" \/>\n<meta name=\"author\" content=\"Cope Alcoy\" \/>\n<meta name=\"twitter:label1\" content=\"Escrito por\" \/>\n\t<meta name=\"twitter:data1\" content=\"Cope Alcoy\" \/>\n\t<meta name=\"twitter:label2\" content=\"Tiempo de lectura\" \/>\n\t<meta name=\"twitter:data2\" content=\"2 minutos\" \/>\n<script type=\"application\/ld+json\" class=\"yoast-schema-graph\">{\"@context\":\"https:\\\/\\\/schema.org\",\"@graph\":[{\"@type\":\"Article\",\"@id\":\"https:\\\/\\\/www.copealcoy.es\\\/es\\\/muro-ja-gaudeix-de-la-seua-fira-gastronomica\\\/#article\",\"isPartOf\":{\"@id\":\"https:\\\/\\\/www.copealcoy.es\\\/es\\\/muro-ja-gaudeix-de-la-seua-fira-gastronomica\\\/\"},\"author\":{\"name\":\"Cope Alcoy\",\"@id\":\"https:\\\/\\\/www.copealcoy.es\\\/es\\\/#\\\/schema\\\/person\\\/e777c87fa024e57d40170af9df39882c\"},\"headline\":\"Muro ja gaudeix de la seua Fira Gastron\u00f2mica\",\"datePublished\":\"2022-09-30T21:21:21+00:00\",\"dateModified\":\"2022-10-08T15:46:28+00:00\",\"mainEntityOfPage\":{\"@id\":\"https:\\\/\\\/www.copealcoy.es\\\/es\\\/muro-ja-gaudeix-de-la-seua-fira-gastronomica\\\/\"},\"wordCount\":464,\"commentCount\":0,\"image\":{\"@id\":\"https:\\\/\\\/www.copealcoy.es\\\/es\\\/muro-ja-gaudeix-de-la-seua-fira-gastronomica\\\/#primaryimage\"},\"thumbnailUrl\":\"https:\\\/\\\/www.copealcoy.es\\\/wp-content\\\/uploads\\\/2022\\\/09\\\/Fd7l3pjWQA8svx1-scaled-e1664572784912.jpg\",\"keywords\":[\"Conseller Climent\",\"Fira Gastron\u00f2mica\",\"Gabriel Tom\u00e1s\",\"Muro\"],\"articleSection\":[\"Comarcas\",\"Noticias\"],\"inLanguage\":\"es\"},{\"@type\":\"WebPage\",\"@id\":\"https:\\\/\\\/www.copealcoy.es\\\/es\\\/muro-ja-gaudeix-de-la-seua-fira-gastronomica\\\/\",\"url\":\"https:\\\/\\\/www.copealcoy.es\\\/es\\\/muro-ja-gaudeix-de-la-seua-fira-gastronomica\\\/\",\"name\":\"Muro ja gaudeix de la seua Fira Gastron\u00f2mica - COPE Alcoy\",\"isPartOf\":{\"@id\":\"https:\\\/\\\/www.copealcoy.es\\\/es\\\/#website\"},\"primaryImageOfPage\":{\"@id\":\"https:\\\/\\\/www.copealcoy.es\\\/es\\\/muro-ja-gaudeix-de-la-seua-fira-gastronomica\\\/#primaryimage\"},\"image\":{\"@id\":\"https:\\\/\\\/www.copealcoy.es\\\/es\\\/muro-ja-gaudeix-de-la-seua-fira-gastronomica\\\/#primaryimage\"},\"thumbnailUrl\":\"https:\\\/\\\/www.copealcoy.es\\\/wp-content\\\/uploads\\\/2022\\\/09\\\/Fd7l3pjWQA8svx1-scaled-e1664572784912.jpg\",\"datePublished\":\"2022-09-30T21:21:21+00:00\",\"dateModified\":\"2022-10-08T15:46:28+00:00\",\"author\":{\"@id\":\"https:\\\/\\\/www.copealcoy.es\\\/es\\\/#\\\/schema\\\/person\\\/e777c87fa024e57d40170af9df39882c\"},\"description\":\"Muro ja gaudeix de la XVII edici\u00f3 de la seua Fira Gastron\u00f2mica i del Sector Agroalimentari a la Pla\u00e7a del Matzem\",\"breadcrumb\":{\"@id\":\"https:\\\/\\\/www.copealcoy.es\\\/es\\\/muro-ja-gaudeix-de-la-seua-fira-gastronomica\\\/#breadcrumb\"},\"inLanguage\":\"es\",\"potentialAction\":[{\"@type\":\"ReadAction\",\"target\":[\"https:\\\/\\\/www.copealcoy.es\\\/es\\\/muro-ja-gaudeix-de-la-seua-fira-gastronomica\\\/\"]}]},{\"@type\":\"ImageObject\",\"inLanguage\":\"es\",\"@id\":\"https:\\\/\\\/www.copealcoy.es\\\/es\\\/muro-ja-gaudeix-de-la-seua-fira-gastronomica\\\/#primaryimage\",\"url\":\"https:\\\/\\\/www.copealcoy.es\\\/wp-content\\\/uploads\\\/2022\\\/09\\\/Fd7l3pjWQA8svx1-scaled-e1664572784912.jpg\",\"contentUrl\":\"https:\\\/\\\/www.copealcoy.es\\\/wp-content\\\/uploads\\\/2022\\\/09\\\/Fd7l3pjWQA8svx1-scaled-e1664572784912.jpg\",\"width\":640,\"height\":360,\"caption\":\"Fira Gastron\u00f2mica Muro 2022\"},{\"@type\":\"BreadcrumbList\",\"@id\":\"https:\\\/\\\/www.copealcoy.es\\\/es\\\/muro-ja-gaudeix-de-la-seua-fira-gastronomica\\\/#breadcrumb\",\"itemListElement\":[{\"@type\":\"ListItem\",\"position\":1,\"name\":\"Portada\",\"item\":\"https:\\\/\\\/www.copealcoy.es\\\/es\\\/\"},{\"@type\":\"ListItem\",\"position\":2,\"name\":\"Muro ja gaudeix de la seua Fira Gastron\u00f2mica\"}]},{\"@type\":\"WebSite\",\"@id\":\"https:\\\/\\\/www.copealcoy.es\\\/es\\\/#website\",\"url\":\"https:\\\/\\\/www.copealcoy.es\\\/es\\\/\",\"name\":\"COPE Alcoy\",\"description\":\"Emisora COPE de radio local con emisi\u00f3n online. Pont de Sant Jordi 8-10 03803 Alcoy\",\"potentialAction\":[{\"@type\":\"SearchAction\",\"target\":{\"@type\":\"EntryPoint\",\"urlTemplate\":\"https:\\\/\\\/www.copealcoy.es\\\/es\\\/?s={search_term_string}\"},\"query-input\":{\"@type\":\"PropertyValueSpecification\",\"valueRequired\":true,\"valueName\":\"search_term_string\"}}],\"inLanguage\":\"es\"},{\"@type\":\"Person\",\"@id\":\"https:\\\/\\\/www.copealcoy.es\\\/es\\\/#\\\/schema\\\/person\\\/e777c87fa024e57d40170af9df39882c\",\"name\":\"Cope Alcoy\",\"image\":{\"@type\":\"ImageObject\",\"inLanguage\":\"es\",\"@id\":\"https:\\\/\\\/secure.gravatar.com\\\/avatar\\\/bb65d0283347e303893ba14f0692005417c1e0e690a325a4c5d8bb2b3943ee14?s=96&d=mm&r=g\",\"url\":\"https:\\\/\\\/secure.gravatar.com\\\/avatar\\\/bb65d0283347e303893ba14f0692005417c1e0e690a325a4c5d8bb2b3943ee14?s=96&d=mm&r=g\",\"contentUrl\":\"https:\\\/\\\/secure.gravatar.com\\\/avatar\\\/bb65d0283347e303893ba14f0692005417c1e0e690a325a4c5d8bb2b3943ee14?s=96&d=mm&r=g\",\"caption\":\"Cope Alcoy\"}}]}<\/script>\n<!-- \/ Yoast SEO plugin. -->","yoast_head_json":{"title":"Muro ja gaudeix de la seua Fira Gastron\u00f2mica - COPE Alcoy","description":"Muro ja gaudeix de la XVII edici\u00f3 de la seua Fira Gastron\u00f2mica i del Sector Agroalimentari a la Pla\u00e7a del Matzem","robots":{"index":"index","follow":"follow","max-snippet":"max-snippet:-1","max-image-preview":"max-image-preview:large","max-video-preview":"max-video-preview:-1"},"canonical":"https:\/\/www.copealcoy.es\/es\/muro-ja-gaudeix-de-la-seua-fira-gastronomica\/","og_locale":"es_ES","og_type":"article","og_title":"Muro ja gaudeix de la seua Fira Gastron\u00f2mica - COPE Alcoy","og_description":"Muro ja gaudeix de la XVII edici\u00f3 de la seua Fira Gastron\u00f2mica i del Sector Agroalimentari a la Pla\u00e7a del Matzem","og_url":"https:\/\/www.copealcoy.es\/es\/muro-ja-gaudeix-de-la-seua-fira-gastronomica\/","og_site_name":"COPE Alcoy","article_published_time":"2022-09-30T21:21:21+00:00","article_modified_time":"2022-10-08T15:46:28+00:00","og_image":[{"width":640,"height":360,"url":"https:\/\/www.copealcoy.es\/wp-content\/uploads\/2022\/09\/Fd7l3pjWQA8svx1-scaled-e1664572784912.jpg","type":"image\/jpeg"}],"author":"Cope Alcoy","twitter_misc":{"Escrito por":"Cope Alcoy","Tiempo de lectura":"2 minutos"},"schema":{"@context":"https:\/\/schema.org","@graph":[{"@type":"Article","@id":"https:\/\/www.copealcoy.es\/es\/muro-ja-gaudeix-de-la-seua-fira-gastronomica\/#article","isPartOf":{"@id":"https:\/\/www.copealcoy.es\/es\/muro-ja-gaudeix-de-la-seua-fira-gastronomica\/"},"author":{"name":"Cope Alcoy","@id":"https:\/\/www.copealcoy.es\/es\/#\/schema\/person\/e777c87fa024e57d40170af9df39882c"},"headline":"Muro ja gaudeix de la seua Fira Gastron\u00f2mica","datePublished":"2022-09-30T21:21:21+00:00","dateModified":"2022-10-08T15:46:28+00:00","mainEntityOfPage":{"@id":"https:\/\/www.copealcoy.es\/es\/muro-ja-gaudeix-de-la-seua-fira-gastronomica\/"},"wordCount":464,"commentCount":0,"image":{"@id":"https:\/\/www.copealcoy.es\/es\/muro-ja-gaudeix-de-la-seua-fira-gastronomica\/#primaryimage"},"thumbnailUrl":"https:\/\/www.copealcoy.es\/wp-content\/uploads\/2022\/09\/Fd7l3pjWQA8svx1-scaled-e1664572784912.jpg","keywords":["Conseller Climent","Fira Gastron\u00f2mica","Gabriel Tom\u00e1s","Muro"],"articleSection":["Comarcas","Noticias"],"inLanguage":"es"},{"@type":"WebPage","@id":"https:\/\/www.copealcoy.es\/es\/muro-ja-gaudeix-de-la-seua-fira-gastronomica\/","url":"https:\/\/www.copealcoy.es\/es\/muro-ja-gaudeix-de-la-seua-fira-gastronomica\/","name":"Muro ja gaudeix de la seua Fira Gastron\u00f2mica - COPE Alcoy","isPartOf":{"@id":"https:\/\/www.copealcoy.es\/es\/#website"},"primaryImageOfPage":{"@id":"https:\/\/www.copealcoy.es\/es\/muro-ja-gaudeix-de-la-seua-fira-gastronomica\/#primaryimage"},"image":{"@id":"https:\/\/www.copealcoy.es\/es\/muro-ja-gaudeix-de-la-seua-fira-gastronomica\/#primaryimage"},"thumbnailUrl":"https:\/\/www.copealcoy.es\/wp-content\/uploads\/2022\/09\/Fd7l3pjWQA8svx1-scaled-e1664572784912.jpg","datePublished":"2022-09-30T21:21:21+00:00","dateModified":"2022-10-08T15:46:28+00:00","author":{"@id":"https:\/\/www.copealcoy.es\/es\/#\/schema\/person\/e777c87fa024e57d40170af9df39882c"},"description":"Muro ja gaudeix de la XVII edici\u00f3 de la seua Fira Gastron\u00f2mica i del Sector Agroalimentari a la Pla\u00e7a del Matzem","breadcrumb":{"@id":"https:\/\/www.copealcoy.es\/es\/muro-ja-gaudeix-de-la-seua-fira-gastronomica\/#breadcrumb"},"inLanguage":"es","potentialAction":[{"@type":"ReadAction","target":["https:\/\/www.copealcoy.es\/es\/muro-ja-gaudeix-de-la-seua-fira-gastronomica\/"]}]},{"@type":"ImageObject","inLanguage":"es","@id":"https:\/\/www.copealcoy.es\/es\/muro-ja-gaudeix-de-la-seua-fira-gastronomica\/#primaryimage","url":"https:\/\/www.copealcoy.es\/wp-content\/uploads\/2022\/09\/Fd7l3pjWQA8svx1-scaled-e1664572784912.jpg","contentUrl":"https:\/\/www.copealcoy.es\/wp-content\/uploads\/2022\/09\/Fd7l3pjWQA8svx1-scaled-e1664572784912.jpg","width":640,"height":360,"caption":"Fira Gastron\u00f2mica Muro 2022"},{"@type":"BreadcrumbList","@id":"https:\/\/www.copealcoy.es\/es\/muro-ja-gaudeix-de-la-seua-fira-gastronomica\/#breadcrumb","itemListElement":[{"@type":"ListItem","position":1,"name":"Portada","item":"https:\/\/www.copealcoy.es\/es\/"},{"@type":"ListItem","position":2,"name":"Muro ja gaudeix de la seua Fira Gastron\u00f2mica"}]},{"@type":"WebSite","@id":"https:\/\/www.copealcoy.es\/es\/#website","url":"https:\/\/www.copealcoy.es\/es\/","name":"COPE Alcoy","description":"Emisora COPE de radio local con emisi\u00f3n online. Pont de Sant Jordi 8-10 03803 Alcoy","potentialAction":[{"@type":"SearchAction","target":{"@type":"EntryPoint","urlTemplate":"https:\/\/www.copealcoy.es\/es\/?s={search_term_string}"},"query-input":{"@type":"PropertyValueSpecification","valueRequired":true,"valueName":"search_term_string"}}],"inLanguage":"es"},{"@type":"Person","@id":"https:\/\/www.copealcoy.es\/es\/#\/schema\/person\/e777c87fa024e57d40170af9df39882c","name":"Cope Alcoy","image":{"@type":"ImageObject","inLanguage":"es","@id":"https:\/\/secure.gravatar.com\/avatar\/bb65d0283347e303893ba14f0692005417c1e0e690a325a4c5d8bb2b3943ee14?s=96&d=mm&r=g","url":"https:\/\/secure.gravatar.com\/avatar\/bb65d0283347e303893ba14f0692005417c1e0e690a325a4c5d8bb2b3943ee14?s=96&d=mm&r=g","contentUrl":"https:\/\/secure.gravatar.com\/avatar\/bb65d0283347e303893ba14f0692005417c1e0e690a325a4c5d8bb2b3943ee14?s=96&d=mm&r=g","caption":"Cope Alcoy"}}]}},"_links":{"self":[{"href":"https:\/\/www.copealcoy.es\/es\/wp-json\/wp\/v2\/posts\/92381","targetHints":{"allow":["GET"]}}],"collection":[{"href":"https:\/\/www.copealcoy.es\/es\/wp-json\/wp\/v2\/posts"}],"about":[{"href":"https:\/\/www.copealcoy.es\/es\/wp-json\/wp\/v2\/types\/post"}],"author":[{"embeddable":true,"href":"https:\/\/www.copealcoy.es\/es\/wp-json\/wp\/v2\/users\/1"}],"replies":[{"embeddable":true,"href":"https:\/\/www.copealcoy.es\/es\/wp-json\/wp\/v2\/comments?post=92381"}],"version-history":[{"count":0,"href":"https:\/\/www.copealcoy.es\/es\/wp-json\/wp\/v2\/posts\/92381\/revisions"}],"wp:featuredmedia":[{"embeddable":true,"href":"https:\/\/www.copealcoy.es\/es\/wp-json\/wp\/v2\/media\/92382"}],"wp:attachment":[{"href":"https:\/\/www.copealcoy.es\/es\/wp-json\/wp\/v2\/media?parent=92381"}],"wp:term":[{"taxonomy":"category","embeddable":true,"href":"https:\/\/www.copealcoy.es\/es\/wp-json\/wp\/v2\/categories?post=92381"},{"taxonomy":"post_tag","embeddable":true,"href":"https:\/\/www.copealcoy.es\/es\/wp-json\/wp\/v2\/tags?post=92381"}],"curies":[{"name":"wp","href":"https:\/\/api.w.org\/{rel}","templated":true}]}}