{"id":92357,"date":"2022-09-30T16:14:01","date_gmt":"2022-09-30T15:14:01","guid":{"rendered":"https:\/\/www.copealcoy.es\/?p=92357"},"modified":"2022-09-30T16:30:16","modified_gmt":"2022-09-30T15:30:16","slug":"la-parroquia-de-sant-roc-dalcoi-recupera-la-processo-del-farolet","status":"publish","type":"post","link":"https:\/\/www.copealcoy.es\/es\/la-parroquia-de-sant-roc-dalcoi-recupera-la-processo-del-farolet\/","title":{"rendered":"La Parr\u00f2quia de Sant Roc d&#8217;Alcoi recupera la process\u00f3 del farolet"},"content":{"rendered":"<p style=\"text-align: justify;\">La <a href=\"https:\/\/www.facebook.com\/parroquiasanroquealcoi\"><span style=\"color: #0000ff;\"><strong>Parr\u00f2quia de Sant Roc d&#8217;Alcoi<\/strong><\/span><\/a> ha preparat <strong>un complet programa d&#8217;actes per a aquest cap de setmana<\/strong> amb motiu de les seues festes tradicionals. Les celebracions<strong> tornen quasi al seu format habitual<\/strong>, despr\u00e9s de la pand\u00e8mia, encara que aquest 2022 <strong>s&#8217;ha concebut com un any de transici\u00f3<\/strong> per a donar-li un nou impuls als festejos de cara a 2023.<\/p>\n<p style=\"text-align: justify;\">Les propostes organitzades per la Comissi\u00f3 de Festes varen comen\u00e7ar el passat 10 de setembre amb el <strong>descobriment del cartell anunciador<\/strong> en la fa\u00e7ana de l&#8217;esgl\u00e9sia, una obra que ha creat per a l&#8217;ocasi\u00f3\u00a0<span class=\"hiddenSpellError\">Marcos<\/span>\u00a0<span class=\"hiddenSpellError\">Blanco<\/span>\u00a0Valor. Ja avui divendres ha sigut el torn de <strong>la festa interna del<\/strong>\u00a0<a href=\"https:\/\/www.facebook.com\/santrocalcoi\"><strong><span style=\"color: #0000ff;\">Col\u00b7legi\u00a0Sant Roc<\/span><\/strong><\/a> amb\u00a0volteig\u00a0general de campanes, el trasllat de la imatge del Sant al Centre amb una process\u00f3 pels diferents patis i activitats\u00a0amb\u00a0car\u00e0cter l\u00fadic. Dem\u00e0 dissabte ser\u00e0 el <strong>dia gran d&#8217;aquesta tradici\u00f3<\/strong> i l&#8217;activitat festiva donar\u00e0 inici a les 12:<span class=\"hiddenGrammarError\">00h<\/span>\u00a0amb un nou repic de campanes que anunciar\u00e0 la festa a tots\u00a0els ve\u00efns\u00a0i totes les ve\u00efnes del barri\u00a0de l&#8217;Eixample. De vesprada, a\u00a0partir\u00a0de les 17:<span class=\"hiddenGrammarError\">30h<\/span>, els\u00a0m\u00e9s\u00a0menuts\u00a0podran\u00a0gaudir de\u00a0moltes\u00a0activitats dirigides a ells i que han estat preparades tant per l&#8217;AMPA del centre com pels\u00a0J\u00faniors\u00a0Flor de Neu. A les 19:<span class=\"hiddenGrammarError\">30h<\/span>\u00a0tindr\u00e0 lloc la missa solemne i despr\u00e9s donar\u00e0 inici <strong>la process\u00f3 amb la imatge de Sant Roc<\/strong> &#8220;<em>estem molt contents de tornar a eixir al carrer\u00a0perqu\u00e8\u00a0des de\u00a02019, i amb motiu de la pand\u00e8mia, que no\u00a0f\u00e8iem\u00a0aquest acte tan tradicional. Tots els participants portaran el farolet habitual i anirem per l&#8217;Alameda,\u00a0<span class=\"hiddenSpellError\">Anselmo<\/span>\u00a0Aracil, Cid i Espronceda per tal de finalitzar de nou dins del temple parroquial on actuar\u00e0 el Grup de Danses Carrascal<\/em>&#8220;, explicava en COPE ALCOI aquesta setmana <strong>Jorge\u00a0<span class=\"hiddenSpellError\">Chirlaque<\/span><\/strong>, membre de l&#8217;entitat parroquial que organitza les\u00a0esmentades\u00a0festes.<\/p>\n<p style=\"text-align: justify;\">El diumenge estan previstos <strong>tocs manuals de campanes<\/strong>, a c\u00e0rrec de la Colla de Campaners d&#8217;Alcoi, i a partir de les 12:<span class=\"hiddenGrammarError\">30h<\/span>\u00a0se celebrar\u00e0 <strong>una missa solemne en honor a Sant Roc i\u00a0Sant\u00a0Sebasti\u00e0<\/strong>, eucaristia que servir\u00e0 tamb\u00e9 per a presentar a <span class=\"hiddenGreenError\" style=\"padding-bottom: 2px; background-image: url('..\/..\/..\/..\/..\/images\/squiggle_green.png'); background-repeat: repeat-x; background-position: left bottom; vertical-align: text-top; cursor: default; color: #000000; font-family: Verdana, Arial, Helvetica, sans-serif; font-size: 12px; font-style: normal; font-variant-ligatures: normal; font-variant-caps: normal; font-weight: 400; letter-spacing: normal; orphans: 2; text-align: start; text-indent: 0px; text-transform: none; white-space: normal; widows: 2; word-spacing: 0px; -webkit-text-stroke-width: 0px; background-color: #f7f7f7; text-decoration-thickness: initial; text-decoration-style: initial; text-decoration-color: initial;\">Don<\/span>\u00a0<span class=\"hiddenSpellError\">Julio<\/span>\u00a0<span class=\"hiddenSpellError\">Ba\u00f1os<\/span>\u00a0com a nou Vicari Parroquial. Les Festes acabaran el dimecres 5 d&#8217;octubre, a les 19:<span class=\"hiddenGrammarError\">30h<\/span>, amb <strong>una missa pels difunts<\/strong> del barri.<\/p>\n","protected":false},"excerpt":{"rendered":"<p>La Parr\u00f2quia de Sant Roc d&#8217;Alcoi ha preparat un complet programa d&#8217;actes per a aquest cap de setmana amb motiu&#8230;<\/p>\n","protected":false},"author":1,"featured_media":15967,"comment_status":"open","ping_status":"open","sticky":false,"template":"","format":"standard","meta":{"footnotes":""},"categories":[6909,97,78,75],"tags":[160,11796,13243,7714],"class_list":["post-92357","post","type-post","status-publish","format-standard","has-post-thumbnail","hentry","category-actualidad","category-alcoy","category-fiestaycultura","category-noticias","tag-alcoi","tag-farolet","tag-processo","tag-sant-roc"],"yoast_head":"<!-- This site is optimized with the Yoast SEO plugin v27.3 - https:\/\/yoast.com\/product\/yoast-seo-wordpress\/ -->\n<title>La Parr\u00f2quia de Sant Roc d&#039;Alcoi recupera la process\u00f3 del farolet - COPE Alcoy<\/title>\n<meta name=\"robots\" content=\"index, follow, max-snippet:-1, max-image-preview:large, max-video-preview:-1\" \/>\n<link rel=\"canonical\" href=\"https:\/\/www.copealcoy.es\/es\/la-parroquia-de-sant-roc-dalcoi-recupera-la-processo-del-farolet\/\" \/>\n<meta property=\"og:locale\" content=\"es_ES\" \/>\n<meta property=\"og:type\" content=\"article\" \/>\n<meta property=\"og:title\" content=\"La Parr\u00f2quia de Sant Roc d&#039;Alcoi recupera la process\u00f3 del farolet - COPE Alcoy\" \/>\n<meta property=\"og:description\" content=\"La Parr\u00f2quia de Sant Roc d&#8217;Alcoi ha preparat un complet programa d&#8217;actes per a aquest cap de setmana amb motiu...\" \/>\n<meta property=\"og:url\" content=\"https:\/\/www.copealcoy.es\/es\/la-parroquia-de-sant-roc-dalcoi-recupera-la-processo-del-farolet\/\" \/>\n<meta property=\"og:site_name\" content=\"COPE Alcoy\" \/>\n<meta property=\"article:published_time\" content=\"2022-09-30T15:14:01+00:00\" \/>\n<meta property=\"article:modified_time\" content=\"2022-09-30T15:30:16+00:00\" \/>\n<meta property=\"og:image\" content=\"https:\/\/www.copealcoy.es\/wp-content\/uploads\/2015\/09\/alcoy-celebra.jpg\" \/>\n\t<meta property=\"og:image:width\" content=\"633\" \/>\n\t<meta property=\"og:image:height\" content=\"367\" \/>\n\t<meta property=\"og:image:type\" content=\"image\/jpeg\" \/>\n<meta name=\"author\" content=\"Cope Alcoy\" \/>\n<meta name=\"twitter:label1\" content=\"Escrito por\" \/>\n\t<meta name=\"twitter:data1\" content=\"Cope Alcoy\" \/>\n\t<meta name=\"twitter:label2\" content=\"Tiempo de lectura\" \/>\n\t<meta name=\"twitter:data2\" content=\"2 minutos\" \/>\n<script type=\"application\/ld+json\" class=\"yoast-schema-graph\">{\"@context\":\"https:\\\/\\\/schema.org\",\"@graph\":[{\"@type\":\"Article\",\"@id\":\"https:\\\/\\\/www.copealcoy.es\\\/es\\\/la-parroquia-de-sant-roc-dalcoi-recupera-la-processo-del-farolet\\\/#article\",\"isPartOf\":{\"@id\":\"https:\\\/\\\/www.copealcoy.es\\\/es\\\/la-parroquia-de-sant-roc-dalcoi-recupera-la-processo-del-farolet\\\/\"},\"author\":{\"name\":\"Cope Alcoy\",\"@id\":\"https:\\\/\\\/www.copealcoy.es\\\/es\\\/#\\\/schema\\\/person\\\/e777c87fa024e57d40170af9df39882c\"},\"headline\":\"La Parr\u00f2quia de Sant Roc d&#8217;Alcoi recupera la process\u00f3 del farolet\",\"datePublished\":\"2022-09-30T15:14:01+00:00\",\"dateModified\":\"2022-09-30T15:30:16+00:00\",\"mainEntityOfPage\":{\"@id\":\"https:\\\/\\\/www.copealcoy.es\\\/es\\\/la-parroquia-de-sant-roc-dalcoi-recupera-la-processo-del-farolet\\\/\"},\"wordCount\":412,\"commentCount\":0,\"image\":{\"@id\":\"https:\\\/\\\/www.copealcoy.es\\\/es\\\/la-parroquia-de-sant-roc-dalcoi-recupera-la-processo-del-farolet\\\/#primaryimage\"},\"thumbnailUrl\":\"https:\\\/\\\/www.copealcoy.es\\\/wp-content\\\/uploads\\\/2015\\\/09\\\/alcoy-celebra.jpg\",\"keywords\":[\"Alcoi\",\"Farolet\",\"process\u00f3\",\"Sant Roc\"],\"articleSection\":[\"Actualidad\",\"Alcoy\",\"Fiesta y Cultura\",\"Noticias\"],\"inLanguage\":\"es\"},{\"@type\":\"WebPage\",\"@id\":\"https:\\\/\\\/www.copealcoy.es\\\/es\\\/la-parroquia-de-sant-roc-dalcoi-recupera-la-processo-del-farolet\\\/\",\"url\":\"https:\\\/\\\/www.copealcoy.es\\\/es\\\/la-parroquia-de-sant-roc-dalcoi-recupera-la-processo-del-farolet\\\/\",\"name\":\"La Parr\u00f2quia de Sant Roc d'Alcoi recupera la process\u00f3 del farolet - COPE Alcoy\",\"isPartOf\":{\"@id\":\"https:\\\/\\\/www.copealcoy.es\\\/es\\\/#website\"},\"primaryImageOfPage\":{\"@id\":\"https:\\\/\\\/www.copealcoy.es\\\/es\\\/la-parroquia-de-sant-roc-dalcoi-recupera-la-processo-del-farolet\\\/#primaryimage\"},\"image\":{\"@id\":\"https:\\\/\\\/www.copealcoy.es\\\/es\\\/la-parroquia-de-sant-roc-dalcoi-recupera-la-processo-del-farolet\\\/#primaryimage\"},\"thumbnailUrl\":\"https:\\\/\\\/www.copealcoy.es\\\/wp-content\\\/uploads\\\/2015\\\/09\\\/alcoy-celebra.jpg\",\"datePublished\":\"2022-09-30T15:14:01+00:00\",\"dateModified\":\"2022-09-30T15:30:16+00:00\",\"author\":{\"@id\":\"https:\\\/\\\/www.copealcoy.es\\\/es\\\/#\\\/schema\\\/person\\\/e777c87fa024e57d40170af9df39882c\"},\"breadcrumb\":{\"@id\":\"https:\\\/\\\/www.copealcoy.es\\\/es\\\/la-parroquia-de-sant-roc-dalcoi-recupera-la-processo-del-farolet\\\/#breadcrumb\"},\"inLanguage\":\"es\",\"potentialAction\":[{\"@type\":\"ReadAction\",\"target\":[\"https:\\\/\\\/www.copealcoy.es\\\/es\\\/la-parroquia-de-sant-roc-dalcoi-recupera-la-processo-del-farolet\\\/\"]}]},{\"@type\":\"ImageObject\",\"inLanguage\":\"es\",\"@id\":\"https:\\\/\\\/www.copealcoy.es\\\/es\\\/la-parroquia-de-sant-roc-dalcoi-recupera-la-processo-del-farolet\\\/#primaryimage\",\"url\":\"https:\\\/\\\/www.copealcoy.es\\\/wp-content\\\/uploads\\\/2015\\\/09\\\/alcoy-celebra.jpg\",\"contentUrl\":\"https:\\\/\\\/www.copealcoy.es\\\/wp-content\\\/uploads\\\/2015\\\/09\\\/alcoy-celebra.jpg\",\"width\":633,\"height\":367},{\"@type\":\"BreadcrumbList\",\"@id\":\"https:\\\/\\\/www.copealcoy.es\\\/es\\\/la-parroquia-de-sant-roc-dalcoi-recupera-la-processo-del-farolet\\\/#breadcrumb\",\"itemListElement\":[{\"@type\":\"ListItem\",\"position\":1,\"name\":\"Portada\",\"item\":\"https:\\\/\\\/www.copealcoy.es\\\/es\\\/\"},{\"@type\":\"ListItem\",\"position\":2,\"name\":\"La Parr\u00f2quia de Sant Roc d&#8217;Alcoi recupera la process\u00f3 del farolet\"}]},{\"@type\":\"WebSite\",\"@id\":\"https:\\\/\\\/www.copealcoy.es\\\/es\\\/#website\",\"url\":\"https:\\\/\\\/www.copealcoy.es\\\/es\\\/\",\"name\":\"COPE Alcoy\",\"description\":\"Emisora COPE de radio local con emisi\u00f3n online. Pont de Sant Jordi 8-10 03803 Alcoy\",\"potentialAction\":[{\"@type\":\"SearchAction\",\"target\":{\"@type\":\"EntryPoint\",\"urlTemplate\":\"https:\\\/\\\/www.copealcoy.es\\\/es\\\/?s={search_term_string}\"},\"query-input\":{\"@type\":\"PropertyValueSpecification\",\"valueRequired\":true,\"valueName\":\"search_term_string\"}}],\"inLanguage\":\"es\"},{\"@type\":\"Person\",\"@id\":\"https:\\\/\\\/www.copealcoy.es\\\/es\\\/#\\\/schema\\\/person\\\/e777c87fa024e57d40170af9df39882c\",\"name\":\"Cope Alcoy\",\"image\":{\"@type\":\"ImageObject\",\"inLanguage\":\"es\",\"@id\":\"https:\\\/\\\/secure.gravatar.com\\\/avatar\\\/bb65d0283347e303893ba14f0692005417c1e0e690a325a4c5d8bb2b3943ee14?s=96&d=mm&r=g\",\"url\":\"https:\\\/\\\/secure.gravatar.com\\\/avatar\\\/bb65d0283347e303893ba14f0692005417c1e0e690a325a4c5d8bb2b3943ee14?s=96&d=mm&r=g\",\"contentUrl\":\"https:\\\/\\\/secure.gravatar.com\\\/avatar\\\/bb65d0283347e303893ba14f0692005417c1e0e690a325a4c5d8bb2b3943ee14?s=96&d=mm&r=g\",\"caption\":\"Cope Alcoy\"}}]}<\/script>\n<!-- \/ Yoast SEO plugin. -->","yoast_head_json":{"title":"La Parr\u00f2quia de Sant Roc d'Alcoi recupera la process\u00f3 del farolet - COPE Alcoy","robots":{"index":"index","follow":"follow","max-snippet":"max-snippet:-1","max-image-preview":"max-image-preview:large","max-video-preview":"max-video-preview:-1"},"canonical":"https:\/\/www.copealcoy.es\/es\/la-parroquia-de-sant-roc-dalcoi-recupera-la-processo-del-farolet\/","og_locale":"es_ES","og_type":"article","og_title":"La Parr\u00f2quia de Sant Roc d'Alcoi recupera la process\u00f3 del farolet - COPE Alcoy","og_description":"La Parr\u00f2quia de Sant Roc d&#8217;Alcoi ha preparat un complet programa d&#8217;actes per a aquest cap de setmana amb motiu...","og_url":"https:\/\/www.copealcoy.es\/es\/la-parroquia-de-sant-roc-dalcoi-recupera-la-processo-del-farolet\/","og_site_name":"COPE Alcoy","article_published_time":"2022-09-30T15:14:01+00:00","article_modified_time":"2022-09-30T15:30:16+00:00","og_image":[{"width":633,"height":367,"url":"https:\/\/www.copealcoy.es\/wp-content\/uploads\/2015\/09\/alcoy-celebra.jpg","type":"image\/jpeg"}],"author":"Cope Alcoy","twitter_misc":{"Escrito por":"Cope Alcoy","Tiempo de lectura":"2 minutos"},"schema":{"@context":"https:\/\/schema.org","@graph":[{"@type":"Article","@id":"https:\/\/www.copealcoy.es\/es\/la-parroquia-de-sant-roc-dalcoi-recupera-la-processo-del-farolet\/#article","isPartOf":{"@id":"https:\/\/www.copealcoy.es\/es\/la-parroquia-de-sant-roc-dalcoi-recupera-la-processo-del-farolet\/"},"author":{"name":"Cope Alcoy","@id":"https:\/\/www.copealcoy.es\/es\/#\/schema\/person\/e777c87fa024e57d40170af9df39882c"},"headline":"La Parr\u00f2quia de Sant Roc d&#8217;Alcoi recupera la process\u00f3 del farolet","datePublished":"2022-09-30T15:14:01+00:00","dateModified":"2022-09-30T15:30:16+00:00","mainEntityOfPage":{"@id":"https:\/\/www.copealcoy.es\/es\/la-parroquia-de-sant-roc-dalcoi-recupera-la-processo-del-farolet\/"},"wordCount":412,"commentCount":0,"image":{"@id":"https:\/\/www.copealcoy.es\/es\/la-parroquia-de-sant-roc-dalcoi-recupera-la-processo-del-farolet\/#primaryimage"},"thumbnailUrl":"https:\/\/www.copealcoy.es\/wp-content\/uploads\/2015\/09\/alcoy-celebra.jpg","keywords":["Alcoi","Farolet","process\u00f3","Sant Roc"],"articleSection":["Actualidad","Alcoy","Fiesta y Cultura","Noticias"],"inLanguage":"es"},{"@type":"WebPage","@id":"https:\/\/www.copealcoy.es\/es\/la-parroquia-de-sant-roc-dalcoi-recupera-la-processo-del-farolet\/","url":"https:\/\/www.copealcoy.es\/es\/la-parroquia-de-sant-roc-dalcoi-recupera-la-processo-del-farolet\/","name":"La Parr\u00f2quia de Sant Roc d'Alcoi recupera la process\u00f3 del farolet - COPE Alcoy","isPartOf":{"@id":"https:\/\/www.copealcoy.es\/es\/#website"},"primaryImageOfPage":{"@id":"https:\/\/www.copealcoy.es\/es\/la-parroquia-de-sant-roc-dalcoi-recupera-la-processo-del-farolet\/#primaryimage"},"image":{"@id":"https:\/\/www.copealcoy.es\/es\/la-parroquia-de-sant-roc-dalcoi-recupera-la-processo-del-farolet\/#primaryimage"},"thumbnailUrl":"https:\/\/www.copealcoy.es\/wp-content\/uploads\/2015\/09\/alcoy-celebra.jpg","datePublished":"2022-09-30T15:14:01+00:00","dateModified":"2022-09-30T15:30:16+00:00","author":{"@id":"https:\/\/www.copealcoy.es\/es\/#\/schema\/person\/e777c87fa024e57d40170af9df39882c"},"breadcrumb":{"@id":"https:\/\/www.copealcoy.es\/es\/la-parroquia-de-sant-roc-dalcoi-recupera-la-processo-del-farolet\/#breadcrumb"},"inLanguage":"es","potentialAction":[{"@type":"ReadAction","target":["https:\/\/www.copealcoy.es\/es\/la-parroquia-de-sant-roc-dalcoi-recupera-la-processo-del-farolet\/"]}]},{"@type":"ImageObject","inLanguage":"es","@id":"https:\/\/www.copealcoy.es\/es\/la-parroquia-de-sant-roc-dalcoi-recupera-la-processo-del-farolet\/#primaryimage","url":"https:\/\/www.copealcoy.es\/wp-content\/uploads\/2015\/09\/alcoy-celebra.jpg","contentUrl":"https:\/\/www.copealcoy.es\/wp-content\/uploads\/2015\/09\/alcoy-celebra.jpg","width":633,"height":367},{"@type":"BreadcrumbList","@id":"https:\/\/www.copealcoy.es\/es\/la-parroquia-de-sant-roc-dalcoi-recupera-la-processo-del-farolet\/#breadcrumb","itemListElement":[{"@type":"ListItem","position":1,"name":"Portada","item":"https:\/\/www.copealcoy.es\/es\/"},{"@type":"ListItem","position":2,"name":"La Parr\u00f2quia de Sant Roc d&#8217;Alcoi recupera la process\u00f3 del farolet"}]},{"@type":"WebSite","@id":"https:\/\/www.copealcoy.es\/es\/#website","url":"https:\/\/www.copealcoy.es\/es\/","name":"COPE Alcoy","description":"Emisora COPE de radio local con emisi\u00f3n online. Pont de Sant Jordi 8-10 03803 Alcoy","potentialAction":[{"@type":"SearchAction","target":{"@type":"EntryPoint","urlTemplate":"https:\/\/www.copealcoy.es\/es\/?s={search_term_string}"},"query-input":{"@type":"PropertyValueSpecification","valueRequired":true,"valueName":"search_term_string"}}],"inLanguage":"es"},{"@type":"Person","@id":"https:\/\/www.copealcoy.es\/es\/#\/schema\/person\/e777c87fa024e57d40170af9df39882c","name":"Cope Alcoy","image":{"@type":"ImageObject","inLanguage":"es","@id":"https:\/\/secure.gravatar.com\/avatar\/bb65d0283347e303893ba14f0692005417c1e0e690a325a4c5d8bb2b3943ee14?s=96&d=mm&r=g","url":"https:\/\/secure.gravatar.com\/avatar\/bb65d0283347e303893ba14f0692005417c1e0e690a325a4c5d8bb2b3943ee14?s=96&d=mm&r=g","contentUrl":"https:\/\/secure.gravatar.com\/avatar\/bb65d0283347e303893ba14f0692005417c1e0e690a325a4c5d8bb2b3943ee14?s=96&d=mm&r=g","caption":"Cope Alcoy"}}]}},"_links":{"self":[{"href":"https:\/\/www.copealcoy.es\/es\/wp-json\/wp\/v2\/posts\/92357","targetHints":{"allow":["GET"]}}],"collection":[{"href":"https:\/\/www.copealcoy.es\/es\/wp-json\/wp\/v2\/posts"}],"about":[{"href":"https:\/\/www.copealcoy.es\/es\/wp-json\/wp\/v2\/types\/post"}],"author":[{"embeddable":true,"href":"https:\/\/www.copealcoy.es\/es\/wp-json\/wp\/v2\/users\/1"}],"replies":[{"embeddable":true,"href":"https:\/\/www.copealcoy.es\/es\/wp-json\/wp\/v2\/comments?post=92357"}],"version-history":[{"count":0,"href":"https:\/\/www.copealcoy.es\/es\/wp-json\/wp\/v2\/posts\/92357\/revisions"}],"wp:featuredmedia":[{"embeddable":true,"href":"https:\/\/www.copealcoy.es\/es\/wp-json\/wp\/v2\/media\/15967"}],"wp:attachment":[{"href":"https:\/\/www.copealcoy.es\/es\/wp-json\/wp\/v2\/media?parent=92357"}],"wp:term":[{"taxonomy":"category","embeddable":true,"href":"https:\/\/www.copealcoy.es\/es\/wp-json\/wp\/v2\/categories?post=92357"},{"taxonomy":"post_tag","embeddable":true,"href":"https:\/\/www.copealcoy.es\/es\/wp-json\/wp\/v2\/tags?post=92357"}],"curies":[{"name":"wp","href":"https:\/\/api.w.org\/{rel}","templated":true}]}}