{"id":92323,"date":"2022-09-29T09:02:10","date_gmt":"2022-09-29T08:02:10","guid":{"rendered":"https:\/\/www.copealcoy.es\/?p=92323"},"modified":"2022-09-29T17:26:45","modified_gmt":"2022-09-29T16:26:45","slug":"qui-es-carlos-pastor-candidat-del-pp-a-lalcaldia-dalcoi","status":"publish","type":"post","link":"https:\/\/www.copealcoy.es\/es\/qui-es-carlos-pastor-candidat-del-pp-a-lalcaldia-dalcoi\/","title":{"rendered":"Qui \u00e9s Carlos Pastor, candidat del PP a l&#8217;alcaldia d&#8217;Alcoi"},"content":{"rendered":"<p style=\"text-align: justify;\">El seu nom <strong>no ha deixat de pronunciar-se en les \u00faltimes hores<\/strong> despr\u00e9s que ahir transcendira que el<a href=\"https:\/\/www.facebook.com\/populares.alcoy\"><strong><span style=\"color: #0000ff;\"> Partit Popular d&#8217;Alcoi<\/span><\/strong><\/a> aposta per <strong>una renovaci\u00f3 de cara a les pr\u00f2ximes Eleccions Municipals de maig de 2023<\/strong>. Es tracta de\u00a0<strong><span class=\"hiddenSpellError\">Carlos<\/span>\u00a0Pastor<\/strong>, la persona que encap\u00e7alar\u00e0 <strong>el projecte dels populars en els pr\u00f2xims comicis<\/strong> despr\u00e9s que el Partit decidira <strong>no apostar per <span class=\"hiddenSpellError\">Quique<\/span>\u00a0Ruiz<\/strong> (actual portaveu a l&#8217;Ajuntament d&#8217;Alcoi) perqu\u00e8 siga l&#8217;alcaldable.<\/p>\n<p style=\"text-align: justify;\">Pastor <strong>no t\u00e9 cap vinculaci\u00f3 familiar amb el Diputat Fernando Pastor<\/strong>, com molts afirmaven ahir, i <strong>\u00e9s amic personal de\u00a0<span class=\"hiddenSpellError\">Carlos<\/span>\u00a0<span class=\"hiddenSpellError\">Maz\u00f3n;<\/span><\/strong>\u00a0el l\u00edder del PP en la Comunitat Valenciana. L&#8217;alcaldable <strong>fou company d&#8217;estudis del tamb\u00e9 President de la Diputaci\u00f3<\/strong> en la Facultat de Dret de la Universitat d&#8217;Alacant, i secretari d&#8217;Organitzaci\u00f3 de Noves Generacions d&#8217;Alacant, en els anys noranta, quan el mateix\u00a0<span class=\"hiddenSpellError\">Maz\u00f3n<\/span>\u00a0va iniciar la seua carrera pol\u00edtica.\u00a0<span class=\"hiddenSpellError\">Carlos<\/span>\u00a0Pastor <strong>va ocupar diverses responsabilitats a l&#8217;Ajuntament d&#8217;Alcoi quan el Partit Popular governava el mateix<\/strong> encara que no estava a la primera l\u00ednia pol\u00edtica a la qual passar\u00e0 en les pr\u00f2ximes setmanes quan siga anunciat oficialment com a candidat de la formaci\u00f3 pol\u00edtica. Actualment, Pastor \u00e9s tamb\u00e9 <strong>t\u00e8cnic en l&#8217;Administraci\u00f3 General de la Generalitat Valenciana<\/strong>. Concretament, t\u00e8cnic Jur\u00eddic en la Conselleria de Pol\u00edtica territorial, Obres P\u00fabliques i Mobilitat.<\/p>\n<p style=\"text-align: justify;\">En la seua faceta\u00a0 m\u00e9s personal, cal assenyalar que <strong><span class=\"hiddenSpellError\">Carlos<\/span> Pastor \u00e9s fester de la Fil\u00e0 Moss\u00e0rabs<\/strong> en la qual va exercir de Primer\u00a0<span class=\"hiddenSpellError\">Tr\u00f2<\/span>. A m\u00e9s enguany <strong>va poder aplaudir al seu fill com a\u00a0<span class=\"hiddenSpellError\">Glorier<\/span>\u00a0dels m\u00e9s menuts<\/strong> i el mateix\u00a0<span class=\"hiddenSpellError\">Carlos<\/span>\u00a0<span class=\"hiddenSpellError\">Maz\u00f3n<\/span>\u00a0<a href=\"https:\/\/www.copealcoy.es\/mazon-no-quiso-perderse-la-gloria-infantil\/\"><span style=\"color: #0000ff;\"><strong>va estar a Alcoi el 18 d&#8217;abril<\/strong><\/span><\/a> per a assistir a la comuni\u00f3 del xiquet aix\u00ed com a la desfilada de la Gl\u00f2ria Infantil. Els dos\u00a0<span class=\"hiddenSpellError\">Carlos<\/span>, <strong>Pastor i\u00a0<span class=\"hiddenSpellError\">Maz\u00f3n<\/span><\/strong>, tamb\u00e9 varen compartir moments durant <strong>la trilogia festera en honor a Sant Jordi<\/strong> donat que el President dels populars<strong> va eixir a l&#8217;Entrada Cristiana<\/strong> en l&#8217;esquadra dels &#8216;gats&#8217; convidat pel seu amic que ara passar\u00e0 a liderar el nou projecte del PP a la capital de l&#8217;Alcoi\u00e0.<\/p>\n","protected":false},"excerpt":{"rendered":"<p>El seu nom no ha deixat de pronunciar-se en les \u00faltimes hores despr\u00e9s que ahir transcendira que el Partit Popular&#8230;<\/p>\n","protected":false},"author":1,"featured_media":92234,"comment_status":"open","ping_status":"open","sticky":false,"template":"","format":"standard","meta":{"footnotes":""},"categories":[6909,97,75,79],"tags":[804,160,13224,13235,227],"class_list":["post-92323","post","type-post","status-publish","format-standard","has-post-thumbnail","hentry","category-actualidad","category-alcoy","category-noticias","category-politicayeconomia","tag-alcaldia","tag-alcoi","tag-candidat","tag-carlos-pastor","tag-pp"],"yoast_head":"<!-- This site is optimized with the Yoast SEO plugin v27.3 - https:\/\/yoast.com\/product\/yoast-seo-wordpress\/ -->\n<title>Qui \u00e9s Carlos Pastor, candidat del PP a l&#039;alcaldia d&#039;Alcoi - COPE Alcoy<\/title>\n<meta name=\"robots\" content=\"index, follow, max-snippet:-1, max-image-preview:large, max-video-preview:-1\" \/>\n<link rel=\"canonical\" href=\"https:\/\/www.copealcoy.es\/es\/qui-es-carlos-pastor-candidat-del-pp-a-lalcaldia-dalcoi\/\" \/>\n<meta property=\"og:locale\" content=\"es_ES\" \/>\n<meta property=\"og:type\" content=\"article\" \/>\n<meta property=\"og:title\" content=\"Qui \u00e9s Carlos Pastor, candidat del PP a l&#039;alcaldia d&#039;Alcoi - COPE Alcoy\" \/>\n<meta property=\"og:description\" content=\"El seu nom no ha deixat de pronunciar-se en les \u00faltimes hores despr\u00e9s que ahir transcendira que el Partit Popular...\" \/>\n<meta property=\"og:url\" content=\"https:\/\/www.copealcoy.es\/es\/qui-es-carlos-pastor-candidat-del-pp-a-lalcaldia-dalcoi\/\" \/>\n<meta property=\"og:site_name\" content=\"COPE Alcoy\" \/>\n<meta property=\"article:published_time\" content=\"2022-09-29T08:02:10+00:00\" \/>\n<meta property=\"article:modified_time\" content=\"2022-09-29T16:26:45+00:00\" \/>\n<meta property=\"og:image\" content=\"https:\/\/www.copealcoy.es\/wp-content\/uploads\/2022\/09\/278473285_377564221046082_8173262531615972038_n.jpg\" \/>\n\t<meta property=\"og:image:width\" content=\"1434\" \/>\n\t<meta property=\"og:image:height\" content=\"603\" \/>\n\t<meta property=\"og:image:type\" content=\"image\/jpeg\" \/>\n<meta name=\"author\" content=\"Cope Alcoy\" \/>\n<meta name=\"twitter:label1\" content=\"Escrito por\" \/>\n\t<meta name=\"twitter:data1\" content=\"Cope Alcoy\" \/>\n\t<meta name=\"twitter:label2\" content=\"Tiempo de lectura\" \/>\n\t<meta name=\"twitter:data2\" content=\"2 minutos\" \/>\n<script type=\"application\/ld+json\" class=\"yoast-schema-graph\">{\"@context\":\"https:\\\/\\\/schema.org\",\"@graph\":[{\"@type\":\"Article\",\"@id\":\"https:\\\/\\\/www.copealcoy.es\\\/es\\\/qui-es-carlos-pastor-candidat-del-pp-a-lalcaldia-dalcoi\\\/#article\",\"isPartOf\":{\"@id\":\"https:\\\/\\\/www.copealcoy.es\\\/es\\\/qui-es-carlos-pastor-candidat-del-pp-a-lalcaldia-dalcoi\\\/\"},\"author\":{\"name\":\"Cope Alcoy\",\"@id\":\"https:\\\/\\\/www.copealcoy.es\\\/es\\\/#\\\/schema\\\/person\\\/e777c87fa024e57d40170af9df39882c\"},\"headline\":\"Qui \u00e9s Carlos Pastor, candidat del PP a l&#8217;alcaldia d&#8217;Alcoi\",\"datePublished\":\"2022-09-29T08:02:10+00:00\",\"dateModified\":\"2022-09-29T16:26:45+00:00\",\"mainEntityOfPage\":{\"@id\":\"https:\\\/\\\/www.copealcoy.es\\\/es\\\/qui-es-carlos-pastor-candidat-del-pp-a-lalcaldia-dalcoi\\\/\"},\"wordCount\":383,\"commentCount\":0,\"image\":{\"@id\":\"https:\\\/\\\/www.copealcoy.es\\\/es\\\/qui-es-carlos-pastor-candidat-del-pp-a-lalcaldia-dalcoi\\\/#primaryimage\"},\"thumbnailUrl\":\"https:\\\/\\\/www.copealcoy.es\\\/wp-content\\\/uploads\\\/2022\\\/09\\\/278473285_377564221046082_8173262531615972038_n.jpg\",\"keywords\":[\"alcald\u00eda\",\"Alcoi\",\"candidat\",\"Carlos Pastor\",\"PP\"],\"articleSection\":[\"Actualidad\",\"Alcoy\",\"Noticias\",\"Pol\u00edtica y Econom\u00eda\"],\"inLanguage\":\"es\"},{\"@type\":\"WebPage\",\"@id\":\"https:\\\/\\\/www.copealcoy.es\\\/es\\\/qui-es-carlos-pastor-candidat-del-pp-a-lalcaldia-dalcoi\\\/\",\"url\":\"https:\\\/\\\/www.copealcoy.es\\\/es\\\/qui-es-carlos-pastor-candidat-del-pp-a-lalcaldia-dalcoi\\\/\",\"name\":\"Qui \u00e9s Carlos Pastor, candidat del PP a l'alcaldia d'Alcoi - COPE Alcoy\",\"isPartOf\":{\"@id\":\"https:\\\/\\\/www.copealcoy.es\\\/es\\\/#website\"},\"primaryImageOfPage\":{\"@id\":\"https:\\\/\\\/www.copealcoy.es\\\/es\\\/qui-es-carlos-pastor-candidat-del-pp-a-lalcaldia-dalcoi\\\/#primaryimage\"},\"image\":{\"@id\":\"https:\\\/\\\/www.copealcoy.es\\\/es\\\/qui-es-carlos-pastor-candidat-del-pp-a-lalcaldia-dalcoi\\\/#primaryimage\"},\"thumbnailUrl\":\"https:\\\/\\\/www.copealcoy.es\\\/wp-content\\\/uploads\\\/2022\\\/09\\\/278473285_377564221046082_8173262531615972038_n.jpg\",\"datePublished\":\"2022-09-29T08:02:10+00:00\",\"dateModified\":\"2022-09-29T16:26:45+00:00\",\"author\":{\"@id\":\"https:\\\/\\\/www.copealcoy.es\\\/es\\\/#\\\/schema\\\/person\\\/e777c87fa024e57d40170af9df39882c\"},\"breadcrumb\":{\"@id\":\"https:\\\/\\\/www.copealcoy.es\\\/es\\\/qui-es-carlos-pastor-candidat-del-pp-a-lalcaldia-dalcoi\\\/#breadcrumb\"},\"inLanguage\":\"es\",\"potentialAction\":[{\"@type\":\"ReadAction\",\"target\":[\"https:\\\/\\\/www.copealcoy.es\\\/es\\\/qui-es-carlos-pastor-candidat-del-pp-a-lalcaldia-dalcoi\\\/\"]}]},{\"@type\":\"ImageObject\",\"inLanguage\":\"es\",\"@id\":\"https:\\\/\\\/www.copealcoy.es\\\/es\\\/qui-es-carlos-pastor-candidat-del-pp-a-lalcaldia-dalcoi\\\/#primaryimage\",\"url\":\"https:\\\/\\\/www.copealcoy.es\\\/wp-content\\\/uploads\\\/2022\\\/09\\\/278473285_377564221046082_8173262531615972038_n.jpg\",\"contentUrl\":\"https:\\\/\\\/www.copealcoy.es\\\/wp-content\\\/uploads\\\/2022\\\/09\\\/278473285_377564221046082_8173262531615972038_n.jpg\",\"width\":1434,\"height\":603},{\"@type\":\"BreadcrumbList\",\"@id\":\"https:\\\/\\\/www.copealcoy.es\\\/es\\\/qui-es-carlos-pastor-candidat-del-pp-a-lalcaldia-dalcoi\\\/#breadcrumb\",\"itemListElement\":[{\"@type\":\"ListItem\",\"position\":1,\"name\":\"Portada\",\"item\":\"https:\\\/\\\/www.copealcoy.es\\\/es\\\/\"},{\"@type\":\"ListItem\",\"position\":2,\"name\":\"Qui \u00e9s Carlos Pastor, candidat del PP a l&#8217;alcaldia d&#8217;Alcoi\"}]},{\"@type\":\"WebSite\",\"@id\":\"https:\\\/\\\/www.copealcoy.es\\\/es\\\/#website\",\"url\":\"https:\\\/\\\/www.copealcoy.es\\\/es\\\/\",\"name\":\"COPE Alcoy\",\"description\":\"Emisora COPE de radio local con emisi\u00f3n online. Pont de Sant Jordi 8-10 03803 Alcoy\",\"potentialAction\":[{\"@type\":\"SearchAction\",\"target\":{\"@type\":\"EntryPoint\",\"urlTemplate\":\"https:\\\/\\\/www.copealcoy.es\\\/es\\\/?s={search_term_string}\"},\"query-input\":{\"@type\":\"PropertyValueSpecification\",\"valueRequired\":true,\"valueName\":\"search_term_string\"}}],\"inLanguage\":\"es\"},{\"@type\":\"Person\",\"@id\":\"https:\\\/\\\/www.copealcoy.es\\\/es\\\/#\\\/schema\\\/person\\\/e777c87fa024e57d40170af9df39882c\",\"name\":\"Cope Alcoy\",\"image\":{\"@type\":\"ImageObject\",\"inLanguage\":\"es\",\"@id\":\"https:\\\/\\\/secure.gravatar.com\\\/avatar\\\/bb65d0283347e303893ba14f0692005417c1e0e690a325a4c5d8bb2b3943ee14?s=96&d=mm&r=g\",\"url\":\"https:\\\/\\\/secure.gravatar.com\\\/avatar\\\/bb65d0283347e303893ba14f0692005417c1e0e690a325a4c5d8bb2b3943ee14?s=96&d=mm&r=g\",\"contentUrl\":\"https:\\\/\\\/secure.gravatar.com\\\/avatar\\\/bb65d0283347e303893ba14f0692005417c1e0e690a325a4c5d8bb2b3943ee14?s=96&d=mm&r=g\",\"caption\":\"Cope Alcoy\"}}]}<\/script>\n<!-- \/ Yoast SEO plugin. -->","yoast_head_json":{"title":"Qui \u00e9s Carlos Pastor, candidat del PP a l'alcaldia d'Alcoi - COPE Alcoy","robots":{"index":"index","follow":"follow","max-snippet":"max-snippet:-1","max-image-preview":"max-image-preview:large","max-video-preview":"max-video-preview:-1"},"canonical":"https:\/\/www.copealcoy.es\/es\/qui-es-carlos-pastor-candidat-del-pp-a-lalcaldia-dalcoi\/","og_locale":"es_ES","og_type":"article","og_title":"Qui \u00e9s Carlos Pastor, candidat del PP a l'alcaldia d'Alcoi - COPE Alcoy","og_description":"El seu nom no ha deixat de pronunciar-se en les \u00faltimes hores despr\u00e9s que ahir transcendira que el Partit Popular...","og_url":"https:\/\/www.copealcoy.es\/es\/qui-es-carlos-pastor-candidat-del-pp-a-lalcaldia-dalcoi\/","og_site_name":"COPE Alcoy","article_published_time":"2022-09-29T08:02:10+00:00","article_modified_time":"2022-09-29T16:26:45+00:00","og_image":[{"width":1434,"height":603,"url":"https:\/\/www.copealcoy.es\/wp-content\/uploads\/2022\/09\/278473285_377564221046082_8173262531615972038_n.jpg","type":"image\/jpeg"}],"author":"Cope Alcoy","twitter_misc":{"Escrito por":"Cope Alcoy","Tiempo de lectura":"2 minutos"},"schema":{"@context":"https:\/\/schema.org","@graph":[{"@type":"Article","@id":"https:\/\/www.copealcoy.es\/es\/qui-es-carlos-pastor-candidat-del-pp-a-lalcaldia-dalcoi\/#article","isPartOf":{"@id":"https:\/\/www.copealcoy.es\/es\/qui-es-carlos-pastor-candidat-del-pp-a-lalcaldia-dalcoi\/"},"author":{"name":"Cope Alcoy","@id":"https:\/\/www.copealcoy.es\/es\/#\/schema\/person\/e777c87fa024e57d40170af9df39882c"},"headline":"Qui \u00e9s Carlos Pastor, candidat del PP a l&#8217;alcaldia d&#8217;Alcoi","datePublished":"2022-09-29T08:02:10+00:00","dateModified":"2022-09-29T16:26:45+00:00","mainEntityOfPage":{"@id":"https:\/\/www.copealcoy.es\/es\/qui-es-carlos-pastor-candidat-del-pp-a-lalcaldia-dalcoi\/"},"wordCount":383,"commentCount":0,"image":{"@id":"https:\/\/www.copealcoy.es\/es\/qui-es-carlos-pastor-candidat-del-pp-a-lalcaldia-dalcoi\/#primaryimage"},"thumbnailUrl":"https:\/\/www.copealcoy.es\/wp-content\/uploads\/2022\/09\/278473285_377564221046082_8173262531615972038_n.jpg","keywords":["alcald\u00eda","Alcoi","candidat","Carlos Pastor","PP"],"articleSection":["Actualidad","Alcoy","Noticias","Pol\u00edtica y Econom\u00eda"],"inLanguage":"es"},{"@type":"WebPage","@id":"https:\/\/www.copealcoy.es\/es\/qui-es-carlos-pastor-candidat-del-pp-a-lalcaldia-dalcoi\/","url":"https:\/\/www.copealcoy.es\/es\/qui-es-carlos-pastor-candidat-del-pp-a-lalcaldia-dalcoi\/","name":"Qui \u00e9s Carlos Pastor, candidat del PP a l'alcaldia d'Alcoi - COPE Alcoy","isPartOf":{"@id":"https:\/\/www.copealcoy.es\/es\/#website"},"primaryImageOfPage":{"@id":"https:\/\/www.copealcoy.es\/es\/qui-es-carlos-pastor-candidat-del-pp-a-lalcaldia-dalcoi\/#primaryimage"},"image":{"@id":"https:\/\/www.copealcoy.es\/es\/qui-es-carlos-pastor-candidat-del-pp-a-lalcaldia-dalcoi\/#primaryimage"},"thumbnailUrl":"https:\/\/www.copealcoy.es\/wp-content\/uploads\/2022\/09\/278473285_377564221046082_8173262531615972038_n.jpg","datePublished":"2022-09-29T08:02:10+00:00","dateModified":"2022-09-29T16:26:45+00:00","author":{"@id":"https:\/\/www.copealcoy.es\/es\/#\/schema\/person\/e777c87fa024e57d40170af9df39882c"},"breadcrumb":{"@id":"https:\/\/www.copealcoy.es\/es\/qui-es-carlos-pastor-candidat-del-pp-a-lalcaldia-dalcoi\/#breadcrumb"},"inLanguage":"es","potentialAction":[{"@type":"ReadAction","target":["https:\/\/www.copealcoy.es\/es\/qui-es-carlos-pastor-candidat-del-pp-a-lalcaldia-dalcoi\/"]}]},{"@type":"ImageObject","inLanguage":"es","@id":"https:\/\/www.copealcoy.es\/es\/qui-es-carlos-pastor-candidat-del-pp-a-lalcaldia-dalcoi\/#primaryimage","url":"https:\/\/www.copealcoy.es\/wp-content\/uploads\/2022\/09\/278473285_377564221046082_8173262531615972038_n.jpg","contentUrl":"https:\/\/www.copealcoy.es\/wp-content\/uploads\/2022\/09\/278473285_377564221046082_8173262531615972038_n.jpg","width":1434,"height":603},{"@type":"BreadcrumbList","@id":"https:\/\/www.copealcoy.es\/es\/qui-es-carlos-pastor-candidat-del-pp-a-lalcaldia-dalcoi\/#breadcrumb","itemListElement":[{"@type":"ListItem","position":1,"name":"Portada","item":"https:\/\/www.copealcoy.es\/es\/"},{"@type":"ListItem","position":2,"name":"Qui \u00e9s Carlos Pastor, candidat del PP a l&#8217;alcaldia d&#8217;Alcoi"}]},{"@type":"WebSite","@id":"https:\/\/www.copealcoy.es\/es\/#website","url":"https:\/\/www.copealcoy.es\/es\/","name":"COPE Alcoy","description":"Emisora COPE de radio local con emisi\u00f3n online. Pont de Sant Jordi 8-10 03803 Alcoy","potentialAction":[{"@type":"SearchAction","target":{"@type":"EntryPoint","urlTemplate":"https:\/\/www.copealcoy.es\/es\/?s={search_term_string}"},"query-input":{"@type":"PropertyValueSpecification","valueRequired":true,"valueName":"search_term_string"}}],"inLanguage":"es"},{"@type":"Person","@id":"https:\/\/www.copealcoy.es\/es\/#\/schema\/person\/e777c87fa024e57d40170af9df39882c","name":"Cope Alcoy","image":{"@type":"ImageObject","inLanguage":"es","@id":"https:\/\/secure.gravatar.com\/avatar\/bb65d0283347e303893ba14f0692005417c1e0e690a325a4c5d8bb2b3943ee14?s=96&d=mm&r=g","url":"https:\/\/secure.gravatar.com\/avatar\/bb65d0283347e303893ba14f0692005417c1e0e690a325a4c5d8bb2b3943ee14?s=96&d=mm&r=g","contentUrl":"https:\/\/secure.gravatar.com\/avatar\/bb65d0283347e303893ba14f0692005417c1e0e690a325a4c5d8bb2b3943ee14?s=96&d=mm&r=g","caption":"Cope Alcoy"}}]}},"_links":{"self":[{"href":"https:\/\/www.copealcoy.es\/es\/wp-json\/wp\/v2\/posts\/92323","targetHints":{"allow":["GET"]}}],"collection":[{"href":"https:\/\/www.copealcoy.es\/es\/wp-json\/wp\/v2\/posts"}],"about":[{"href":"https:\/\/www.copealcoy.es\/es\/wp-json\/wp\/v2\/types\/post"}],"author":[{"embeddable":true,"href":"https:\/\/www.copealcoy.es\/es\/wp-json\/wp\/v2\/users\/1"}],"replies":[{"embeddable":true,"href":"https:\/\/www.copealcoy.es\/es\/wp-json\/wp\/v2\/comments?post=92323"}],"version-history":[{"count":0,"href":"https:\/\/www.copealcoy.es\/es\/wp-json\/wp\/v2\/posts\/92323\/revisions"}],"wp:featuredmedia":[{"embeddable":true,"href":"https:\/\/www.copealcoy.es\/es\/wp-json\/wp\/v2\/media\/92234"}],"wp:attachment":[{"href":"https:\/\/www.copealcoy.es\/es\/wp-json\/wp\/v2\/media?parent=92323"}],"wp:term":[{"taxonomy":"category","embeddable":true,"href":"https:\/\/www.copealcoy.es\/es\/wp-json\/wp\/v2\/categories?post=92323"},{"taxonomy":"post_tag","embeddable":true,"href":"https:\/\/www.copealcoy.es\/es\/wp-json\/wp\/v2\/tags?post=92323"}],"curies":[{"name":"wp","href":"https:\/\/api.w.org\/{rel}","templated":true}]}}