{"id":92312,"date":"2022-09-30T15:44:02","date_gmt":"2022-09-30T14:44:02","guid":{"rendered":"https:\/\/www.copealcoy.es\/?p=92312"},"modified":"2022-10-04T20:31:32","modified_gmt":"2022-10-04T19:31:32","slug":"els-campaners-dalcoi-han-preparat-aquesta-activitat-per-al-dissabte","status":"publish","type":"post","link":"https:\/\/www.copealcoy.es\/es\/els-campaners-dalcoi-han-preparat-aquesta-activitat-per-al-dissabte\/","title":{"rendered":"Els Campaners d&#8217;Alcoi han preparat aquesta activitat per al dissabte"},"content":{"rendered":"<p style=\"text-align: justify;\">La <a href=\"https:\/\/www.facebook.com\/campanersalcoi\"><strong><span style=\"color: #0000ff;\">Colla de Campaners d&#8217;Alcoi<\/span><\/strong><\/a> ha preparat <strong>una interessant activitat per a aquest dissabte 1 d&#8217;octubre<\/strong>.\u00a0Es tracta <strong>d&#8217;una visita guiada al Campanar de la Parr\u00f2quia de Santa Maria<\/strong>, una iniciativa que est\u00e0 emmarcada dins de les activitats organitzades amb motiu del <strong>Dia Mundial del Turisme<\/strong>.<\/p>\n<p style=\"text-align: justify;\">En aquestes rutes descobrirem <strong>els tocs manuals de campanes<\/strong> i fins i tot es far\u00e0 <strong>una xicoteta demostraci\u00f3 d&#8217;aquests<\/strong>. A m\u00e9s coneixerem els secrets que amaga una torre que \u00e9s considerada com <strong>tot un emblema de la nostra ciutat<\/strong>. Els torns de visites estan ja complets per al mat\u00ed, per\u00f2 <strong>encara tenim oportunitat de participar en horari de cinc, sis i set de la vesprada<\/strong>. La inscripci\u00f3 <strong>es pot fer encara al tel\u00e8fon 622 15 45 67<\/strong> &#8220;<em>en el moment de fer la inscripci\u00f3 s\u00ed que hem demanat un xicotet donatiu de 5 euros per als adults, i de 3 euros per als m\u00e9s menuts de la casa, i tota la recaptaci\u00f3 que s&#8217;obtinga anir\u00e0 destinada al manteniment dels campanars de la nostra ciutat<\/em>&#8220;, explicava avui en COPE ALCOI <strong>Jorge\u00a0<span class=\"hiddenSpellError\">Chirlaque<\/span><\/strong>; membre dels Campaners d&#8217;Alcoi.<\/p>\n<p style=\"text-align: justify;\">Tots aquells que no tinguen oportunitat de participar en les visites de dissabte <strong>ho podran fer m\u00e9s endavant<\/strong>. Des de la Colla de Campaners d&#8217;Alcoi<strong> tenen intenci\u00f3 d&#8217;organitzar noves rutes<\/strong> a finals de novembre i quan arriben dates especials per a la ciutat com Nadal.<\/p>\n<p><strong><span style=\"color: #0000ff;\">Una Colla constitu\u00efda oficialment el passat abril<\/span><\/strong><\/p>\n<p style=\"text-align: justify;\">Els locals de la Parr\u00f2quia de Santa\u00a0Maria d&#8217;Alcoi <strong>foren testimonis el dissabte 2 d&#8217;abril de la constituci\u00f3 oficial de la Colla de Campaners de la nostra ciutat<\/strong>, una agrupaci\u00f3 que va n\u00e0ixer amb la voluntat de recuperar els tocs tradicionals de campana i fer valdre el patrimoni que atresoren els campanars de la capital de l&#8217;Alcoi\u00e0. Al capdavant del projecte es troba\u00a0<strong><span class=\"hiddenSpellError\">Javier<\/span>\u00a0<span class=\"hiddenSpellError\">Monllor<\/span> <\/strong>com a President\u00a0i al costat d&#8217;ell un grup d&#8217;entusiastes que afronten aquest repte amb m\u00e0xima il\u00b7lusi\u00f3: J<strong>orge\u00a0<span class=\"hiddenSpellError\">Chirlaque<\/span><\/strong> (Vicepresident i Tresorer), <strong>Jorge Llopis <span class=\"hiddenSpellError\">Juan<\/span><\/strong> (Secretari)\u00a0aix\u00ed com <strong>Jes\u00fas Colomer<\/strong> i\u00a0<strong><span class=\"hiddenSpellError\">Luc\u00eda<\/span>\u00a0<span class=\"hiddenSpellError\">Monllor<\/span><\/strong>\u00a0(Vocals). Aix\u00ed et vam contar el naixement de la Colla i les activitats que van organitzar en aquella jornada especial.<\/p>\n<p>Pots <strong>escoltar l&#8217;entrevista<\/strong> ac\u00ed:<\/p>\n<p><iframe loading=\"lazy\" title=\"Herrera En Cope Alcoy Dijous 29 De Setembre 2022 (12:50h)\" width=\"100%\" height=\"120\" src=\"https:\/\/www.mixcloud.com\/widget\/iframe\/?feed=https%3A%2F%2Fwww.mixcloud.com%2FCOPEAlcoy%2Fherrera-en-cope-alcoy-dijous-29-de-setembre-2022-1250%2F&amp;hide_cover=1\" frameborder=\"0\"><\/iframe><\/p>\n","protected":false},"excerpt":{"rendered":"<p>La Colla de Campaners d&#8217;Alcoi ha preparat una interessant activitat per a aquest dissabte 1 d&#8217;octubre.\u00a0Es tracta d&#8217;una visita guiada&#8230;<\/p>\n","protected":false},"author":1,"featured_media":92313,"comment_status":"open","ping_status":"open","sticky":false,"template":"","format":"standard","meta":{"footnotes":""},"categories":[97,78,75],"tags":[160,13232,9868,6703,11798,2041],"class_list":["post-92312","post","type-post","status-publish","format-standard","has-post-thumbnail","hentry","category-alcoy","category-fiestaycultura","category-noticias","tag-alcoi","tag-campanar-de-santa-maria","tag-campaners","tag-dia-mundial-del-turismo","tag-jorge-chirlaque","tag-visitas"],"yoast_head":"<!-- This site is optimized with the Yoast SEO plugin v27.3 - https:\/\/yoast.com\/product\/yoast-seo-wordpress\/ -->\n<title>Els Campaners d&#039;Alcoi han preparat aquesta activitat per al dissabte - COPE Alcoy<\/title>\n<meta name=\"description\" content=\"La Colla de Campaners d&#039;Alcoi organitza visites guiades al Campanar de Santa Maria\" \/>\n<meta name=\"robots\" content=\"index, follow, max-snippet:-1, max-image-preview:large, max-video-preview:-1\" \/>\n<link rel=\"canonical\" href=\"https:\/\/www.copealcoy.es\/es\/els-campaners-dalcoi-han-preparat-aquesta-activitat-per-al-dissabte\/\" \/>\n<meta property=\"og:locale\" content=\"es_ES\" \/>\n<meta property=\"og:type\" content=\"article\" \/>\n<meta property=\"og:title\" content=\"Els Campaners d&#039;Alcoi han preparat aquesta activitat per al dissabte - COPE Alcoy\" \/>\n<meta property=\"og:description\" content=\"La Colla de Campaners d&#039;Alcoi organitza visites guiades al Campanar de Santa Maria\" \/>\n<meta property=\"og:url\" content=\"https:\/\/www.copealcoy.es\/es\/els-campaners-dalcoi-han-preparat-aquesta-activitat-per-al-dissabte\/\" \/>\n<meta property=\"og:site_name\" content=\"COPE Alcoy\" \/>\n<meta property=\"article:published_time\" content=\"2022-09-30T14:44:02+00:00\" \/>\n<meta property=\"article:modified_time\" content=\"2022-10-04T19:31:32+00:00\" \/>\n<meta property=\"og:image\" content=\"https:\/\/www.copealcoy.es\/wp-content\/uploads\/2022\/09\/unnamed-38-scaled-e1664462609708.jpg\" \/>\n\t<meta property=\"og:image:width\" content=\"640\" \/>\n\t<meta property=\"og:image:height\" content=\"420\" \/>\n\t<meta property=\"og:image:type\" content=\"image\/jpeg\" \/>\n<meta name=\"author\" content=\"Cope Alcoy\" \/>\n<meta name=\"twitter:label1\" content=\"Escrito por\" \/>\n\t<meta name=\"twitter:data1\" content=\"Cope Alcoy\" \/>\n\t<meta name=\"twitter:label2\" content=\"Tiempo de lectura\" \/>\n\t<meta name=\"twitter:data2\" content=\"2 minutos\" \/>\n<script type=\"application\/ld+json\" class=\"yoast-schema-graph\">{\"@context\":\"https:\\\/\\\/schema.org\",\"@graph\":[{\"@type\":\"Article\",\"@id\":\"https:\\\/\\\/www.copealcoy.es\\\/es\\\/els-campaners-dalcoi-han-preparat-aquesta-activitat-per-al-dissabte\\\/#article\",\"isPartOf\":{\"@id\":\"https:\\\/\\\/www.copealcoy.es\\\/es\\\/els-campaners-dalcoi-han-preparat-aquesta-activitat-per-al-dissabte\\\/\"},\"author\":{\"name\":\"Cope Alcoy\",\"@id\":\"https:\\\/\\\/www.copealcoy.es\\\/es\\\/#\\\/schema\\\/person\\\/e777c87fa024e57d40170af9df39882c\"},\"headline\":\"Els Campaners d&#8217;Alcoi han preparat aquesta activitat per al dissabte\",\"datePublished\":\"2022-09-30T14:44:02+00:00\",\"dateModified\":\"2022-10-04T19:31:32+00:00\",\"mainEntityOfPage\":{\"@id\":\"https:\\\/\\\/www.copealcoy.es\\\/es\\\/els-campaners-dalcoi-han-preparat-aquesta-activitat-per-al-dissabte\\\/\"},\"wordCount\":392,\"commentCount\":0,\"image\":{\"@id\":\"https:\\\/\\\/www.copealcoy.es\\\/es\\\/els-campaners-dalcoi-han-preparat-aquesta-activitat-per-al-dissabte\\\/#primaryimage\"},\"thumbnailUrl\":\"https:\\\/\\\/www.copealcoy.es\\\/wp-content\\\/uploads\\\/2022\\\/09\\\/unnamed-38-scaled-e1664462609708.jpg\",\"keywords\":[\"Alcoi\",\"Campanar de Santa Maria\",\"campaners\",\"D\u00eda Mundial del Turismo\",\"Jorge Chirlaque\",\"visitas\"],\"articleSection\":[\"Alcoy\",\"Fiesta y Cultura\",\"Noticias\"],\"inLanguage\":\"es\"},{\"@type\":\"WebPage\",\"@id\":\"https:\\\/\\\/www.copealcoy.es\\\/es\\\/els-campaners-dalcoi-han-preparat-aquesta-activitat-per-al-dissabte\\\/\",\"url\":\"https:\\\/\\\/www.copealcoy.es\\\/es\\\/els-campaners-dalcoi-han-preparat-aquesta-activitat-per-al-dissabte\\\/\",\"name\":\"Els Campaners d'Alcoi han preparat aquesta activitat per al dissabte - COPE Alcoy\",\"isPartOf\":{\"@id\":\"https:\\\/\\\/www.copealcoy.es\\\/es\\\/#website\"},\"primaryImageOfPage\":{\"@id\":\"https:\\\/\\\/www.copealcoy.es\\\/es\\\/els-campaners-dalcoi-han-preparat-aquesta-activitat-per-al-dissabte\\\/#primaryimage\"},\"image\":{\"@id\":\"https:\\\/\\\/www.copealcoy.es\\\/es\\\/els-campaners-dalcoi-han-preparat-aquesta-activitat-per-al-dissabte\\\/#primaryimage\"},\"thumbnailUrl\":\"https:\\\/\\\/www.copealcoy.es\\\/wp-content\\\/uploads\\\/2022\\\/09\\\/unnamed-38-scaled-e1664462609708.jpg\",\"datePublished\":\"2022-09-30T14:44:02+00:00\",\"dateModified\":\"2022-10-04T19:31:32+00:00\",\"author\":{\"@id\":\"https:\\\/\\\/www.copealcoy.es\\\/es\\\/#\\\/schema\\\/person\\\/e777c87fa024e57d40170af9df39882c\"},\"description\":\"La Colla de Campaners d'Alcoi organitza visites guiades al Campanar de Santa Maria\",\"breadcrumb\":{\"@id\":\"https:\\\/\\\/www.copealcoy.es\\\/es\\\/els-campaners-dalcoi-han-preparat-aquesta-activitat-per-al-dissabte\\\/#breadcrumb\"},\"inLanguage\":\"es\",\"potentialAction\":[{\"@type\":\"ReadAction\",\"target\":[\"https:\\\/\\\/www.copealcoy.es\\\/es\\\/els-campaners-dalcoi-han-preparat-aquesta-activitat-per-al-dissabte\\\/\"]}]},{\"@type\":\"ImageObject\",\"inLanguage\":\"es\",\"@id\":\"https:\\\/\\\/www.copealcoy.es\\\/es\\\/els-campaners-dalcoi-han-preparat-aquesta-activitat-per-al-dissabte\\\/#primaryimage\",\"url\":\"https:\\\/\\\/www.copealcoy.es\\\/wp-content\\\/uploads\\\/2022\\\/09\\\/unnamed-38-scaled-e1664462609708.jpg\",\"contentUrl\":\"https:\\\/\\\/www.copealcoy.es\\\/wp-content\\\/uploads\\\/2022\\\/09\\\/unnamed-38-scaled-e1664462609708.jpg\",\"width\":640,\"height\":420},{\"@type\":\"BreadcrumbList\",\"@id\":\"https:\\\/\\\/www.copealcoy.es\\\/es\\\/els-campaners-dalcoi-han-preparat-aquesta-activitat-per-al-dissabte\\\/#breadcrumb\",\"itemListElement\":[{\"@type\":\"ListItem\",\"position\":1,\"name\":\"Portada\",\"item\":\"https:\\\/\\\/www.copealcoy.es\\\/es\\\/\"},{\"@type\":\"ListItem\",\"position\":2,\"name\":\"Els Campaners d&#8217;Alcoi han preparat aquesta activitat per al dissabte\"}]},{\"@type\":\"WebSite\",\"@id\":\"https:\\\/\\\/www.copealcoy.es\\\/es\\\/#website\",\"url\":\"https:\\\/\\\/www.copealcoy.es\\\/es\\\/\",\"name\":\"COPE Alcoy\",\"description\":\"Emisora COPE de radio local con emisi\u00f3n online. Pont de Sant Jordi 8-10 03803 Alcoy\",\"potentialAction\":[{\"@type\":\"SearchAction\",\"target\":{\"@type\":\"EntryPoint\",\"urlTemplate\":\"https:\\\/\\\/www.copealcoy.es\\\/es\\\/?s={search_term_string}\"},\"query-input\":{\"@type\":\"PropertyValueSpecification\",\"valueRequired\":true,\"valueName\":\"search_term_string\"}}],\"inLanguage\":\"es\"},{\"@type\":\"Person\",\"@id\":\"https:\\\/\\\/www.copealcoy.es\\\/es\\\/#\\\/schema\\\/person\\\/e777c87fa024e57d40170af9df39882c\",\"name\":\"Cope Alcoy\",\"image\":{\"@type\":\"ImageObject\",\"inLanguage\":\"es\",\"@id\":\"https:\\\/\\\/secure.gravatar.com\\\/avatar\\\/bb65d0283347e303893ba14f0692005417c1e0e690a325a4c5d8bb2b3943ee14?s=96&d=mm&r=g\",\"url\":\"https:\\\/\\\/secure.gravatar.com\\\/avatar\\\/bb65d0283347e303893ba14f0692005417c1e0e690a325a4c5d8bb2b3943ee14?s=96&d=mm&r=g\",\"contentUrl\":\"https:\\\/\\\/secure.gravatar.com\\\/avatar\\\/bb65d0283347e303893ba14f0692005417c1e0e690a325a4c5d8bb2b3943ee14?s=96&d=mm&r=g\",\"caption\":\"Cope Alcoy\"}}]}<\/script>\n<!-- \/ Yoast SEO plugin. -->","yoast_head_json":{"title":"Els Campaners d'Alcoi han preparat aquesta activitat per al dissabte - COPE Alcoy","description":"La Colla de Campaners d'Alcoi organitza visites guiades al Campanar de Santa Maria","robots":{"index":"index","follow":"follow","max-snippet":"max-snippet:-1","max-image-preview":"max-image-preview:large","max-video-preview":"max-video-preview:-1"},"canonical":"https:\/\/www.copealcoy.es\/es\/els-campaners-dalcoi-han-preparat-aquesta-activitat-per-al-dissabte\/","og_locale":"es_ES","og_type":"article","og_title":"Els Campaners d'Alcoi han preparat aquesta activitat per al dissabte - COPE Alcoy","og_description":"La Colla de Campaners d'Alcoi organitza visites guiades al Campanar de Santa Maria","og_url":"https:\/\/www.copealcoy.es\/es\/els-campaners-dalcoi-han-preparat-aquesta-activitat-per-al-dissabte\/","og_site_name":"COPE Alcoy","article_published_time":"2022-09-30T14:44:02+00:00","article_modified_time":"2022-10-04T19:31:32+00:00","og_image":[{"width":640,"height":420,"url":"https:\/\/www.copealcoy.es\/wp-content\/uploads\/2022\/09\/unnamed-38-scaled-e1664462609708.jpg","type":"image\/jpeg"}],"author":"Cope Alcoy","twitter_misc":{"Escrito por":"Cope Alcoy","Tiempo de lectura":"2 minutos"},"schema":{"@context":"https:\/\/schema.org","@graph":[{"@type":"Article","@id":"https:\/\/www.copealcoy.es\/es\/els-campaners-dalcoi-han-preparat-aquesta-activitat-per-al-dissabte\/#article","isPartOf":{"@id":"https:\/\/www.copealcoy.es\/es\/els-campaners-dalcoi-han-preparat-aquesta-activitat-per-al-dissabte\/"},"author":{"name":"Cope Alcoy","@id":"https:\/\/www.copealcoy.es\/es\/#\/schema\/person\/e777c87fa024e57d40170af9df39882c"},"headline":"Els Campaners d&#8217;Alcoi han preparat aquesta activitat per al dissabte","datePublished":"2022-09-30T14:44:02+00:00","dateModified":"2022-10-04T19:31:32+00:00","mainEntityOfPage":{"@id":"https:\/\/www.copealcoy.es\/es\/els-campaners-dalcoi-han-preparat-aquesta-activitat-per-al-dissabte\/"},"wordCount":392,"commentCount":0,"image":{"@id":"https:\/\/www.copealcoy.es\/es\/els-campaners-dalcoi-han-preparat-aquesta-activitat-per-al-dissabte\/#primaryimage"},"thumbnailUrl":"https:\/\/www.copealcoy.es\/wp-content\/uploads\/2022\/09\/unnamed-38-scaled-e1664462609708.jpg","keywords":["Alcoi","Campanar de Santa Maria","campaners","D\u00eda Mundial del Turismo","Jorge Chirlaque","visitas"],"articleSection":["Alcoy","Fiesta y Cultura","Noticias"],"inLanguage":"es"},{"@type":"WebPage","@id":"https:\/\/www.copealcoy.es\/es\/els-campaners-dalcoi-han-preparat-aquesta-activitat-per-al-dissabte\/","url":"https:\/\/www.copealcoy.es\/es\/els-campaners-dalcoi-han-preparat-aquesta-activitat-per-al-dissabte\/","name":"Els Campaners d'Alcoi han preparat aquesta activitat per al dissabte - COPE Alcoy","isPartOf":{"@id":"https:\/\/www.copealcoy.es\/es\/#website"},"primaryImageOfPage":{"@id":"https:\/\/www.copealcoy.es\/es\/els-campaners-dalcoi-han-preparat-aquesta-activitat-per-al-dissabte\/#primaryimage"},"image":{"@id":"https:\/\/www.copealcoy.es\/es\/els-campaners-dalcoi-han-preparat-aquesta-activitat-per-al-dissabte\/#primaryimage"},"thumbnailUrl":"https:\/\/www.copealcoy.es\/wp-content\/uploads\/2022\/09\/unnamed-38-scaled-e1664462609708.jpg","datePublished":"2022-09-30T14:44:02+00:00","dateModified":"2022-10-04T19:31:32+00:00","author":{"@id":"https:\/\/www.copealcoy.es\/es\/#\/schema\/person\/e777c87fa024e57d40170af9df39882c"},"description":"La Colla de Campaners d'Alcoi organitza visites guiades al Campanar de Santa Maria","breadcrumb":{"@id":"https:\/\/www.copealcoy.es\/es\/els-campaners-dalcoi-han-preparat-aquesta-activitat-per-al-dissabte\/#breadcrumb"},"inLanguage":"es","potentialAction":[{"@type":"ReadAction","target":["https:\/\/www.copealcoy.es\/es\/els-campaners-dalcoi-han-preparat-aquesta-activitat-per-al-dissabte\/"]}]},{"@type":"ImageObject","inLanguage":"es","@id":"https:\/\/www.copealcoy.es\/es\/els-campaners-dalcoi-han-preparat-aquesta-activitat-per-al-dissabte\/#primaryimage","url":"https:\/\/www.copealcoy.es\/wp-content\/uploads\/2022\/09\/unnamed-38-scaled-e1664462609708.jpg","contentUrl":"https:\/\/www.copealcoy.es\/wp-content\/uploads\/2022\/09\/unnamed-38-scaled-e1664462609708.jpg","width":640,"height":420},{"@type":"BreadcrumbList","@id":"https:\/\/www.copealcoy.es\/es\/els-campaners-dalcoi-han-preparat-aquesta-activitat-per-al-dissabte\/#breadcrumb","itemListElement":[{"@type":"ListItem","position":1,"name":"Portada","item":"https:\/\/www.copealcoy.es\/es\/"},{"@type":"ListItem","position":2,"name":"Els Campaners d&#8217;Alcoi han preparat aquesta activitat per al dissabte"}]},{"@type":"WebSite","@id":"https:\/\/www.copealcoy.es\/es\/#website","url":"https:\/\/www.copealcoy.es\/es\/","name":"COPE Alcoy","description":"Emisora COPE de radio local con emisi\u00f3n online. Pont de Sant Jordi 8-10 03803 Alcoy","potentialAction":[{"@type":"SearchAction","target":{"@type":"EntryPoint","urlTemplate":"https:\/\/www.copealcoy.es\/es\/?s={search_term_string}"},"query-input":{"@type":"PropertyValueSpecification","valueRequired":true,"valueName":"search_term_string"}}],"inLanguage":"es"},{"@type":"Person","@id":"https:\/\/www.copealcoy.es\/es\/#\/schema\/person\/e777c87fa024e57d40170af9df39882c","name":"Cope Alcoy","image":{"@type":"ImageObject","inLanguage":"es","@id":"https:\/\/secure.gravatar.com\/avatar\/bb65d0283347e303893ba14f0692005417c1e0e690a325a4c5d8bb2b3943ee14?s=96&d=mm&r=g","url":"https:\/\/secure.gravatar.com\/avatar\/bb65d0283347e303893ba14f0692005417c1e0e690a325a4c5d8bb2b3943ee14?s=96&d=mm&r=g","contentUrl":"https:\/\/secure.gravatar.com\/avatar\/bb65d0283347e303893ba14f0692005417c1e0e690a325a4c5d8bb2b3943ee14?s=96&d=mm&r=g","caption":"Cope Alcoy"}}]}},"_links":{"self":[{"href":"https:\/\/www.copealcoy.es\/es\/wp-json\/wp\/v2\/posts\/92312","targetHints":{"allow":["GET"]}}],"collection":[{"href":"https:\/\/www.copealcoy.es\/es\/wp-json\/wp\/v2\/posts"}],"about":[{"href":"https:\/\/www.copealcoy.es\/es\/wp-json\/wp\/v2\/types\/post"}],"author":[{"embeddable":true,"href":"https:\/\/www.copealcoy.es\/es\/wp-json\/wp\/v2\/users\/1"}],"replies":[{"embeddable":true,"href":"https:\/\/www.copealcoy.es\/es\/wp-json\/wp\/v2\/comments?post=92312"}],"version-history":[{"count":0,"href":"https:\/\/www.copealcoy.es\/es\/wp-json\/wp\/v2\/posts\/92312\/revisions"}],"wp:featuredmedia":[{"embeddable":true,"href":"https:\/\/www.copealcoy.es\/es\/wp-json\/wp\/v2\/media\/92313"}],"wp:attachment":[{"href":"https:\/\/www.copealcoy.es\/es\/wp-json\/wp\/v2\/media?parent=92312"}],"wp:term":[{"taxonomy":"category","embeddable":true,"href":"https:\/\/www.copealcoy.es\/es\/wp-json\/wp\/v2\/categories?post=92312"},{"taxonomy":"post_tag","embeddable":true,"href":"https:\/\/www.copealcoy.es\/es\/wp-json\/wp\/v2\/tags?post=92312"}],"curies":[{"name":"wp","href":"https:\/\/api.w.org\/{rel}","templated":true}]}}