{"id":92301,"date":"2022-09-29T14:48:56","date_gmt":"2022-09-29T13:48:56","guid":{"rendered":"https:\/\/www.copealcoy.es\/?p=92301"},"modified":"2022-09-29T16:56:39","modified_gmt":"2022-09-29T15:56:39","slug":"preocupacio-per-la-perdua-de-comercos-al-carrer-entenca-dalcoi","status":"publish","type":"post","link":"https:\/\/www.copealcoy.es\/es\/preocupacio-per-la-perdua-de-comercos-al-carrer-entenca-dalcoi\/","title":{"rendered":"Preocupaci\u00f3 per la p\u00e8rdua de comer\u00e7os al carrer Enten\u00e7a d&#8217;Alcoi"},"content":{"rendered":"<p style=\"text-align: justify;\">El <a href=\"https:\/\/www.ppalcoy.com\/medidas-perdida-comercios-entenza\/\"><span style=\"color: #0000ff;\"><strong>Partit Popular d&#8217;Alcoi<\/strong><\/span><\/a> ha mostrat la seua preocupaci\u00f3 per, asseguren, <strong>el constant tancament de negocis al carrer Enten\u00e7a<\/strong>. La formaci\u00f3 pol\u00edtica explica que <strong>dels 131 locals habilitats per a l&#8217;activitat comercial<\/strong>, <strong>un 30% m\u00e9s estan tancats<\/strong> des de la intervenci\u00f3 per adequar el vial.<\/p>\n<p style=\"text-align: justify;\">Des del PP demanen al Govern Municipal <strong>mesures urgents<\/strong> per a solucionar aquesta situaci\u00f3 com <strong>subvencions al lloguer de locals, a la rehabilitaci\u00f3 i a l&#8217;obertura de negocis<\/strong>. A m\u00e9s indiquen que els comerciants de la zona<strong> han mostrat la seua queixa per la falta d&#8217;aparcament o de l&#8217;ocupaci\u00f3 cont\u00ednua de les zones de c\u00e0rrega i desc\u00e0rrega<\/strong>. Tamb\u00e9 q\u00fcestionen <strong>l&#8217;actuaci\u00f3 feta en el carrer fa uns anys<\/strong> i diuen que <strong>els ve\u00efns denuncien<\/strong> l&#8217;est\u00e8tica actual del carrer, la il\u00b7luminaci\u00f3 dels fanals, la invasi\u00f3 de senyals de tr\u00e0nsit, les taques de les voreres o la brut\u00edcia dels bancs que no conviden al descans i s\u00ed als grafiters. Per al Partit Popular <strong>els m\u00e9s de dos milions d&#8217;euros que va costar l&#8217;obra no han donat el resultat esperat<\/strong> &#8220;<em>aquest \u00e9s el resultat del projecte socialista de regeneraci\u00f3 del carrer Enten\u00e7a, amb el qual s&#8217;anava a convertir en una de les art\u00e8ries comercials m\u00e9s importants d&#8217;Alcoi i un exemple per a la\u00a0<span class=\"hiddenSpellError\">Smart<\/span>\u00a0City. La realitat \u00e9s que s&#8217;han gastat 2 milions d&#8217;euros m\u00e9s 106.882 euros de sobrecost, un 9% del preu original, en un carrer el resultat del qual no agrada i, lluny d&#8217;impulsar l&#8217;activitat comercial de la zona, l&#8217;est\u00e0 degradant<\/em>&#8220;, afirma la regidora\u00a0<strong><span class=\"hiddenSpellError\">Lirios<\/span>\u00a0Garcia<\/strong>.<\/p>\n<p style=\"text-align: justify;\">Garcia tamb\u00e9 posa de manifest que <strong>el seu partit ha denunciat en reiterades ocasions la forma en la qual s&#8217;havia executat l&#8217;esmentada reforma d&#8217;Enten\u00e7a<\/strong>. En aquest sentit recorda que <em>&#8220;vam alertar sobre els problemes de tr\u00e0nsit i d&#8217;aparcament, sobre el malestar de comerciants i ve\u00efns amb les obres. Vam proposar mesures per a incentivar els comer\u00e7os de la zona, sol\u00b7licit\u00e0rem la substituci\u00f3 del mobiliari que generava problemes de salubritat i es van denunciar els sobrecostos generats per la mala gesti\u00f3 socialista per a poder obtenir fons. Aquest projecte ha sigut un frac\u00e0s, i els n\u00fameros ho demostren<\/em>&#8220;, conclou.<\/p>\n<p style=\"text-align: justify;\">Finalment el PP destaca que en 2019, quan van acabar les obres, <strong>hi havia 42 locals de negocis buits<\/strong>. Aquesta xifra <strong>va pujar fins als 49 en 2021 i actualment s\u00f3n 55<\/strong>.<\/p>\n","protected":false},"excerpt":{"rendered":"<p>El Partit Popular d&#8217;Alcoi ha mostrat la seua preocupaci\u00f3 per, asseguren, el constant tancament de negocis al carrer Enten\u00e7a. La&#8230;<\/p>\n","protected":false},"author":1,"featured_media":53659,"comment_status":"open","ping_status":"open","sticky":false,"template":"","format":"standard","meta":{"footnotes":""},"categories":[6909,97,75,125],"tags":[160,10265,9743,13231,7856,7775],"class_list":["post-92301","post","type-post","status-publish","format-standard","has-post-thumbnail","hentry","category-actualidad","category-alcoy","category-noticias","category-portada","tag-alcoi","tag-comercos","tag-entenca","tag-negocis","tag-partit-popular","tag-tancament"],"yoast_head":"<!-- This site is optimized with the Yoast SEO plugin v27.3 - https:\/\/yoast.com\/product\/yoast-seo-wordpress\/ -->\n<title>Preocupaci\u00f3 per la p\u00e8rdua de comer\u00e7os al carrer Enten\u00e7a d&#039;Alcoi - COPE Alcoy<\/title>\n<meta name=\"description\" content=\"Tancament continu de comer\u00e7os al carrer Enten\u00e7a d&#039;Alcoi\" \/>\n<meta name=\"robots\" content=\"index, follow, max-snippet:-1, max-image-preview:large, max-video-preview:-1\" \/>\n<link rel=\"canonical\" href=\"https:\/\/www.copealcoy.es\/es\/preocupacio-per-la-perdua-de-comercos-al-carrer-entenca-dalcoi\/\" \/>\n<meta property=\"og:locale\" content=\"es_ES\" \/>\n<meta property=\"og:type\" content=\"article\" \/>\n<meta property=\"og:title\" content=\"Preocupaci\u00f3 per la p\u00e8rdua de comer\u00e7os al carrer Enten\u00e7a d&#039;Alcoi - COPE Alcoy\" \/>\n<meta property=\"og:description\" content=\"Tancament continu de comer\u00e7os al carrer Enten\u00e7a d&#039;Alcoi\" \/>\n<meta property=\"og:url\" content=\"https:\/\/www.copealcoy.es\/es\/preocupacio-per-la-perdua-de-comercos-al-carrer-entenca-dalcoi\/\" \/>\n<meta property=\"og:site_name\" content=\"COPE Alcoy\" \/>\n<meta property=\"article:published_time\" content=\"2022-09-29T13:48:56+00:00\" \/>\n<meta property=\"article:modified_time\" content=\"2022-09-29T15:56:39+00:00\" \/>\n<meta property=\"og:image\" content=\"https:\/\/www.copealcoy.es\/wp-content\/uploads\/2019\/07\/20190726_mobiliario_entenza-1.jpg\" \/>\n\t<meta property=\"og:image:width\" content=\"718\" \/>\n\t<meta property=\"og:image:height\" content=\"539\" \/>\n\t<meta property=\"og:image:type\" content=\"image\/jpeg\" \/>\n<meta name=\"author\" content=\"Cope Alcoy\" \/>\n<meta name=\"twitter:label1\" content=\"Escrito por\" \/>\n\t<meta name=\"twitter:data1\" content=\"Cope Alcoy\" \/>\n\t<meta name=\"twitter:label2\" content=\"Tiempo de lectura\" \/>\n\t<meta name=\"twitter:data2\" content=\"2 minutos\" \/>\n<script type=\"application\/ld+json\" class=\"yoast-schema-graph\">{\"@context\":\"https:\\\/\\\/schema.org\",\"@graph\":[{\"@type\":\"Article\",\"@id\":\"https:\\\/\\\/www.copealcoy.es\\\/es\\\/preocupacio-per-la-perdua-de-comercos-al-carrer-entenca-dalcoi\\\/#article\",\"isPartOf\":{\"@id\":\"https:\\\/\\\/www.copealcoy.es\\\/es\\\/preocupacio-per-la-perdua-de-comercos-al-carrer-entenca-dalcoi\\\/\"},\"author\":{\"name\":\"Cope Alcoy\",\"@id\":\"https:\\\/\\\/www.copealcoy.es\\\/es\\\/#\\\/schema\\\/person\\\/e777c87fa024e57d40170af9df39882c\"},\"headline\":\"Preocupaci\u00f3 per la p\u00e8rdua de comer\u00e7os al carrer Enten\u00e7a d&#8217;Alcoi\",\"datePublished\":\"2022-09-29T13:48:56+00:00\",\"dateModified\":\"2022-09-29T15:56:39+00:00\",\"mainEntityOfPage\":{\"@id\":\"https:\\\/\\\/www.copealcoy.es\\\/es\\\/preocupacio-per-la-perdua-de-comercos-al-carrer-entenca-dalcoi\\\/\"},\"wordCount\":430,\"commentCount\":0,\"image\":{\"@id\":\"https:\\\/\\\/www.copealcoy.es\\\/es\\\/preocupacio-per-la-perdua-de-comercos-al-carrer-entenca-dalcoi\\\/#primaryimage\"},\"thumbnailUrl\":\"https:\\\/\\\/www.copealcoy.es\\\/wp-content\\\/uploads\\\/2019\\\/07\\\/20190726_mobiliario_entenza-1.jpg\",\"keywords\":[\"Alcoi\",\"comer\u00e7os\",\"Enten\u00e7a\",\"negocis\",\"Partit Popular\",\"tancament\"],\"articleSection\":[\"Actualidad\",\"Alcoy\",\"Noticias\",\"Portada\"],\"inLanguage\":\"es\"},{\"@type\":\"WebPage\",\"@id\":\"https:\\\/\\\/www.copealcoy.es\\\/es\\\/preocupacio-per-la-perdua-de-comercos-al-carrer-entenca-dalcoi\\\/\",\"url\":\"https:\\\/\\\/www.copealcoy.es\\\/es\\\/preocupacio-per-la-perdua-de-comercos-al-carrer-entenca-dalcoi\\\/\",\"name\":\"Preocupaci\u00f3 per la p\u00e8rdua de comer\u00e7os al carrer Enten\u00e7a d'Alcoi - COPE Alcoy\",\"isPartOf\":{\"@id\":\"https:\\\/\\\/www.copealcoy.es\\\/es\\\/#website\"},\"primaryImageOfPage\":{\"@id\":\"https:\\\/\\\/www.copealcoy.es\\\/es\\\/preocupacio-per-la-perdua-de-comercos-al-carrer-entenca-dalcoi\\\/#primaryimage\"},\"image\":{\"@id\":\"https:\\\/\\\/www.copealcoy.es\\\/es\\\/preocupacio-per-la-perdua-de-comercos-al-carrer-entenca-dalcoi\\\/#primaryimage\"},\"thumbnailUrl\":\"https:\\\/\\\/www.copealcoy.es\\\/wp-content\\\/uploads\\\/2019\\\/07\\\/20190726_mobiliario_entenza-1.jpg\",\"datePublished\":\"2022-09-29T13:48:56+00:00\",\"dateModified\":\"2022-09-29T15:56:39+00:00\",\"author\":{\"@id\":\"https:\\\/\\\/www.copealcoy.es\\\/es\\\/#\\\/schema\\\/person\\\/e777c87fa024e57d40170af9df39882c\"},\"description\":\"Tancament continu de comer\u00e7os al carrer Enten\u00e7a d'Alcoi\",\"breadcrumb\":{\"@id\":\"https:\\\/\\\/www.copealcoy.es\\\/es\\\/preocupacio-per-la-perdua-de-comercos-al-carrer-entenca-dalcoi\\\/#breadcrumb\"},\"inLanguage\":\"es\",\"potentialAction\":[{\"@type\":\"ReadAction\",\"target\":[\"https:\\\/\\\/www.copealcoy.es\\\/es\\\/preocupacio-per-la-perdua-de-comercos-al-carrer-entenca-dalcoi\\\/\"]}]},{\"@type\":\"ImageObject\",\"inLanguage\":\"es\",\"@id\":\"https:\\\/\\\/www.copealcoy.es\\\/es\\\/preocupacio-per-la-perdua-de-comercos-al-carrer-entenca-dalcoi\\\/#primaryimage\",\"url\":\"https:\\\/\\\/www.copealcoy.es\\\/wp-content\\\/uploads\\\/2019\\\/07\\\/20190726_mobiliario_entenza-1.jpg\",\"contentUrl\":\"https:\\\/\\\/www.copealcoy.es\\\/wp-content\\\/uploads\\\/2019\\\/07\\\/20190726_mobiliario_entenza-1.jpg\",\"width\":718,\"height\":539,\"caption\":\"Aspecto que presenta la calle Entenza tras la reforma\\\/ Foto: PP Alcoy\"},{\"@type\":\"BreadcrumbList\",\"@id\":\"https:\\\/\\\/www.copealcoy.es\\\/es\\\/preocupacio-per-la-perdua-de-comercos-al-carrer-entenca-dalcoi\\\/#breadcrumb\",\"itemListElement\":[{\"@type\":\"ListItem\",\"position\":1,\"name\":\"Portada\",\"item\":\"https:\\\/\\\/www.copealcoy.es\\\/es\\\/\"},{\"@type\":\"ListItem\",\"position\":2,\"name\":\"Preocupaci\u00f3 per la p\u00e8rdua de comer\u00e7os al carrer Enten\u00e7a d&#8217;Alcoi\"}]},{\"@type\":\"WebSite\",\"@id\":\"https:\\\/\\\/www.copealcoy.es\\\/es\\\/#website\",\"url\":\"https:\\\/\\\/www.copealcoy.es\\\/es\\\/\",\"name\":\"COPE Alcoy\",\"description\":\"Emisora COPE de radio local con emisi\u00f3n online. Pont de Sant Jordi 8-10 03803 Alcoy\",\"potentialAction\":[{\"@type\":\"SearchAction\",\"target\":{\"@type\":\"EntryPoint\",\"urlTemplate\":\"https:\\\/\\\/www.copealcoy.es\\\/es\\\/?s={search_term_string}\"},\"query-input\":{\"@type\":\"PropertyValueSpecification\",\"valueRequired\":true,\"valueName\":\"search_term_string\"}}],\"inLanguage\":\"es\"},{\"@type\":\"Person\",\"@id\":\"https:\\\/\\\/www.copealcoy.es\\\/es\\\/#\\\/schema\\\/person\\\/e777c87fa024e57d40170af9df39882c\",\"name\":\"Cope Alcoy\",\"image\":{\"@type\":\"ImageObject\",\"inLanguage\":\"es\",\"@id\":\"https:\\\/\\\/secure.gravatar.com\\\/avatar\\\/bb65d0283347e303893ba14f0692005417c1e0e690a325a4c5d8bb2b3943ee14?s=96&d=mm&r=g\",\"url\":\"https:\\\/\\\/secure.gravatar.com\\\/avatar\\\/bb65d0283347e303893ba14f0692005417c1e0e690a325a4c5d8bb2b3943ee14?s=96&d=mm&r=g\",\"contentUrl\":\"https:\\\/\\\/secure.gravatar.com\\\/avatar\\\/bb65d0283347e303893ba14f0692005417c1e0e690a325a4c5d8bb2b3943ee14?s=96&d=mm&r=g\",\"caption\":\"Cope Alcoy\"}}]}<\/script>\n<!-- \/ Yoast SEO plugin. -->","yoast_head_json":{"title":"Preocupaci\u00f3 per la p\u00e8rdua de comer\u00e7os al carrer Enten\u00e7a d'Alcoi - COPE Alcoy","description":"Tancament continu de comer\u00e7os al carrer Enten\u00e7a d'Alcoi","robots":{"index":"index","follow":"follow","max-snippet":"max-snippet:-1","max-image-preview":"max-image-preview:large","max-video-preview":"max-video-preview:-1"},"canonical":"https:\/\/www.copealcoy.es\/es\/preocupacio-per-la-perdua-de-comercos-al-carrer-entenca-dalcoi\/","og_locale":"es_ES","og_type":"article","og_title":"Preocupaci\u00f3 per la p\u00e8rdua de comer\u00e7os al carrer Enten\u00e7a d'Alcoi - COPE Alcoy","og_description":"Tancament continu de comer\u00e7os al carrer Enten\u00e7a d'Alcoi","og_url":"https:\/\/www.copealcoy.es\/es\/preocupacio-per-la-perdua-de-comercos-al-carrer-entenca-dalcoi\/","og_site_name":"COPE Alcoy","article_published_time":"2022-09-29T13:48:56+00:00","article_modified_time":"2022-09-29T15:56:39+00:00","og_image":[{"width":718,"height":539,"url":"https:\/\/www.copealcoy.es\/wp-content\/uploads\/2019\/07\/20190726_mobiliario_entenza-1.jpg","type":"image\/jpeg"}],"author":"Cope Alcoy","twitter_misc":{"Escrito por":"Cope Alcoy","Tiempo de lectura":"2 minutos"},"schema":{"@context":"https:\/\/schema.org","@graph":[{"@type":"Article","@id":"https:\/\/www.copealcoy.es\/es\/preocupacio-per-la-perdua-de-comercos-al-carrer-entenca-dalcoi\/#article","isPartOf":{"@id":"https:\/\/www.copealcoy.es\/es\/preocupacio-per-la-perdua-de-comercos-al-carrer-entenca-dalcoi\/"},"author":{"name":"Cope Alcoy","@id":"https:\/\/www.copealcoy.es\/es\/#\/schema\/person\/e777c87fa024e57d40170af9df39882c"},"headline":"Preocupaci\u00f3 per la p\u00e8rdua de comer\u00e7os al carrer Enten\u00e7a d&#8217;Alcoi","datePublished":"2022-09-29T13:48:56+00:00","dateModified":"2022-09-29T15:56:39+00:00","mainEntityOfPage":{"@id":"https:\/\/www.copealcoy.es\/es\/preocupacio-per-la-perdua-de-comercos-al-carrer-entenca-dalcoi\/"},"wordCount":430,"commentCount":0,"image":{"@id":"https:\/\/www.copealcoy.es\/es\/preocupacio-per-la-perdua-de-comercos-al-carrer-entenca-dalcoi\/#primaryimage"},"thumbnailUrl":"https:\/\/www.copealcoy.es\/wp-content\/uploads\/2019\/07\/20190726_mobiliario_entenza-1.jpg","keywords":["Alcoi","comer\u00e7os","Enten\u00e7a","negocis","Partit Popular","tancament"],"articleSection":["Actualidad","Alcoy","Noticias","Portada"],"inLanguage":"es"},{"@type":"WebPage","@id":"https:\/\/www.copealcoy.es\/es\/preocupacio-per-la-perdua-de-comercos-al-carrer-entenca-dalcoi\/","url":"https:\/\/www.copealcoy.es\/es\/preocupacio-per-la-perdua-de-comercos-al-carrer-entenca-dalcoi\/","name":"Preocupaci\u00f3 per la p\u00e8rdua de comer\u00e7os al carrer Enten\u00e7a d'Alcoi - COPE Alcoy","isPartOf":{"@id":"https:\/\/www.copealcoy.es\/es\/#website"},"primaryImageOfPage":{"@id":"https:\/\/www.copealcoy.es\/es\/preocupacio-per-la-perdua-de-comercos-al-carrer-entenca-dalcoi\/#primaryimage"},"image":{"@id":"https:\/\/www.copealcoy.es\/es\/preocupacio-per-la-perdua-de-comercos-al-carrer-entenca-dalcoi\/#primaryimage"},"thumbnailUrl":"https:\/\/www.copealcoy.es\/wp-content\/uploads\/2019\/07\/20190726_mobiliario_entenza-1.jpg","datePublished":"2022-09-29T13:48:56+00:00","dateModified":"2022-09-29T15:56:39+00:00","author":{"@id":"https:\/\/www.copealcoy.es\/es\/#\/schema\/person\/e777c87fa024e57d40170af9df39882c"},"description":"Tancament continu de comer\u00e7os al carrer Enten\u00e7a d'Alcoi","breadcrumb":{"@id":"https:\/\/www.copealcoy.es\/es\/preocupacio-per-la-perdua-de-comercos-al-carrer-entenca-dalcoi\/#breadcrumb"},"inLanguage":"es","potentialAction":[{"@type":"ReadAction","target":["https:\/\/www.copealcoy.es\/es\/preocupacio-per-la-perdua-de-comercos-al-carrer-entenca-dalcoi\/"]}]},{"@type":"ImageObject","inLanguage":"es","@id":"https:\/\/www.copealcoy.es\/es\/preocupacio-per-la-perdua-de-comercos-al-carrer-entenca-dalcoi\/#primaryimage","url":"https:\/\/www.copealcoy.es\/wp-content\/uploads\/2019\/07\/20190726_mobiliario_entenza-1.jpg","contentUrl":"https:\/\/www.copealcoy.es\/wp-content\/uploads\/2019\/07\/20190726_mobiliario_entenza-1.jpg","width":718,"height":539,"caption":"Aspecto que presenta la calle Entenza tras la reforma\/ Foto: PP Alcoy"},{"@type":"BreadcrumbList","@id":"https:\/\/www.copealcoy.es\/es\/preocupacio-per-la-perdua-de-comercos-al-carrer-entenca-dalcoi\/#breadcrumb","itemListElement":[{"@type":"ListItem","position":1,"name":"Portada","item":"https:\/\/www.copealcoy.es\/es\/"},{"@type":"ListItem","position":2,"name":"Preocupaci\u00f3 per la p\u00e8rdua de comer\u00e7os al carrer Enten\u00e7a d&#8217;Alcoi"}]},{"@type":"WebSite","@id":"https:\/\/www.copealcoy.es\/es\/#website","url":"https:\/\/www.copealcoy.es\/es\/","name":"COPE Alcoy","description":"Emisora COPE de radio local con emisi\u00f3n online. Pont de Sant Jordi 8-10 03803 Alcoy","potentialAction":[{"@type":"SearchAction","target":{"@type":"EntryPoint","urlTemplate":"https:\/\/www.copealcoy.es\/es\/?s={search_term_string}"},"query-input":{"@type":"PropertyValueSpecification","valueRequired":true,"valueName":"search_term_string"}}],"inLanguage":"es"},{"@type":"Person","@id":"https:\/\/www.copealcoy.es\/es\/#\/schema\/person\/e777c87fa024e57d40170af9df39882c","name":"Cope Alcoy","image":{"@type":"ImageObject","inLanguage":"es","@id":"https:\/\/secure.gravatar.com\/avatar\/bb65d0283347e303893ba14f0692005417c1e0e690a325a4c5d8bb2b3943ee14?s=96&d=mm&r=g","url":"https:\/\/secure.gravatar.com\/avatar\/bb65d0283347e303893ba14f0692005417c1e0e690a325a4c5d8bb2b3943ee14?s=96&d=mm&r=g","contentUrl":"https:\/\/secure.gravatar.com\/avatar\/bb65d0283347e303893ba14f0692005417c1e0e690a325a4c5d8bb2b3943ee14?s=96&d=mm&r=g","caption":"Cope Alcoy"}}]}},"_links":{"self":[{"href":"https:\/\/www.copealcoy.es\/es\/wp-json\/wp\/v2\/posts\/92301","targetHints":{"allow":["GET"]}}],"collection":[{"href":"https:\/\/www.copealcoy.es\/es\/wp-json\/wp\/v2\/posts"}],"about":[{"href":"https:\/\/www.copealcoy.es\/es\/wp-json\/wp\/v2\/types\/post"}],"author":[{"embeddable":true,"href":"https:\/\/www.copealcoy.es\/es\/wp-json\/wp\/v2\/users\/1"}],"replies":[{"embeddable":true,"href":"https:\/\/www.copealcoy.es\/es\/wp-json\/wp\/v2\/comments?post=92301"}],"version-history":[{"count":0,"href":"https:\/\/www.copealcoy.es\/es\/wp-json\/wp\/v2\/posts\/92301\/revisions"}],"wp:featuredmedia":[{"embeddable":true,"href":"https:\/\/www.copealcoy.es\/es\/wp-json\/wp\/v2\/media\/53659"}],"wp:attachment":[{"href":"https:\/\/www.copealcoy.es\/es\/wp-json\/wp\/v2\/media?parent=92301"}],"wp:term":[{"taxonomy":"category","embeddable":true,"href":"https:\/\/www.copealcoy.es\/es\/wp-json\/wp\/v2\/categories?post=92301"},{"taxonomy":"post_tag","embeddable":true,"href":"https:\/\/www.copealcoy.es\/es\/wp-json\/wp\/v2\/tags?post=92301"}],"curies":[{"name":"wp","href":"https:\/\/api.w.org\/{rel}","templated":true}]}}