{"id":92293,"date":"2022-09-29T12:17:33","date_gmt":"2022-09-29T11:17:33","guid":{"rendered":"https:\/\/www.copealcoy.es\/?p=92293"},"modified":"2022-09-29T19:33:51","modified_gmt":"2022-09-29T18:33:51","slug":"muro-es-prepara-per-a-viure-una-nova-fira-gastronomica","status":"publish","type":"post","link":"https:\/\/www.copealcoy.es\/es\/muro-es-prepara-per-a-viure-una-nova-fira-gastronomica\/","title":{"rendered":"Muro es prepara per a viure una nova Fira Gastron\u00f2mica"},"content":{"rendered":"<p style=\"text-align: justify;\"><a href=\"http:\/\/www.vilademuro.net\"><span style=\"color: #0000ff;\"><strong>Muro<\/strong> <\/span><\/a>ja ho t\u00e9 tot preparat\u00a0per a viure <strong>una nova edici\u00f3 de la seua tradicional Fira del Sector Agroalimentari i Gastron\u00f2mic<\/strong>. Aquesta <strong>torna al seu format habitual<\/strong>, despr\u00e9s de la pand\u00e8mia, i se celebrar\u00e0 de nou <strong>a la Pla\u00e7a\u00a0<span class=\"hiddenSpellError\">Matzem<\/span><\/strong>\u00a0amb un ample ventall d&#8217;activitats al llarg del cap de setmana.<\/p>\n<p style=\"text-align: justify;\">Aquesta Fira, que sempre t\u00e9 lloc despr\u00e9s de l&#8217;estiu, <strong>arriba a l&#8217;edici\u00f3 n\u00famero XVII<\/strong> i arrancar\u00e0 en la vesprada d&#8217;aquest mateix divendres. En aquesta ocasi\u00f3 <strong>hi haur\u00e0 16 estands i participaran una vintena d&#8217;establimentss<\/strong>. Als\u00a0llocs de venda trobarem <strong>dol\u00e7os, pastes, oli,\u00a0mel\u00a0o\u00a0pa\u00a0artesanal<\/strong>. Tampoc faltaran <strong>els embotits t\u00edpics de la zona, salats, formatges o productes claus de la nostra gastronomia<\/strong> com per exemple les olives i la pericana &#8220;<em>despr\u00e9s de la pand\u00e8mia s\u00f3n molt necessaris els esdeveniments d&#8217;aquestes caracter\u00edstiques perqu\u00e8 suposen un important revulsiu per a l&#8217;economia local. La gent ix fa les seues compres al comer\u00e7 del poble i tamb\u00e9 consumeix en la nostra hostaleria. A m\u00e9s la Fira \u00e9s molt necess\u00e0ria per als negocis que participen en ella, ja que s\u00f3n sectors que tamb\u00e9 ho han passat molt malament durant les restriccions per la Covid-19<\/em>&#8220;, destaca la regidora de Turisme del municipi; <strong>Aida Mart\u00ednez<\/strong>.<\/p>\n<p style=\"text-align: justify;\">La Fira del Sector Agroalimentari i Gastron\u00f2mic inclou tamb\u00e9<strong> propostes culturals i l\u00fadiques<\/strong> que acompanyen a l&#8217;activitat comercial. En aquesta ocasi\u00f3 tindrem<strong> m\u00fasica en directe amb diverses actuacions sota l\u2019escenari<\/strong> que es muntar\u00e0 en la mateixa Pla\u00e7a\u00a0<span class=\"hiddenSpellError\">Matzem<\/span>\u00a0&#8220;<em>convidem a tot el ve\u00efnat de Muro, per\u00f2 tamb\u00e9 a gent dels pobles de les nostres comarques,\u00a0perqu\u00e8\u00a0vinguen amb la\u00a0fam\u00edlia\u00a0o els amics a degustar tota aquesta oferta de productes alimentaris que tindrem al carrer<\/em>&#8220;, conclou Mart\u00ednez.<\/p>\n<p style=\"text-align: justify;\">La inauguraci\u00f3 oficial <strong>tindr\u00e0 lloc el divendres dia 30<\/strong>, a les 20 hores, amb la pres\u00e8ncia de les autoritats locals. Est\u00e0 confirmada la pres\u00e8ncia del <strong>Conseller Rafael Climent<\/strong> i abans de l&#8217;obertura hi haur\u00e0 <strong>una jornada de portes obertes<\/strong> en el nou Col\u00b7legi El Bracal.<\/p>\n","protected":false},"excerpt":{"rendered":"<p>Muro ja ho t\u00e9 tot preparat\u00a0per a viure una nova edici\u00f3 de la seua tradicional Fira del Sector Agroalimentari i&#8230;<\/p>\n","protected":false},"author":1,"featured_media":92294,"comment_status":"open","ping_status":"open","sticky":false,"template":"","format":"standard","meta":{"footnotes":""},"categories":[6909,98,75],"tags":[6935,13230,11855,716,135],"class_list":["post-92293","post","type-post","status-publish","format-standard","has-post-thumbnail","hentry","category-actualidad","category-comarcas","category-noticias","tag-aida-martinez","tag-ambientacio-musical","tag-fira-gastronomica","tag-gastronomia","tag-muro"],"yoast_head":"<!-- This site is optimized with the Yoast SEO plugin v27.3 - https:\/\/yoast.com\/product\/yoast-seo-wordpress\/ -->\n<title>Muro es prepara per a viure una nova Fira Gastron\u00f2mica - COPE Alcoy<\/title>\n<meta name=\"description\" content=\"Muro celebra una nova edici\u00f3 de la seua Fira Gastron\u00f2mica\" \/>\n<meta name=\"robots\" content=\"index, follow, max-snippet:-1, max-image-preview:large, max-video-preview:-1\" \/>\n<link rel=\"canonical\" href=\"https:\/\/www.copealcoy.es\/es\/muro-es-prepara-per-a-viure-una-nova-fira-gastronomica\/\" \/>\n<meta property=\"og:locale\" content=\"es_ES\" \/>\n<meta property=\"og:type\" content=\"article\" \/>\n<meta property=\"og:title\" content=\"Muro es prepara per a viure una nova Fira Gastron\u00f2mica - COPE Alcoy\" \/>\n<meta property=\"og:description\" content=\"Muro celebra una nova edici\u00f3 de la seua Fira Gastron\u00f2mica\" \/>\n<meta property=\"og:url\" content=\"https:\/\/www.copealcoy.es\/es\/muro-es-prepara-per-a-viure-una-nova-fira-gastronomica\/\" \/>\n<meta property=\"og:site_name\" content=\"COPE Alcoy\" \/>\n<meta property=\"article:published_time\" content=\"2022-09-29T11:17:33+00:00\" \/>\n<meta property=\"article:modified_time\" content=\"2022-09-29T18:33:51+00:00\" \/>\n<meta property=\"og:image\" content=\"https:\/\/www.copealcoy.es\/wp-content\/uploads\/2022\/09\/Muro-fira-gastronomica-e1664450048644.jpg\" \/>\n\t<meta property=\"og:image:width\" content=\"640\" \/>\n\t<meta property=\"og:image:height\" content=\"426\" \/>\n\t<meta property=\"og:image:type\" content=\"image\/jpeg\" \/>\n<meta name=\"author\" content=\"Cope Alcoy\" \/>\n<meta name=\"twitter:label1\" content=\"Escrito por\" \/>\n\t<meta name=\"twitter:data1\" content=\"Cope Alcoy\" \/>\n\t<meta name=\"twitter:label2\" content=\"Tiempo de lectura\" \/>\n\t<meta name=\"twitter:data2\" content=\"2 minutos\" \/>\n<script type=\"application\/ld+json\" class=\"yoast-schema-graph\">{\"@context\":\"https:\\\/\\\/schema.org\",\"@graph\":[{\"@type\":\"Article\",\"@id\":\"https:\\\/\\\/www.copealcoy.es\\\/es\\\/muro-es-prepara-per-a-viure-una-nova-fira-gastronomica\\\/#article\",\"isPartOf\":{\"@id\":\"https:\\\/\\\/www.copealcoy.es\\\/es\\\/muro-es-prepara-per-a-viure-una-nova-fira-gastronomica\\\/\"},\"author\":{\"name\":\"Cope Alcoy\",\"@id\":\"https:\\\/\\\/www.copealcoy.es\\\/es\\\/#\\\/schema\\\/person\\\/e777c87fa024e57d40170af9df39882c\"},\"headline\":\"Muro es prepara per a viure una nova Fira Gastron\u00f2mica\",\"datePublished\":\"2022-09-29T11:17:33+00:00\",\"dateModified\":\"2022-09-29T18:33:51+00:00\",\"mainEntityOfPage\":{\"@id\":\"https:\\\/\\\/www.copealcoy.es\\\/es\\\/muro-es-prepara-per-a-viure-una-nova-fira-gastronomica\\\/\"},\"wordCount\":367,\"commentCount\":0,\"image\":{\"@id\":\"https:\\\/\\\/www.copealcoy.es\\\/es\\\/muro-es-prepara-per-a-viure-una-nova-fira-gastronomica\\\/#primaryimage\"},\"thumbnailUrl\":\"https:\\\/\\\/www.copealcoy.es\\\/wp-content\\\/uploads\\\/2022\\\/09\\\/Muro-fira-gastronomica-e1664450048644.jpg\",\"keywords\":[\"Aida Mart\u00ednez\",\"ambientaci\u00f3 musical\",\"Fira Gastron\u00f2mica\",\"Gastronom\u00eda\",\"Muro\"],\"articleSection\":[\"Actualidad\",\"Comarcas\",\"Noticias\"],\"inLanguage\":\"es\"},{\"@type\":\"WebPage\",\"@id\":\"https:\\\/\\\/www.copealcoy.es\\\/es\\\/muro-es-prepara-per-a-viure-una-nova-fira-gastronomica\\\/\",\"url\":\"https:\\\/\\\/www.copealcoy.es\\\/es\\\/muro-es-prepara-per-a-viure-una-nova-fira-gastronomica\\\/\",\"name\":\"Muro es prepara per a viure una nova Fira Gastron\u00f2mica - COPE Alcoy\",\"isPartOf\":{\"@id\":\"https:\\\/\\\/www.copealcoy.es\\\/es\\\/#website\"},\"primaryImageOfPage\":{\"@id\":\"https:\\\/\\\/www.copealcoy.es\\\/es\\\/muro-es-prepara-per-a-viure-una-nova-fira-gastronomica\\\/#primaryimage\"},\"image\":{\"@id\":\"https:\\\/\\\/www.copealcoy.es\\\/es\\\/muro-es-prepara-per-a-viure-una-nova-fira-gastronomica\\\/#primaryimage\"},\"thumbnailUrl\":\"https:\\\/\\\/www.copealcoy.es\\\/wp-content\\\/uploads\\\/2022\\\/09\\\/Muro-fira-gastronomica-e1664450048644.jpg\",\"datePublished\":\"2022-09-29T11:17:33+00:00\",\"dateModified\":\"2022-09-29T18:33:51+00:00\",\"author\":{\"@id\":\"https:\\\/\\\/www.copealcoy.es\\\/es\\\/#\\\/schema\\\/person\\\/e777c87fa024e57d40170af9df39882c\"},\"description\":\"Muro celebra una nova edici\u00f3 de la seua Fira Gastron\u00f2mica\",\"breadcrumb\":{\"@id\":\"https:\\\/\\\/www.copealcoy.es\\\/es\\\/muro-es-prepara-per-a-viure-una-nova-fira-gastronomica\\\/#breadcrumb\"},\"inLanguage\":\"es\",\"potentialAction\":[{\"@type\":\"ReadAction\",\"target\":[\"https:\\\/\\\/www.copealcoy.es\\\/es\\\/muro-es-prepara-per-a-viure-una-nova-fira-gastronomica\\\/\"]}]},{\"@type\":\"ImageObject\",\"inLanguage\":\"es\",\"@id\":\"https:\\\/\\\/www.copealcoy.es\\\/es\\\/muro-es-prepara-per-a-viure-una-nova-fira-gastronomica\\\/#primaryimage\",\"url\":\"https:\\\/\\\/www.copealcoy.es\\\/wp-content\\\/uploads\\\/2022\\\/09\\\/Muro-fira-gastronomica-e1664450048644.jpg\",\"contentUrl\":\"https:\\\/\\\/www.copealcoy.es\\\/wp-content\\\/uploads\\\/2022\\\/09\\\/Muro-fira-gastronomica-e1664450048644.jpg\",\"width\":640,\"height\":426},{\"@type\":\"BreadcrumbList\",\"@id\":\"https:\\\/\\\/www.copealcoy.es\\\/es\\\/muro-es-prepara-per-a-viure-una-nova-fira-gastronomica\\\/#breadcrumb\",\"itemListElement\":[{\"@type\":\"ListItem\",\"position\":1,\"name\":\"Portada\",\"item\":\"https:\\\/\\\/www.copealcoy.es\\\/es\\\/\"},{\"@type\":\"ListItem\",\"position\":2,\"name\":\"Muro es prepara per a viure una nova Fira Gastron\u00f2mica\"}]},{\"@type\":\"WebSite\",\"@id\":\"https:\\\/\\\/www.copealcoy.es\\\/es\\\/#website\",\"url\":\"https:\\\/\\\/www.copealcoy.es\\\/es\\\/\",\"name\":\"COPE Alcoy\",\"description\":\"Emisora COPE de radio local con emisi\u00f3n online. Pont de Sant Jordi 8-10 03803 Alcoy\",\"potentialAction\":[{\"@type\":\"SearchAction\",\"target\":{\"@type\":\"EntryPoint\",\"urlTemplate\":\"https:\\\/\\\/www.copealcoy.es\\\/es\\\/?s={search_term_string}\"},\"query-input\":{\"@type\":\"PropertyValueSpecification\",\"valueRequired\":true,\"valueName\":\"search_term_string\"}}],\"inLanguage\":\"es\"},{\"@type\":\"Person\",\"@id\":\"https:\\\/\\\/www.copealcoy.es\\\/es\\\/#\\\/schema\\\/person\\\/e777c87fa024e57d40170af9df39882c\",\"name\":\"Cope Alcoy\",\"image\":{\"@type\":\"ImageObject\",\"inLanguage\":\"es\",\"@id\":\"https:\\\/\\\/secure.gravatar.com\\\/avatar\\\/bb65d0283347e303893ba14f0692005417c1e0e690a325a4c5d8bb2b3943ee14?s=96&d=mm&r=g\",\"url\":\"https:\\\/\\\/secure.gravatar.com\\\/avatar\\\/bb65d0283347e303893ba14f0692005417c1e0e690a325a4c5d8bb2b3943ee14?s=96&d=mm&r=g\",\"contentUrl\":\"https:\\\/\\\/secure.gravatar.com\\\/avatar\\\/bb65d0283347e303893ba14f0692005417c1e0e690a325a4c5d8bb2b3943ee14?s=96&d=mm&r=g\",\"caption\":\"Cope Alcoy\"}}]}<\/script>\n<!-- \/ Yoast SEO plugin. -->","yoast_head_json":{"title":"Muro es prepara per a viure una nova Fira Gastron\u00f2mica - COPE Alcoy","description":"Muro celebra una nova edici\u00f3 de la seua Fira Gastron\u00f2mica","robots":{"index":"index","follow":"follow","max-snippet":"max-snippet:-1","max-image-preview":"max-image-preview:large","max-video-preview":"max-video-preview:-1"},"canonical":"https:\/\/www.copealcoy.es\/es\/muro-es-prepara-per-a-viure-una-nova-fira-gastronomica\/","og_locale":"es_ES","og_type":"article","og_title":"Muro es prepara per a viure una nova Fira Gastron\u00f2mica - COPE Alcoy","og_description":"Muro celebra una nova edici\u00f3 de la seua Fira Gastron\u00f2mica","og_url":"https:\/\/www.copealcoy.es\/es\/muro-es-prepara-per-a-viure-una-nova-fira-gastronomica\/","og_site_name":"COPE Alcoy","article_published_time":"2022-09-29T11:17:33+00:00","article_modified_time":"2022-09-29T18:33:51+00:00","og_image":[{"width":640,"height":426,"url":"https:\/\/www.copealcoy.es\/wp-content\/uploads\/2022\/09\/Muro-fira-gastronomica-e1664450048644.jpg","type":"image\/jpeg"}],"author":"Cope Alcoy","twitter_misc":{"Escrito por":"Cope Alcoy","Tiempo de lectura":"2 minutos"},"schema":{"@context":"https:\/\/schema.org","@graph":[{"@type":"Article","@id":"https:\/\/www.copealcoy.es\/es\/muro-es-prepara-per-a-viure-una-nova-fira-gastronomica\/#article","isPartOf":{"@id":"https:\/\/www.copealcoy.es\/es\/muro-es-prepara-per-a-viure-una-nova-fira-gastronomica\/"},"author":{"name":"Cope Alcoy","@id":"https:\/\/www.copealcoy.es\/es\/#\/schema\/person\/e777c87fa024e57d40170af9df39882c"},"headline":"Muro es prepara per a viure una nova Fira Gastron\u00f2mica","datePublished":"2022-09-29T11:17:33+00:00","dateModified":"2022-09-29T18:33:51+00:00","mainEntityOfPage":{"@id":"https:\/\/www.copealcoy.es\/es\/muro-es-prepara-per-a-viure-una-nova-fira-gastronomica\/"},"wordCount":367,"commentCount":0,"image":{"@id":"https:\/\/www.copealcoy.es\/es\/muro-es-prepara-per-a-viure-una-nova-fira-gastronomica\/#primaryimage"},"thumbnailUrl":"https:\/\/www.copealcoy.es\/wp-content\/uploads\/2022\/09\/Muro-fira-gastronomica-e1664450048644.jpg","keywords":["Aida Mart\u00ednez","ambientaci\u00f3 musical","Fira Gastron\u00f2mica","Gastronom\u00eda","Muro"],"articleSection":["Actualidad","Comarcas","Noticias"],"inLanguage":"es"},{"@type":"WebPage","@id":"https:\/\/www.copealcoy.es\/es\/muro-es-prepara-per-a-viure-una-nova-fira-gastronomica\/","url":"https:\/\/www.copealcoy.es\/es\/muro-es-prepara-per-a-viure-una-nova-fira-gastronomica\/","name":"Muro es prepara per a viure una nova Fira Gastron\u00f2mica - COPE Alcoy","isPartOf":{"@id":"https:\/\/www.copealcoy.es\/es\/#website"},"primaryImageOfPage":{"@id":"https:\/\/www.copealcoy.es\/es\/muro-es-prepara-per-a-viure-una-nova-fira-gastronomica\/#primaryimage"},"image":{"@id":"https:\/\/www.copealcoy.es\/es\/muro-es-prepara-per-a-viure-una-nova-fira-gastronomica\/#primaryimage"},"thumbnailUrl":"https:\/\/www.copealcoy.es\/wp-content\/uploads\/2022\/09\/Muro-fira-gastronomica-e1664450048644.jpg","datePublished":"2022-09-29T11:17:33+00:00","dateModified":"2022-09-29T18:33:51+00:00","author":{"@id":"https:\/\/www.copealcoy.es\/es\/#\/schema\/person\/e777c87fa024e57d40170af9df39882c"},"description":"Muro celebra una nova edici\u00f3 de la seua Fira Gastron\u00f2mica","breadcrumb":{"@id":"https:\/\/www.copealcoy.es\/es\/muro-es-prepara-per-a-viure-una-nova-fira-gastronomica\/#breadcrumb"},"inLanguage":"es","potentialAction":[{"@type":"ReadAction","target":["https:\/\/www.copealcoy.es\/es\/muro-es-prepara-per-a-viure-una-nova-fira-gastronomica\/"]}]},{"@type":"ImageObject","inLanguage":"es","@id":"https:\/\/www.copealcoy.es\/es\/muro-es-prepara-per-a-viure-una-nova-fira-gastronomica\/#primaryimage","url":"https:\/\/www.copealcoy.es\/wp-content\/uploads\/2022\/09\/Muro-fira-gastronomica-e1664450048644.jpg","contentUrl":"https:\/\/www.copealcoy.es\/wp-content\/uploads\/2022\/09\/Muro-fira-gastronomica-e1664450048644.jpg","width":640,"height":426},{"@type":"BreadcrumbList","@id":"https:\/\/www.copealcoy.es\/es\/muro-es-prepara-per-a-viure-una-nova-fira-gastronomica\/#breadcrumb","itemListElement":[{"@type":"ListItem","position":1,"name":"Portada","item":"https:\/\/www.copealcoy.es\/es\/"},{"@type":"ListItem","position":2,"name":"Muro es prepara per a viure una nova Fira Gastron\u00f2mica"}]},{"@type":"WebSite","@id":"https:\/\/www.copealcoy.es\/es\/#website","url":"https:\/\/www.copealcoy.es\/es\/","name":"COPE Alcoy","description":"Emisora COPE de radio local con emisi\u00f3n online. Pont de Sant Jordi 8-10 03803 Alcoy","potentialAction":[{"@type":"SearchAction","target":{"@type":"EntryPoint","urlTemplate":"https:\/\/www.copealcoy.es\/es\/?s={search_term_string}"},"query-input":{"@type":"PropertyValueSpecification","valueRequired":true,"valueName":"search_term_string"}}],"inLanguage":"es"},{"@type":"Person","@id":"https:\/\/www.copealcoy.es\/es\/#\/schema\/person\/e777c87fa024e57d40170af9df39882c","name":"Cope Alcoy","image":{"@type":"ImageObject","inLanguage":"es","@id":"https:\/\/secure.gravatar.com\/avatar\/bb65d0283347e303893ba14f0692005417c1e0e690a325a4c5d8bb2b3943ee14?s=96&d=mm&r=g","url":"https:\/\/secure.gravatar.com\/avatar\/bb65d0283347e303893ba14f0692005417c1e0e690a325a4c5d8bb2b3943ee14?s=96&d=mm&r=g","contentUrl":"https:\/\/secure.gravatar.com\/avatar\/bb65d0283347e303893ba14f0692005417c1e0e690a325a4c5d8bb2b3943ee14?s=96&d=mm&r=g","caption":"Cope Alcoy"}}]}},"_links":{"self":[{"href":"https:\/\/www.copealcoy.es\/es\/wp-json\/wp\/v2\/posts\/92293","targetHints":{"allow":["GET"]}}],"collection":[{"href":"https:\/\/www.copealcoy.es\/es\/wp-json\/wp\/v2\/posts"}],"about":[{"href":"https:\/\/www.copealcoy.es\/es\/wp-json\/wp\/v2\/types\/post"}],"author":[{"embeddable":true,"href":"https:\/\/www.copealcoy.es\/es\/wp-json\/wp\/v2\/users\/1"}],"replies":[{"embeddable":true,"href":"https:\/\/www.copealcoy.es\/es\/wp-json\/wp\/v2\/comments?post=92293"}],"version-history":[{"count":0,"href":"https:\/\/www.copealcoy.es\/es\/wp-json\/wp\/v2\/posts\/92293\/revisions"}],"wp:featuredmedia":[{"embeddable":true,"href":"https:\/\/www.copealcoy.es\/es\/wp-json\/wp\/v2\/media\/92294"}],"wp:attachment":[{"href":"https:\/\/www.copealcoy.es\/es\/wp-json\/wp\/v2\/media?parent=92293"}],"wp:term":[{"taxonomy":"category","embeddable":true,"href":"https:\/\/www.copealcoy.es\/es\/wp-json\/wp\/v2\/categories?post=92293"},{"taxonomy":"post_tag","embeddable":true,"href":"https:\/\/www.copealcoy.es\/es\/wp-json\/wp\/v2\/tags?post=92293"}],"curies":[{"name":"wp","href":"https:\/\/api.w.org\/{rel}","templated":true}]}}