{"id":9222,"date":"2014-12-22T20:00:08","date_gmt":"2014-12-22T20:00:08","guid":{"rendered":"http:\/\/copealcoi.es\/new\/?p=9222"},"modified":"2014-12-22T20:00:08","modified_gmt":"2014-12-22T20:00:08","slug":"agres-proyecta-la-construccion-de-un-centro-social","status":"publish","type":"post","link":"https:\/\/www.copealcoy.es\/es\/agres-proyecta-la-construccion-de-un-centro-social\/","title":{"rendered":"Agres proyecta la construcci\u00f3n de un Centro Social"},"content":{"rendered":"<p style=\"text-align: justify;\">El Ayuntamiento de Agres\u00a0proyecta habilitar un Centro Social Polivalente en las antiguas casas de los maestros. La actuaci\u00f3n tiene un coste de 93.000 euros y contempla la creaci\u00f3n de varios despachos as\u00ed como salas para llevar a cabo diferentes actividades. Se\u00f1alar que la obra ser\u00e1 financiada por la Diputaci\u00f3n de Alicante que tambi\u00e9n asumir\u00e1 la inversi\u00f3n de 13.000 euros para la rehabilitaci\u00f3n del Parc de l\u00b4 Assut. \u00a0Ambas cantidades proceden del remanente de tesorer\u00eda de la instituci\u00f3n provincial. El alcalde de Agres, Josep Manel Franc\u00e9s, ha recordado que esta actuaci\u00f3n pretende &#8220;descongestionar la Casa de Cultura y crear salas m\u00e1s peque\u00f1as que puedan albergar actos que cuenten con un p\u00fablico m\u00e1s reducido&#8221;, se\u00f1ala.<\/p>\n<p style=\"text-align: justify;\">\n","protected":false},"excerpt":{"rendered":"<p>El Ayuntamiento de Agres\u00a0proyecta habilitar un Centro Social Polivalente en las antiguas casas de los maestros. La actuaci\u00f3n tiene un&#8230;<\/p>\n","protected":false},"author":1,"featured_media":8938,"comment_status":"open","ping_status":"open","sticky":false,"template":"","format":"standard","meta":{"footnotes":""},"categories":[98,75],"tags":[293,234,145,452],"class_list":["post-9222","post","type-post","status-publish","format-standard","has-post-thumbnail","hentry","category-comarcas","category-noticias","tag-agres","tag-diputacion","tag-obras","tag-proyectos"],"yoast_head":"<!-- This site is optimized with the Yoast SEO plugin v27.3 - https:\/\/yoast.com\/product\/yoast-seo-wordpress\/ -->\n<title>Agres proyecta la construcci\u00f3n de un Centro Social - COPE Alcoy<\/title>\n<meta name=\"robots\" content=\"index, follow, max-snippet:-1, max-image-preview:large, max-video-preview:-1\" \/>\n<link rel=\"canonical\" href=\"https:\/\/www.copealcoy.es\/es\/agres-proyecta-la-construccion-de-un-centro-social\/\" \/>\n<meta property=\"og:locale\" content=\"es_ES\" \/>\n<meta property=\"og:type\" content=\"article\" \/>\n<meta property=\"og:title\" content=\"Agres proyecta la construcci\u00f3n de un Centro Social - COPE Alcoy\" \/>\n<meta property=\"og:description\" content=\"El Ayuntamiento de Agres\u00a0proyecta habilitar un Centro Social Polivalente en las antiguas casas de los maestros. La actuaci\u00f3n tiene un...\" \/>\n<meta property=\"og:url\" content=\"https:\/\/www.copealcoy.es\/es\/agres-proyecta-la-construccion-de-un-centro-social\/\" \/>\n<meta property=\"og:site_name\" content=\"COPE Alcoy\" \/>\n<meta property=\"article:published_time\" content=\"2014-12-22T20:00:08+00:00\" \/>\n<meta property=\"og:image\" content=\"https:\/\/www.copealcoy.es\/wp-content\/uploads\/2014\/12\/image50.jpg\" \/>\n\t<meta property=\"og:image:width\" content=\"1668\" \/>\n\t<meta property=\"og:image:height\" content=\"1254\" \/>\n\t<meta property=\"og:image:type\" content=\"image\/jpeg\" \/>\n<meta name=\"author\" content=\"Cope Alcoy\" \/>\n<meta name=\"twitter:label1\" content=\"Escrito por\" \/>\n\t<meta name=\"twitter:data1\" content=\"Cope Alcoy\" \/>\n\t<meta name=\"twitter:label2\" content=\"Tiempo de lectura\" \/>\n\t<meta name=\"twitter:data2\" content=\"1 minuto\" \/>\n<script type=\"application\/ld+json\" class=\"yoast-schema-graph\">{\"@context\":\"https:\\\/\\\/schema.org\",\"@graph\":[{\"@type\":\"Article\",\"@id\":\"https:\\\/\\\/www.copealcoy.es\\\/es\\\/agres-proyecta-la-construccion-de-un-centro-social\\\/#article\",\"isPartOf\":{\"@id\":\"https:\\\/\\\/www.copealcoy.es\\\/es\\\/agres-proyecta-la-construccion-de-un-centro-social\\\/\"},\"author\":{\"name\":\"Cope Alcoy\",\"@id\":\"https:\\\/\\\/www.copealcoy.es\\\/es\\\/#\\\/schema\\\/person\\\/e777c87fa024e57d40170af9df39882c\"},\"headline\":\"Agres proyecta la construcci\u00f3n de un Centro Social\",\"datePublished\":\"2014-12-22T20:00:08+00:00\",\"mainEntityOfPage\":{\"@id\":\"https:\\\/\\\/www.copealcoy.es\\\/es\\\/agres-proyecta-la-construccion-de-un-centro-social\\\/\"},\"wordCount\":137,\"commentCount\":0,\"image\":{\"@id\":\"https:\\\/\\\/www.copealcoy.es\\\/es\\\/agres-proyecta-la-construccion-de-un-centro-social\\\/#primaryimage\"},\"thumbnailUrl\":\"https:\\\/\\\/www.copealcoy.es\\\/wp-content\\\/uploads\\\/2014\\\/12\\\/image50.jpg\",\"keywords\":[\"Agres\",\"Diputaci\u00f3n\",\"Obras\",\"Proyectos\"],\"articleSection\":[\"Comarcas\",\"Noticias\"],\"inLanguage\":\"es\"},{\"@type\":\"WebPage\",\"@id\":\"https:\\\/\\\/www.copealcoy.es\\\/es\\\/agres-proyecta-la-construccion-de-un-centro-social\\\/\",\"url\":\"https:\\\/\\\/www.copealcoy.es\\\/es\\\/agres-proyecta-la-construccion-de-un-centro-social\\\/\",\"name\":\"Agres proyecta la construcci\u00f3n de un Centro Social - COPE Alcoy\",\"isPartOf\":{\"@id\":\"https:\\\/\\\/www.copealcoy.es\\\/es\\\/#website\"},\"primaryImageOfPage\":{\"@id\":\"https:\\\/\\\/www.copealcoy.es\\\/es\\\/agres-proyecta-la-construccion-de-un-centro-social\\\/#primaryimage\"},\"image\":{\"@id\":\"https:\\\/\\\/www.copealcoy.es\\\/es\\\/agres-proyecta-la-construccion-de-un-centro-social\\\/#primaryimage\"},\"thumbnailUrl\":\"https:\\\/\\\/www.copealcoy.es\\\/wp-content\\\/uploads\\\/2014\\\/12\\\/image50.jpg\",\"datePublished\":\"2014-12-22T20:00:08+00:00\",\"author\":{\"@id\":\"https:\\\/\\\/www.copealcoy.es\\\/es\\\/#\\\/schema\\\/person\\\/e777c87fa024e57d40170af9df39882c\"},\"breadcrumb\":{\"@id\":\"https:\\\/\\\/www.copealcoy.es\\\/es\\\/agres-proyecta-la-construccion-de-un-centro-social\\\/#breadcrumb\"},\"inLanguage\":\"es\",\"potentialAction\":[{\"@type\":\"ReadAction\",\"target\":[\"https:\\\/\\\/www.copealcoy.es\\\/es\\\/agres-proyecta-la-construccion-de-un-centro-social\\\/\"]}]},{\"@type\":\"ImageObject\",\"inLanguage\":\"es\",\"@id\":\"https:\\\/\\\/www.copealcoy.es\\\/es\\\/agres-proyecta-la-construccion-de-un-centro-social\\\/#primaryimage\",\"url\":\"https:\\\/\\\/www.copealcoy.es\\\/wp-content\\\/uploads\\\/2014\\\/12\\\/image50.jpg\",\"contentUrl\":\"https:\\\/\\\/www.copealcoy.es\\\/wp-content\\\/uploads\\\/2014\\\/12\\\/image50.jpg\",\"width\":1437,\"height\":1080},{\"@type\":\"BreadcrumbList\",\"@id\":\"https:\\\/\\\/www.copealcoy.es\\\/es\\\/agres-proyecta-la-construccion-de-un-centro-social\\\/#breadcrumb\",\"itemListElement\":[{\"@type\":\"ListItem\",\"position\":1,\"name\":\"Portada\",\"item\":\"https:\\\/\\\/www.copealcoy.es\\\/es\\\/\"},{\"@type\":\"ListItem\",\"position\":2,\"name\":\"Agres proyecta la construcci\u00f3n de un Centro Social\"}]},{\"@type\":\"WebSite\",\"@id\":\"https:\\\/\\\/www.copealcoy.es\\\/es\\\/#website\",\"url\":\"https:\\\/\\\/www.copealcoy.es\\\/es\\\/\",\"name\":\"COPE Alcoy\",\"description\":\"Emisora COPE de radio local con emisi\u00f3n online. Pont de Sant Jordi 8-10 03803 Alcoy\",\"potentialAction\":[{\"@type\":\"SearchAction\",\"target\":{\"@type\":\"EntryPoint\",\"urlTemplate\":\"https:\\\/\\\/www.copealcoy.es\\\/es\\\/?s={search_term_string}\"},\"query-input\":{\"@type\":\"PropertyValueSpecification\",\"valueRequired\":true,\"valueName\":\"search_term_string\"}}],\"inLanguage\":\"es\"},{\"@type\":\"Person\",\"@id\":\"https:\\\/\\\/www.copealcoy.es\\\/es\\\/#\\\/schema\\\/person\\\/e777c87fa024e57d40170af9df39882c\",\"name\":\"Cope Alcoy\",\"image\":{\"@type\":\"ImageObject\",\"inLanguage\":\"es\",\"@id\":\"https:\\\/\\\/secure.gravatar.com\\\/avatar\\\/bb65d0283347e303893ba14f0692005417c1e0e690a325a4c5d8bb2b3943ee14?s=96&d=mm&r=g\",\"url\":\"https:\\\/\\\/secure.gravatar.com\\\/avatar\\\/bb65d0283347e303893ba14f0692005417c1e0e690a325a4c5d8bb2b3943ee14?s=96&d=mm&r=g\",\"contentUrl\":\"https:\\\/\\\/secure.gravatar.com\\\/avatar\\\/bb65d0283347e303893ba14f0692005417c1e0e690a325a4c5d8bb2b3943ee14?s=96&d=mm&r=g\",\"caption\":\"Cope Alcoy\"}}]}<\/script>\n<!-- \/ Yoast SEO plugin. -->","yoast_head_json":{"title":"Agres proyecta la construcci\u00f3n de un Centro Social - COPE Alcoy","robots":{"index":"index","follow":"follow","max-snippet":"max-snippet:-1","max-image-preview":"max-image-preview:large","max-video-preview":"max-video-preview:-1"},"canonical":"https:\/\/www.copealcoy.es\/es\/agres-proyecta-la-construccion-de-un-centro-social\/","og_locale":"es_ES","og_type":"article","og_title":"Agres proyecta la construcci\u00f3n de un Centro Social - COPE Alcoy","og_description":"El Ayuntamiento de Agres\u00a0proyecta habilitar un Centro Social Polivalente en las antiguas casas de los maestros. La actuaci\u00f3n tiene un...","og_url":"https:\/\/www.copealcoy.es\/es\/agres-proyecta-la-construccion-de-un-centro-social\/","og_site_name":"COPE Alcoy","article_published_time":"2014-12-22T20:00:08+00:00","og_image":[{"width":1668,"height":1254,"url":"https:\/\/www.copealcoy.es\/wp-content\/uploads\/2014\/12\/image50.jpg","type":"image\/jpeg"}],"author":"Cope Alcoy","twitter_misc":{"Escrito por":"Cope Alcoy","Tiempo de lectura":"1 minuto"},"schema":{"@context":"https:\/\/schema.org","@graph":[{"@type":"Article","@id":"https:\/\/www.copealcoy.es\/es\/agres-proyecta-la-construccion-de-un-centro-social\/#article","isPartOf":{"@id":"https:\/\/www.copealcoy.es\/es\/agres-proyecta-la-construccion-de-un-centro-social\/"},"author":{"name":"Cope Alcoy","@id":"https:\/\/www.copealcoy.es\/es\/#\/schema\/person\/e777c87fa024e57d40170af9df39882c"},"headline":"Agres proyecta la construcci\u00f3n de un Centro Social","datePublished":"2014-12-22T20:00:08+00:00","mainEntityOfPage":{"@id":"https:\/\/www.copealcoy.es\/es\/agres-proyecta-la-construccion-de-un-centro-social\/"},"wordCount":137,"commentCount":0,"image":{"@id":"https:\/\/www.copealcoy.es\/es\/agres-proyecta-la-construccion-de-un-centro-social\/#primaryimage"},"thumbnailUrl":"https:\/\/www.copealcoy.es\/wp-content\/uploads\/2014\/12\/image50.jpg","keywords":["Agres","Diputaci\u00f3n","Obras","Proyectos"],"articleSection":["Comarcas","Noticias"],"inLanguage":"es"},{"@type":"WebPage","@id":"https:\/\/www.copealcoy.es\/es\/agres-proyecta-la-construccion-de-un-centro-social\/","url":"https:\/\/www.copealcoy.es\/es\/agres-proyecta-la-construccion-de-un-centro-social\/","name":"Agres proyecta la construcci\u00f3n de un Centro Social - COPE Alcoy","isPartOf":{"@id":"https:\/\/www.copealcoy.es\/es\/#website"},"primaryImageOfPage":{"@id":"https:\/\/www.copealcoy.es\/es\/agres-proyecta-la-construccion-de-un-centro-social\/#primaryimage"},"image":{"@id":"https:\/\/www.copealcoy.es\/es\/agres-proyecta-la-construccion-de-un-centro-social\/#primaryimage"},"thumbnailUrl":"https:\/\/www.copealcoy.es\/wp-content\/uploads\/2014\/12\/image50.jpg","datePublished":"2014-12-22T20:00:08+00:00","author":{"@id":"https:\/\/www.copealcoy.es\/es\/#\/schema\/person\/e777c87fa024e57d40170af9df39882c"},"breadcrumb":{"@id":"https:\/\/www.copealcoy.es\/es\/agres-proyecta-la-construccion-de-un-centro-social\/#breadcrumb"},"inLanguage":"es","potentialAction":[{"@type":"ReadAction","target":["https:\/\/www.copealcoy.es\/es\/agres-proyecta-la-construccion-de-un-centro-social\/"]}]},{"@type":"ImageObject","inLanguage":"es","@id":"https:\/\/www.copealcoy.es\/es\/agres-proyecta-la-construccion-de-un-centro-social\/#primaryimage","url":"https:\/\/www.copealcoy.es\/wp-content\/uploads\/2014\/12\/image50.jpg","contentUrl":"https:\/\/www.copealcoy.es\/wp-content\/uploads\/2014\/12\/image50.jpg","width":1437,"height":1080},{"@type":"BreadcrumbList","@id":"https:\/\/www.copealcoy.es\/es\/agres-proyecta-la-construccion-de-un-centro-social\/#breadcrumb","itemListElement":[{"@type":"ListItem","position":1,"name":"Portada","item":"https:\/\/www.copealcoy.es\/es\/"},{"@type":"ListItem","position":2,"name":"Agres proyecta la construcci\u00f3n de un Centro Social"}]},{"@type":"WebSite","@id":"https:\/\/www.copealcoy.es\/es\/#website","url":"https:\/\/www.copealcoy.es\/es\/","name":"COPE Alcoy","description":"Emisora COPE de radio local con emisi\u00f3n online. Pont de Sant Jordi 8-10 03803 Alcoy","potentialAction":[{"@type":"SearchAction","target":{"@type":"EntryPoint","urlTemplate":"https:\/\/www.copealcoy.es\/es\/?s={search_term_string}"},"query-input":{"@type":"PropertyValueSpecification","valueRequired":true,"valueName":"search_term_string"}}],"inLanguage":"es"},{"@type":"Person","@id":"https:\/\/www.copealcoy.es\/es\/#\/schema\/person\/e777c87fa024e57d40170af9df39882c","name":"Cope Alcoy","image":{"@type":"ImageObject","inLanguage":"es","@id":"https:\/\/secure.gravatar.com\/avatar\/bb65d0283347e303893ba14f0692005417c1e0e690a325a4c5d8bb2b3943ee14?s=96&d=mm&r=g","url":"https:\/\/secure.gravatar.com\/avatar\/bb65d0283347e303893ba14f0692005417c1e0e690a325a4c5d8bb2b3943ee14?s=96&d=mm&r=g","contentUrl":"https:\/\/secure.gravatar.com\/avatar\/bb65d0283347e303893ba14f0692005417c1e0e690a325a4c5d8bb2b3943ee14?s=96&d=mm&r=g","caption":"Cope Alcoy"}}]}},"_links":{"self":[{"href":"https:\/\/www.copealcoy.es\/es\/wp-json\/wp\/v2\/posts\/9222","targetHints":{"allow":["GET"]}}],"collection":[{"href":"https:\/\/www.copealcoy.es\/es\/wp-json\/wp\/v2\/posts"}],"about":[{"href":"https:\/\/www.copealcoy.es\/es\/wp-json\/wp\/v2\/types\/post"}],"author":[{"embeddable":true,"href":"https:\/\/www.copealcoy.es\/es\/wp-json\/wp\/v2\/users\/1"}],"replies":[{"embeddable":true,"href":"https:\/\/www.copealcoy.es\/es\/wp-json\/wp\/v2\/comments?post=9222"}],"version-history":[{"count":0,"href":"https:\/\/www.copealcoy.es\/es\/wp-json\/wp\/v2\/posts\/9222\/revisions"}],"wp:featuredmedia":[{"embeddable":true,"href":"https:\/\/www.copealcoy.es\/es\/wp-json\/wp\/v2\/media\/8938"}],"wp:attachment":[{"href":"https:\/\/www.copealcoy.es\/es\/wp-json\/wp\/v2\/media?parent=9222"}],"wp:term":[{"taxonomy":"category","embeddable":true,"href":"https:\/\/www.copealcoy.es\/es\/wp-json\/wp\/v2\/categories?post=9222"},{"taxonomy":"post_tag","embeddable":true,"href":"https:\/\/www.copealcoy.es\/es\/wp-json\/wp\/v2\/tags?post=9222"}],"curies":[{"name":"wp","href":"https:\/\/api.w.org\/{rel}","templated":true}]}}