{"id":92166,"date":"2022-09-26T12:38:29","date_gmt":"2022-09-26T11:38:29","guid":{"rendered":"https:\/\/www.copealcoy.es\/?p=92166"},"modified":"2022-09-26T17:00:27","modified_gmt":"2022-09-26T16:00:27","slug":"gladiadores-arrasa-al-museu-arqueologic-dalacant","status":"publish","type":"post","link":"https:\/\/www.copealcoy.es\/es\/gladiadores-arrasa-al-museu-arqueologic-dalacant\/","title":{"rendered":"&#8216;Gladiadores&#8217; arrasa al Museu Arqueol\u00f2gic d&#8217;Alacant"},"content":{"rendered":"<p style=\"text-align: justify;\">El <strong>Museu Arqueol\u00f2gic d&#8217;Alacant<\/strong> ha concl\u00f2s el seu horari especial estival amb<strong> 43.524 visites registrades<\/strong> des que es va comen\u00e7ar a aplicar el dia 1 de juliol fins al diumenge 18 de setembre. Les xifres aconseguides confirmen <strong>la recuperaci\u00f3 dels \u00edndexs anteriors a la pand\u00e8mia<\/strong> i situen l&#8217;estiu de 2022 com <strong>un dels millors de l&#8217;\u00faltima d\u00e8cada<\/strong>, quant al nombre de persones que van passar pel centre cultural de la Diputaci\u00f3 d&#8217;Alacant.<\/p>\n<p style=\"text-align: justify;\">La principal exposici\u00f3 temporal del MARQ, <strong>organitzada amb el Coliseu de Roma<\/strong> i al costat de huit museus italians, ha rebut a un total de <strong>73.959 persones<\/strong> des que es va inaugurar el passat 13 d&#8217;abril. El museu acull a m\u00e9s <strong>una altra important mostra internacional<\/strong>, \u201cEl Guerrero Atl\u00e1ntico\u201d, amb tres peces \u00faniques declarades tresors nacionals de Portugal que han sigut reunides per primera vegada per a ser exposades a Alacant, on romandran fins al pr\u00f2xim 23 octubre. A partir d&#8217;ara, totes dues col\u00b7leccions es podran visitar en horari d&#8217;hivern, de 10.00 a 19.00 hores &#8220;<em>aquestes xifres evidencien l&#8217;\u00e8xit de l&#8217;exposici\u00f3 \u2018Gladiadores. H\u00e9roes del Coliseo\u2019, que es consolida com una de les mostres favorites dels \u00faltims anys en el MARQ. Una de les mesures preses per a facilitar major acc\u00e9s del p\u00fablic ha sigut la implantaci\u00f3 d&#8217;un horari estival excepcional, fins a les 23.00 hores de manera ininterrompuda, amb el qual hem volgut introduir el concepte de museu nocturn. Tot a\u00e7\u00f2 ha donat molts bons resultats<\/em>&#8220;, va manifestar al respecte J\u00falia Parra, Diputada de Cultura.<\/p>\n<p style=\"text-align: justify;\">Des de 2013, el museu <strong>ha rebut una mitjana de 21.500 visitants al juliol i agost<\/strong>, registre que enguany s&#8217;ha superat \u00e0mpliament amb <strong>prop de 35.000 usuaris<\/strong>, \u00e9s a dir, <strong>13.500 per damunt de la mitjana<\/strong>. Destaca, a m\u00e9s,<strong> la recepci\u00f3 de persones de nacionalitats procedents de tots els continents<\/strong>, principalment espanyols -que representen m\u00e9s del 80%-, per\u00f2 tamb\u00e9 durant aquest exercici han tingut una notable pres\u00e8ncia ciutadans d&#8217;altres estats d&#8217;Europa, sobretot de Gran Bretanya, Fran\u00e7a, It\u00e0lia i pa\u00efsos n\u00f2rdics i de l&#8217;est, a m\u00e9s de turistes procedents d&#8217;Am\u00e8rica, Oceania i \u00c0sia.<\/p>\n","protected":false},"excerpt":{"rendered":"<p>El Museu Arqueol\u00f2gic d&#8217;Alacant ha concl\u00f2s el seu horari especial estival amb 43.524 visites registrades des que es va comen\u00e7ar&#8230;<\/p>\n","protected":false},"author":1,"featured_media":92167,"comment_status":"open","ping_status":"open","sticky":false,"template":"","format":"standard","meta":{"footnotes":""},"categories":[98,75],"tags":[13198,13209,5977,12660,13188],"class_list":["post-92166","post","type-post","status-publish","format-standard","has-post-thumbnail","hentry","category-comarcas","category-noticias","tag-alacant","tag-arqueologic","tag-arrasa","tag-gladiadores","tag-museu"],"yoast_head":"<!-- This site is optimized with the Yoast SEO plugin v27.3 - https:\/\/yoast.com\/product\/yoast-seo-wordpress\/ -->\n<title>&#039;Gladiadores&#039; arrasa al Museu Arqueol\u00f2gic d&#039;Alacant - COPE Alcoy<\/title>\n<meta name=\"robots\" content=\"index, follow, max-snippet:-1, max-image-preview:large, max-video-preview:-1\" \/>\n<link rel=\"canonical\" href=\"https:\/\/www.copealcoy.es\/es\/gladiadores-arrasa-al-museu-arqueologic-dalacant\/\" \/>\n<meta property=\"og:locale\" content=\"es_ES\" \/>\n<meta property=\"og:type\" content=\"article\" \/>\n<meta property=\"og:title\" content=\"&#039;Gladiadores&#039; arrasa al Museu Arqueol\u00f2gic d&#039;Alacant - COPE Alcoy\" \/>\n<meta property=\"og:description\" content=\"El Museu Arqueol\u00f2gic d&#8217;Alacant ha concl\u00f2s el seu horari especial estival amb 43.524 visites registrades des que es va comen\u00e7ar...\" \/>\n<meta property=\"og:url\" content=\"https:\/\/www.copealcoy.es\/es\/gladiadores-arrasa-al-museu-arqueologic-dalacant\/\" \/>\n<meta property=\"og:site_name\" content=\"COPE Alcoy\" \/>\n<meta property=\"article:published_time\" content=\"2022-09-26T11:38:29+00:00\" \/>\n<meta property=\"article:modified_time\" content=\"2022-09-26T16:00:27+00:00\" \/>\n<meta property=\"og:image\" content=\"https:\/\/www.copealcoy.es\/wp-content\/uploads\/2022\/09\/timThumb-2.jpg\" \/>\n\t<meta property=\"og:image:width\" content=\"800\" \/>\n\t<meta property=\"og:image:height\" content=\"533\" \/>\n\t<meta property=\"og:image:type\" content=\"image\/jpeg\" \/>\n<meta name=\"author\" content=\"Cope Alcoy\" \/>\n<meta name=\"twitter:label1\" content=\"Escrito por\" \/>\n\t<meta name=\"twitter:data1\" content=\"Cope Alcoy\" \/>\n\t<meta name=\"twitter:label2\" content=\"Tiempo de lectura\" \/>\n\t<meta name=\"twitter:data2\" content=\"2 minutos\" \/>\n<script type=\"application\/ld+json\" class=\"yoast-schema-graph\">{\"@context\":\"https:\\\/\\\/schema.org\",\"@graph\":[{\"@type\":\"Article\",\"@id\":\"https:\\\/\\\/www.copealcoy.es\\\/es\\\/gladiadores-arrasa-al-museu-arqueologic-dalacant\\\/#article\",\"isPartOf\":{\"@id\":\"https:\\\/\\\/www.copealcoy.es\\\/es\\\/gladiadores-arrasa-al-museu-arqueologic-dalacant\\\/\"},\"author\":{\"name\":\"Cope Alcoy\",\"@id\":\"https:\\\/\\\/www.copealcoy.es\\\/es\\\/#\\\/schema\\\/person\\\/e777c87fa024e57d40170af9df39882c\"},\"headline\":\"&#8216;Gladiadores&#8217; arrasa al Museu Arqueol\u00f2gic d&#8217;Alacant\",\"datePublished\":\"2022-09-26T11:38:29+00:00\",\"dateModified\":\"2022-09-26T16:00:27+00:00\",\"mainEntityOfPage\":{\"@id\":\"https:\\\/\\\/www.copealcoy.es\\\/es\\\/gladiadores-arrasa-al-museu-arqueologic-dalacant\\\/\"},\"wordCount\":370,\"commentCount\":0,\"image\":{\"@id\":\"https:\\\/\\\/www.copealcoy.es\\\/es\\\/gladiadores-arrasa-al-museu-arqueologic-dalacant\\\/#primaryimage\"},\"thumbnailUrl\":\"https:\\\/\\\/www.copealcoy.es\\\/wp-content\\\/uploads\\\/2022\\\/09\\\/timThumb-2.jpg\",\"keywords\":[\"alacant\",\"arqueol\u00f2gic\",\"arrasa\",\"Gladiadores\",\"Museu\"],\"articleSection\":[\"Comarcas\",\"Noticias\"],\"inLanguage\":\"es\"},{\"@type\":\"WebPage\",\"@id\":\"https:\\\/\\\/www.copealcoy.es\\\/es\\\/gladiadores-arrasa-al-museu-arqueologic-dalacant\\\/\",\"url\":\"https:\\\/\\\/www.copealcoy.es\\\/es\\\/gladiadores-arrasa-al-museu-arqueologic-dalacant\\\/\",\"name\":\"'Gladiadores' arrasa al Museu Arqueol\u00f2gic d'Alacant - COPE Alcoy\",\"isPartOf\":{\"@id\":\"https:\\\/\\\/www.copealcoy.es\\\/es\\\/#website\"},\"primaryImageOfPage\":{\"@id\":\"https:\\\/\\\/www.copealcoy.es\\\/es\\\/gladiadores-arrasa-al-museu-arqueologic-dalacant\\\/#primaryimage\"},\"image\":{\"@id\":\"https:\\\/\\\/www.copealcoy.es\\\/es\\\/gladiadores-arrasa-al-museu-arqueologic-dalacant\\\/#primaryimage\"},\"thumbnailUrl\":\"https:\\\/\\\/www.copealcoy.es\\\/wp-content\\\/uploads\\\/2022\\\/09\\\/timThumb-2.jpg\",\"datePublished\":\"2022-09-26T11:38:29+00:00\",\"dateModified\":\"2022-09-26T16:00:27+00:00\",\"author\":{\"@id\":\"https:\\\/\\\/www.copealcoy.es\\\/es\\\/#\\\/schema\\\/person\\\/e777c87fa024e57d40170af9df39882c\"},\"breadcrumb\":{\"@id\":\"https:\\\/\\\/www.copealcoy.es\\\/es\\\/gladiadores-arrasa-al-museu-arqueologic-dalacant\\\/#breadcrumb\"},\"inLanguage\":\"es\",\"potentialAction\":[{\"@type\":\"ReadAction\",\"target\":[\"https:\\\/\\\/www.copealcoy.es\\\/es\\\/gladiadores-arrasa-al-museu-arqueologic-dalacant\\\/\"]}]},{\"@type\":\"ImageObject\",\"inLanguage\":\"es\",\"@id\":\"https:\\\/\\\/www.copealcoy.es\\\/es\\\/gladiadores-arrasa-al-museu-arqueologic-dalacant\\\/#primaryimage\",\"url\":\"https:\\\/\\\/www.copealcoy.es\\\/wp-content\\\/uploads\\\/2022\\\/09\\\/timThumb-2.jpg\",\"contentUrl\":\"https:\\\/\\\/www.copealcoy.es\\\/wp-content\\\/uploads\\\/2022\\\/09\\\/timThumb-2.jpg\",\"width\":800,\"height\":533},{\"@type\":\"BreadcrumbList\",\"@id\":\"https:\\\/\\\/www.copealcoy.es\\\/es\\\/gladiadores-arrasa-al-museu-arqueologic-dalacant\\\/#breadcrumb\",\"itemListElement\":[{\"@type\":\"ListItem\",\"position\":1,\"name\":\"Portada\",\"item\":\"https:\\\/\\\/www.copealcoy.es\\\/es\\\/\"},{\"@type\":\"ListItem\",\"position\":2,\"name\":\"&#8216;Gladiadores&#8217; arrasa al Museu Arqueol\u00f2gic d&#8217;Alacant\"}]},{\"@type\":\"WebSite\",\"@id\":\"https:\\\/\\\/www.copealcoy.es\\\/es\\\/#website\",\"url\":\"https:\\\/\\\/www.copealcoy.es\\\/es\\\/\",\"name\":\"COPE Alcoy\",\"description\":\"Emisora COPE de radio local con emisi\u00f3n online. Pont de Sant Jordi 8-10 03803 Alcoy\",\"potentialAction\":[{\"@type\":\"SearchAction\",\"target\":{\"@type\":\"EntryPoint\",\"urlTemplate\":\"https:\\\/\\\/www.copealcoy.es\\\/es\\\/?s={search_term_string}\"},\"query-input\":{\"@type\":\"PropertyValueSpecification\",\"valueRequired\":true,\"valueName\":\"search_term_string\"}}],\"inLanguage\":\"es\"},{\"@type\":\"Person\",\"@id\":\"https:\\\/\\\/www.copealcoy.es\\\/es\\\/#\\\/schema\\\/person\\\/e777c87fa024e57d40170af9df39882c\",\"name\":\"Cope Alcoy\",\"image\":{\"@type\":\"ImageObject\",\"inLanguage\":\"es\",\"@id\":\"https:\\\/\\\/secure.gravatar.com\\\/avatar\\\/bb65d0283347e303893ba14f0692005417c1e0e690a325a4c5d8bb2b3943ee14?s=96&d=mm&r=g\",\"url\":\"https:\\\/\\\/secure.gravatar.com\\\/avatar\\\/bb65d0283347e303893ba14f0692005417c1e0e690a325a4c5d8bb2b3943ee14?s=96&d=mm&r=g\",\"contentUrl\":\"https:\\\/\\\/secure.gravatar.com\\\/avatar\\\/bb65d0283347e303893ba14f0692005417c1e0e690a325a4c5d8bb2b3943ee14?s=96&d=mm&r=g\",\"caption\":\"Cope Alcoy\"}}]}<\/script>\n<!-- \/ Yoast SEO plugin. -->","yoast_head_json":{"title":"'Gladiadores' arrasa al Museu Arqueol\u00f2gic d'Alacant - COPE Alcoy","robots":{"index":"index","follow":"follow","max-snippet":"max-snippet:-1","max-image-preview":"max-image-preview:large","max-video-preview":"max-video-preview:-1"},"canonical":"https:\/\/www.copealcoy.es\/es\/gladiadores-arrasa-al-museu-arqueologic-dalacant\/","og_locale":"es_ES","og_type":"article","og_title":"'Gladiadores' arrasa al Museu Arqueol\u00f2gic d'Alacant - COPE Alcoy","og_description":"El Museu Arqueol\u00f2gic d&#8217;Alacant ha concl\u00f2s el seu horari especial estival amb 43.524 visites registrades des que es va comen\u00e7ar...","og_url":"https:\/\/www.copealcoy.es\/es\/gladiadores-arrasa-al-museu-arqueologic-dalacant\/","og_site_name":"COPE Alcoy","article_published_time":"2022-09-26T11:38:29+00:00","article_modified_time":"2022-09-26T16:00:27+00:00","og_image":[{"width":800,"height":533,"url":"https:\/\/www.copealcoy.es\/wp-content\/uploads\/2022\/09\/timThumb-2.jpg","type":"image\/jpeg"}],"author":"Cope Alcoy","twitter_misc":{"Escrito por":"Cope Alcoy","Tiempo de lectura":"2 minutos"},"schema":{"@context":"https:\/\/schema.org","@graph":[{"@type":"Article","@id":"https:\/\/www.copealcoy.es\/es\/gladiadores-arrasa-al-museu-arqueologic-dalacant\/#article","isPartOf":{"@id":"https:\/\/www.copealcoy.es\/es\/gladiadores-arrasa-al-museu-arqueologic-dalacant\/"},"author":{"name":"Cope Alcoy","@id":"https:\/\/www.copealcoy.es\/es\/#\/schema\/person\/e777c87fa024e57d40170af9df39882c"},"headline":"&#8216;Gladiadores&#8217; arrasa al Museu Arqueol\u00f2gic d&#8217;Alacant","datePublished":"2022-09-26T11:38:29+00:00","dateModified":"2022-09-26T16:00:27+00:00","mainEntityOfPage":{"@id":"https:\/\/www.copealcoy.es\/es\/gladiadores-arrasa-al-museu-arqueologic-dalacant\/"},"wordCount":370,"commentCount":0,"image":{"@id":"https:\/\/www.copealcoy.es\/es\/gladiadores-arrasa-al-museu-arqueologic-dalacant\/#primaryimage"},"thumbnailUrl":"https:\/\/www.copealcoy.es\/wp-content\/uploads\/2022\/09\/timThumb-2.jpg","keywords":["alacant","arqueol\u00f2gic","arrasa","Gladiadores","Museu"],"articleSection":["Comarcas","Noticias"],"inLanguage":"es"},{"@type":"WebPage","@id":"https:\/\/www.copealcoy.es\/es\/gladiadores-arrasa-al-museu-arqueologic-dalacant\/","url":"https:\/\/www.copealcoy.es\/es\/gladiadores-arrasa-al-museu-arqueologic-dalacant\/","name":"'Gladiadores' arrasa al Museu Arqueol\u00f2gic d'Alacant - COPE Alcoy","isPartOf":{"@id":"https:\/\/www.copealcoy.es\/es\/#website"},"primaryImageOfPage":{"@id":"https:\/\/www.copealcoy.es\/es\/gladiadores-arrasa-al-museu-arqueologic-dalacant\/#primaryimage"},"image":{"@id":"https:\/\/www.copealcoy.es\/es\/gladiadores-arrasa-al-museu-arqueologic-dalacant\/#primaryimage"},"thumbnailUrl":"https:\/\/www.copealcoy.es\/wp-content\/uploads\/2022\/09\/timThumb-2.jpg","datePublished":"2022-09-26T11:38:29+00:00","dateModified":"2022-09-26T16:00:27+00:00","author":{"@id":"https:\/\/www.copealcoy.es\/es\/#\/schema\/person\/e777c87fa024e57d40170af9df39882c"},"breadcrumb":{"@id":"https:\/\/www.copealcoy.es\/es\/gladiadores-arrasa-al-museu-arqueologic-dalacant\/#breadcrumb"},"inLanguage":"es","potentialAction":[{"@type":"ReadAction","target":["https:\/\/www.copealcoy.es\/es\/gladiadores-arrasa-al-museu-arqueologic-dalacant\/"]}]},{"@type":"ImageObject","inLanguage":"es","@id":"https:\/\/www.copealcoy.es\/es\/gladiadores-arrasa-al-museu-arqueologic-dalacant\/#primaryimage","url":"https:\/\/www.copealcoy.es\/wp-content\/uploads\/2022\/09\/timThumb-2.jpg","contentUrl":"https:\/\/www.copealcoy.es\/wp-content\/uploads\/2022\/09\/timThumb-2.jpg","width":800,"height":533},{"@type":"BreadcrumbList","@id":"https:\/\/www.copealcoy.es\/es\/gladiadores-arrasa-al-museu-arqueologic-dalacant\/#breadcrumb","itemListElement":[{"@type":"ListItem","position":1,"name":"Portada","item":"https:\/\/www.copealcoy.es\/es\/"},{"@type":"ListItem","position":2,"name":"&#8216;Gladiadores&#8217; arrasa al Museu Arqueol\u00f2gic d&#8217;Alacant"}]},{"@type":"WebSite","@id":"https:\/\/www.copealcoy.es\/es\/#website","url":"https:\/\/www.copealcoy.es\/es\/","name":"COPE Alcoy","description":"Emisora COPE de radio local con emisi\u00f3n online. Pont de Sant Jordi 8-10 03803 Alcoy","potentialAction":[{"@type":"SearchAction","target":{"@type":"EntryPoint","urlTemplate":"https:\/\/www.copealcoy.es\/es\/?s={search_term_string}"},"query-input":{"@type":"PropertyValueSpecification","valueRequired":true,"valueName":"search_term_string"}}],"inLanguage":"es"},{"@type":"Person","@id":"https:\/\/www.copealcoy.es\/es\/#\/schema\/person\/e777c87fa024e57d40170af9df39882c","name":"Cope Alcoy","image":{"@type":"ImageObject","inLanguage":"es","@id":"https:\/\/secure.gravatar.com\/avatar\/bb65d0283347e303893ba14f0692005417c1e0e690a325a4c5d8bb2b3943ee14?s=96&d=mm&r=g","url":"https:\/\/secure.gravatar.com\/avatar\/bb65d0283347e303893ba14f0692005417c1e0e690a325a4c5d8bb2b3943ee14?s=96&d=mm&r=g","contentUrl":"https:\/\/secure.gravatar.com\/avatar\/bb65d0283347e303893ba14f0692005417c1e0e690a325a4c5d8bb2b3943ee14?s=96&d=mm&r=g","caption":"Cope Alcoy"}}]}},"_links":{"self":[{"href":"https:\/\/www.copealcoy.es\/es\/wp-json\/wp\/v2\/posts\/92166","targetHints":{"allow":["GET"]}}],"collection":[{"href":"https:\/\/www.copealcoy.es\/es\/wp-json\/wp\/v2\/posts"}],"about":[{"href":"https:\/\/www.copealcoy.es\/es\/wp-json\/wp\/v2\/types\/post"}],"author":[{"embeddable":true,"href":"https:\/\/www.copealcoy.es\/es\/wp-json\/wp\/v2\/users\/1"}],"replies":[{"embeddable":true,"href":"https:\/\/www.copealcoy.es\/es\/wp-json\/wp\/v2\/comments?post=92166"}],"version-history":[{"count":0,"href":"https:\/\/www.copealcoy.es\/es\/wp-json\/wp\/v2\/posts\/92166\/revisions"}],"wp:featuredmedia":[{"embeddable":true,"href":"https:\/\/www.copealcoy.es\/es\/wp-json\/wp\/v2\/media\/92167"}],"wp:attachment":[{"href":"https:\/\/www.copealcoy.es\/es\/wp-json\/wp\/v2\/media?parent=92166"}],"wp:term":[{"taxonomy":"category","embeddable":true,"href":"https:\/\/www.copealcoy.es\/es\/wp-json\/wp\/v2\/categories?post=92166"},{"taxonomy":"post_tag","embeddable":true,"href":"https:\/\/www.copealcoy.es\/es\/wp-json\/wp\/v2\/tags?post=92166"}],"curies":[{"name":"wp","href":"https:\/\/api.w.org\/{rel}","templated":true}]}}