{"id":92115,"date":"2022-09-24T08:00:27","date_gmt":"2022-09-24T07:00:27","guid":{"rendered":"https:\/\/www.copealcoy.es\/?p=92115"},"modified":"2022-09-25T11:45:04","modified_gmt":"2022-09-25T10:45:04","slug":"esta-es-la-agenda-de-la-feria-modernista-de-alcoy-para-este-sabado","status":"publish","type":"post","link":"https:\/\/www.copealcoy.es\/es\/esta-es-la-agenda-de-la-feria-modernista-de-alcoy-para-este-sabado\/","title":{"rendered":"Esta es la Agenda de la Feria Modernista de Alcoy para este s\u00e1bado"},"content":{"rendered":"<p style=\"text-align: justify;\">La Feria Modernista de Alcoy sigue adelante este s\u00e1bado con un amplio abanico de propuestas que te enumeramos a continuaci\u00f3n:<\/p>\n<ul>\n<li>10:30h a 13:30h Mercado Modernista en la Plaza de Espa\u00f1a de Alcoy<\/li>\n<li>10:00h Danza y Modernismo. &#8220;La expresi\u00f3n de un mundo interior&#8221; en el Conservatorio<\/li>\n<li>10:30h Inauguraci\u00f3n de la Feria Modernista de Alcoy en La Glorieta<\/li>\n<li>11:00h Manifestaci\u00f3n popular contra los consumos desde la Plaza Ram\u00f3n y Cajal<\/li>\n<li>12:00h Recreaci\u00f3n de un duelo a pistola en la Placeta del Fossar<\/li>\n<li>12:00h Desfile Scout y Ceremonia desde la Plaza de Espa\u00f1a<\/li>\n<li>14:00h Picnic Modernista en Cervantes<\/li>\n<li>17:00h Baile popular en La Glorieta<\/li>\n<li>17:30h Talleres de Escultismo en La Glorieta<\/li>\n<li>17:30h Juegos Infantiles del Modernismo en la calle San Lorenzo<\/li>\n<li>18:00h Concierto Modernista en El Caf\u00e9 Samarita<\/li>\n<li>18:00h Actuaci\u00f3n Teatralizada del Grup de Danses Sant Jordi<\/li>\n<li>18:30h Teatro itinerante organizado por Tesal\u00edn<\/li>\n<\/ul>\n<p>&nbsp;<\/p>\n","protected":false},"excerpt":{"rendered":"<p>La Feria Modernista de Alcoy sigue adelante este s\u00e1bado con un amplio abanico de propuestas que te enumeramos a continuaci\u00f3n:&#8230;<\/p>\n","protected":false},"author":1,"featured_media":91828,"comment_status":"open","ping_status":"open","sticky":false,"template":"","format":"standard","meta":{"footnotes":""},"categories":[6909,97,78,75],"tags":[684,1494,4643,514],"class_list":["post-92115","post","type-post","status-publish","format-standard","has-post-thumbnail","hentry","category-actualidad","category-alcoy","category-fiestaycultura","category-noticias","tag-agenda","tag-alcoy","tag-feria-modernista","tag-turismo"],"yoast_head":"<!-- This site is optimized with the Yoast SEO plugin v27.3 - https:\/\/yoast.com\/product\/yoast-seo-wordpress\/ -->\n<title>Esta es la Agenda de la Feria Modernista de Alcoy para este s\u00e1bado - COPE Alcoy<\/title>\n<meta name=\"robots\" content=\"index, follow, max-snippet:-1, max-image-preview:large, max-video-preview:-1\" \/>\n<link rel=\"canonical\" href=\"https:\/\/www.copealcoy.es\/es\/esta-es-la-agenda-de-la-feria-modernista-de-alcoy-para-este-sabado\/\" \/>\n<meta property=\"og:locale\" content=\"es_ES\" \/>\n<meta property=\"og:type\" content=\"article\" \/>\n<meta property=\"og:title\" content=\"Esta es la Agenda de la Feria Modernista de Alcoy para este s\u00e1bado - COPE Alcoy\" \/>\n<meta property=\"og:description\" content=\"La Feria Modernista de Alcoy sigue adelante este s\u00e1bado con un amplio abanico de propuestas que te enumeramos a continuaci\u00f3n:...\" \/>\n<meta property=\"og:url\" content=\"https:\/\/www.copealcoy.es\/es\/esta-es-la-agenda-de-la-feria-modernista-de-alcoy-para-este-sabado\/\" \/>\n<meta property=\"og:site_name\" content=\"COPE Alcoy\" \/>\n<meta property=\"article:published_time\" content=\"2022-09-24T07:00:27+00:00\" \/>\n<meta property=\"article:modified_time\" content=\"2022-09-25T10:45:04+00:00\" \/>\n<meta property=\"og:image\" content=\"https:\/\/www.copealcoy.es\/wp-content\/uploads\/2022\/09\/CARTEL-FERIA-ALCOYC-2022.jpg\" \/>\n\t<meta property=\"og:image:width\" content=\"982\" \/>\n\t<meta property=\"og:image:height\" content=\"586\" \/>\n\t<meta property=\"og:image:type\" content=\"image\/jpeg\" \/>\n<meta name=\"author\" content=\"Cope Alcoy\" \/>\n<meta name=\"twitter:label1\" content=\"Escrito por\" \/>\n\t<meta name=\"twitter:data1\" content=\"Cope Alcoy\" \/>\n\t<meta name=\"twitter:label2\" content=\"Tiempo de lectura\" \/>\n\t<meta name=\"twitter:data2\" content=\"1 minuto\" \/>\n<script type=\"application\/ld+json\" class=\"yoast-schema-graph\">{\"@context\":\"https:\\\/\\\/schema.org\",\"@graph\":[{\"@type\":\"Article\",\"@id\":\"https:\\\/\\\/www.copealcoy.es\\\/es\\\/esta-es-la-agenda-de-la-feria-modernista-de-alcoy-para-este-sabado\\\/#article\",\"isPartOf\":{\"@id\":\"https:\\\/\\\/www.copealcoy.es\\\/es\\\/esta-es-la-agenda-de-la-feria-modernista-de-alcoy-para-este-sabado\\\/\"},\"author\":{\"name\":\"Cope Alcoy\",\"@id\":\"https:\\\/\\\/www.copealcoy.es\\\/es\\\/#\\\/schema\\\/person\\\/e777c87fa024e57d40170af9df39882c\"},\"headline\":\"Esta es la Agenda de la Feria Modernista de Alcoy para este s\u00e1bado\",\"datePublished\":\"2022-09-24T07:00:27+00:00\",\"dateModified\":\"2022-09-25T10:45:04+00:00\",\"mainEntityOfPage\":{\"@id\":\"https:\\\/\\\/www.copealcoy.es\\\/es\\\/esta-es-la-agenda-de-la-feria-modernista-de-alcoy-para-este-sabado\\\/\"},\"wordCount\":166,\"commentCount\":0,\"image\":{\"@id\":\"https:\\\/\\\/www.copealcoy.es\\\/es\\\/esta-es-la-agenda-de-la-feria-modernista-de-alcoy-para-este-sabado\\\/#primaryimage\"},\"thumbnailUrl\":\"https:\\\/\\\/www.copealcoy.es\\\/wp-content\\\/uploads\\\/2022\\\/09\\\/CARTEL-FERIA-ALCOYC-2022.jpg\",\"keywords\":[\"Agenda\",\"Alcoy\",\"Feria Modernista\",\"Turismo\"],\"articleSection\":[\"Actualidad\",\"Alcoy\",\"Fiesta y Cultura\",\"Noticias\"],\"inLanguage\":\"es\"},{\"@type\":\"WebPage\",\"@id\":\"https:\\\/\\\/www.copealcoy.es\\\/es\\\/esta-es-la-agenda-de-la-feria-modernista-de-alcoy-para-este-sabado\\\/\",\"url\":\"https:\\\/\\\/www.copealcoy.es\\\/es\\\/esta-es-la-agenda-de-la-feria-modernista-de-alcoy-para-este-sabado\\\/\",\"name\":\"Esta es la Agenda de la Feria Modernista de Alcoy para este s\u00e1bado - COPE Alcoy\",\"isPartOf\":{\"@id\":\"https:\\\/\\\/www.copealcoy.es\\\/es\\\/#website\"},\"primaryImageOfPage\":{\"@id\":\"https:\\\/\\\/www.copealcoy.es\\\/es\\\/esta-es-la-agenda-de-la-feria-modernista-de-alcoy-para-este-sabado\\\/#primaryimage\"},\"image\":{\"@id\":\"https:\\\/\\\/www.copealcoy.es\\\/es\\\/esta-es-la-agenda-de-la-feria-modernista-de-alcoy-para-este-sabado\\\/#primaryimage\"},\"thumbnailUrl\":\"https:\\\/\\\/www.copealcoy.es\\\/wp-content\\\/uploads\\\/2022\\\/09\\\/CARTEL-FERIA-ALCOYC-2022.jpg\",\"datePublished\":\"2022-09-24T07:00:27+00:00\",\"dateModified\":\"2022-09-25T10:45:04+00:00\",\"author\":{\"@id\":\"https:\\\/\\\/www.copealcoy.es\\\/es\\\/#\\\/schema\\\/person\\\/e777c87fa024e57d40170af9df39882c\"},\"breadcrumb\":{\"@id\":\"https:\\\/\\\/www.copealcoy.es\\\/es\\\/esta-es-la-agenda-de-la-feria-modernista-de-alcoy-para-este-sabado\\\/#breadcrumb\"},\"inLanguage\":\"es\",\"potentialAction\":[{\"@type\":\"ReadAction\",\"target\":[\"https:\\\/\\\/www.copealcoy.es\\\/es\\\/esta-es-la-agenda-de-la-feria-modernista-de-alcoy-para-este-sabado\\\/\"]}]},{\"@type\":\"ImageObject\",\"inLanguage\":\"es\",\"@id\":\"https:\\\/\\\/www.copealcoy.es\\\/es\\\/esta-es-la-agenda-de-la-feria-modernista-de-alcoy-para-este-sabado\\\/#primaryimage\",\"url\":\"https:\\\/\\\/www.copealcoy.es\\\/wp-content\\\/uploads\\\/2022\\\/09\\\/CARTEL-FERIA-ALCOYC-2022.jpg\",\"contentUrl\":\"https:\\\/\\\/www.copealcoy.es\\\/wp-content\\\/uploads\\\/2022\\\/09\\\/CARTEL-FERIA-ALCOYC-2022.jpg\",\"width\":982,\"height\":586},{\"@type\":\"BreadcrumbList\",\"@id\":\"https:\\\/\\\/www.copealcoy.es\\\/es\\\/esta-es-la-agenda-de-la-feria-modernista-de-alcoy-para-este-sabado\\\/#breadcrumb\",\"itemListElement\":[{\"@type\":\"ListItem\",\"position\":1,\"name\":\"Portada\",\"item\":\"https:\\\/\\\/www.copealcoy.es\\\/es\\\/\"},{\"@type\":\"ListItem\",\"position\":2,\"name\":\"Esta es la Agenda de la Feria Modernista de Alcoy para este s\u00e1bado\"}]},{\"@type\":\"WebSite\",\"@id\":\"https:\\\/\\\/www.copealcoy.es\\\/es\\\/#website\",\"url\":\"https:\\\/\\\/www.copealcoy.es\\\/es\\\/\",\"name\":\"COPE Alcoy\",\"description\":\"Emisora COPE de radio local con emisi\u00f3n online. Pont de Sant Jordi 8-10 03803 Alcoy\",\"potentialAction\":[{\"@type\":\"SearchAction\",\"target\":{\"@type\":\"EntryPoint\",\"urlTemplate\":\"https:\\\/\\\/www.copealcoy.es\\\/es\\\/?s={search_term_string}\"},\"query-input\":{\"@type\":\"PropertyValueSpecification\",\"valueRequired\":true,\"valueName\":\"search_term_string\"}}],\"inLanguage\":\"es\"},{\"@type\":\"Person\",\"@id\":\"https:\\\/\\\/www.copealcoy.es\\\/es\\\/#\\\/schema\\\/person\\\/e777c87fa024e57d40170af9df39882c\",\"name\":\"Cope Alcoy\",\"image\":{\"@type\":\"ImageObject\",\"inLanguage\":\"es\",\"@id\":\"https:\\\/\\\/secure.gravatar.com\\\/avatar\\\/bb65d0283347e303893ba14f0692005417c1e0e690a325a4c5d8bb2b3943ee14?s=96&d=mm&r=g\",\"url\":\"https:\\\/\\\/secure.gravatar.com\\\/avatar\\\/bb65d0283347e303893ba14f0692005417c1e0e690a325a4c5d8bb2b3943ee14?s=96&d=mm&r=g\",\"contentUrl\":\"https:\\\/\\\/secure.gravatar.com\\\/avatar\\\/bb65d0283347e303893ba14f0692005417c1e0e690a325a4c5d8bb2b3943ee14?s=96&d=mm&r=g\",\"caption\":\"Cope Alcoy\"}}]}<\/script>\n<!-- \/ Yoast SEO plugin. -->","yoast_head_json":{"title":"Esta es la Agenda de la Feria Modernista de Alcoy para este s\u00e1bado - COPE Alcoy","robots":{"index":"index","follow":"follow","max-snippet":"max-snippet:-1","max-image-preview":"max-image-preview:large","max-video-preview":"max-video-preview:-1"},"canonical":"https:\/\/www.copealcoy.es\/es\/esta-es-la-agenda-de-la-feria-modernista-de-alcoy-para-este-sabado\/","og_locale":"es_ES","og_type":"article","og_title":"Esta es la Agenda de la Feria Modernista de Alcoy para este s\u00e1bado - COPE Alcoy","og_description":"La Feria Modernista de Alcoy sigue adelante este s\u00e1bado con un amplio abanico de propuestas que te enumeramos a continuaci\u00f3n:...","og_url":"https:\/\/www.copealcoy.es\/es\/esta-es-la-agenda-de-la-feria-modernista-de-alcoy-para-este-sabado\/","og_site_name":"COPE Alcoy","article_published_time":"2022-09-24T07:00:27+00:00","article_modified_time":"2022-09-25T10:45:04+00:00","og_image":[{"width":982,"height":586,"url":"https:\/\/www.copealcoy.es\/wp-content\/uploads\/2022\/09\/CARTEL-FERIA-ALCOYC-2022.jpg","type":"image\/jpeg"}],"author":"Cope Alcoy","twitter_misc":{"Escrito por":"Cope Alcoy","Tiempo de lectura":"1 minuto"},"schema":{"@context":"https:\/\/schema.org","@graph":[{"@type":"Article","@id":"https:\/\/www.copealcoy.es\/es\/esta-es-la-agenda-de-la-feria-modernista-de-alcoy-para-este-sabado\/#article","isPartOf":{"@id":"https:\/\/www.copealcoy.es\/es\/esta-es-la-agenda-de-la-feria-modernista-de-alcoy-para-este-sabado\/"},"author":{"name":"Cope Alcoy","@id":"https:\/\/www.copealcoy.es\/es\/#\/schema\/person\/e777c87fa024e57d40170af9df39882c"},"headline":"Esta es la Agenda de la Feria Modernista de Alcoy para este s\u00e1bado","datePublished":"2022-09-24T07:00:27+00:00","dateModified":"2022-09-25T10:45:04+00:00","mainEntityOfPage":{"@id":"https:\/\/www.copealcoy.es\/es\/esta-es-la-agenda-de-la-feria-modernista-de-alcoy-para-este-sabado\/"},"wordCount":166,"commentCount":0,"image":{"@id":"https:\/\/www.copealcoy.es\/es\/esta-es-la-agenda-de-la-feria-modernista-de-alcoy-para-este-sabado\/#primaryimage"},"thumbnailUrl":"https:\/\/www.copealcoy.es\/wp-content\/uploads\/2022\/09\/CARTEL-FERIA-ALCOYC-2022.jpg","keywords":["Agenda","Alcoy","Feria Modernista","Turismo"],"articleSection":["Actualidad","Alcoy","Fiesta y Cultura","Noticias"],"inLanguage":"es"},{"@type":"WebPage","@id":"https:\/\/www.copealcoy.es\/es\/esta-es-la-agenda-de-la-feria-modernista-de-alcoy-para-este-sabado\/","url":"https:\/\/www.copealcoy.es\/es\/esta-es-la-agenda-de-la-feria-modernista-de-alcoy-para-este-sabado\/","name":"Esta es la Agenda de la Feria Modernista de Alcoy para este s\u00e1bado - COPE Alcoy","isPartOf":{"@id":"https:\/\/www.copealcoy.es\/es\/#website"},"primaryImageOfPage":{"@id":"https:\/\/www.copealcoy.es\/es\/esta-es-la-agenda-de-la-feria-modernista-de-alcoy-para-este-sabado\/#primaryimage"},"image":{"@id":"https:\/\/www.copealcoy.es\/es\/esta-es-la-agenda-de-la-feria-modernista-de-alcoy-para-este-sabado\/#primaryimage"},"thumbnailUrl":"https:\/\/www.copealcoy.es\/wp-content\/uploads\/2022\/09\/CARTEL-FERIA-ALCOYC-2022.jpg","datePublished":"2022-09-24T07:00:27+00:00","dateModified":"2022-09-25T10:45:04+00:00","author":{"@id":"https:\/\/www.copealcoy.es\/es\/#\/schema\/person\/e777c87fa024e57d40170af9df39882c"},"breadcrumb":{"@id":"https:\/\/www.copealcoy.es\/es\/esta-es-la-agenda-de-la-feria-modernista-de-alcoy-para-este-sabado\/#breadcrumb"},"inLanguage":"es","potentialAction":[{"@type":"ReadAction","target":["https:\/\/www.copealcoy.es\/es\/esta-es-la-agenda-de-la-feria-modernista-de-alcoy-para-este-sabado\/"]}]},{"@type":"ImageObject","inLanguage":"es","@id":"https:\/\/www.copealcoy.es\/es\/esta-es-la-agenda-de-la-feria-modernista-de-alcoy-para-este-sabado\/#primaryimage","url":"https:\/\/www.copealcoy.es\/wp-content\/uploads\/2022\/09\/CARTEL-FERIA-ALCOYC-2022.jpg","contentUrl":"https:\/\/www.copealcoy.es\/wp-content\/uploads\/2022\/09\/CARTEL-FERIA-ALCOYC-2022.jpg","width":982,"height":586},{"@type":"BreadcrumbList","@id":"https:\/\/www.copealcoy.es\/es\/esta-es-la-agenda-de-la-feria-modernista-de-alcoy-para-este-sabado\/#breadcrumb","itemListElement":[{"@type":"ListItem","position":1,"name":"Portada","item":"https:\/\/www.copealcoy.es\/es\/"},{"@type":"ListItem","position":2,"name":"Esta es la Agenda de la Feria Modernista de Alcoy para este s\u00e1bado"}]},{"@type":"WebSite","@id":"https:\/\/www.copealcoy.es\/es\/#website","url":"https:\/\/www.copealcoy.es\/es\/","name":"COPE Alcoy","description":"Emisora COPE de radio local con emisi\u00f3n online. Pont de Sant Jordi 8-10 03803 Alcoy","potentialAction":[{"@type":"SearchAction","target":{"@type":"EntryPoint","urlTemplate":"https:\/\/www.copealcoy.es\/es\/?s={search_term_string}"},"query-input":{"@type":"PropertyValueSpecification","valueRequired":true,"valueName":"search_term_string"}}],"inLanguage":"es"},{"@type":"Person","@id":"https:\/\/www.copealcoy.es\/es\/#\/schema\/person\/e777c87fa024e57d40170af9df39882c","name":"Cope Alcoy","image":{"@type":"ImageObject","inLanguage":"es","@id":"https:\/\/secure.gravatar.com\/avatar\/bb65d0283347e303893ba14f0692005417c1e0e690a325a4c5d8bb2b3943ee14?s=96&d=mm&r=g","url":"https:\/\/secure.gravatar.com\/avatar\/bb65d0283347e303893ba14f0692005417c1e0e690a325a4c5d8bb2b3943ee14?s=96&d=mm&r=g","contentUrl":"https:\/\/secure.gravatar.com\/avatar\/bb65d0283347e303893ba14f0692005417c1e0e690a325a4c5d8bb2b3943ee14?s=96&d=mm&r=g","caption":"Cope Alcoy"}}]}},"_links":{"self":[{"href":"https:\/\/www.copealcoy.es\/es\/wp-json\/wp\/v2\/posts\/92115","targetHints":{"allow":["GET"]}}],"collection":[{"href":"https:\/\/www.copealcoy.es\/es\/wp-json\/wp\/v2\/posts"}],"about":[{"href":"https:\/\/www.copealcoy.es\/es\/wp-json\/wp\/v2\/types\/post"}],"author":[{"embeddable":true,"href":"https:\/\/www.copealcoy.es\/es\/wp-json\/wp\/v2\/users\/1"}],"replies":[{"embeddable":true,"href":"https:\/\/www.copealcoy.es\/es\/wp-json\/wp\/v2\/comments?post=92115"}],"version-history":[{"count":0,"href":"https:\/\/www.copealcoy.es\/es\/wp-json\/wp\/v2\/posts\/92115\/revisions"}],"wp:featuredmedia":[{"embeddable":true,"href":"https:\/\/www.copealcoy.es\/es\/wp-json\/wp\/v2\/media\/91828"}],"wp:attachment":[{"href":"https:\/\/www.copealcoy.es\/es\/wp-json\/wp\/v2\/media?parent=92115"}],"wp:term":[{"taxonomy":"category","embeddable":true,"href":"https:\/\/www.copealcoy.es\/es\/wp-json\/wp\/v2\/categories?post=92115"},{"taxonomy":"post_tag","embeddable":true,"href":"https:\/\/www.copealcoy.es\/es\/wp-json\/wp\/v2\/tags?post=92115"}],"curies":[{"name":"wp","href":"https:\/\/api.w.org\/{rel}","templated":true}]}}