{"id":91894,"date":"2022-09-20T19:50:34","date_gmt":"2022-09-20T18:50:34","guid":{"rendered":"https:\/\/www.copealcoy.es\/?p=91894"},"modified":"2022-09-20T20:07:41","modified_gmt":"2022-09-20T19:07:41","slug":"muro-inicia-la-vii-edicio-dels-pressupostos-participatius","status":"publish","type":"post","link":"https:\/\/www.copealcoy.es\/es\/muro-inicia-la-vii-edicio-dels-pressupostos-participatius\/","title":{"rendered":"Muro inicia la VII edici\u00f3 dels Pressupostos Participatius"},"content":{"rendered":"<p style=\"text-align: justify;\">L\u2019<strong>Ajuntament de Muro<\/strong> ha posat en marxa <strong>una nova edici\u00f3 dels Pressupostos Participatius<\/strong>. Amb una dotaci\u00f3 de <strong>70.000 euros<\/strong>, destinats a inversions, aquesta eina participativa <strong>pret\u00e9n dotar a la poblaci\u00f3 de mecanismes de democr\u00e0cia directa<\/strong>, sempre amb un criteris concrets i amb un esperit de corresponsabilitzaci\u00f3 envers les prioritats de les ve\u00efnes i ve\u00efns de la poblaci\u00f3.<\/p>\n<p style=\"text-align: justify;\">Aquest proc\u00e9s arranca amb <strong>l\u2019arreplegada de propostes<\/strong> efectuades per parts dels ciutadans, -sempre complint uns requisits- des del 21 de setembre fins el 9 d\u2019octubre, podent-se efectuar tant de manera presencial (en el registre de l\u2019Ajuntament), com telem\u00e0ticament en el web\u00a0<strong>participando.vilademuro.net. <\/strong>La <strong>segona fase<\/strong> -i no menys important- \u00e9s la de validaci\u00f3 t\u00e8cnica, un per\u00edode en el qual el personal t\u00e8cnic de l\u2019Ajuntament realitza el garbellat, la selecci\u00f3 i la cerca dels pressupostos de les opcions presentades pels participants, en base a criteris t\u00e8cnics, legals, jur\u00eddics i de viabilitat. Aquesta tasca abarca des del 10 d\u2019octubre fins el 6 de novembre. I ja per finalitzar, i pr\u00e8via presentaci\u00f3 de les propostes que compleixen els requisits per a ser triades, arriba la fase de votaci\u00f3 (del 10 de novembre fins el 24 del mateix mes), on totes les mureres i murers majors de 16 anys i empadronats a la nostra poblaci\u00f3 que ho desitgen, poden exercir el seu dret a una democr\u00e0cia horitzontal i de futur &#8220;<em>celebrem ja la setena edici\u00f3 dels Pressupostos Participatius de Muro, perqu\u00e8 tenim una clara vocaci\u00f3 per dotar a la ciutadania de ferramentes per participar en el dia a dia del nostre poble, podent proposar i despr\u00e9s votar quines s\u00f3n les inversions que creuen m\u00e9s necess\u00e0ries dins dels 70.000 euros disponibles<\/em>&#8220;, assenyala el regidor <strong>Kike Pascual<\/strong>.<\/p>\n<p style=\"text-align: justify;\">Amb la mateixa f\u00f3rmula utilitzada per a fer propostes, <strong>podran votar tant presencialment<\/strong> (Ajuntament), com <strong>telem\u00e0ticament<\/strong> en el web\u00a0<strong>participando.vilademuro.net<\/strong><\/p>\n","protected":false},"excerpt":{"rendered":"<p>L\u2019Ajuntament de Muro ha posat en marxa una nova edici\u00f3 dels Pressupostos Participatius. Amb una dotaci\u00f3 de 70.000 euros, destinats&#8230;<\/p>\n","protected":false},"author":1,"featured_media":55284,"comment_status":"open","ping_status":"open","sticky":false,"template":"","format":"standard","meta":{"footnotes":""},"categories":[98,75],"tags":[9579,3319,135,9669],"class_list":["post-91894","post","type-post","status-publish","format-standard","has-post-thumbnail","hentry","category-comarcas","category-noticias","tag-campanya","tag-kike-pascual","tag-muro","tag-pressupostos-participatius"],"yoast_head":"<!-- This site is optimized with the Yoast SEO plugin v27.3 - https:\/\/yoast.com\/product\/yoast-seo-wordpress\/ -->\n<title>Muro inicia la VII edici\u00f3 dels Pressupostos Participatius - COPE Alcoy<\/title>\n<meta name=\"robots\" content=\"index, follow, max-snippet:-1, max-image-preview:large, max-video-preview:-1\" \/>\n<link rel=\"canonical\" href=\"https:\/\/www.copealcoy.es\/es\/muro-inicia-la-vii-edicio-dels-pressupostos-participatius\/\" \/>\n<meta property=\"og:locale\" content=\"es_ES\" \/>\n<meta property=\"og:type\" content=\"article\" \/>\n<meta property=\"og:title\" content=\"Muro inicia la VII edici\u00f3 dels Pressupostos Participatius - COPE Alcoy\" \/>\n<meta property=\"og:description\" content=\"L\u2019Ajuntament de Muro ha posat en marxa una nova edici\u00f3 dels Pressupostos Participatius. Amb una dotaci\u00f3 de 70.000 euros, destinats...\" \/>\n<meta property=\"og:url\" content=\"https:\/\/www.copealcoy.es\/es\/muro-inicia-la-vii-edicio-dels-pressupostos-participatius\/\" \/>\n<meta property=\"og:site_name\" content=\"COPE Alcoy\" \/>\n<meta property=\"article:published_time\" content=\"2022-09-20T18:50:34+00:00\" \/>\n<meta property=\"article:modified_time\" content=\"2022-09-20T19:07:41+00:00\" \/>\n<meta property=\"og:image\" content=\"https:\/\/www.copealcoy.es\/wp-content\/uploads\/2019\/09\/DSCN6252_bis-1.jpg\" \/>\n\t<meta property=\"og:image:width\" content=\"1600\" \/>\n\t<meta property=\"og:image:height\" content=\"1179\" \/>\n\t<meta property=\"og:image:type\" content=\"image\/jpeg\" \/>\n<meta name=\"author\" content=\"Cope Alcoy\" \/>\n<meta name=\"twitter:label1\" content=\"Escrito por\" \/>\n\t<meta name=\"twitter:data1\" content=\"Cope Alcoy\" \/>\n\t<meta name=\"twitter:label2\" content=\"Tiempo de lectura\" \/>\n\t<meta name=\"twitter:data2\" content=\"2 minutos\" \/>\n<script type=\"application\/ld+json\" class=\"yoast-schema-graph\">{\"@context\":\"https:\\\/\\\/schema.org\",\"@graph\":[{\"@type\":\"Article\",\"@id\":\"https:\\\/\\\/www.copealcoy.es\\\/es\\\/muro-inicia-la-vii-edicio-dels-pressupostos-participatius\\\/#article\",\"isPartOf\":{\"@id\":\"https:\\\/\\\/www.copealcoy.es\\\/es\\\/muro-inicia-la-vii-edicio-dels-pressupostos-participatius\\\/\"},\"author\":{\"name\":\"Cope Alcoy\",\"@id\":\"https:\\\/\\\/www.copealcoy.es\\\/es\\\/#\\\/schema\\\/person\\\/e777c87fa024e57d40170af9df39882c\"},\"headline\":\"Muro inicia la VII edici\u00f3 dels Pressupostos Participatius\",\"datePublished\":\"2022-09-20T18:50:34+00:00\",\"dateModified\":\"2022-09-20T19:07:41+00:00\",\"mainEntityOfPage\":{\"@id\":\"https:\\\/\\\/www.copealcoy.es\\\/es\\\/muro-inicia-la-vii-edicio-dels-pressupostos-participatius\\\/\"},\"wordCount\":326,\"commentCount\":0,\"image\":{\"@id\":\"https:\\\/\\\/www.copealcoy.es\\\/es\\\/muro-inicia-la-vii-edicio-dels-pressupostos-participatius\\\/#primaryimage\"},\"thumbnailUrl\":\"https:\\\/\\\/www.copealcoy.es\\\/wp-content\\\/uploads\\\/2019\\\/09\\\/DSCN6252_bis-1.jpg\",\"keywords\":[\"campanya\",\"Kike Pascual\",\"Muro\",\"Pressupostos Participatius\"],\"articleSection\":[\"Comarcas\",\"Noticias\"],\"inLanguage\":\"es\"},{\"@type\":\"WebPage\",\"@id\":\"https:\\\/\\\/www.copealcoy.es\\\/es\\\/muro-inicia-la-vii-edicio-dels-pressupostos-participatius\\\/\",\"url\":\"https:\\\/\\\/www.copealcoy.es\\\/es\\\/muro-inicia-la-vii-edicio-dels-pressupostos-participatius\\\/\",\"name\":\"Muro inicia la VII edici\u00f3 dels Pressupostos Participatius - COPE Alcoy\",\"isPartOf\":{\"@id\":\"https:\\\/\\\/www.copealcoy.es\\\/es\\\/#website\"},\"primaryImageOfPage\":{\"@id\":\"https:\\\/\\\/www.copealcoy.es\\\/es\\\/muro-inicia-la-vii-edicio-dels-pressupostos-participatius\\\/#primaryimage\"},\"image\":{\"@id\":\"https:\\\/\\\/www.copealcoy.es\\\/es\\\/muro-inicia-la-vii-edicio-dels-pressupostos-participatius\\\/#primaryimage\"},\"thumbnailUrl\":\"https:\\\/\\\/www.copealcoy.es\\\/wp-content\\\/uploads\\\/2019\\\/09\\\/DSCN6252_bis-1.jpg\",\"datePublished\":\"2022-09-20T18:50:34+00:00\",\"dateModified\":\"2022-09-20T19:07:41+00:00\",\"author\":{\"@id\":\"https:\\\/\\\/www.copealcoy.es\\\/es\\\/#\\\/schema\\\/person\\\/e777c87fa024e57d40170af9df39882c\"},\"breadcrumb\":{\"@id\":\"https:\\\/\\\/www.copealcoy.es\\\/es\\\/muro-inicia-la-vii-edicio-dels-pressupostos-participatius\\\/#breadcrumb\"},\"inLanguage\":\"es\",\"potentialAction\":[{\"@type\":\"ReadAction\",\"target\":[\"https:\\\/\\\/www.copealcoy.es\\\/es\\\/muro-inicia-la-vii-edicio-dels-pressupostos-participatius\\\/\"]}]},{\"@type\":\"ImageObject\",\"inLanguage\":\"es\",\"@id\":\"https:\\\/\\\/www.copealcoy.es\\\/es\\\/muro-inicia-la-vii-edicio-dels-pressupostos-participatius\\\/#primaryimage\",\"url\":\"https:\\\/\\\/www.copealcoy.es\\\/wp-content\\\/uploads\\\/2019\\\/09\\\/DSCN6252_bis-1.jpg\",\"contentUrl\":\"https:\\\/\\\/www.copealcoy.es\\\/wp-content\\\/uploads\\\/2019\\\/09\\\/DSCN6252_bis-1.jpg\",\"width\":1600,\"height\":1179},{\"@type\":\"BreadcrumbList\",\"@id\":\"https:\\\/\\\/www.copealcoy.es\\\/es\\\/muro-inicia-la-vii-edicio-dels-pressupostos-participatius\\\/#breadcrumb\",\"itemListElement\":[{\"@type\":\"ListItem\",\"position\":1,\"name\":\"Portada\",\"item\":\"https:\\\/\\\/www.copealcoy.es\\\/es\\\/\"},{\"@type\":\"ListItem\",\"position\":2,\"name\":\"Muro inicia la VII edici\u00f3 dels Pressupostos Participatius\"}]},{\"@type\":\"WebSite\",\"@id\":\"https:\\\/\\\/www.copealcoy.es\\\/es\\\/#website\",\"url\":\"https:\\\/\\\/www.copealcoy.es\\\/es\\\/\",\"name\":\"COPE Alcoy\",\"description\":\"Emisora COPE de radio local con emisi\u00f3n online. Pont de Sant Jordi 8-10 03803 Alcoy\",\"potentialAction\":[{\"@type\":\"SearchAction\",\"target\":{\"@type\":\"EntryPoint\",\"urlTemplate\":\"https:\\\/\\\/www.copealcoy.es\\\/es\\\/?s={search_term_string}\"},\"query-input\":{\"@type\":\"PropertyValueSpecification\",\"valueRequired\":true,\"valueName\":\"search_term_string\"}}],\"inLanguage\":\"es\"},{\"@type\":\"Person\",\"@id\":\"https:\\\/\\\/www.copealcoy.es\\\/es\\\/#\\\/schema\\\/person\\\/e777c87fa024e57d40170af9df39882c\",\"name\":\"Cope Alcoy\",\"image\":{\"@type\":\"ImageObject\",\"inLanguage\":\"es\",\"@id\":\"https:\\\/\\\/secure.gravatar.com\\\/avatar\\\/bb65d0283347e303893ba14f0692005417c1e0e690a325a4c5d8bb2b3943ee14?s=96&d=mm&r=g\",\"url\":\"https:\\\/\\\/secure.gravatar.com\\\/avatar\\\/bb65d0283347e303893ba14f0692005417c1e0e690a325a4c5d8bb2b3943ee14?s=96&d=mm&r=g\",\"contentUrl\":\"https:\\\/\\\/secure.gravatar.com\\\/avatar\\\/bb65d0283347e303893ba14f0692005417c1e0e690a325a4c5d8bb2b3943ee14?s=96&d=mm&r=g\",\"caption\":\"Cope Alcoy\"}}]}<\/script>\n<!-- \/ Yoast SEO plugin. -->","yoast_head_json":{"title":"Muro inicia la VII edici\u00f3 dels Pressupostos Participatius - COPE Alcoy","robots":{"index":"index","follow":"follow","max-snippet":"max-snippet:-1","max-image-preview":"max-image-preview:large","max-video-preview":"max-video-preview:-1"},"canonical":"https:\/\/www.copealcoy.es\/es\/muro-inicia-la-vii-edicio-dels-pressupostos-participatius\/","og_locale":"es_ES","og_type":"article","og_title":"Muro inicia la VII edici\u00f3 dels Pressupostos Participatius - COPE Alcoy","og_description":"L\u2019Ajuntament de Muro ha posat en marxa una nova edici\u00f3 dels Pressupostos Participatius. Amb una dotaci\u00f3 de 70.000 euros, destinats...","og_url":"https:\/\/www.copealcoy.es\/es\/muro-inicia-la-vii-edicio-dels-pressupostos-participatius\/","og_site_name":"COPE Alcoy","article_published_time":"2022-09-20T18:50:34+00:00","article_modified_time":"2022-09-20T19:07:41+00:00","og_image":[{"width":1600,"height":1179,"url":"https:\/\/www.copealcoy.es\/wp-content\/uploads\/2019\/09\/DSCN6252_bis-1.jpg","type":"image\/jpeg"}],"author":"Cope Alcoy","twitter_misc":{"Escrito por":"Cope Alcoy","Tiempo de lectura":"2 minutos"},"schema":{"@context":"https:\/\/schema.org","@graph":[{"@type":"Article","@id":"https:\/\/www.copealcoy.es\/es\/muro-inicia-la-vii-edicio-dels-pressupostos-participatius\/#article","isPartOf":{"@id":"https:\/\/www.copealcoy.es\/es\/muro-inicia-la-vii-edicio-dels-pressupostos-participatius\/"},"author":{"name":"Cope Alcoy","@id":"https:\/\/www.copealcoy.es\/es\/#\/schema\/person\/e777c87fa024e57d40170af9df39882c"},"headline":"Muro inicia la VII edici\u00f3 dels Pressupostos Participatius","datePublished":"2022-09-20T18:50:34+00:00","dateModified":"2022-09-20T19:07:41+00:00","mainEntityOfPage":{"@id":"https:\/\/www.copealcoy.es\/es\/muro-inicia-la-vii-edicio-dels-pressupostos-participatius\/"},"wordCount":326,"commentCount":0,"image":{"@id":"https:\/\/www.copealcoy.es\/es\/muro-inicia-la-vii-edicio-dels-pressupostos-participatius\/#primaryimage"},"thumbnailUrl":"https:\/\/www.copealcoy.es\/wp-content\/uploads\/2019\/09\/DSCN6252_bis-1.jpg","keywords":["campanya","Kike Pascual","Muro","Pressupostos Participatius"],"articleSection":["Comarcas","Noticias"],"inLanguage":"es"},{"@type":"WebPage","@id":"https:\/\/www.copealcoy.es\/es\/muro-inicia-la-vii-edicio-dels-pressupostos-participatius\/","url":"https:\/\/www.copealcoy.es\/es\/muro-inicia-la-vii-edicio-dels-pressupostos-participatius\/","name":"Muro inicia la VII edici\u00f3 dels Pressupostos Participatius - COPE Alcoy","isPartOf":{"@id":"https:\/\/www.copealcoy.es\/es\/#website"},"primaryImageOfPage":{"@id":"https:\/\/www.copealcoy.es\/es\/muro-inicia-la-vii-edicio-dels-pressupostos-participatius\/#primaryimage"},"image":{"@id":"https:\/\/www.copealcoy.es\/es\/muro-inicia-la-vii-edicio-dels-pressupostos-participatius\/#primaryimage"},"thumbnailUrl":"https:\/\/www.copealcoy.es\/wp-content\/uploads\/2019\/09\/DSCN6252_bis-1.jpg","datePublished":"2022-09-20T18:50:34+00:00","dateModified":"2022-09-20T19:07:41+00:00","author":{"@id":"https:\/\/www.copealcoy.es\/es\/#\/schema\/person\/e777c87fa024e57d40170af9df39882c"},"breadcrumb":{"@id":"https:\/\/www.copealcoy.es\/es\/muro-inicia-la-vii-edicio-dels-pressupostos-participatius\/#breadcrumb"},"inLanguage":"es","potentialAction":[{"@type":"ReadAction","target":["https:\/\/www.copealcoy.es\/es\/muro-inicia-la-vii-edicio-dels-pressupostos-participatius\/"]}]},{"@type":"ImageObject","inLanguage":"es","@id":"https:\/\/www.copealcoy.es\/es\/muro-inicia-la-vii-edicio-dels-pressupostos-participatius\/#primaryimage","url":"https:\/\/www.copealcoy.es\/wp-content\/uploads\/2019\/09\/DSCN6252_bis-1.jpg","contentUrl":"https:\/\/www.copealcoy.es\/wp-content\/uploads\/2019\/09\/DSCN6252_bis-1.jpg","width":1600,"height":1179},{"@type":"BreadcrumbList","@id":"https:\/\/www.copealcoy.es\/es\/muro-inicia-la-vii-edicio-dels-pressupostos-participatius\/#breadcrumb","itemListElement":[{"@type":"ListItem","position":1,"name":"Portada","item":"https:\/\/www.copealcoy.es\/es\/"},{"@type":"ListItem","position":2,"name":"Muro inicia la VII edici\u00f3 dels Pressupostos Participatius"}]},{"@type":"WebSite","@id":"https:\/\/www.copealcoy.es\/es\/#website","url":"https:\/\/www.copealcoy.es\/es\/","name":"COPE Alcoy","description":"Emisora COPE de radio local con emisi\u00f3n online. Pont de Sant Jordi 8-10 03803 Alcoy","potentialAction":[{"@type":"SearchAction","target":{"@type":"EntryPoint","urlTemplate":"https:\/\/www.copealcoy.es\/es\/?s={search_term_string}"},"query-input":{"@type":"PropertyValueSpecification","valueRequired":true,"valueName":"search_term_string"}}],"inLanguage":"es"},{"@type":"Person","@id":"https:\/\/www.copealcoy.es\/es\/#\/schema\/person\/e777c87fa024e57d40170af9df39882c","name":"Cope Alcoy","image":{"@type":"ImageObject","inLanguage":"es","@id":"https:\/\/secure.gravatar.com\/avatar\/bb65d0283347e303893ba14f0692005417c1e0e690a325a4c5d8bb2b3943ee14?s=96&d=mm&r=g","url":"https:\/\/secure.gravatar.com\/avatar\/bb65d0283347e303893ba14f0692005417c1e0e690a325a4c5d8bb2b3943ee14?s=96&d=mm&r=g","contentUrl":"https:\/\/secure.gravatar.com\/avatar\/bb65d0283347e303893ba14f0692005417c1e0e690a325a4c5d8bb2b3943ee14?s=96&d=mm&r=g","caption":"Cope Alcoy"}}]}},"_links":{"self":[{"href":"https:\/\/www.copealcoy.es\/es\/wp-json\/wp\/v2\/posts\/91894","targetHints":{"allow":["GET"]}}],"collection":[{"href":"https:\/\/www.copealcoy.es\/es\/wp-json\/wp\/v2\/posts"}],"about":[{"href":"https:\/\/www.copealcoy.es\/es\/wp-json\/wp\/v2\/types\/post"}],"author":[{"embeddable":true,"href":"https:\/\/www.copealcoy.es\/es\/wp-json\/wp\/v2\/users\/1"}],"replies":[{"embeddable":true,"href":"https:\/\/www.copealcoy.es\/es\/wp-json\/wp\/v2\/comments?post=91894"}],"version-history":[{"count":0,"href":"https:\/\/www.copealcoy.es\/es\/wp-json\/wp\/v2\/posts\/91894\/revisions"}],"wp:featuredmedia":[{"embeddable":true,"href":"https:\/\/www.copealcoy.es\/es\/wp-json\/wp\/v2\/media\/55284"}],"wp:attachment":[{"href":"https:\/\/www.copealcoy.es\/es\/wp-json\/wp\/v2\/media?parent=91894"}],"wp:term":[{"taxonomy":"category","embeddable":true,"href":"https:\/\/www.copealcoy.es\/es\/wp-json\/wp\/v2\/categories?post=91894"},{"taxonomy":"post_tag","embeddable":true,"href":"https:\/\/www.copealcoy.es\/es\/wp-json\/wp\/v2\/tags?post=91894"}],"curies":[{"name":"wp","href":"https:\/\/api.w.org\/{rel}","templated":true}]}}