{"id":9179,"date":"2014-12-18T22:08:51","date_gmt":"2014-12-18T22:08:51","guid":{"rendered":"http:\/\/copealcoi.es\/new\/?p=9179"},"modified":"2014-12-18T22:08:51","modified_gmt":"2014-12-18T22:08:51","slug":"el-calderon-presenta-su-oferta-para-principios-de-ano","status":"publish","type":"post","link":"https:\/\/www.copealcoy.es\/es\/el-calderon-presenta-su-oferta-para-principios-de-ano\/","title":{"rendered":"El Calder\u00f3n presenta su oferta para principios de a\u00f1o"},"content":{"rendered":"<p style=\"text-align: justify;\">El Teatro Calder\u00f3n ofrecer\u00e1 un total de 17 actividades culturales durante los primeros meses del a\u00f1o 2015 combinando diferentes g\u00e9neros como la m\u00fasica, la danza o los actos sociales.<\/p>\n<p style=\"text-align: justify;\">La programaci\u00f3n empezar\u00e1 el 17 de enero con la representaci\u00f3n teatral &#8220;La Mujer de Negro&#8221; dirigida por el actor Emilio Guti\u00e9rrez Caba que estar\u00e1 acompa\u00f1ado por Ivan Massagu\u00e9, conocido por sus apariciones en la peque\u00f1a pantalla. Ser\u00e1 el pistoletazo de salida a otras propuestas variadas que combinan las actividades profesionales \u00a0(El Arca de No\u00e8 de la Fundaci\u00f3n Escolar La Caixa, Potted de La Tr\u00f3cola, Despertar\u00e0s Ahir d&#8217;Ornitorincs, Casa de Mu\u00f1ecas de Bramant Teatre y Gagfather d&#8217;Yllana) junto a las presentadas por las diferentes entidades y asociaciones de la ciudad. \u00a0Tambi\u00e9n, como avance de la primavera, destacan los conciertos de Kiko Veneno y Clover.<\/p>\n<p style=\"text-align: justify;\">Por \u00faltimo hay que mencionar la colaboraci\u00f3n de entidades como Amigos de la M\u00fasica, quienes inaugurar\u00e1n el a\u00f1o con su Concierto protagonizado por l &#8216;Astana Philharmonic Orchestra&#8217;. Junto a ellos estr\u00e1 tambi\u00e9n el Grup de Danses Sant Jordi, la Orquesta Sinf\u00f3nica Alcoyana, Acovifa, la Sociedad El Trabajo y las bandas de m\u00fasica.<\/p>\n<p style=\"text-align: justify;\">Los interesados en conocer esta\u00a0programaci\u00f3n del primer trimestre del a\u00f1o la pueden encontrar en la web y en varios folletos que se podr\u00e1n adquirir f\u00edsicamente en el propio Teatro Calder\u00f3n, el Centre Cultural y en varios establecimientos alcoyanos. Las entradas se podr\u00e1n aquirir en los pr\u00f3ximos d\u00edas a trav\u00e9s del canal instanticket.<\/p>\n","protected":false},"excerpt":{"rendered":"<p>El Teatro Calder\u00f3n ofrecer\u00e1 un total de 17 actividades culturales durante los primeros meses del a\u00f1o 2015 combinando diferentes g\u00e9neros&#8230;<\/p>\n","protected":false},"author":1,"featured_media":9180,"comment_status":"open","ping_status":"open","sticky":false,"template":"","format":"standard","meta":{"footnotes":""},"categories":[97,78,75],"tags":[414,445,377,332],"class_list":["post-9179","post","type-post","status-publish","format-standard","has-post-thumbnail","hentry","category-alcoy","category-fiestaycultura","category-noticias","tag-cultura","tag-danza","tag-musica","tag-teatro"],"yoast_head":"<!-- This site is optimized with the Yoast SEO plugin v27.3 - https:\/\/yoast.com\/product\/yoast-seo-wordpress\/ -->\n<title>El Calder\u00f3n presenta su oferta para principios de a\u00f1o - COPE Alcoy<\/title>\n<meta name=\"robots\" content=\"index, follow, max-snippet:-1, max-image-preview:large, max-video-preview:-1\" \/>\n<link rel=\"canonical\" href=\"https:\/\/www.copealcoy.es\/es\/el-calderon-presenta-su-oferta-para-principios-de-ano\/\" \/>\n<meta property=\"og:locale\" content=\"es_ES\" \/>\n<meta property=\"og:type\" content=\"article\" \/>\n<meta property=\"og:title\" content=\"El Calder\u00f3n presenta su oferta para principios de a\u00f1o - COPE Alcoy\" \/>\n<meta property=\"og:description\" content=\"El Teatro Calder\u00f3n ofrecer\u00e1 un total de 17 actividades culturales durante los primeros meses del a\u00f1o 2015 combinando diferentes g\u00e9neros...\" \/>\n<meta property=\"og:url\" content=\"https:\/\/www.copealcoy.es\/es\/el-calderon-presenta-su-oferta-para-principios-de-ano\/\" \/>\n<meta property=\"og:site_name\" content=\"COPE Alcoy\" \/>\n<meta property=\"article:published_time\" content=\"2014-12-18T22:08:51+00:00\" \/>\n<meta property=\"og:image\" content=\"https:\/\/www.copealcoy.es\/wp-content\/uploads\/2014\/12\/image116.jpg\" \/>\n\t<meta property=\"og:image:width\" content=\"920\" \/>\n\t<meta property=\"og:image:height\" content=\"536\" \/>\n\t<meta property=\"og:image:type\" content=\"image\/jpeg\" \/>\n<meta name=\"author\" content=\"Cope Alcoy\" \/>\n<meta name=\"twitter:label1\" content=\"Escrito por\" \/>\n\t<meta name=\"twitter:data1\" content=\"Cope Alcoy\" \/>\n\t<meta name=\"twitter:label2\" content=\"Tiempo de lectura\" \/>\n\t<meta name=\"twitter:data2\" content=\"1 minuto\" \/>\n<script type=\"application\/ld+json\" class=\"yoast-schema-graph\">{\"@context\":\"https:\\\/\\\/schema.org\",\"@graph\":[{\"@type\":\"Article\",\"@id\":\"https:\\\/\\\/www.copealcoy.es\\\/es\\\/el-calderon-presenta-su-oferta-para-principios-de-ano\\\/#article\",\"isPartOf\":{\"@id\":\"https:\\\/\\\/www.copealcoy.es\\\/es\\\/el-calderon-presenta-su-oferta-para-principios-de-ano\\\/\"},\"author\":{\"name\":\"Cope Alcoy\",\"@id\":\"https:\\\/\\\/www.copealcoy.es\\\/es\\\/#\\\/schema\\\/person\\\/e777c87fa024e57d40170af9df39882c\"},\"headline\":\"El Calder\u00f3n presenta su oferta para principios de a\u00f1o\",\"datePublished\":\"2014-12-18T22:08:51+00:00\",\"mainEntityOfPage\":{\"@id\":\"https:\\\/\\\/www.copealcoy.es\\\/es\\\/el-calderon-presenta-su-oferta-para-principios-de-ano\\\/\"},\"wordCount\":277,\"commentCount\":0,\"image\":{\"@id\":\"https:\\\/\\\/www.copealcoy.es\\\/es\\\/el-calderon-presenta-su-oferta-para-principios-de-ano\\\/#primaryimage\"},\"thumbnailUrl\":\"https:\\\/\\\/www.copealcoy.es\\\/wp-content\\\/uploads\\\/2014\\\/12\\\/image116.jpg\",\"keywords\":[\"Cultura\",\"Danza\",\"M\u00fasica\",\"teatro\"],\"articleSection\":[\"Alcoy\",\"Fiesta y Cultura\",\"Noticias\"],\"inLanguage\":\"es\"},{\"@type\":\"WebPage\",\"@id\":\"https:\\\/\\\/www.copealcoy.es\\\/es\\\/el-calderon-presenta-su-oferta-para-principios-de-ano\\\/\",\"url\":\"https:\\\/\\\/www.copealcoy.es\\\/es\\\/el-calderon-presenta-su-oferta-para-principios-de-ano\\\/\",\"name\":\"El Calder\u00f3n presenta su oferta para principios de a\u00f1o - COPE Alcoy\",\"isPartOf\":{\"@id\":\"https:\\\/\\\/www.copealcoy.es\\\/es\\\/#website\"},\"primaryImageOfPage\":{\"@id\":\"https:\\\/\\\/www.copealcoy.es\\\/es\\\/el-calderon-presenta-su-oferta-para-principios-de-ano\\\/#primaryimage\"},\"image\":{\"@id\":\"https:\\\/\\\/www.copealcoy.es\\\/es\\\/el-calderon-presenta-su-oferta-para-principios-de-ano\\\/#primaryimage\"},\"thumbnailUrl\":\"https:\\\/\\\/www.copealcoy.es\\\/wp-content\\\/uploads\\\/2014\\\/12\\\/image116.jpg\",\"datePublished\":\"2014-12-18T22:08:51+00:00\",\"author\":{\"@id\":\"https:\\\/\\\/www.copealcoy.es\\\/es\\\/#\\\/schema\\\/person\\\/e777c87fa024e57d40170af9df39882c\"},\"breadcrumb\":{\"@id\":\"https:\\\/\\\/www.copealcoy.es\\\/es\\\/el-calderon-presenta-su-oferta-para-principios-de-ano\\\/#breadcrumb\"},\"inLanguage\":\"es\",\"potentialAction\":[{\"@type\":\"ReadAction\",\"target\":[\"https:\\\/\\\/www.copealcoy.es\\\/es\\\/el-calderon-presenta-su-oferta-para-principios-de-ano\\\/\"]}]},{\"@type\":\"ImageObject\",\"inLanguage\":\"es\",\"@id\":\"https:\\\/\\\/www.copealcoy.es\\\/es\\\/el-calderon-presenta-su-oferta-para-principios-de-ano\\\/#primaryimage\",\"url\":\"https:\\\/\\\/www.copealcoy.es\\\/wp-content\\\/uploads\\\/2014\\\/12\\\/image116.jpg\",\"contentUrl\":\"https:\\\/\\\/www.copealcoy.es\\\/wp-content\\\/uploads\\\/2014\\\/12\\\/image116.jpg\",\"width\":920,\"height\":536},{\"@type\":\"BreadcrumbList\",\"@id\":\"https:\\\/\\\/www.copealcoy.es\\\/es\\\/el-calderon-presenta-su-oferta-para-principios-de-ano\\\/#breadcrumb\",\"itemListElement\":[{\"@type\":\"ListItem\",\"position\":1,\"name\":\"Portada\",\"item\":\"https:\\\/\\\/www.copealcoy.es\\\/es\\\/\"},{\"@type\":\"ListItem\",\"position\":2,\"name\":\"El Calder\u00f3n presenta su oferta para principios de a\u00f1o\"}]},{\"@type\":\"WebSite\",\"@id\":\"https:\\\/\\\/www.copealcoy.es\\\/es\\\/#website\",\"url\":\"https:\\\/\\\/www.copealcoy.es\\\/es\\\/\",\"name\":\"COPE Alcoy\",\"description\":\"Emisora COPE de radio local con emisi\u00f3n online. Pont de Sant Jordi 8-10 03803 Alcoy\",\"potentialAction\":[{\"@type\":\"SearchAction\",\"target\":{\"@type\":\"EntryPoint\",\"urlTemplate\":\"https:\\\/\\\/www.copealcoy.es\\\/es\\\/?s={search_term_string}\"},\"query-input\":{\"@type\":\"PropertyValueSpecification\",\"valueRequired\":true,\"valueName\":\"search_term_string\"}}],\"inLanguage\":\"es\"},{\"@type\":\"Person\",\"@id\":\"https:\\\/\\\/www.copealcoy.es\\\/es\\\/#\\\/schema\\\/person\\\/e777c87fa024e57d40170af9df39882c\",\"name\":\"Cope Alcoy\",\"image\":{\"@type\":\"ImageObject\",\"inLanguage\":\"es\",\"@id\":\"https:\\\/\\\/secure.gravatar.com\\\/avatar\\\/bb65d0283347e303893ba14f0692005417c1e0e690a325a4c5d8bb2b3943ee14?s=96&d=mm&r=g\",\"url\":\"https:\\\/\\\/secure.gravatar.com\\\/avatar\\\/bb65d0283347e303893ba14f0692005417c1e0e690a325a4c5d8bb2b3943ee14?s=96&d=mm&r=g\",\"contentUrl\":\"https:\\\/\\\/secure.gravatar.com\\\/avatar\\\/bb65d0283347e303893ba14f0692005417c1e0e690a325a4c5d8bb2b3943ee14?s=96&d=mm&r=g\",\"caption\":\"Cope Alcoy\"}}]}<\/script>\n<!-- \/ Yoast SEO plugin. -->","yoast_head_json":{"title":"El Calder\u00f3n presenta su oferta para principios de a\u00f1o - COPE Alcoy","robots":{"index":"index","follow":"follow","max-snippet":"max-snippet:-1","max-image-preview":"max-image-preview:large","max-video-preview":"max-video-preview:-1"},"canonical":"https:\/\/www.copealcoy.es\/es\/el-calderon-presenta-su-oferta-para-principios-de-ano\/","og_locale":"es_ES","og_type":"article","og_title":"El Calder\u00f3n presenta su oferta para principios de a\u00f1o - COPE Alcoy","og_description":"El Teatro Calder\u00f3n ofrecer\u00e1 un total de 17 actividades culturales durante los primeros meses del a\u00f1o 2015 combinando diferentes g\u00e9neros...","og_url":"https:\/\/www.copealcoy.es\/es\/el-calderon-presenta-su-oferta-para-principios-de-ano\/","og_site_name":"COPE Alcoy","article_published_time":"2014-12-18T22:08:51+00:00","og_image":[{"width":920,"height":536,"url":"https:\/\/www.copealcoy.es\/wp-content\/uploads\/2014\/12\/image116.jpg","type":"image\/jpeg"}],"author":"Cope Alcoy","twitter_misc":{"Escrito por":"Cope Alcoy","Tiempo de lectura":"1 minuto"},"schema":{"@context":"https:\/\/schema.org","@graph":[{"@type":"Article","@id":"https:\/\/www.copealcoy.es\/es\/el-calderon-presenta-su-oferta-para-principios-de-ano\/#article","isPartOf":{"@id":"https:\/\/www.copealcoy.es\/es\/el-calderon-presenta-su-oferta-para-principios-de-ano\/"},"author":{"name":"Cope Alcoy","@id":"https:\/\/www.copealcoy.es\/es\/#\/schema\/person\/e777c87fa024e57d40170af9df39882c"},"headline":"El Calder\u00f3n presenta su oferta para principios de a\u00f1o","datePublished":"2014-12-18T22:08:51+00:00","mainEntityOfPage":{"@id":"https:\/\/www.copealcoy.es\/es\/el-calderon-presenta-su-oferta-para-principios-de-ano\/"},"wordCount":277,"commentCount":0,"image":{"@id":"https:\/\/www.copealcoy.es\/es\/el-calderon-presenta-su-oferta-para-principios-de-ano\/#primaryimage"},"thumbnailUrl":"https:\/\/www.copealcoy.es\/wp-content\/uploads\/2014\/12\/image116.jpg","keywords":["Cultura","Danza","M\u00fasica","teatro"],"articleSection":["Alcoy","Fiesta y Cultura","Noticias"],"inLanguage":"es"},{"@type":"WebPage","@id":"https:\/\/www.copealcoy.es\/es\/el-calderon-presenta-su-oferta-para-principios-de-ano\/","url":"https:\/\/www.copealcoy.es\/es\/el-calderon-presenta-su-oferta-para-principios-de-ano\/","name":"El Calder\u00f3n presenta su oferta para principios de a\u00f1o - COPE Alcoy","isPartOf":{"@id":"https:\/\/www.copealcoy.es\/es\/#website"},"primaryImageOfPage":{"@id":"https:\/\/www.copealcoy.es\/es\/el-calderon-presenta-su-oferta-para-principios-de-ano\/#primaryimage"},"image":{"@id":"https:\/\/www.copealcoy.es\/es\/el-calderon-presenta-su-oferta-para-principios-de-ano\/#primaryimage"},"thumbnailUrl":"https:\/\/www.copealcoy.es\/wp-content\/uploads\/2014\/12\/image116.jpg","datePublished":"2014-12-18T22:08:51+00:00","author":{"@id":"https:\/\/www.copealcoy.es\/es\/#\/schema\/person\/e777c87fa024e57d40170af9df39882c"},"breadcrumb":{"@id":"https:\/\/www.copealcoy.es\/es\/el-calderon-presenta-su-oferta-para-principios-de-ano\/#breadcrumb"},"inLanguage":"es","potentialAction":[{"@type":"ReadAction","target":["https:\/\/www.copealcoy.es\/es\/el-calderon-presenta-su-oferta-para-principios-de-ano\/"]}]},{"@type":"ImageObject","inLanguage":"es","@id":"https:\/\/www.copealcoy.es\/es\/el-calderon-presenta-su-oferta-para-principios-de-ano\/#primaryimage","url":"https:\/\/www.copealcoy.es\/wp-content\/uploads\/2014\/12\/image116.jpg","contentUrl":"https:\/\/www.copealcoy.es\/wp-content\/uploads\/2014\/12\/image116.jpg","width":920,"height":536},{"@type":"BreadcrumbList","@id":"https:\/\/www.copealcoy.es\/es\/el-calderon-presenta-su-oferta-para-principios-de-ano\/#breadcrumb","itemListElement":[{"@type":"ListItem","position":1,"name":"Portada","item":"https:\/\/www.copealcoy.es\/es\/"},{"@type":"ListItem","position":2,"name":"El Calder\u00f3n presenta su oferta para principios de a\u00f1o"}]},{"@type":"WebSite","@id":"https:\/\/www.copealcoy.es\/es\/#website","url":"https:\/\/www.copealcoy.es\/es\/","name":"COPE Alcoy","description":"Emisora COPE de radio local con emisi\u00f3n online. Pont de Sant Jordi 8-10 03803 Alcoy","potentialAction":[{"@type":"SearchAction","target":{"@type":"EntryPoint","urlTemplate":"https:\/\/www.copealcoy.es\/es\/?s={search_term_string}"},"query-input":{"@type":"PropertyValueSpecification","valueRequired":true,"valueName":"search_term_string"}}],"inLanguage":"es"},{"@type":"Person","@id":"https:\/\/www.copealcoy.es\/es\/#\/schema\/person\/e777c87fa024e57d40170af9df39882c","name":"Cope Alcoy","image":{"@type":"ImageObject","inLanguage":"es","@id":"https:\/\/secure.gravatar.com\/avatar\/bb65d0283347e303893ba14f0692005417c1e0e690a325a4c5d8bb2b3943ee14?s=96&d=mm&r=g","url":"https:\/\/secure.gravatar.com\/avatar\/bb65d0283347e303893ba14f0692005417c1e0e690a325a4c5d8bb2b3943ee14?s=96&d=mm&r=g","contentUrl":"https:\/\/secure.gravatar.com\/avatar\/bb65d0283347e303893ba14f0692005417c1e0e690a325a4c5d8bb2b3943ee14?s=96&d=mm&r=g","caption":"Cope Alcoy"}}]}},"_links":{"self":[{"href":"https:\/\/www.copealcoy.es\/es\/wp-json\/wp\/v2\/posts\/9179","targetHints":{"allow":["GET"]}}],"collection":[{"href":"https:\/\/www.copealcoy.es\/es\/wp-json\/wp\/v2\/posts"}],"about":[{"href":"https:\/\/www.copealcoy.es\/es\/wp-json\/wp\/v2\/types\/post"}],"author":[{"embeddable":true,"href":"https:\/\/www.copealcoy.es\/es\/wp-json\/wp\/v2\/users\/1"}],"replies":[{"embeddable":true,"href":"https:\/\/www.copealcoy.es\/es\/wp-json\/wp\/v2\/comments?post=9179"}],"version-history":[{"count":0,"href":"https:\/\/www.copealcoy.es\/es\/wp-json\/wp\/v2\/posts\/9179\/revisions"}],"wp:featuredmedia":[{"embeddable":true,"href":"https:\/\/www.copealcoy.es\/es\/wp-json\/wp\/v2\/media\/9180"}],"wp:attachment":[{"href":"https:\/\/www.copealcoy.es\/es\/wp-json\/wp\/v2\/media?parent=9179"}],"wp:term":[{"taxonomy":"category","embeddable":true,"href":"https:\/\/www.copealcoy.es\/es\/wp-json\/wp\/v2\/categories?post=9179"},{"taxonomy":"post_tag","embeddable":true,"href":"https:\/\/www.copealcoy.es\/es\/wp-json\/wp\/v2\/tags?post=9179"}],"curies":[{"name":"wp","href":"https:\/\/api.w.org\/{rel}","templated":true}]}}