{"id":91721,"date":"2022-09-16T15:57:47","date_gmt":"2022-09-16T14:57:47","guid":{"rendered":"https:\/\/www.copealcoy.es\/?p=91721"},"modified":"2022-09-16T17:19:10","modified_gmt":"2022-09-16T16:19:10","slug":"alcoy-vive-este-fin-de-semana-los-dias-grandes-en-honor-a-la-virgen-de-los-lirios","status":"publish","type":"post","link":"https:\/\/www.copealcoy.es\/es\/alcoy-vive-este-fin-de-semana-los-dias-grandes-en-honor-a-la-virgen-de-los-lirios\/","title":{"rendered":"Alcoy vive este fin de semana los d\u00edas grandes en honor a la Virgen de los Lirios"},"content":{"rendered":"<p style=\"text-align: justify;\">Alcoy se adentra este fin de semana en <strong>los actos centrales de las Fiestas en honor a la patrona de la ciudad<\/strong>, unos festejos que si nada no lo impide <strong>se desarrollar\u00e1n en el formato que ten\u00edan hasta antes de la pandemia<\/strong> del Coronavirus. Lo \u00fanico que puede alterar la programaci\u00f3n es <strong>la adversa climatolog\u00eda <\/strong>que, seg\u00fan las previsiones, <strong>puede darse durante el s\u00e1bado y el domingo<\/strong>; aunque desde la Archicofrad\u00eda ya tienen previsto un plan b para activarlo en el caso de que aparezca la lluvia.<\/p>\n<p style=\"text-align: justify;\">La actividad del s\u00e1bado comenzar\u00e1 a las 12:00h del mediod\u00eda con <strong>un volteo manual de campanas<\/strong> a cargo de la Colla de Campaners d&#8217;Alcoi y ya a partir de las 18:30h de la tarde se oficiar\u00e1 <strong>la misa solemne en la Parroquia de San Mauro y San Francisco<\/strong> a cargo del Obispo Auxiliar de Valencia: Don Arturo Pablo Ros Murgadas. Despu\u00e9s <strong>la imagen de la patrona ser\u00e1 trasladada en procesi\u00f3n a la Plaza de Espa\u00f1a<\/strong> y all\u00ed se le tributar\u00e1 <strong>una ofrenda floral<\/strong> que terminar\u00e1 con <strong>la tradicional &#8216;Crida a la Romeria&#8217;<\/strong>, una alocuci\u00f3n que declamar\u00e1 esta vez <strong>Francisco Javier Monllor Montava<\/strong>. Seguidamente <strong>se disparar\u00e1 un castillo de fuegos artificiales<\/strong> y <strong>se retornar\u00e1 a la Mare de D\u00e9u a la iglesia de San Mauro<\/strong> donde el canto de &#8216;La Salve&#8217; culminar\u00e1 una intensa tarde.<\/p>\n<p style=\"text-align: justify;\">El domingo <strong>ser\u00e1 el turno de subir a la Font Roja en Romer\u00eda<\/strong> despu\u00e9s de que en los \u00faltimos a\u00f1os la lluvia y la pandemia obligasen a desarrollar esta festividad en sus caracter\u00edsticas habituales.\u00a0 A las 06:00h ser\u00e1<strong> la &#8216;despert\u00e0&#8217;<\/strong> y a las 06:45h comenzar\u00e1<strong> el ascenso hasta El Carrascal<\/strong> con la imagen peregrina de la Virgen de los Lirios, la cual <strong>har\u00e1 parada en el Cementerio Municipal<\/strong> para presidir un responso en memoria de los alcoyanos difuntos. Las Filaes <strong>Monta\u00f1eses y Aragoneses<\/strong> servir\u00e1n timonet durante el recorrido y a las 10:30h est\u00e1 prevista <strong>la recepci\u00f3n a la Mare de D\u00e9u en su Santuario<\/strong> &#8220;<em>en el caso de que llueva, y se tenga que suspender de nuevo, pues realizaremos el plan alternativo que tan bien ha funcionado en otros a\u00f1os. Es decir, habr\u00e1 misa en San Mauro y San Francisco para despu\u00e9s realizar una peque\u00f1a Romer\u00eda por La Glorieta<\/em>&#8220;, explicaba en COPE ALCOY <strong>Don Jos\u00e9 Lu\u00eds Llopis<\/strong>; titular de las Parroquias del Centro de la ciudad.<\/p>\n<p style=\"text-align: justify;\">La festividad culminar\u00e1 con <strong>una Misa en la Font Roja<\/strong>, delante del Santuario, con la participaci\u00f3n del Cor d&#8217;Alcoi. Tambi\u00e9n est\u00e1 prevista <strong>la actuaci\u00f3n<\/strong> de la Casa de Andaluc\u00eda y habr\u00e1 una &#8220;dans\u00e0&#8217; popular organizada por el Grup de Danses Carrascal.<\/p>\n","protected":false},"excerpt":{"rendered":"<p>Alcoy se adentra este fin de semana en los actos centrales de las Fiestas en honor a la patrona de&#8230;<\/p>\n","protected":false},"author":1,"featured_media":24935,"comment_status":"open","ping_status":"open","sticky":false,"template":"","format":"standard","meta":{"footnotes":""},"categories":[6909,97,78,75],"tags":[1494,437,566,447,1347],"class_list":["post-91721","post","type-post","status-publish","format-standard","has-post-thumbnail","hentry","category-actualidad","category-alcoy","category-fiestaycultura","category-noticias","tag-alcoy","tag-font-roja","tag-romeria","tag-tradiciones","tag-virgen-de-los-lirios"],"yoast_head":"<!-- This site is optimized with the Yoast SEO plugin v27.3 - https:\/\/yoast.com\/product\/yoast-seo-wordpress\/ -->\n<title>Alcoy vive este fin de semana los d\u00edas grandes en honor a la Virgen de los Lirios - COPE Alcoy<\/title>\n<meta name=\"robots\" content=\"index, follow, max-snippet:-1, max-image-preview:large, max-video-preview:-1\" \/>\n<link rel=\"canonical\" href=\"https:\/\/www.copealcoy.es\/es\/alcoy-vive-este-fin-de-semana-los-dias-grandes-en-honor-a-la-virgen-de-los-lirios\/\" \/>\n<meta property=\"og:locale\" content=\"es_ES\" \/>\n<meta property=\"og:type\" content=\"article\" \/>\n<meta property=\"og:title\" content=\"Alcoy vive este fin de semana los d\u00edas grandes en honor a la Virgen de los Lirios - COPE Alcoy\" \/>\n<meta property=\"og:description\" content=\"Alcoy se adentra este fin de semana en los actos centrales de las Fiestas en honor a la patrona de...\" \/>\n<meta property=\"og:url\" content=\"https:\/\/www.copealcoy.es\/es\/alcoy-vive-este-fin-de-semana-los-dias-grandes-en-honor-a-la-virgen-de-los-lirios\/\" \/>\n<meta property=\"og:site_name\" content=\"COPE Alcoy\" \/>\n<meta property=\"article:published_time\" content=\"2022-09-16T14:57:47+00:00\" \/>\n<meta property=\"article:modified_time\" content=\"2022-09-16T16:19:10+00:00\" \/>\n<meta property=\"og:image\" content=\"https:\/\/www.copealcoy.es\/wp-content\/uploads\/2016\/09\/14344209_1129656563795722_1460083785278523228_n-e1474209853593.jpg\" \/>\n\t<meta property=\"og:image:width\" content=\"856\" \/>\n\t<meta property=\"og:image:height\" content=\"504\" \/>\n\t<meta property=\"og:image:type\" content=\"image\/jpeg\" \/>\n<meta name=\"author\" content=\"Cope Alcoy\" \/>\n<meta name=\"twitter:label1\" content=\"Escrito por\" \/>\n\t<meta name=\"twitter:data1\" content=\"Cope Alcoy\" \/>\n\t<meta name=\"twitter:label2\" content=\"Tiempo de lectura\" \/>\n\t<meta name=\"twitter:data2\" content=\"2 minutos\" \/>\n<script type=\"application\/ld+json\" class=\"yoast-schema-graph\">{\"@context\":\"https:\\\/\\\/schema.org\",\"@graph\":[{\"@type\":\"Article\",\"@id\":\"https:\\\/\\\/www.copealcoy.es\\\/es\\\/alcoy-vive-este-fin-de-semana-los-dias-grandes-en-honor-a-la-virgen-de-los-lirios\\\/#article\",\"isPartOf\":{\"@id\":\"https:\\\/\\\/www.copealcoy.es\\\/es\\\/alcoy-vive-este-fin-de-semana-los-dias-grandes-en-honor-a-la-virgen-de-los-lirios\\\/\"},\"author\":{\"name\":\"Cope Alcoy\",\"@id\":\"https:\\\/\\\/www.copealcoy.es\\\/es\\\/#\\\/schema\\\/person\\\/e777c87fa024e57d40170af9df39882c\"},\"headline\":\"Alcoy vive este fin de semana los d\u00edas grandes en honor a la Virgen de los Lirios\",\"datePublished\":\"2022-09-16T14:57:47+00:00\",\"dateModified\":\"2022-09-16T16:19:10+00:00\",\"mainEntityOfPage\":{\"@id\":\"https:\\\/\\\/www.copealcoy.es\\\/es\\\/alcoy-vive-este-fin-de-semana-los-dias-grandes-en-honor-a-la-virgen-de-los-lirios\\\/\"},\"wordCount\":479,\"commentCount\":0,\"image\":{\"@id\":\"https:\\\/\\\/www.copealcoy.es\\\/es\\\/alcoy-vive-este-fin-de-semana-los-dias-grandes-en-honor-a-la-virgen-de-los-lirios\\\/#primaryimage\"},\"thumbnailUrl\":\"https:\\\/\\\/www.copealcoy.es\\\/wp-content\\\/uploads\\\/2016\\\/09\\\/14344209_1129656563795722_1460083785278523228_n-e1474209853593.jpg\",\"keywords\":[\"Alcoy\",\"Font Roja\",\"Romer\u00eda\",\"Tradiciones\",\"Virgen de los Lirios\"],\"articleSection\":[\"Actualidad\",\"Alcoy\",\"Fiesta y Cultura\",\"Noticias\"],\"inLanguage\":\"es\"},{\"@type\":\"WebPage\",\"@id\":\"https:\\\/\\\/www.copealcoy.es\\\/es\\\/alcoy-vive-este-fin-de-semana-los-dias-grandes-en-honor-a-la-virgen-de-los-lirios\\\/\",\"url\":\"https:\\\/\\\/www.copealcoy.es\\\/es\\\/alcoy-vive-este-fin-de-semana-los-dias-grandes-en-honor-a-la-virgen-de-los-lirios\\\/\",\"name\":\"Alcoy vive este fin de semana los d\u00edas grandes en honor a la Virgen de los Lirios - COPE Alcoy\",\"isPartOf\":{\"@id\":\"https:\\\/\\\/www.copealcoy.es\\\/es\\\/#website\"},\"primaryImageOfPage\":{\"@id\":\"https:\\\/\\\/www.copealcoy.es\\\/es\\\/alcoy-vive-este-fin-de-semana-los-dias-grandes-en-honor-a-la-virgen-de-los-lirios\\\/#primaryimage\"},\"image\":{\"@id\":\"https:\\\/\\\/www.copealcoy.es\\\/es\\\/alcoy-vive-este-fin-de-semana-los-dias-grandes-en-honor-a-la-virgen-de-los-lirios\\\/#primaryimage\"},\"thumbnailUrl\":\"https:\\\/\\\/www.copealcoy.es\\\/wp-content\\\/uploads\\\/2016\\\/09\\\/14344209_1129656563795722_1460083785278523228_n-e1474209853593.jpg\",\"datePublished\":\"2022-09-16T14:57:47+00:00\",\"dateModified\":\"2022-09-16T16:19:10+00:00\",\"author\":{\"@id\":\"https:\\\/\\\/www.copealcoy.es\\\/es\\\/#\\\/schema\\\/person\\\/e777c87fa024e57d40170af9df39882c\"},\"breadcrumb\":{\"@id\":\"https:\\\/\\\/www.copealcoy.es\\\/es\\\/alcoy-vive-este-fin-de-semana-los-dias-grandes-en-honor-a-la-virgen-de-los-lirios\\\/#breadcrumb\"},\"inLanguage\":\"es\",\"potentialAction\":[{\"@type\":\"ReadAction\",\"target\":[\"https:\\\/\\\/www.copealcoy.es\\\/es\\\/alcoy-vive-este-fin-de-semana-los-dias-grandes-en-honor-a-la-virgen-de-los-lirios\\\/\"]}]},{\"@type\":\"ImageObject\",\"inLanguage\":\"es\",\"@id\":\"https:\\\/\\\/www.copealcoy.es\\\/es\\\/alcoy-vive-este-fin-de-semana-los-dias-grandes-en-honor-a-la-virgen-de-los-lirios\\\/#primaryimage\",\"url\":\"https:\\\/\\\/www.copealcoy.es\\\/wp-content\\\/uploads\\\/2016\\\/09\\\/14344209_1129656563795722_1460083785278523228_n-e1474209853593.jpg\",\"contentUrl\":\"https:\\\/\\\/www.copealcoy.es\\\/wp-content\\\/uploads\\\/2016\\\/09\\\/14344209_1129656563795722_1460083785278523228_n-e1474209853593.jpg\",\"width\":856,\"height\":504,\"caption\":\"La Virgen ha llegado al Carrascal portada por numerosos fieles \\\/ Foto: Rafa Grau\"},{\"@type\":\"BreadcrumbList\",\"@id\":\"https:\\\/\\\/www.copealcoy.es\\\/es\\\/alcoy-vive-este-fin-de-semana-los-dias-grandes-en-honor-a-la-virgen-de-los-lirios\\\/#breadcrumb\",\"itemListElement\":[{\"@type\":\"ListItem\",\"position\":1,\"name\":\"Portada\",\"item\":\"https:\\\/\\\/www.copealcoy.es\\\/es\\\/\"},{\"@type\":\"ListItem\",\"position\":2,\"name\":\"Alcoy vive este fin de semana los d\u00edas grandes en honor a la Virgen de los Lirios\"}]},{\"@type\":\"WebSite\",\"@id\":\"https:\\\/\\\/www.copealcoy.es\\\/es\\\/#website\",\"url\":\"https:\\\/\\\/www.copealcoy.es\\\/es\\\/\",\"name\":\"COPE Alcoy\",\"description\":\"Emisora COPE de radio local con emisi\u00f3n online. Pont de Sant Jordi 8-10 03803 Alcoy\",\"potentialAction\":[{\"@type\":\"SearchAction\",\"target\":{\"@type\":\"EntryPoint\",\"urlTemplate\":\"https:\\\/\\\/www.copealcoy.es\\\/es\\\/?s={search_term_string}\"},\"query-input\":{\"@type\":\"PropertyValueSpecification\",\"valueRequired\":true,\"valueName\":\"search_term_string\"}}],\"inLanguage\":\"es\"},{\"@type\":\"Person\",\"@id\":\"https:\\\/\\\/www.copealcoy.es\\\/es\\\/#\\\/schema\\\/person\\\/e777c87fa024e57d40170af9df39882c\",\"name\":\"Cope Alcoy\",\"image\":{\"@type\":\"ImageObject\",\"inLanguage\":\"es\",\"@id\":\"https:\\\/\\\/secure.gravatar.com\\\/avatar\\\/bb65d0283347e303893ba14f0692005417c1e0e690a325a4c5d8bb2b3943ee14?s=96&d=mm&r=g\",\"url\":\"https:\\\/\\\/secure.gravatar.com\\\/avatar\\\/bb65d0283347e303893ba14f0692005417c1e0e690a325a4c5d8bb2b3943ee14?s=96&d=mm&r=g\",\"contentUrl\":\"https:\\\/\\\/secure.gravatar.com\\\/avatar\\\/bb65d0283347e303893ba14f0692005417c1e0e690a325a4c5d8bb2b3943ee14?s=96&d=mm&r=g\",\"caption\":\"Cope Alcoy\"}}]}<\/script>\n<!-- \/ Yoast SEO plugin. -->","yoast_head_json":{"title":"Alcoy vive este fin de semana los d\u00edas grandes en honor a la Virgen de los Lirios - COPE Alcoy","robots":{"index":"index","follow":"follow","max-snippet":"max-snippet:-1","max-image-preview":"max-image-preview:large","max-video-preview":"max-video-preview:-1"},"canonical":"https:\/\/www.copealcoy.es\/es\/alcoy-vive-este-fin-de-semana-los-dias-grandes-en-honor-a-la-virgen-de-los-lirios\/","og_locale":"es_ES","og_type":"article","og_title":"Alcoy vive este fin de semana los d\u00edas grandes en honor a la Virgen de los Lirios - COPE Alcoy","og_description":"Alcoy se adentra este fin de semana en los actos centrales de las Fiestas en honor a la patrona de...","og_url":"https:\/\/www.copealcoy.es\/es\/alcoy-vive-este-fin-de-semana-los-dias-grandes-en-honor-a-la-virgen-de-los-lirios\/","og_site_name":"COPE Alcoy","article_published_time":"2022-09-16T14:57:47+00:00","article_modified_time":"2022-09-16T16:19:10+00:00","og_image":[{"width":856,"height":504,"url":"https:\/\/www.copealcoy.es\/wp-content\/uploads\/2016\/09\/14344209_1129656563795722_1460083785278523228_n-e1474209853593.jpg","type":"image\/jpeg"}],"author":"Cope Alcoy","twitter_misc":{"Escrito por":"Cope Alcoy","Tiempo de lectura":"2 minutos"},"schema":{"@context":"https:\/\/schema.org","@graph":[{"@type":"Article","@id":"https:\/\/www.copealcoy.es\/es\/alcoy-vive-este-fin-de-semana-los-dias-grandes-en-honor-a-la-virgen-de-los-lirios\/#article","isPartOf":{"@id":"https:\/\/www.copealcoy.es\/es\/alcoy-vive-este-fin-de-semana-los-dias-grandes-en-honor-a-la-virgen-de-los-lirios\/"},"author":{"name":"Cope Alcoy","@id":"https:\/\/www.copealcoy.es\/es\/#\/schema\/person\/e777c87fa024e57d40170af9df39882c"},"headline":"Alcoy vive este fin de semana los d\u00edas grandes en honor a la Virgen de los Lirios","datePublished":"2022-09-16T14:57:47+00:00","dateModified":"2022-09-16T16:19:10+00:00","mainEntityOfPage":{"@id":"https:\/\/www.copealcoy.es\/es\/alcoy-vive-este-fin-de-semana-los-dias-grandes-en-honor-a-la-virgen-de-los-lirios\/"},"wordCount":479,"commentCount":0,"image":{"@id":"https:\/\/www.copealcoy.es\/es\/alcoy-vive-este-fin-de-semana-los-dias-grandes-en-honor-a-la-virgen-de-los-lirios\/#primaryimage"},"thumbnailUrl":"https:\/\/www.copealcoy.es\/wp-content\/uploads\/2016\/09\/14344209_1129656563795722_1460083785278523228_n-e1474209853593.jpg","keywords":["Alcoy","Font Roja","Romer\u00eda","Tradiciones","Virgen de los Lirios"],"articleSection":["Actualidad","Alcoy","Fiesta y Cultura","Noticias"],"inLanguage":"es"},{"@type":"WebPage","@id":"https:\/\/www.copealcoy.es\/es\/alcoy-vive-este-fin-de-semana-los-dias-grandes-en-honor-a-la-virgen-de-los-lirios\/","url":"https:\/\/www.copealcoy.es\/es\/alcoy-vive-este-fin-de-semana-los-dias-grandes-en-honor-a-la-virgen-de-los-lirios\/","name":"Alcoy vive este fin de semana los d\u00edas grandes en honor a la Virgen de los Lirios - COPE Alcoy","isPartOf":{"@id":"https:\/\/www.copealcoy.es\/es\/#website"},"primaryImageOfPage":{"@id":"https:\/\/www.copealcoy.es\/es\/alcoy-vive-este-fin-de-semana-los-dias-grandes-en-honor-a-la-virgen-de-los-lirios\/#primaryimage"},"image":{"@id":"https:\/\/www.copealcoy.es\/es\/alcoy-vive-este-fin-de-semana-los-dias-grandes-en-honor-a-la-virgen-de-los-lirios\/#primaryimage"},"thumbnailUrl":"https:\/\/www.copealcoy.es\/wp-content\/uploads\/2016\/09\/14344209_1129656563795722_1460083785278523228_n-e1474209853593.jpg","datePublished":"2022-09-16T14:57:47+00:00","dateModified":"2022-09-16T16:19:10+00:00","author":{"@id":"https:\/\/www.copealcoy.es\/es\/#\/schema\/person\/e777c87fa024e57d40170af9df39882c"},"breadcrumb":{"@id":"https:\/\/www.copealcoy.es\/es\/alcoy-vive-este-fin-de-semana-los-dias-grandes-en-honor-a-la-virgen-de-los-lirios\/#breadcrumb"},"inLanguage":"es","potentialAction":[{"@type":"ReadAction","target":["https:\/\/www.copealcoy.es\/es\/alcoy-vive-este-fin-de-semana-los-dias-grandes-en-honor-a-la-virgen-de-los-lirios\/"]}]},{"@type":"ImageObject","inLanguage":"es","@id":"https:\/\/www.copealcoy.es\/es\/alcoy-vive-este-fin-de-semana-los-dias-grandes-en-honor-a-la-virgen-de-los-lirios\/#primaryimage","url":"https:\/\/www.copealcoy.es\/wp-content\/uploads\/2016\/09\/14344209_1129656563795722_1460083785278523228_n-e1474209853593.jpg","contentUrl":"https:\/\/www.copealcoy.es\/wp-content\/uploads\/2016\/09\/14344209_1129656563795722_1460083785278523228_n-e1474209853593.jpg","width":856,"height":504,"caption":"La Virgen ha llegado al Carrascal portada por numerosos fieles \/ Foto: Rafa Grau"},{"@type":"BreadcrumbList","@id":"https:\/\/www.copealcoy.es\/es\/alcoy-vive-este-fin-de-semana-los-dias-grandes-en-honor-a-la-virgen-de-los-lirios\/#breadcrumb","itemListElement":[{"@type":"ListItem","position":1,"name":"Portada","item":"https:\/\/www.copealcoy.es\/es\/"},{"@type":"ListItem","position":2,"name":"Alcoy vive este fin de semana los d\u00edas grandes en honor a la Virgen de los Lirios"}]},{"@type":"WebSite","@id":"https:\/\/www.copealcoy.es\/es\/#website","url":"https:\/\/www.copealcoy.es\/es\/","name":"COPE Alcoy","description":"Emisora COPE de radio local con emisi\u00f3n online. Pont de Sant Jordi 8-10 03803 Alcoy","potentialAction":[{"@type":"SearchAction","target":{"@type":"EntryPoint","urlTemplate":"https:\/\/www.copealcoy.es\/es\/?s={search_term_string}"},"query-input":{"@type":"PropertyValueSpecification","valueRequired":true,"valueName":"search_term_string"}}],"inLanguage":"es"},{"@type":"Person","@id":"https:\/\/www.copealcoy.es\/es\/#\/schema\/person\/e777c87fa024e57d40170af9df39882c","name":"Cope Alcoy","image":{"@type":"ImageObject","inLanguage":"es","@id":"https:\/\/secure.gravatar.com\/avatar\/bb65d0283347e303893ba14f0692005417c1e0e690a325a4c5d8bb2b3943ee14?s=96&d=mm&r=g","url":"https:\/\/secure.gravatar.com\/avatar\/bb65d0283347e303893ba14f0692005417c1e0e690a325a4c5d8bb2b3943ee14?s=96&d=mm&r=g","contentUrl":"https:\/\/secure.gravatar.com\/avatar\/bb65d0283347e303893ba14f0692005417c1e0e690a325a4c5d8bb2b3943ee14?s=96&d=mm&r=g","caption":"Cope Alcoy"}}]}},"_links":{"self":[{"href":"https:\/\/www.copealcoy.es\/es\/wp-json\/wp\/v2\/posts\/91721","targetHints":{"allow":["GET"]}}],"collection":[{"href":"https:\/\/www.copealcoy.es\/es\/wp-json\/wp\/v2\/posts"}],"about":[{"href":"https:\/\/www.copealcoy.es\/es\/wp-json\/wp\/v2\/types\/post"}],"author":[{"embeddable":true,"href":"https:\/\/www.copealcoy.es\/es\/wp-json\/wp\/v2\/users\/1"}],"replies":[{"embeddable":true,"href":"https:\/\/www.copealcoy.es\/es\/wp-json\/wp\/v2\/comments?post=91721"}],"version-history":[{"count":0,"href":"https:\/\/www.copealcoy.es\/es\/wp-json\/wp\/v2\/posts\/91721\/revisions"}],"wp:featuredmedia":[{"embeddable":true,"href":"https:\/\/www.copealcoy.es\/es\/wp-json\/wp\/v2\/media\/24935"}],"wp:attachment":[{"href":"https:\/\/www.copealcoy.es\/es\/wp-json\/wp\/v2\/media?parent=91721"}],"wp:term":[{"taxonomy":"category","embeddable":true,"href":"https:\/\/www.copealcoy.es\/es\/wp-json\/wp\/v2\/categories?post=91721"},{"taxonomy":"post_tag","embeddable":true,"href":"https:\/\/www.copealcoy.es\/es\/wp-json\/wp\/v2\/tags?post=91721"}],"curies":[{"name":"wp","href":"https:\/\/api.w.org\/{rel}","templated":true}]}}