{"id":91705,"date":"2022-09-16T09:22:17","date_gmt":"2022-09-16T08:22:17","guid":{"rendered":"https:\/\/www.copealcoy.es\/?p=91705"},"modified":"2022-09-16T09:34:40","modified_gmt":"2022-09-16T08:34:40","slug":"rafael-pascual-llegira-el-privilegi-en-la-inauguracio-de-la-fira-de-cocentaina","status":"publish","type":"post","link":"https:\/\/www.copealcoy.es\/es\/rafael-pascual-llegira-el-privilegi-en-la-inauguracio-de-la-fira-de-cocentaina\/","title":{"rendered":"Rafael Pascual llegir\u00e0 el Privilegi en la inauguraci\u00f3 de la Fira de Cocentaina"},"content":{"rendered":"<p style=\"text-align: justify;\">L&#8217;emprenedor i empresari t\u00e8xtil <strong>Rafael\u00a0<span class=\"hiddenSpellError\">Pascual<\/span><\/strong>, President <span class=\"hiddenGrammarError\">d&#8217; Aquaclean<\/span>\u00a0<span class=\"hiddenSpellError\">Group<\/span>, <strong>llegir\u00e0 el Privilegi de la Fira de Tots Sants de Cocentaina<\/strong> en aquest 2022. Ser\u00e0 el pr\u00f2xim 29 d&#8217;octubre, durant la inauguraci\u00f3 oficial del Certamen des dels balcons del Palau Comtal.<\/p>\n<p style=\"text-align: justify;\">La traject\u00f2ria professional de Rafael Pascual <strong>ha estat vinculada des dels seus inicis al sector t\u00e8xtil<\/strong>. Segona generaci\u00f3 del grup empresarial Textiles Pascual, ara Aquaclean Group, <strong>referent en la ind\u00fastria de la zona<\/strong>. Es tracta d\u2019un s\u00f2lid grup t\u00e8xtil format per 6 empreses industrials situades a l&#8217;interior de la prov\u00edncia d&#8217;Alacant, en l&#8217;\u00e0rea d&#8217;Alcoi, Cocentaina i Muro (Grafer, Antecuir, Interfabrics, T\u00e8xtils Pascual, Pascual i Bernabeu, Serpiscolor i Destiny), a les quals se sumen dues empreses comercialitzadores situades a Pol\u00f2nia i Singapur. Pascual a m\u00e9s, <strong>participa de manera activa com a representant del sector t\u00e8xtil<\/strong> i en aquest sentit, ha sigut vicepresident d\u2019ATEVAL, president d\u2019AITEX (2016-2020) i actualment <strong>\u00e9s vocal de l&#8217;Observatori T\u00e8xtil i Moda<\/strong>. Es defineix a si mateix com a emprenedor m\u00e9s que empresari, per la seua inquietud en temes i projectes diversos. Vinculat de manera directa amb l&#8217;emprenedoria com a mentor i impulsor de nous talents, <strong>Rafael Pascual participa en diverses empreses no t\u00e8xtils relacionades amb esdeveniments, cal\u00e7at i circularitat<\/strong>\u00a0\u201c<em>vull compartir aquesta distinci\u00f3 amb tot el sector t\u00e8xtil i els emprenedors. Entenc que Aquaclean Group, fundat pel meu pare, \u00e9s un grup empresarial representatiu de la ind\u00fastria t\u00e8xtil. Aquest honor que em brinden els contestans serveix, al temps, per a retre homenatge a una part molt important del teixit econ\u00f2mic de la nostra zona com a font d&#8217;ocupaci\u00f3, riquesa i avan\u00e7 social, progr\u00e9s i valor afegit. M&#8217;agradaria que totes aquelles iniciatives privades que s&#8217;esforcen i mantenen la il\u00b7lusi\u00f3 per llan\u00e7ar un projecte, empresarial o personal, estiguen representades enguany amb la lectura del Privilegi de Fira de Tots Sants<\/em>\u201d, ha manifestat.<\/p>\n<p style=\"text-align: justify;\">Finalment l&#8217;alcaldessa de Cocentaina, <strong>Mireia Estepa<\/strong>, ha explicat els motius d&#8217;aquesta elecci\u00f3, \u201c<em>volem fer \u00a0un reconeixement a tots els empresaris que es dediquen a la ind\u00fastria. La traject\u00f2ria de la fam\u00edlia Pascual, la figura del seu pare i ara ells, els tres fills, representen a la perfecci\u00f3 a tot el teixit industrial de la nostra comarca que ha sabut superar les diferents crisis, estar en constant innovaci\u00f3 i dissenyar processos que els permeten ser cada vegada m\u00e9s sostenibles<\/em>. <em>Cocentaina \u00e9s un poble l&#8217;economia del qual est\u00e0 basada majorit\u00e0riament en el segon sector i \u00e9s una manera de dir-los que s\u00f3n important\u00edssims per al nostre territori, que \u00e9s un honor que empreses com les que componen Aquaclean Group desenvolupen la seua activitat en el nostre municipi<\/em>\u201d, ha dit.<\/p>\n<p style=\"text-align: justify;\">El Privilegi, recordem, <strong>fou atorgat als contestans pel Rei Pere el Cerimoni\u00f3s en 1346<\/strong> i en el mateix va quedar reflectit que el municipi celebrara una Fira amb car\u00e0cter anual.<\/p>\n","protected":false},"excerpt":{"rendered":"<p>L&#8217;emprenedor i empresari t\u00e8xtil Rafael\u00a0Pascual, President d&#8217; Aquaclean\u00a0Group, llegir\u00e0 el Privilegi de la Fira de Tots Sants de Cocentaina en&#8230;<\/p>\n","protected":false},"author":1,"featured_media":91708,"comment_status":"open","ping_status":"open","sticky":false,"template":"","format":"standard","meta":{"footnotes":""},"categories":[98,75],"tags":[132,635,11856,1423,2405],"class_list":["post-91705","post","type-post","status-publish","format-standard","has-post-thumbnail","hentry","category-comarcas","category-noticias","tag-cocentaina","tag-fira-de-tots-sants","tag-inauguracio","tag-privilegi","tag-rafael-pascual"],"yoast_head":"<!-- This site is optimized with the Yoast SEO plugin v27.3 - https:\/\/yoast.com\/product\/yoast-seo-wordpress\/ -->\n<title>Rafael Pascual llegir\u00e0 el Privilegi en la inauguraci\u00f3 de la Fira de Cocentaina - COPE Alcoy<\/title>\n<meta name=\"robots\" content=\"index, follow, max-snippet:-1, max-image-preview:large, max-video-preview:-1\" \/>\n<link rel=\"canonical\" href=\"https:\/\/www.copealcoy.es\/es\/rafael-pascual-llegira-el-privilegi-en-la-inauguracio-de-la-fira-de-cocentaina\/\" \/>\n<meta property=\"og:locale\" content=\"es_ES\" \/>\n<meta property=\"og:type\" content=\"article\" \/>\n<meta property=\"og:title\" content=\"Rafael Pascual llegir\u00e0 el Privilegi en la inauguraci\u00f3 de la Fira de Cocentaina - COPE Alcoy\" \/>\n<meta property=\"og:description\" content=\"L&#8217;emprenedor i empresari t\u00e8xtil Rafael\u00a0Pascual, President d&#8217; Aquaclean\u00a0Group, llegir\u00e0 el Privilegi de la Fira de Tots Sants de Cocentaina en...\" \/>\n<meta property=\"og:url\" content=\"https:\/\/www.copealcoy.es\/es\/rafael-pascual-llegira-el-privilegi-en-la-inauguracio-de-la-fira-de-cocentaina\/\" \/>\n<meta property=\"og:site_name\" content=\"COPE Alcoy\" \/>\n<meta property=\"article:published_time\" content=\"2022-09-16T08:22:17+00:00\" \/>\n<meta property=\"article:modified_time\" content=\"2022-09-16T08:34:40+00:00\" \/>\n<meta property=\"og:image\" content=\"https:\/\/www.copealcoy.es\/wp-content\/uploads\/2022\/09\/RAFA-PASCUAL-2-1.jpeg\" \/>\n\t<meta property=\"og:image:width\" content=\"736\" \/>\n\t<meta property=\"og:image:height\" content=\"584\" \/>\n\t<meta property=\"og:image:type\" content=\"image\/jpeg\" \/>\n<meta name=\"author\" content=\"Cope Alcoy\" \/>\n<meta name=\"twitter:label1\" content=\"Escrito por\" \/>\n\t<meta name=\"twitter:data1\" content=\"Cope Alcoy\" \/>\n\t<meta name=\"twitter:label2\" content=\"Tiempo de lectura\" \/>\n\t<meta name=\"twitter:data2\" content=\"3 minutos\" \/>\n<script type=\"application\/ld+json\" class=\"yoast-schema-graph\">{\"@context\":\"https:\\\/\\\/schema.org\",\"@graph\":[{\"@type\":\"Article\",\"@id\":\"https:\\\/\\\/www.copealcoy.es\\\/es\\\/rafael-pascual-llegira-el-privilegi-en-la-inauguracio-de-la-fira-de-cocentaina\\\/#article\",\"isPartOf\":{\"@id\":\"https:\\\/\\\/www.copealcoy.es\\\/es\\\/rafael-pascual-llegira-el-privilegi-en-la-inauguracio-de-la-fira-de-cocentaina\\\/\"},\"author\":{\"name\":\"Cope Alcoy\",\"@id\":\"https:\\\/\\\/www.copealcoy.es\\\/es\\\/#\\\/schema\\\/person\\\/e777c87fa024e57d40170af9df39882c\"},\"headline\":\"Rafael Pascual llegir\u00e0 el Privilegi en la inauguraci\u00f3 de la Fira de Cocentaina\",\"datePublished\":\"2022-09-16T08:22:17+00:00\",\"dateModified\":\"2022-09-16T08:34:40+00:00\",\"mainEntityOfPage\":{\"@id\":\"https:\\\/\\\/www.copealcoy.es\\\/es\\\/rafael-pascual-llegira-el-privilegi-en-la-inauguracio-de-la-fira-de-cocentaina\\\/\"},\"wordCount\":519,\"commentCount\":0,\"image\":{\"@id\":\"https:\\\/\\\/www.copealcoy.es\\\/es\\\/rafael-pascual-llegira-el-privilegi-en-la-inauguracio-de-la-fira-de-cocentaina\\\/#primaryimage\"},\"thumbnailUrl\":\"https:\\\/\\\/www.copealcoy.es\\\/wp-content\\\/uploads\\\/2022\\\/09\\\/RAFA-PASCUAL-2-1.jpeg\",\"keywords\":[\"Cocentaina\",\"Fira de Tots Sants\",\"inauguraci\u00f3\",\"Privilegi\",\"Rafael Pascual\"],\"articleSection\":[\"Comarcas\",\"Noticias\"],\"inLanguage\":\"es\"},{\"@type\":\"WebPage\",\"@id\":\"https:\\\/\\\/www.copealcoy.es\\\/es\\\/rafael-pascual-llegira-el-privilegi-en-la-inauguracio-de-la-fira-de-cocentaina\\\/\",\"url\":\"https:\\\/\\\/www.copealcoy.es\\\/es\\\/rafael-pascual-llegira-el-privilegi-en-la-inauguracio-de-la-fira-de-cocentaina\\\/\",\"name\":\"Rafael Pascual llegir\u00e0 el Privilegi en la inauguraci\u00f3 de la Fira de Cocentaina - COPE Alcoy\",\"isPartOf\":{\"@id\":\"https:\\\/\\\/www.copealcoy.es\\\/es\\\/#website\"},\"primaryImageOfPage\":{\"@id\":\"https:\\\/\\\/www.copealcoy.es\\\/es\\\/rafael-pascual-llegira-el-privilegi-en-la-inauguracio-de-la-fira-de-cocentaina\\\/#primaryimage\"},\"image\":{\"@id\":\"https:\\\/\\\/www.copealcoy.es\\\/es\\\/rafael-pascual-llegira-el-privilegi-en-la-inauguracio-de-la-fira-de-cocentaina\\\/#primaryimage\"},\"thumbnailUrl\":\"https:\\\/\\\/www.copealcoy.es\\\/wp-content\\\/uploads\\\/2022\\\/09\\\/RAFA-PASCUAL-2-1.jpeg\",\"datePublished\":\"2022-09-16T08:22:17+00:00\",\"dateModified\":\"2022-09-16T08:34:40+00:00\",\"author\":{\"@id\":\"https:\\\/\\\/www.copealcoy.es\\\/es\\\/#\\\/schema\\\/person\\\/e777c87fa024e57d40170af9df39882c\"},\"breadcrumb\":{\"@id\":\"https:\\\/\\\/www.copealcoy.es\\\/es\\\/rafael-pascual-llegira-el-privilegi-en-la-inauguracio-de-la-fira-de-cocentaina\\\/#breadcrumb\"},\"inLanguage\":\"es\",\"potentialAction\":[{\"@type\":\"ReadAction\",\"target\":[\"https:\\\/\\\/www.copealcoy.es\\\/es\\\/rafael-pascual-llegira-el-privilegi-en-la-inauguracio-de-la-fira-de-cocentaina\\\/\"]}]},{\"@type\":\"ImageObject\",\"inLanguage\":\"es\",\"@id\":\"https:\\\/\\\/www.copealcoy.es\\\/es\\\/rafael-pascual-llegira-el-privilegi-en-la-inauguracio-de-la-fira-de-cocentaina\\\/#primaryimage\",\"url\":\"https:\\\/\\\/www.copealcoy.es\\\/wp-content\\\/uploads\\\/2022\\\/09\\\/RAFA-PASCUAL-2-1.jpeg\",\"contentUrl\":\"https:\\\/\\\/www.copealcoy.es\\\/wp-content\\\/uploads\\\/2022\\\/09\\\/RAFA-PASCUAL-2-1.jpeg\",\"width\":736,\"height\":584},{\"@type\":\"BreadcrumbList\",\"@id\":\"https:\\\/\\\/www.copealcoy.es\\\/es\\\/rafael-pascual-llegira-el-privilegi-en-la-inauguracio-de-la-fira-de-cocentaina\\\/#breadcrumb\",\"itemListElement\":[{\"@type\":\"ListItem\",\"position\":1,\"name\":\"Portada\",\"item\":\"https:\\\/\\\/www.copealcoy.es\\\/es\\\/\"},{\"@type\":\"ListItem\",\"position\":2,\"name\":\"Rafael Pascual llegir\u00e0 el Privilegi en la inauguraci\u00f3 de la Fira de Cocentaina\"}]},{\"@type\":\"WebSite\",\"@id\":\"https:\\\/\\\/www.copealcoy.es\\\/es\\\/#website\",\"url\":\"https:\\\/\\\/www.copealcoy.es\\\/es\\\/\",\"name\":\"COPE Alcoy\",\"description\":\"Emisora COPE de radio local con emisi\u00f3n online. Pont de Sant Jordi 8-10 03803 Alcoy\",\"potentialAction\":[{\"@type\":\"SearchAction\",\"target\":{\"@type\":\"EntryPoint\",\"urlTemplate\":\"https:\\\/\\\/www.copealcoy.es\\\/es\\\/?s={search_term_string}\"},\"query-input\":{\"@type\":\"PropertyValueSpecification\",\"valueRequired\":true,\"valueName\":\"search_term_string\"}}],\"inLanguage\":\"es\"},{\"@type\":\"Person\",\"@id\":\"https:\\\/\\\/www.copealcoy.es\\\/es\\\/#\\\/schema\\\/person\\\/e777c87fa024e57d40170af9df39882c\",\"name\":\"Cope Alcoy\",\"image\":{\"@type\":\"ImageObject\",\"inLanguage\":\"es\",\"@id\":\"https:\\\/\\\/secure.gravatar.com\\\/avatar\\\/bb65d0283347e303893ba14f0692005417c1e0e690a325a4c5d8bb2b3943ee14?s=96&d=mm&r=g\",\"url\":\"https:\\\/\\\/secure.gravatar.com\\\/avatar\\\/bb65d0283347e303893ba14f0692005417c1e0e690a325a4c5d8bb2b3943ee14?s=96&d=mm&r=g\",\"contentUrl\":\"https:\\\/\\\/secure.gravatar.com\\\/avatar\\\/bb65d0283347e303893ba14f0692005417c1e0e690a325a4c5d8bb2b3943ee14?s=96&d=mm&r=g\",\"caption\":\"Cope Alcoy\"}}]}<\/script>\n<!-- \/ Yoast SEO plugin. -->","yoast_head_json":{"title":"Rafael Pascual llegir\u00e0 el Privilegi en la inauguraci\u00f3 de la Fira de Cocentaina - COPE Alcoy","robots":{"index":"index","follow":"follow","max-snippet":"max-snippet:-1","max-image-preview":"max-image-preview:large","max-video-preview":"max-video-preview:-1"},"canonical":"https:\/\/www.copealcoy.es\/es\/rafael-pascual-llegira-el-privilegi-en-la-inauguracio-de-la-fira-de-cocentaina\/","og_locale":"es_ES","og_type":"article","og_title":"Rafael Pascual llegir\u00e0 el Privilegi en la inauguraci\u00f3 de la Fira de Cocentaina - COPE Alcoy","og_description":"L&#8217;emprenedor i empresari t\u00e8xtil Rafael\u00a0Pascual, President d&#8217; Aquaclean\u00a0Group, llegir\u00e0 el Privilegi de la Fira de Tots Sants de Cocentaina en...","og_url":"https:\/\/www.copealcoy.es\/es\/rafael-pascual-llegira-el-privilegi-en-la-inauguracio-de-la-fira-de-cocentaina\/","og_site_name":"COPE Alcoy","article_published_time":"2022-09-16T08:22:17+00:00","article_modified_time":"2022-09-16T08:34:40+00:00","og_image":[{"width":736,"height":584,"url":"https:\/\/www.copealcoy.es\/wp-content\/uploads\/2022\/09\/RAFA-PASCUAL-2-1.jpeg","type":"image\/jpeg"}],"author":"Cope Alcoy","twitter_misc":{"Escrito por":"Cope Alcoy","Tiempo de lectura":"3 minutos"},"schema":{"@context":"https:\/\/schema.org","@graph":[{"@type":"Article","@id":"https:\/\/www.copealcoy.es\/es\/rafael-pascual-llegira-el-privilegi-en-la-inauguracio-de-la-fira-de-cocentaina\/#article","isPartOf":{"@id":"https:\/\/www.copealcoy.es\/es\/rafael-pascual-llegira-el-privilegi-en-la-inauguracio-de-la-fira-de-cocentaina\/"},"author":{"name":"Cope Alcoy","@id":"https:\/\/www.copealcoy.es\/es\/#\/schema\/person\/e777c87fa024e57d40170af9df39882c"},"headline":"Rafael Pascual llegir\u00e0 el Privilegi en la inauguraci\u00f3 de la Fira de Cocentaina","datePublished":"2022-09-16T08:22:17+00:00","dateModified":"2022-09-16T08:34:40+00:00","mainEntityOfPage":{"@id":"https:\/\/www.copealcoy.es\/es\/rafael-pascual-llegira-el-privilegi-en-la-inauguracio-de-la-fira-de-cocentaina\/"},"wordCount":519,"commentCount":0,"image":{"@id":"https:\/\/www.copealcoy.es\/es\/rafael-pascual-llegira-el-privilegi-en-la-inauguracio-de-la-fira-de-cocentaina\/#primaryimage"},"thumbnailUrl":"https:\/\/www.copealcoy.es\/wp-content\/uploads\/2022\/09\/RAFA-PASCUAL-2-1.jpeg","keywords":["Cocentaina","Fira de Tots Sants","inauguraci\u00f3","Privilegi","Rafael Pascual"],"articleSection":["Comarcas","Noticias"],"inLanguage":"es"},{"@type":"WebPage","@id":"https:\/\/www.copealcoy.es\/es\/rafael-pascual-llegira-el-privilegi-en-la-inauguracio-de-la-fira-de-cocentaina\/","url":"https:\/\/www.copealcoy.es\/es\/rafael-pascual-llegira-el-privilegi-en-la-inauguracio-de-la-fira-de-cocentaina\/","name":"Rafael Pascual llegir\u00e0 el Privilegi en la inauguraci\u00f3 de la Fira de Cocentaina - COPE Alcoy","isPartOf":{"@id":"https:\/\/www.copealcoy.es\/es\/#website"},"primaryImageOfPage":{"@id":"https:\/\/www.copealcoy.es\/es\/rafael-pascual-llegira-el-privilegi-en-la-inauguracio-de-la-fira-de-cocentaina\/#primaryimage"},"image":{"@id":"https:\/\/www.copealcoy.es\/es\/rafael-pascual-llegira-el-privilegi-en-la-inauguracio-de-la-fira-de-cocentaina\/#primaryimage"},"thumbnailUrl":"https:\/\/www.copealcoy.es\/wp-content\/uploads\/2022\/09\/RAFA-PASCUAL-2-1.jpeg","datePublished":"2022-09-16T08:22:17+00:00","dateModified":"2022-09-16T08:34:40+00:00","author":{"@id":"https:\/\/www.copealcoy.es\/es\/#\/schema\/person\/e777c87fa024e57d40170af9df39882c"},"breadcrumb":{"@id":"https:\/\/www.copealcoy.es\/es\/rafael-pascual-llegira-el-privilegi-en-la-inauguracio-de-la-fira-de-cocentaina\/#breadcrumb"},"inLanguage":"es","potentialAction":[{"@type":"ReadAction","target":["https:\/\/www.copealcoy.es\/es\/rafael-pascual-llegira-el-privilegi-en-la-inauguracio-de-la-fira-de-cocentaina\/"]}]},{"@type":"ImageObject","inLanguage":"es","@id":"https:\/\/www.copealcoy.es\/es\/rafael-pascual-llegira-el-privilegi-en-la-inauguracio-de-la-fira-de-cocentaina\/#primaryimage","url":"https:\/\/www.copealcoy.es\/wp-content\/uploads\/2022\/09\/RAFA-PASCUAL-2-1.jpeg","contentUrl":"https:\/\/www.copealcoy.es\/wp-content\/uploads\/2022\/09\/RAFA-PASCUAL-2-1.jpeg","width":736,"height":584},{"@type":"BreadcrumbList","@id":"https:\/\/www.copealcoy.es\/es\/rafael-pascual-llegira-el-privilegi-en-la-inauguracio-de-la-fira-de-cocentaina\/#breadcrumb","itemListElement":[{"@type":"ListItem","position":1,"name":"Portada","item":"https:\/\/www.copealcoy.es\/es\/"},{"@type":"ListItem","position":2,"name":"Rafael Pascual llegir\u00e0 el Privilegi en la inauguraci\u00f3 de la Fira de Cocentaina"}]},{"@type":"WebSite","@id":"https:\/\/www.copealcoy.es\/es\/#website","url":"https:\/\/www.copealcoy.es\/es\/","name":"COPE Alcoy","description":"Emisora COPE de radio local con emisi\u00f3n online. Pont de Sant Jordi 8-10 03803 Alcoy","potentialAction":[{"@type":"SearchAction","target":{"@type":"EntryPoint","urlTemplate":"https:\/\/www.copealcoy.es\/es\/?s={search_term_string}"},"query-input":{"@type":"PropertyValueSpecification","valueRequired":true,"valueName":"search_term_string"}}],"inLanguage":"es"},{"@type":"Person","@id":"https:\/\/www.copealcoy.es\/es\/#\/schema\/person\/e777c87fa024e57d40170af9df39882c","name":"Cope Alcoy","image":{"@type":"ImageObject","inLanguage":"es","@id":"https:\/\/secure.gravatar.com\/avatar\/bb65d0283347e303893ba14f0692005417c1e0e690a325a4c5d8bb2b3943ee14?s=96&d=mm&r=g","url":"https:\/\/secure.gravatar.com\/avatar\/bb65d0283347e303893ba14f0692005417c1e0e690a325a4c5d8bb2b3943ee14?s=96&d=mm&r=g","contentUrl":"https:\/\/secure.gravatar.com\/avatar\/bb65d0283347e303893ba14f0692005417c1e0e690a325a4c5d8bb2b3943ee14?s=96&d=mm&r=g","caption":"Cope Alcoy"}}]}},"_links":{"self":[{"href":"https:\/\/www.copealcoy.es\/es\/wp-json\/wp\/v2\/posts\/91705","targetHints":{"allow":["GET"]}}],"collection":[{"href":"https:\/\/www.copealcoy.es\/es\/wp-json\/wp\/v2\/posts"}],"about":[{"href":"https:\/\/www.copealcoy.es\/es\/wp-json\/wp\/v2\/types\/post"}],"author":[{"embeddable":true,"href":"https:\/\/www.copealcoy.es\/es\/wp-json\/wp\/v2\/users\/1"}],"replies":[{"embeddable":true,"href":"https:\/\/www.copealcoy.es\/es\/wp-json\/wp\/v2\/comments?post=91705"}],"version-history":[{"count":0,"href":"https:\/\/www.copealcoy.es\/es\/wp-json\/wp\/v2\/posts\/91705\/revisions"}],"wp:featuredmedia":[{"embeddable":true,"href":"https:\/\/www.copealcoy.es\/es\/wp-json\/wp\/v2\/media\/91708"}],"wp:attachment":[{"href":"https:\/\/www.copealcoy.es\/es\/wp-json\/wp\/v2\/media?parent=91705"}],"wp:term":[{"taxonomy":"category","embeddable":true,"href":"https:\/\/www.copealcoy.es\/es\/wp-json\/wp\/v2\/categories?post=91705"},{"taxonomy":"post_tag","embeddable":true,"href":"https:\/\/www.copealcoy.es\/es\/wp-json\/wp\/v2\/tags?post=91705"}],"curies":[{"name":"wp","href":"https:\/\/api.w.org\/{rel}","templated":true}]}}