{"id":91680,"date":"2022-09-16T09:00:47","date_gmt":"2022-09-16T08:00:47","guid":{"rendered":"https:\/\/www.copealcoy.es\/?p=91680"},"modified":"2022-09-18T13:20:09","modified_gmt":"2022-09-18T12:20:09","slug":"toni-frances-vuelve-a-ser-candidato-a-la-alcaldia-de-alcoy","status":"publish","type":"post","link":"https:\/\/www.copealcoy.es\/es\/toni-frances-vuelve-a-ser-candidato-a-la-alcaldia-de-alcoy\/","title":{"rendered":"Toni Franc\u00e9s vuelve a ser candidato a la alcald\u00eda de Alcoy"},"content":{"rendered":"<p style=\"text-align: justify;\">El <strong>Partido Socialista<\/strong> de Alcoy ha anunciado esta ma\u00f1ana que el actual alcalde, <strong>Toni Franc\u00e9s<\/strong>, repetir\u00e1 como candidato en las <strong>Elecciones Municipales de 2023<\/strong>. Franc\u00e9s adopta esta decisi\u00f3n <strong>por cuarta vez consecutiva<\/strong> despu\u00e9s de que ya fuera alcaldable de los socialistas <strong>en los comicios municipales de 2011, 2015 y 2019<\/strong>.<\/p>\n<p style=\"text-align: justify;\">Toni Franc\u00e9s ha destacado tambi\u00e9n este viernes que <strong>ha tomado la decisi\u00f3n de repetir como alcaldable tras una profunda reflexi\u00f3n personal<\/strong> y despu\u00e9s de contar con <strong>el total respaldo tanto de sus compa\u00f1eros de partido<\/strong> como de <strong>su familia m\u00e1s cercana<\/strong>. De igual forma ha asegura que <strong>uno de los principales retos<\/strong> que se marca para la nueva etapa es el desarrollo de los proyectos previstos a trav\u00e9s de los Fondos Europeos Next Generation que van llegando a la ciudad. Por \u00faltimo ha hecho menci\u00f3n a que <strong>aspira a alcanzar la mayor\u00eda absoluta<\/strong> despu\u00e9s de haber quedado a tan solo un edil de la misma (12 concejales) en la \u00faltima cita electoral de 2019:<\/p>\n<audio class=\"wp-audio-shortcode\" id=\"audio-91680-1\" preload=\"none\" style=\"width: 100%;\" controls=\"controls\"><source type=\"audio\/mpeg\" src=\"https:\/\/www.copealcoy.es\/wp-content\/uploads\/2022\/09\/2022.09.16-FRANCES-CANDIDATURA-MEDIODIA.mp3?_=1\" \/><a href=\"https:\/\/www.copealcoy.es\/wp-content\/uploads\/2022\/09\/2022.09.16-FRANCES-CANDIDATURA-MEDIODIA.mp3\">https:\/\/www.copealcoy.es\/wp-content\/uploads\/2022\/09\/2022.09.16-FRANCES-CANDIDATURA-MEDIODIA.mp3<\/a><\/audio>\n<p>&nbsp;<\/p>\n<p style=\"text-align: justify;\">Por su parte <strong>Jordi Mart\u00ednez<\/strong>, Secretario General del PSOE local, ha se\u00f1alado que no <strong>hay mejor candidato que Toni Franc\u00e9s<\/strong> para liderar el proyecto de los socialistas de cara a los comicios locales del pr\u00f3ximo a\u00f1o. Tambi\u00e9n ha avanzado <strong>algunos de los plazos<\/strong> que se seguir\u00e1n a partir de ahora para conformar el equipo que le acompa\u00f1ar\u00e1 en esta nueva cita con las urnas:<\/p>\n<audio class=\"wp-audio-shortcode\" id=\"audio-91680-2\" preload=\"none\" style=\"width: 100%;\" controls=\"controls\"><source type=\"audio\/mpeg\" src=\"https:\/\/www.copealcoy.es\/wp-content\/uploads\/2022\/09\/2022.09.16-MARTINEZ-CANDIDATURA-MEDIODIA.mp3?_=2\" \/><a href=\"https:\/\/www.copealcoy.es\/wp-content\/uploads\/2022\/09\/2022.09.16-MARTINEZ-CANDIDATURA-MEDIODIA.mp3\">https:\/\/www.copealcoy.es\/wp-content\/uploads\/2022\/09\/2022.09.16-MARTINEZ-CANDIDATURA-MEDIODIA.mp3<\/a><\/audio>\n<p>&nbsp;<\/p>\n<p style=\"text-align: justify;\">Reordar que en la primera legislatura como primer edil, Toni Franc\u00e9s gobern\u00f3 junto a Comprom\u00eds y Esquerra Unida primero, y con Esquerra Unida despu\u00e9s cuando se rompi\u00f3 el tripartito en <strong>2012<\/strong>. Desde<strong> 2015<\/strong> el Partido Socialista, encabezado por el que ya a va a ser alcaldable en <strong>2023<\/strong>, lidera el Ejecutivo en solitario. En <strong>2019<\/strong>, como hemos destacado anteriormente, se qued\u00f3 a tan solo un concejal de la mayor\u00eda absoluta.<\/p>\n","protected":false},"excerpt":{"rendered":"<p>El Partido Socialista de Alcoy ha anunciado esta ma\u00f1ana que el actual alcalde, Toni Franc\u00e9s, repetir\u00e1 como candidato en las&#8230;<\/p>\n","protected":false},"author":1,"featured_media":91716,"comment_status":"open","ping_status":"open","sticky":false,"template":"","format":"standard","meta":{"footnotes":""},"categories":[6909,97,75,79,125],"tags":[804,1494,5263,371,681],"class_list":["post-91680","post","type-post","status-publish","format-standard","has-post-thumbnail","hentry","category-actualidad","category-alcoy","category-noticias","category-politicayeconomia","category-portada","tag-alcaldia","tag-alcoy","tag-candidatura","tag-psoe","tag-toni-frances"],"yoast_head":"<!-- This site is optimized with the Yoast SEO plugin v27.3 - https:\/\/yoast.com\/product\/yoast-seo-wordpress\/ -->\n<title>Toni Franc\u00e9s vuelve a ser candidato a la alcald\u00eda de Alcoy - COPE Alcoy<\/title>\n<meta name=\"robots\" content=\"index, follow, max-snippet:-1, max-image-preview:large, max-video-preview:-1\" \/>\n<link rel=\"canonical\" href=\"https:\/\/www.copealcoy.es\/es\/toni-frances-vuelve-a-ser-candidato-a-la-alcaldia-de-alcoy\/\" \/>\n<meta property=\"og:locale\" content=\"es_ES\" \/>\n<meta property=\"og:type\" content=\"article\" \/>\n<meta property=\"og:title\" content=\"Toni Franc\u00e9s vuelve a ser candidato a la alcald\u00eda de Alcoy - COPE Alcoy\" \/>\n<meta property=\"og:description\" content=\"El Partido Socialista de Alcoy ha anunciado esta ma\u00f1ana que el actual alcalde, Toni Franc\u00e9s, repetir\u00e1 como candidato en las...\" \/>\n<meta property=\"og:url\" content=\"https:\/\/www.copealcoy.es\/es\/toni-frances-vuelve-a-ser-candidato-a-la-alcaldia-de-alcoy\/\" \/>\n<meta property=\"og:site_name\" content=\"COPE Alcoy\" \/>\n<meta property=\"article:published_time\" content=\"2022-09-16T08:00:47+00:00\" \/>\n<meta property=\"article:modified_time\" content=\"2022-09-18T12:20:09+00:00\" \/>\n<meta property=\"og:image\" content=\"https:\/\/www.copealcoy.es\/wp-content\/uploads\/2022\/09\/BA292FA8-4238-486A-996F-51861C4F3997-scaled.jpeg\" \/>\n\t<meta property=\"og:image:width\" content=\"1842\" \/>\n\t<meta property=\"og:image:height\" content=\"1080\" \/>\n\t<meta property=\"og:image:type\" content=\"image\/jpeg\" \/>\n<meta name=\"author\" content=\"Cope Alcoy\" \/>\n<meta name=\"twitter:label1\" content=\"Escrito por\" \/>\n\t<meta name=\"twitter:data1\" content=\"Cope Alcoy\" \/>\n\t<meta name=\"twitter:label2\" content=\"Tiempo de lectura\" \/>\n\t<meta name=\"twitter:data2\" content=\"2 minutos\" \/>\n<script type=\"application\/ld+json\" class=\"yoast-schema-graph\">{\"@context\":\"https:\\\/\\\/schema.org\",\"@graph\":[{\"@type\":\"Article\",\"@id\":\"https:\\\/\\\/www.copealcoy.es\\\/es\\\/toni-frances-vuelve-a-ser-candidato-a-la-alcaldia-de-alcoy\\\/#article\",\"isPartOf\":{\"@id\":\"https:\\\/\\\/www.copealcoy.es\\\/es\\\/toni-frances-vuelve-a-ser-candidato-a-la-alcaldia-de-alcoy\\\/\"},\"author\":{\"name\":\"Cope Alcoy\",\"@id\":\"https:\\\/\\\/www.copealcoy.es\\\/es\\\/#\\\/schema\\\/person\\\/e777c87fa024e57d40170af9df39882c\"},\"headline\":\"Toni Franc\u00e9s vuelve a ser candidato a la alcald\u00eda de Alcoy\",\"datePublished\":\"2022-09-16T08:00:47+00:00\",\"dateModified\":\"2022-09-18T12:20:09+00:00\",\"mainEntityOfPage\":{\"@id\":\"https:\\\/\\\/www.copealcoy.es\\\/es\\\/toni-frances-vuelve-a-ser-candidato-a-la-alcaldia-de-alcoy\\\/\"},\"wordCount\":353,\"commentCount\":0,\"image\":{\"@id\":\"https:\\\/\\\/www.copealcoy.es\\\/es\\\/toni-frances-vuelve-a-ser-candidato-a-la-alcaldia-de-alcoy\\\/#primaryimage\"},\"thumbnailUrl\":\"https:\\\/\\\/www.copealcoy.es\\\/wp-content\\\/uploads\\\/2022\\\/09\\\/BA292FA8-4238-486A-996F-51861C4F3997-scaled.jpeg\",\"keywords\":[\"alcald\u00eda\",\"Alcoy\",\"Candidatura\",\"PSOE\",\"Toni Franc\u00e9s\"],\"articleSection\":[\"Actualidad\",\"Alcoy\",\"Noticias\",\"Pol\u00edtica y Econom\u00eda\",\"Portada\"],\"inLanguage\":\"es\"},{\"@type\":\"WebPage\",\"@id\":\"https:\\\/\\\/www.copealcoy.es\\\/es\\\/toni-frances-vuelve-a-ser-candidato-a-la-alcaldia-de-alcoy\\\/\",\"url\":\"https:\\\/\\\/www.copealcoy.es\\\/es\\\/toni-frances-vuelve-a-ser-candidato-a-la-alcaldia-de-alcoy\\\/\",\"name\":\"Toni Franc\u00e9s vuelve a ser candidato a la alcald\u00eda de Alcoy - COPE Alcoy\",\"isPartOf\":{\"@id\":\"https:\\\/\\\/www.copealcoy.es\\\/es\\\/#website\"},\"primaryImageOfPage\":{\"@id\":\"https:\\\/\\\/www.copealcoy.es\\\/es\\\/toni-frances-vuelve-a-ser-candidato-a-la-alcaldia-de-alcoy\\\/#primaryimage\"},\"image\":{\"@id\":\"https:\\\/\\\/www.copealcoy.es\\\/es\\\/toni-frances-vuelve-a-ser-candidato-a-la-alcaldia-de-alcoy\\\/#primaryimage\"},\"thumbnailUrl\":\"https:\\\/\\\/www.copealcoy.es\\\/wp-content\\\/uploads\\\/2022\\\/09\\\/BA292FA8-4238-486A-996F-51861C4F3997-scaled.jpeg\",\"datePublished\":\"2022-09-16T08:00:47+00:00\",\"dateModified\":\"2022-09-18T12:20:09+00:00\",\"author\":{\"@id\":\"https:\\\/\\\/www.copealcoy.es\\\/es\\\/#\\\/schema\\\/person\\\/e777c87fa024e57d40170af9df39882c\"},\"breadcrumb\":{\"@id\":\"https:\\\/\\\/www.copealcoy.es\\\/es\\\/toni-frances-vuelve-a-ser-candidato-a-la-alcaldia-de-alcoy\\\/#breadcrumb\"},\"inLanguage\":\"es\",\"potentialAction\":[{\"@type\":\"ReadAction\",\"target\":[\"https:\\\/\\\/www.copealcoy.es\\\/es\\\/toni-frances-vuelve-a-ser-candidato-a-la-alcaldia-de-alcoy\\\/\"]}]},{\"@type\":\"ImageObject\",\"inLanguage\":\"es\",\"@id\":\"https:\\\/\\\/www.copealcoy.es\\\/es\\\/toni-frances-vuelve-a-ser-candidato-a-la-alcaldia-de-alcoy\\\/#primaryimage\",\"url\":\"https:\\\/\\\/www.copealcoy.es\\\/wp-content\\\/uploads\\\/2022\\\/09\\\/BA292FA8-4238-486A-996F-51861C4F3997-scaled.jpeg\",\"contentUrl\":\"https:\\\/\\\/www.copealcoy.es\\\/wp-content\\\/uploads\\\/2022\\\/09\\\/BA292FA8-4238-486A-996F-51861C4F3997-scaled.jpeg\",\"width\":1842,\"height\":1080},{\"@type\":\"BreadcrumbList\",\"@id\":\"https:\\\/\\\/www.copealcoy.es\\\/es\\\/toni-frances-vuelve-a-ser-candidato-a-la-alcaldia-de-alcoy\\\/#breadcrumb\",\"itemListElement\":[{\"@type\":\"ListItem\",\"position\":1,\"name\":\"Portada\",\"item\":\"https:\\\/\\\/www.copealcoy.es\\\/es\\\/\"},{\"@type\":\"ListItem\",\"position\":2,\"name\":\"Toni Franc\u00e9s vuelve a ser candidato a la alcald\u00eda de Alcoy\"}]},{\"@type\":\"WebSite\",\"@id\":\"https:\\\/\\\/www.copealcoy.es\\\/es\\\/#website\",\"url\":\"https:\\\/\\\/www.copealcoy.es\\\/es\\\/\",\"name\":\"COPE Alcoy\",\"description\":\"Emisora COPE de radio local con emisi\u00f3n online. Pont de Sant Jordi 8-10 03803 Alcoy\",\"potentialAction\":[{\"@type\":\"SearchAction\",\"target\":{\"@type\":\"EntryPoint\",\"urlTemplate\":\"https:\\\/\\\/www.copealcoy.es\\\/es\\\/?s={search_term_string}\"},\"query-input\":{\"@type\":\"PropertyValueSpecification\",\"valueRequired\":true,\"valueName\":\"search_term_string\"}}],\"inLanguage\":\"es\"},{\"@type\":\"Person\",\"@id\":\"https:\\\/\\\/www.copealcoy.es\\\/es\\\/#\\\/schema\\\/person\\\/e777c87fa024e57d40170af9df39882c\",\"name\":\"Cope Alcoy\",\"image\":{\"@type\":\"ImageObject\",\"inLanguage\":\"es\",\"@id\":\"https:\\\/\\\/secure.gravatar.com\\\/avatar\\\/bb65d0283347e303893ba14f0692005417c1e0e690a325a4c5d8bb2b3943ee14?s=96&d=mm&r=g\",\"url\":\"https:\\\/\\\/secure.gravatar.com\\\/avatar\\\/bb65d0283347e303893ba14f0692005417c1e0e690a325a4c5d8bb2b3943ee14?s=96&d=mm&r=g\",\"contentUrl\":\"https:\\\/\\\/secure.gravatar.com\\\/avatar\\\/bb65d0283347e303893ba14f0692005417c1e0e690a325a4c5d8bb2b3943ee14?s=96&d=mm&r=g\",\"caption\":\"Cope Alcoy\"}}]}<\/script>\n<!-- \/ Yoast SEO plugin. -->","yoast_head_json":{"title":"Toni Franc\u00e9s vuelve a ser candidato a la alcald\u00eda de Alcoy - COPE Alcoy","robots":{"index":"index","follow":"follow","max-snippet":"max-snippet:-1","max-image-preview":"max-image-preview:large","max-video-preview":"max-video-preview:-1"},"canonical":"https:\/\/www.copealcoy.es\/es\/toni-frances-vuelve-a-ser-candidato-a-la-alcaldia-de-alcoy\/","og_locale":"es_ES","og_type":"article","og_title":"Toni Franc\u00e9s vuelve a ser candidato a la alcald\u00eda de Alcoy - COPE Alcoy","og_description":"El Partido Socialista de Alcoy ha anunciado esta ma\u00f1ana que el actual alcalde, Toni Franc\u00e9s, repetir\u00e1 como candidato en las...","og_url":"https:\/\/www.copealcoy.es\/es\/toni-frances-vuelve-a-ser-candidato-a-la-alcaldia-de-alcoy\/","og_site_name":"COPE Alcoy","article_published_time":"2022-09-16T08:00:47+00:00","article_modified_time":"2022-09-18T12:20:09+00:00","og_image":[{"width":1842,"height":1080,"url":"https:\/\/www.copealcoy.es\/wp-content\/uploads\/2022\/09\/BA292FA8-4238-486A-996F-51861C4F3997-scaled.jpeg","type":"image\/jpeg"}],"author":"Cope Alcoy","twitter_misc":{"Escrito por":"Cope Alcoy","Tiempo de lectura":"2 minutos"},"schema":{"@context":"https:\/\/schema.org","@graph":[{"@type":"Article","@id":"https:\/\/www.copealcoy.es\/es\/toni-frances-vuelve-a-ser-candidato-a-la-alcaldia-de-alcoy\/#article","isPartOf":{"@id":"https:\/\/www.copealcoy.es\/es\/toni-frances-vuelve-a-ser-candidato-a-la-alcaldia-de-alcoy\/"},"author":{"name":"Cope Alcoy","@id":"https:\/\/www.copealcoy.es\/es\/#\/schema\/person\/e777c87fa024e57d40170af9df39882c"},"headline":"Toni Franc\u00e9s vuelve a ser candidato a la alcald\u00eda de Alcoy","datePublished":"2022-09-16T08:00:47+00:00","dateModified":"2022-09-18T12:20:09+00:00","mainEntityOfPage":{"@id":"https:\/\/www.copealcoy.es\/es\/toni-frances-vuelve-a-ser-candidato-a-la-alcaldia-de-alcoy\/"},"wordCount":353,"commentCount":0,"image":{"@id":"https:\/\/www.copealcoy.es\/es\/toni-frances-vuelve-a-ser-candidato-a-la-alcaldia-de-alcoy\/#primaryimage"},"thumbnailUrl":"https:\/\/www.copealcoy.es\/wp-content\/uploads\/2022\/09\/BA292FA8-4238-486A-996F-51861C4F3997-scaled.jpeg","keywords":["alcald\u00eda","Alcoy","Candidatura","PSOE","Toni Franc\u00e9s"],"articleSection":["Actualidad","Alcoy","Noticias","Pol\u00edtica y Econom\u00eda","Portada"],"inLanguage":"es"},{"@type":"WebPage","@id":"https:\/\/www.copealcoy.es\/es\/toni-frances-vuelve-a-ser-candidato-a-la-alcaldia-de-alcoy\/","url":"https:\/\/www.copealcoy.es\/es\/toni-frances-vuelve-a-ser-candidato-a-la-alcaldia-de-alcoy\/","name":"Toni Franc\u00e9s vuelve a ser candidato a la alcald\u00eda de Alcoy - COPE Alcoy","isPartOf":{"@id":"https:\/\/www.copealcoy.es\/es\/#website"},"primaryImageOfPage":{"@id":"https:\/\/www.copealcoy.es\/es\/toni-frances-vuelve-a-ser-candidato-a-la-alcaldia-de-alcoy\/#primaryimage"},"image":{"@id":"https:\/\/www.copealcoy.es\/es\/toni-frances-vuelve-a-ser-candidato-a-la-alcaldia-de-alcoy\/#primaryimage"},"thumbnailUrl":"https:\/\/www.copealcoy.es\/wp-content\/uploads\/2022\/09\/BA292FA8-4238-486A-996F-51861C4F3997-scaled.jpeg","datePublished":"2022-09-16T08:00:47+00:00","dateModified":"2022-09-18T12:20:09+00:00","author":{"@id":"https:\/\/www.copealcoy.es\/es\/#\/schema\/person\/e777c87fa024e57d40170af9df39882c"},"breadcrumb":{"@id":"https:\/\/www.copealcoy.es\/es\/toni-frances-vuelve-a-ser-candidato-a-la-alcaldia-de-alcoy\/#breadcrumb"},"inLanguage":"es","potentialAction":[{"@type":"ReadAction","target":["https:\/\/www.copealcoy.es\/es\/toni-frances-vuelve-a-ser-candidato-a-la-alcaldia-de-alcoy\/"]}]},{"@type":"ImageObject","inLanguage":"es","@id":"https:\/\/www.copealcoy.es\/es\/toni-frances-vuelve-a-ser-candidato-a-la-alcaldia-de-alcoy\/#primaryimage","url":"https:\/\/www.copealcoy.es\/wp-content\/uploads\/2022\/09\/BA292FA8-4238-486A-996F-51861C4F3997-scaled.jpeg","contentUrl":"https:\/\/www.copealcoy.es\/wp-content\/uploads\/2022\/09\/BA292FA8-4238-486A-996F-51861C4F3997-scaled.jpeg","width":1842,"height":1080},{"@type":"BreadcrumbList","@id":"https:\/\/www.copealcoy.es\/es\/toni-frances-vuelve-a-ser-candidato-a-la-alcaldia-de-alcoy\/#breadcrumb","itemListElement":[{"@type":"ListItem","position":1,"name":"Portada","item":"https:\/\/www.copealcoy.es\/es\/"},{"@type":"ListItem","position":2,"name":"Toni Franc\u00e9s vuelve a ser candidato a la alcald\u00eda de Alcoy"}]},{"@type":"WebSite","@id":"https:\/\/www.copealcoy.es\/es\/#website","url":"https:\/\/www.copealcoy.es\/es\/","name":"COPE Alcoy","description":"Emisora COPE de radio local con emisi\u00f3n online. Pont de Sant Jordi 8-10 03803 Alcoy","potentialAction":[{"@type":"SearchAction","target":{"@type":"EntryPoint","urlTemplate":"https:\/\/www.copealcoy.es\/es\/?s={search_term_string}"},"query-input":{"@type":"PropertyValueSpecification","valueRequired":true,"valueName":"search_term_string"}}],"inLanguage":"es"},{"@type":"Person","@id":"https:\/\/www.copealcoy.es\/es\/#\/schema\/person\/e777c87fa024e57d40170af9df39882c","name":"Cope Alcoy","image":{"@type":"ImageObject","inLanguage":"es","@id":"https:\/\/secure.gravatar.com\/avatar\/bb65d0283347e303893ba14f0692005417c1e0e690a325a4c5d8bb2b3943ee14?s=96&d=mm&r=g","url":"https:\/\/secure.gravatar.com\/avatar\/bb65d0283347e303893ba14f0692005417c1e0e690a325a4c5d8bb2b3943ee14?s=96&d=mm&r=g","contentUrl":"https:\/\/secure.gravatar.com\/avatar\/bb65d0283347e303893ba14f0692005417c1e0e690a325a4c5d8bb2b3943ee14?s=96&d=mm&r=g","caption":"Cope Alcoy"}}]}},"_links":{"self":[{"href":"https:\/\/www.copealcoy.es\/es\/wp-json\/wp\/v2\/posts\/91680","targetHints":{"allow":["GET"]}}],"collection":[{"href":"https:\/\/www.copealcoy.es\/es\/wp-json\/wp\/v2\/posts"}],"about":[{"href":"https:\/\/www.copealcoy.es\/es\/wp-json\/wp\/v2\/types\/post"}],"author":[{"embeddable":true,"href":"https:\/\/www.copealcoy.es\/es\/wp-json\/wp\/v2\/users\/1"}],"replies":[{"embeddable":true,"href":"https:\/\/www.copealcoy.es\/es\/wp-json\/wp\/v2\/comments?post=91680"}],"version-history":[{"count":0,"href":"https:\/\/www.copealcoy.es\/es\/wp-json\/wp\/v2\/posts\/91680\/revisions"}],"wp:featuredmedia":[{"embeddable":true,"href":"https:\/\/www.copealcoy.es\/es\/wp-json\/wp\/v2\/media\/91716"}],"wp:attachment":[{"href":"https:\/\/www.copealcoy.es\/es\/wp-json\/wp\/v2\/media?parent=91680"}],"wp:term":[{"taxonomy":"category","embeddable":true,"href":"https:\/\/www.copealcoy.es\/es\/wp-json\/wp\/v2\/categories?post=91680"},{"taxonomy":"post_tag","embeddable":true,"href":"https:\/\/www.copealcoy.es\/es\/wp-json\/wp\/v2\/tags?post=91680"}],"curies":[{"name":"wp","href":"https:\/\/api.w.org\/{rel}","templated":true}]}}