{"id":91641,"date":"2022-09-16T07:00:01","date_gmt":"2022-09-16T06:00:01","guid":{"rendered":"https:\/\/www.copealcoy.es\/?p=91641"},"modified":"2022-09-16T08:40:58","modified_gmt":"2022-09-16T07:40:58","slug":"dimonis-rafolins-recupera-el-correfocs-en-las-calles-de-lalqueria","status":"publish","type":"post","link":"https:\/\/www.copealcoy.es\/es\/dimonis-rafolins-recupera-el-correfocs-en-las-calles-de-lalqueria\/","title":{"rendered":"&#8216;Dimonis Rafolins&#8217; recupera el &#8216;Correfocs&#8217; en las calles de l&#8217;Alqueria"},"content":{"rendered":"<p style=\"text-align: justify;\">L&#8217;<strong>Alqueria d&#8217;Asnar<\/strong> ha comenzado septiembre con <strong>una intensa actividad gracias a sus Fiestas Patronales<\/strong> en honor a San Miguel Arc\u00e1ngel. Los festejos <strong>recuperan el formato habitual tras la pandemia<\/strong> y el pistoletazo de salida a los mismos <strong>tendr\u00e1 lugar este fin de semana<\/strong> con la pirotecnia como principal protagonista.<\/p>\n<p style=\"text-align: justify;\">El fuego <strong>ser\u00e1 quien abra las puertas de estas Fiestas<\/strong> con <strong>el espectacular \u2018Correfocs\u2019<\/strong> que para la noche del s\u00e1bado<strong> han preparado la Colla de &#8216;Dimonis Rafolins&#8217; de la misma Alqueria d\u2019Asnar<\/strong> junto a un invitado muy especial \u201c<em>en este regreso a la calle hemos querido contar con Factoria de So de les Illes Balears y con ambas agrupaciones vamos a disfrutar de un espect\u00e1culo in\u00e9dito que har\u00e1 disfrutar a todos los que venga a verlo. No se lo pueden perder porque ser\u00e1 una puesta en escena que nos har\u00e1 renacer del fuego purificador tras todo lo que hemos vivido por la Covid-1<\/em>9\u201d, dec\u00eda esta semana en COPE ALCOY el alcalde de la poblaci\u00f3n; <strong>Jaume Pascual<\/strong>. Antes del plato fuerte llegar\u00e1n los m\u00e1s peque\u00f1os en <strong>un aperitivo que tendr\u00e1 lugar el viernes por la noche a partir de las 21:30h<\/strong> de la mano de los m\u00e1s j\u00f3venes del grupo, los cari\u00f1osamente conocidos como &#8216;Dimonis Ratolins&#8217;.<\/p>\n<p style=\"text-align: justify;\">En la <strong>intensa programaci\u00f3n de las Fiestas de l&#8217;Alqueria<\/strong> destacan <strong>las competiciones deportivas o las actividades culturales<\/strong> sin dejar de lado <strong>una completa oferta de ocio nocturno<\/strong> que trae este a\u00f1o hasta el municipio destacados DJ\u2019s del panorama musical actual u orquestas cl\u00e1sicas como la esperada Montecarlo.\u00a0 La cl\u00e1sica <strong>\u2018Vespra\u2019<\/strong> del viernes 23 de septiembre abrir\u00e1 los d\u00edas grandes de unas celebraciones que tambi\u00e9n incluyen <strong>misas solemnes en honor a San Francisco de Paula y San Ram\u00f3n Nonato, volteos generales de campanas, pasacalles o la Entrada de Moros y Cristianos<\/strong> de la tarde del s\u00e1bado en la que se prev\u00e9 una participaci\u00f3n de unas cuatrocientas personas. El domingo ser\u00e1 el momento de <strong>rendir homenaje al patr\u00f3n, San Miguel Arc\u00e1ngel,<\/strong> con varios actos religiosos en su honor y el lunes ser\u00e1 un d\u00eda con car\u00e1cter m\u00e1s local en el que en el que destacar\u00e1n la feria para los m\u00e1s peque\u00f1os, las paellas de mediod\u00eda o la chocolatada.<\/p>\n<p style=\"text-align: justify;\">Antes de ello <strong>tocar\u00e1 estar pendientes del castillo de fuegos artificiales<\/strong> del domingo por la noche que seg\u00fan Jaume Pascual ser\u00e1 m\u00e1s especial que otros a\u00f1os con alguna que otra sorpresa.<\/p>\n","protected":false},"excerpt":{"rendered":"<p>L&#8217;Alqueria d&#8217;Asnar ha comenzado septiembre con una intensa actividad gracias a sus Fiestas Patronales en honor a San Miguel Arc\u00e1ngel&#8230;.<\/p>\n","protected":false},"author":1,"featured_media":77836,"comment_status":"open","ping_status":"open","sticky":false,"template":"","format":"standard","meta":{"footnotes":""},"categories":[6909,98,75],"tags":[4681,3080,4738,565],"class_list":["post-91641","post","type-post","status-publish","format-standard","has-post-thumbnail","hentry","category-actualidad","category-comarcas","category-noticias","tag-alqueria-dasnar","tag-correfocs","tag-dimonis-rafolins","tag-fiestas"],"yoast_head":"<!-- This site is optimized with the Yoast SEO plugin v27.3 - https:\/\/yoast.com\/product\/yoast-seo-wordpress\/ -->\n<title>&#039;Dimonis Rafolins&#039; recupera el &#039;Correfocs&#039; en las calles de l&#039;Alqueria - COPE Alcoy<\/title>\n<meta name=\"robots\" content=\"index, follow, max-snippet:-1, max-image-preview:large, max-video-preview:-1\" \/>\n<link rel=\"canonical\" href=\"https:\/\/www.copealcoy.es\/es\/dimonis-rafolins-recupera-el-correfocs-en-las-calles-de-lalqueria\/\" \/>\n<meta property=\"og:locale\" content=\"es_ES\" \/>\n<meta property=\"og:type\" content=\"article\" \/>\n<meta property=\"og:title\" content=\"&#039;Dimonis Rafolins&#039; recupera el &#039;Correfocs&#039; en las calles de l&#039;Alqueria - COPE Alcoy\" \/>\n<meta property=\"og:description\" content=\"L&#8217;Alqueria d&#8217;Asnar ha comenzado septiembre con una intensa actividad gracias a sus Fiestas Patronales en honor a San Miguel Arc\u00e1ngel....\" \/>\n<meta property=\"og:url\" content=\"https:\/\/www.copealcoy.es\/es\/dimonis-rafolins-recupera-el-correfocs-en-las-calles-de-lalqueria\/\" \/>\n<meta property=\"og:site_name\" content=\"COPE Alcoy\" \/>\n<meta property=\"article:published_time\" content=\"2022-09-16T06:00:01+00:00\" \/>\n<meta property=\"article:modified_time\" content=\"2022-09-16T07:40:58+00:00\" \/>\n<meta property=\"og:image\" content=\"https:\/\/www.copealcoy.es\/wp-content\/uploads\/2021\/09\/242398939_3080875845569174_3507503481156627491_n-e1632068804776.jpg\" \/>\n\t<meta property=\"og:image:width\" content=\"681\" \/>\n\t<meta property=\"og:image:height\" content=\"436\" \/>\n\t<meta property=\"og:image:type\" content=\"image\/jpeg\" \/>\n<meta name=\"author\" content=\"Cope Alcoy\" \/>\n<meta name=\"twitter:label1\" content=\"Escrito por\" \/>\n\t<meta name=\"twitter:data1\" content=\"Cope Alcoy\" \/>\n\t<meta name=\"twitter:label2\" content=\"Tiempo de lectura\" \/>\n\t<meta name=\"twitter:data2\" content=\"2 minutos\" \/>\n<script type=\"application\/ld+json\" class=\"yoast-schema-graph\">{\"@context\":\"https:\\\/\\\/schema.org\",\"@graph\":[{\"@type\":\"Article\",\"@id\":\"https:\\\/\\\/www.copealcoy.es\\\/es\\\/dimonis-rafolins-recupera-el-correfocs-en-las-calles-de-lalqueria\\\/#article\",\"isPartOf\":{\"@id\":\"https:\\\/\\\/www.copealcoy.es\\\/es\\\/dimonis-rafolins-recupera-el-correfocs-en-las-calles-de-lalqueria\\\/\"},\"author\":{\"name\":\"Cope Alcoy\",\"@id\":\"https:\\\/\\\/www.copealcoy.es\\\/es\\\/#\\\/schema\\\/person\\\/e777c87fa024e57d40170af9df39882c\"},\"headline\":\"&#8216;Dimonis Rafolins&#8217; recupera el &#8216;Correfocs&#8217; en las calles de l&#8217;Alqueria\",\"datePublished\":\"2022-09-16T06:00:01+00:00\",\"dateModified\":\"2022-09-16T07:40:58+00:00\",\"mainEntityOfPage\":{\"@id\":\"https:\\\/\\\/www.copealcoy.es\\\/es\\\/dimonis-rafolins-recupera-el-correfocs-en-las-calles-de-lalqueria\\\/\"},\"wordCount\":439,\"commentCount\":0,\"image\":{\"@id\":\"https:\\\/\\\/www.copealcoy.es\\\/es\\\/dimonis-rafolins-recupera-el-correfocs-en-las-calles-de-lalqueria\\\/#primaryimage\"},\"thumbnailUrl\":\"https:\\\/\\\/www.copealcoy.es\\\/wp-content\\\/uploads\\\/2021\\\/09\\\/242398939_3080875845569174_3507503481156627491_n-e1632068804776.jpg\",\"keywords\":[\"Alquer\u00eda d\u00b4Asnar\",\"Correfocs\",\"Dimonis Rafol\u00edns\",\"Fiestas\"],\"articleSection\":[\"Actualidad\",\"Comarcas\",\"Noticias\"],\"inLanguage\":\"es\"},{\"@type\":\"WebPage\",\"@id\":\"https:\\\/\\\/www.copealcoy.es\\\/es\\\/dimonis-rafolins-recupera-el-correfocs-en-las-calles-de-lalqueria\\\/\",\"url\":\"https:\\\/\\\/www.copealcoy.es\\\/es\\\/dimonis-rafolins-recupera-el-correfocs-en-las-calles-de-lalqueria\\\/\",\"name\":\"'Dimonis Rafolins' recupera el 'Correfocs' en las calles de l'Alqueria - COPE Alcoy\",\"isPartOf\":{\"@id\":\"https:\\\/\\\/www.copealcoy.es\\\/es\\\/#website\"},\"primaryImageOfPage\":{\"@id\":\"https:\\\/\\\/www.copealcoy.es\\\/es\\\/dimonis-rafolins-recupera-el-correfocs-en-las-calles-de-lalqueria\\\/#primaryimage\"},\"image\":{\"@id\":\"https:\\\/\\\/www.copealcoy.es\\\/es\\\/dimonis-rafolins-recupera-el-correfocs-en-las-calles-de-lalqueria\\\/#primaryimage\"},\"thumbnailUrl\":\"https:\\\/\\\/www.copealcoy.es\\\/wp-content\\\/uploads\\\/2021\\\/09\\\/242398939_3080875845569174_3507503481156627491_n-e1632068804776.jpg\",\"datePublished\":\"2022-09-16T06:00:01+00:00\",\"dateModified\":\"2022-09-16T07:40:58+00:00\",\"author\":{\"@id\":\"https:\\\/\\\/www.copealcoy.es\\\/es\\\/#\\\/schema\\\/person\\\/e777c87fa024e57d40170af9df39882c\"},\"breadcrumb\":{\"@id\":\"https:\\\/\\\/www.copealcoy.es\\\/es\\\/dimonis-rafolins-recupera-el-correfocs-en-las-calles-de-lalqueria\\\/#breadcrumb\"},\"inLanguage\":\"es\",\"potentialAction\":[{\"@type\":\"ReadAction\",\"target\":[\"https:\\\/\\\/www.copealcoy.es\\\/es\\\/dimonis-rafolins-recupera-el-correfocs-en-las-calles-de-lalqueria\\\/\"]}]},{\"@type\":\"ImageObject\",\"inLanguage\":\"es\",\"@id\":\"https:\\\/\\\/www.copealcoy.es\\\/es\\\/dimonis-rafolins-recupera-el-correfocs-en-las-calles-de-lalqueria\\\/#primaryimage\",\"url\":\"https:\\\/\\\/www.copealcoy.es\\\/wp-content\\\/uploads\\\/2021\\\/09\\\/242398939_3080875845569174_3507503481156627491_n-e1632068804776.jpg\",\"contentUrl\":\"https:\\\/\\\/www.copealcoy.es\\\/wp-content\\\/uploads\\\/2021\\\/09\\\/242398939_3080875845569174_3507503481156627491_n-e1632068804776.jpg\",\"width\":681,\"height\":436},{\"@type\":\"BreadcrumbList\",\"@id\":\"https:\\\/\\\/www.copealcoy.es\\\/es\\\/dimonis-rafolins-recupera-el-correfocs-en-las-calles-de-lalqueria\\\/#breadcrumb\",\"itemListElement\":[{\"@type\":\"ListItem\",\"position\":1,\"name\":\"Portada\",\"item\":\"https:\\\/\\\/www.copealcoy.es\\\/es\\\/\"},{\"@type\":\"ListItem\",\"position\":2,\"name\":\"&#8216;Dimonis Rafolins&#8217; recupera el &#8216;Correfocs&#8217; en las calles de l&#8217;Alqueria\"}]},{\"@type\":\"WebSite\",\"@id\":\"https:\\\/\\\/www.copealcoy.es\\\/es\\\/#website\",\"url\":\"https:\\\/\\\/www.copealcoy.es\\\/es\\\/\",\"name\":\"COPE Alcoy\",\"description\":\"Emisora COPE de radio local con emisi\u00f3n online. Pont de Sant Jordi 8-10 03803 Alcoy\",\"potentialAction\":[{\"@type\":\"SearchAction\",\"target\":{\"@type\":\"EntryPoint\",\"urlTemplate\":\"https:\\\/\\\/www.copealcoy.es\\\/es\\\/?s={search_term_string}\"},\"query-input\":{\"@type\":\"PropertyValueSpecification\",\"valueRequired\":true,\"valueName\":\"search_term_string\"}}],\"inLanguage\":\"es\"},{\"@type\":\"Person\",\"@id\":\"https:\\\/\\\/www.copealcoy.es\\\/es\\\/#\\\/schema\\\/person\\\/e777c87fa024e57d40170af9df39882c\",\"name\":\"Cope Alcoy\",\"image\":{\"@type\":\"ImageObject\",\"inLanguage\":\"es\",\"@id\":\"https:\\\/\\\/secure.gravatar.com\\\/avatar\\\/bb65d0283347e303893ba14f0692005417c1e0e690a325a4c5d8bb2b3943ee14?s=96&d=mm&r=g\",\"url\":\"https:\\\/\\\/secure.gravatar.com\\\/avatar\\\/bb65d0283347e303893ba14f0692005417c1e0e690a325a4c5d8bb2b3943ee14?s=96&d=mm&r=g\",\"contentUrl\":\"https:\\\/\\\/secure.gravatar.com\\\/avatar\\\/bb65d0283347e303893ba14f0692005417c1e0e690a325a4c5d8bb2b3943ee14?s=96&d=mm&r=g\",\"caption\":\"Cope Alcoy\"}}]}<\/script>\n<!-- \/ Yoast SEO plugin. -->","yoast_head_json":{"title":"'Dimonis Rafolins' recupera el 'Correfocs' en las calles de l'Alqueria - COPE Alcoy","robots":{"index":"index","follow":"follow","max-snippet":"max-snippet:-1","max-image-preview":"max-image-preview:large","max-video-preview":"max-video-preview:-1"},"canonical":"https:\/\/www.copealcoy.es\/es\/dimonis-rafolins-recupera-el-correfocs-en-las-calles-de-lalqueria\/","og_locale":"es_ES","og_type":"article","og_title":"'Dimonis Rafolins' recupera el 'Correfocs' en las calles de l'Alqueria - COPE Alcoy","og_description":"L&#8217;Alqueria d&#8217;Asnar ha comenzado septiembre con una intensa actividad gracias a sus Fiestas Patronales en honor a San Miguel Arc\u00e1ngel....","og_url":"https:\/\/www.copealcoy.es\/es\/dimonis-rafolins-recupera-el-correfocs-en-las-calles-de-lalqueria\/","og_site_name":"COPE Alcoy","article_published_time":"2022-09-16T06:00:01+00:00","article_modified_time":"2022-09-16T07:40:58+00:00","og_image":[{"width":681,"height":436,"url":"https:\/\/www.copealcoy.es\/wp-content\/uploads\/2021\/09\/242398939_3080875845569174_3507503481156627491_n-e1632068804776.jpg","type":"image\/jpeg"}],"author":"Cope Alcoy","twitter_misc":{"Escrito por":"Cope Alcoy","Tiempo de lectura":"2 minutos"},"schema":{"@context":"https:\/\/schema.org","@graph":[{"@type":"Article","@id":"https:\/\/www.copealcoy.es\/es\/dimonis-rafolins-recupera-el-correfocs-en-las-calles-de-lalqueria\/#article","isPartOf":{"@id":"https:\/\/www.copealcoy.es\/es\/dimonis-rafolins-recupera-el-correfocs-en-las-calles-de-lalqueria\/"},"author":{"name":"Cope Alcoy","@id":"https:\/\/www.copealcoy.es\/es\/#\/schema\/person\/e777c87fa024e57d40170af9df39882c"},"headline":"&#8216;Dimonis Rafolins&#8217; recupera el &#8216;Correfocs&#8217; en las calles de l&#8217;Alqueria","datePublished":"2022-09-16T06:00:01+00:00","dateModified":"2022-09-16T07:40:58+00:00","mainEntityOfPage":{"@id":"https:\/\/www.copealcoy.es\/es\/dimonis-rafolins-recupera-el-correfocs-en-las-calles-de-lalqueria\/"},"wordCount":439,"commentCount":0,"image":{"@id":"https:\/\/www.copealcoy.es\/es\/dimonis-rafolins-recupera-el-correfocs-en-las-calles-de-lalqueria\/#primaryimage"},"thumbnailUrl":"https:\/\/www.copealcoy.es\/wp-content\/uploads\/2021\/09\/242398939_3080875845569174_3507503481156627491_n-e1632068804776.jpg","keywords":["Alquer\u00eda d\u00b4Asnar","Correfocs","Dimonis Rafol\u00edns","Fiestas"],"articleSection":["Actualidad","Comarcas","Noticias"],"inLanguage":"es"},{"@type":"WebPage","@id":"https:\/\/www.copealcoy.es\/es\/dimonis-rafolins-recupera-el-correfocs-en-las-calles-de-lalqueria\/","url":"https:\/\/www.copealcoy.es\/es\/dimonis-rafolins-recupera-el-correfocs-en-las-calles-de-lalqueria\/","name":"'Dimonis Rafolins' recupera el 'Correfocs' en las calles de l'Alqueria - COPE Alcoy","isPartOf":{"@id":"https:\/\/www.copealcoy.es\/es\/#website"},"primaryImageOfPage":{"@id":"https:\/\/www.copealcoy.es\/es\/dimonis-rafolins-recupera-el-correfocs-en-las-calles-de-lalqueria\/#primaryimage"},"image":{"@id":"https:\/\/www.copealcoy.es\/es\/dimonis-rafolins-recupera-el-correfocs-en-las-calles-de-lalqueria\/#primaryimage"},"thumbnailUrl":"https:\/\/www.copealcoy.es\/wp-content\/uploads\/2021\/09\/242398939_3080875845569174_3507503481156627491_n-e1632068804776.jpg","datePublished":"2022-09-16T06:00:01+00:00","dateModified":"2022-09-16T07:40:58+00:00","author":{"@id":"https:\/\/www.copealcoy.es\/es\/#\/schema\/person\/e777c87fa024e57d40170af9df39882c"},"breadcrumb":{"@id":"https:\/\/www.copealcoy.es\/es\/dimonis-rafolins-recupera-el-correfocs-en-las-calles-de-lalqueria\/#breadcrumb"},"inLanguage":"es","potentialAction":[{"@type":"ReadAction","target":["https:\/\/www.copealcoy.es\/es\/dimonis-rafolins-recupera-el-correfocs-en-las-calles-de-lalqueria\/"]}]},{"@type":"ImageObject","inLanguage":"es","@id":"https:\/\/www.copealcoy.es\/es\/dimonis-rafolins-recupera-el-correfocs-en-las-calles-de-lalqueria\/#primaryimage","url":"https:\/\/www.copealcoy.es\/wp-content\/uploads\/2021\/09\/242398939_3080875845569174_3507503481156627491_n-e1632068804776.jpg","contentUrl":"https:\/\/www.copealcoy.es\/wp-content\/uploads\/2021\/09\/242398939_3080875845569174_3507503481156627491_n-e1632068804776.jpg","width":681,"height":436},{"@type":"BreadcrumbList","@id":"https:\/\/www.copealcoy.es\/es\/dimonis-rafolins-recupera-el-correfocs-en-las-calles-de-lalqueria\/#breadcrumb","itemListElement":[{"@type":"ListItem","position":1,"name":"Portada","item":"https:\/\/www.copealcoy.es\/es\/"},{"@type":"ListItem","position":2,"name":"&#8216;Dimonis Rafolins&#8217; recupera el &#8216;Correfocs&#8217; en las calles de l&#8217;Alqueria"}]},{"@type":"WebSite","@id":"https:\/\/www.copealcoy.es\/es\/#website","url":"https:\/\/www.copealcoy.es\/es\/","name":"COPE Alcoy","description":"Emisora COPE de radio local con emisi\u00f3n online. Pont de Sant Jordi 8-10 03803 Alcoy","potentialAction":[{"@type":"SearchAction","target":{"@type":"EntryPoint","urlTemplate":"https:\/\/www.copealcoy.es\/es\/?s={search_term_string}"},"query-input":{"@type":"PropertyValueSpecification","valueRequired":true,"valueName":"search_term_string"}}],"inLanguage":"es"},{"@type":"Person","@id":"https:\/\/www.copealcoy.es\/es\/#\/schema\/person\/e777c87fa024e57d40170af9df39882c","name":"Cope Alcoy","image":{"@type":"ImageObject","inLanguage":"es","@id":"https:\/\/secure.gravatar.com\/avatar\/bb65d0283347e303893ba14f0692005417c1e0e690a325a4c5d8bb2b3943ee14?s=96&d=mm&r=g","url":"https:\/\/secure.gravatar.com\/avatar\/bb65d0283347e303893ba14f0692005417c1e0e690a325a4c5d8bb2b3943ee14?s=96&d=mm&r=g","contentUrl":"https:\/\/secure.gravatar.com\/avatar\/bb65d0283347e303893ba14f0692005417c1e0e690a325a4c5d8bb2b3943ee14?s=96&d=mm&r=g","caption":"Cope Alcoy"}}]}},"_links":{"self":[{"href":"https:\/\/www.copealcoy.es\/es\/wp-json\/wp\/v2\/posts\/91641","targetHints":{"allow":["GET"]}}],"collection":[{"href":"https:\/\/www.copealcoy.es\/es\/wp-json\/wp\/v2\/posts"}],"about":[{"href":"https:\/\/www.copealcoy.es\/es\/wp-json\/wp\/v2\/types\/post"}],"author":[{"embeddable":true,"href":"https:\/\/www.copealcoy.es\/es\/wp-json\/wp\/v2\/users\/1"}],"replies":[{"embeddable":true,"href":"https:\/\/www.copealcoy.es\/es\/wp-json\/wp\/v2\/comments?post=91641"}],"version-history":[{"count":0,"href":"https:\/\/www.copealcoy.es\/es\/wp-json\/wp\/v2\/posts\/91641\/revisions"}],"wp:featuredmedia":[{"embeddable":true,"href":"https:\/\/www.copealcoy.es\/es\/wp-json\/wp\/v2\/media\/77836"}],"wp:attachment":[{"href":"https:\/\/www.copealcoy.es\/es\/wp-json\/wp\/v2\/media?parent=91641"}],"wp:term":[{"taxonomy":"category","embeddable":true,"href":"https:\/\/www.copealcoy.es\/es\/wp-json\/wp\/v2\/categories?post=91641"},{"taxonomy":"post_tag","embeddable":true,"href":"https:\/\/www.copealcoy.es\/es\/wp-json\/wp\/v2\/tags?post=91641"}],"curies":[{"name":"wp","href":"https:\/\/api.w.org\/{rel}","templated":true}]}}