{"id":91615,"date":"2022-09-14T15:46:57","date_gmt":"2022-09-14T14:46:57","guid":{"rendered":"https:\/\/www.copealcoy.es\/?p=91615"},"modified":"2022-09-14T15:46:57","modified_gmt":"2022-09-14T14:46:57","slug":"el-club-de-fans-de-camilo-sesto-de-alcoy-rinde-homenaje-al-cantante","status":"publish","type":"post","link":"https:\/\/www.copealcoy.es\/es\/el-club-de-fans-de-camilo-sesto-de-alcoy-rinde-homenaje-al-cantante\/","title":{"rendered":"El Club de Fans de Camilo Sesto de Alcoy rinde homenaje al cantante"},"content":{"rendered":"<p style=\"text-align: justify;\">El <strong>Club de Fans de Camilo Sesto de Alcoy<\/strong> ha preparado varios actos para este fin de semana en homenaje al cantante justo cuando hubiese cumplido 76 a\u00f1os. El s\u00e1bado destaca<strong> un concierto<\/strong> en un conocido pub de la ciudad, a cargo de Javier Ballester, y el viernes en el sal\u00f3n de actos del IVAM-CADA <strong>se presentar\u00e1 el disco<\/strong> <strong>\u2018Camilo Forever\u2019<\/strong>. Todo ello<strong> se completa con la intensa actividad<\/strong> que lleva adelante el Club de Fans recibiendo en su sede a personas de pr\u00e1cticamente todas las partes del mundo. Lo ha contado en COPE ALCOY <strong>Mar\u00eda \u00c1ngeles Llorens<\/strong>, una de sus integrantes, y aqu\u00ed lo puedes escuchar:<\/p>\n<p><iframe loading=\"lazy\" title=\"Mediod\u00eda Cope Alcoy Martes 13 De Septiembre 2022 (13:50h)\" width=\"100%\" height=\"120\" src=\"https:\/\/www.mixcloud.com\/widget\/iframe\/?feed=https%3A%2F%2Fwww.mixcloud.com%2FCOPEAlcoy%2Fmediod%25C3%25ADa-cope-alcoy-martes-13-de-septiembre-20%2F&amp;hide_cover=1\" frameborder=\"0\"><\/iframe><\/p>\n","protected":false},"excerpt":{"rendered":"<p>El Club de Fans de Camilo Sesto de Alcoy ha preparado varios actos para este fin de semana en homenaje&#8230;<\/p>\n","protected":false},"author":1,"featured_media":91616,"comment_status":"open","ping_status":"open","sticky":false,"template":"","format":"standard","meta":{"footnotes":""},"categories":[6909,97,78,75],"tags":[1494,9833,2559,2611,901],"class_list":["post-91615","post","type-post","status-publish","format-standard","has-post-thumbnail","hentry","category-actualidad","category-alcoy","category-fiestaycultura","category-noticias","tag-alcoy","tag-artista","tag-camilo-sesto","tag-club-de-fans","tag-homenaje"],"yoast_head":"<!-- This site is optimized with the Yoast SEO plugin v27.3 - https:\/\/yoast.com\/product\/yoast-seo-wordpress\/ -->\n<title>El Club de Fans de Camilo Sesto de Alcoy rinde homenaje al cantante - COPE Alcoy<\/title>\n<meta name=\"robots\" content=\"index, follow, max-snippet:-1, max-image-preview:large, max-video-preview:-1\" \/>\n<link rel=\"canonical\" href=\"https:\/\/www.copealcoy.es\/es\/el-club-de-fans-de-camilo-sesto-de-alcoy-rinde-homenaje-al-cantante\/\" \/>\n<meta property=\"og:locale\" content=\"es_ES\" \/>\n<meta property=\"og:type\" content=\"article\" \/>\n<meta property=\"og:title\" content=\"El Club de Fans de Camilo Sesto de Alcoy rinde homenaje al cantante - COPE Alcoy\" \/>\n<meta property=\"og:description\" content=\"El Club de Fans de Camilo Sesto de Alcoy ha preparado varios actos para este fin de semana en homenaje...\" \/>\n<meta property=\"og:url\" content=\"https:\/\/www.copealcoy.es\/es\/el-club-de-fans-de-camilo-sesto-de-alcoy-rinde-homenaje-al-cantante\/\" \/>\n<meta property=\"og:site_name\" content=\"COPE Alcoy\" \/>\n<meta property=\"article:published_time\" content=\"2022-09-14T14:46:57+00:00\" \/>\n<meta property=\"og:image\" content=\"https:\/\/www.copealcoy.es\/wp-content\/uploads\/2022\/09\/unnamed-20-scaled-e1663166663710.jpg\" \/>\n\t<meta property=\"og:image:width\" content=\"640\" \/>\n\t<meta property=\"og:image:height\" content=\"465\" \/>\n\t<meta property=\"og:image:type\" content=\"image\/jpeg\" \/>\n<meta name=\"author\" content=\"Cope Alcoy\" \/>\n<meta name=\"twitter:label1\" content=\"Escrito por\" \/>\n\t<meta name=\"twitter:data1\" content=\"Cope Alcoy\" \/>\n\t<meta name=\"twitter:label2\" content=\"Tiempo de lectura\" \/>\n\t<meta name=\"twitter:data2\" content=\"1 minuto\" \/>\n<script type=\"application\/ld+json\" class=\"yoast-schema-graph\">{\"@context\":\"https:\\\/\\\/schema.org\",\"@graph\":[{\"@type\":\"Article\",\"@id\":\"https:\\\/\\\/www.copealcoy.es\\\/es\\\/el-club-de-fans-de-camilo-sesto-de-alcoy-rinde-homenaje-al-cantante\\\/#article\",\"isPartOf\":{\"@id\":\"https:\\\/\\\/www.copealcoy.es\\\/es\\\/el-club-de-fans-de-camilo-sesto-de-alcoy-rinde-homenaje-al-cantante\\\/\"},\"author\":{\"name\":\"Cope Alcoy\",\"@id\":\"https:\\\/\\\/www.copealcoy.es\\\/es\\\/#\\\/schema\\\/person\\\/e777c87fa024e57d40170af9df39882c\"},\"headline\":\"El Club de Fans de Camilo Sesto de Alcoy rinde homenaje al cantante\",\"datePublished\":\"2022-09-14T14:46:57+00:00\",\"mainEntityOfPage\":{\"@id\":\"https:\\\/\\\/www.copealcoy.es\\\/es\\\/el-club-de-fans-de-camilo-sesto-de-alcoy-rinde-homenaje-al-cantante\\\/\"},\"wordCount\":132,\"commentCount\":0,\"image\":{\"@id\":\"https:\\\/\\\/www.copealcoy.es\\\/es\\\/el-club-de-fans-de-camilo-sesto-de-alcoy-rinde-homenaje-al-cantante\\\/#primaryimage\"},\"thumbnailUrl\":\"https:\\\/\\\/www.copealcoy.es\\\/wp-content\\\/uploads\\\/2022\\\/09\\\/unnamed-20-scaled-e1663166663710.jpg\",\"keywords\":[\"Alcoy\",\"artista\",\"Camilo Sesto\",\"Club de Fans\",\"Homenaje\"],\"articleSection\":[\"Actualidad\",\"Alcoy\",\"Fiesta y Cultura\",\"Noticias\"],\"inLanguage\":\"es\"},{\"@type\":\"WebPage\",\"@id\":\"https:\\\/\\\/www.copealcoy.es\\\/es\\\/el-club-de-fans-de-camilo-sesto-de-alcoy-rinde-homenaje-al-cantante\\\/\",\"url\":\"https:\\\/\\\/www.copealcoy.es\\\/es\\\/el-club-de-fans-de-camilo-sesto-de-alcoy-rinde-homenaje-al-cantante\\\/\",\"name\":\"El Club de Fans de Camilo Sesto de Alcoy rinde homenaje al cantante - COPE Alcoy\",\"isPartOf\":{\"@id\":\"https:\\\/\\\/www.copealcoy.es\\\/es\\\/#website\"},\"primaryImageOfPage\":{\"@id\":\"https:\\\/\\\/www.copealcoy.es\\\/es\\\/el-club-de-fans-de-camilo-sesto-de-alcoy-rinde-homenaje-al-cantante\\\/#primaryimage\"},\"image\":{\"@id\":\"https:\\\/\\\/www.copealcoy.es\\\/es\\\/el-club-de-fans-de-camilo-sesto-de-alcoy-rinde-homenaje-al-cantante\\\/#primaryimage\"},\"thumbnailUrl\":\"https:\\\/\\\/www.copealcoy.es\\\/wp-content\\\/uploads\\\/2022\\\/09\\\/unnamed-20-scaled-e1663166663710.jpg\",\"datePublished\":\"2022-09-14T14:46:57+00:00\",\"author\":{\"@id\":\"https:\\\/\\\/www.copealcoy.es\\\/es\\\/#\\\/schema\\\/person\\\/e777c87fa024e57d40170af9df39882c\"},\"breadcrumb\":{\"@id\":\"https:\\\/\\\/www.copealcoy.es\\\/es\\\/el-club-de-fans-de-camilo-sesto-de-alcoy-rinde-homenaje-al-cantante\\\/#breadcrumb\"},\"inLanguage\":\"es\",\"potentialAction\":[{\"@type\":\"ReadAction\",\"target\":[\"https:\\\/\\\/www.copealcoy.es\\\/es\\\/el-club-de-fans-de-camilo-sesto-de-alcoy-rinde-homenaje-al-cantante\\\/\"]}]},{\"@type\":\"ImageObject\",\"inLanguage\":\"es\",\"@id\":\"https:\\\/\\\/www.copealcoy.es\\\/es\\\/el-club-de-fans-de-camilo-sesto-de-alcoy-rinde-homenaje-al-cantante\\\/#primaryimage\",\"url\":\"https:\\\/\\\/www.copealcoy.es\\\/wp-content\\\/uploads\\\/2022\\\/09\\\/unnamed-20-scaled-e1663166663710.jpg\",\"contentUrl\":\"https:\\\/\\\/www.copealcoy.es\\\/wp-content\\\/uploads\\\/2022\\\/09\\\/unnamed-20-scaled-e1663166663710.jpg\",\"width\":640,\"height\":465},{\"@type\":\"BreadcrumbList\",\"@id\":\"https:\\\/\\\/www.copealcoy.es\\\/es\\\/el-club-de-fans-de-camilo-sesto-de-alcoy-rinde-homenaje-al-cantante\\\/#breadcrumb\",\"itemListElement\":[{\"@type\":\"ListItem\",\"position\":1,\"name\":\"Portada\",\"item\":\"https:\\\/\\\/www.copealcoy.es\\\/es\\\/\"},{\"@type\":\"ListItem\",\"position\":2,\"name\":\"El Club de Fans de Camilo Sesto de Alcoy rinde homenaje al cantante\"}]},{\"@type\":\"WebSite\",\"@id\":\"https:\\\/\\\/www.copealcoy.es\\\/es\\\/#website\",\"url\":\"https:\\\/\\\/www.copealcoy.es\\\/es\\\/\",\"name\":\"COPE Alcoy\",\"description\":\"Emisora COPE de radio local con emisi\u00f3n online. Pont de Sant Jordi 8-10 03803 Alcoy\",\"potentialAction\":[{\"@type\":\"SearchAction\",\"target\":{\"@type\":\"EntryPoint\",\"urlTemplate\":\"https:\\\/\\\/www.copealcoy.es\\\/es\\\/?s={search_term_string}\"},\"query-input\":{\"@type\":\"PropertyValueSpecification\",\"valueRequired\":true,\"valueName\":\"search_term_string\"}}],\"inLanguage\":\"es\"},{\"@type\":\"Person\",\"@id\":\"https:\\\/\\\/www.copealcoy.es\\\/es\\\/#\\\/schema\\\/person\\\/e777c87fa024e57d40170af9df39882c\",\"name\":\"Cope Alcoy\",\"image\":{\"@type\":\"ImageObject\",\"inLanguage\":\"es\",\"@id\":\"https:\\\/\\\/secure.gravatar.com\\\/avatar\\\/bb65d0283347e303893ba14f0692005417c1e0e690a325a4c5d8bb2b3943ee14?s=96&d=mm&r=g\",\"url\":\"https:\\\/\\\/secure.gravatar.com\\\/avatar\\\/bb65d0283347e303893ba14f0692005417c1e0e690a325a4c5d8bb2b3943ee14?s=96&d=mm&r=g\",\"contentUrl\":\"https:\\\/\\\/secure.gravatar.com\\\/avatar\\\/bb65d0283347e303893ba14f0692005417c1e0e690a325a4c5d8bb2b3943ee14?s=96&d=mm&r=g\",\"caption\":\"Cope Alcoy\"}}]}<\/script>\n<!-- \/ Yoast SEO plugin. -->","yoast_head_json":{"title":"El Club de Fans de Camilo Sesto de Alcoy rinde homenaje al cantante - COPE Alcoy","robots":{"index":"index","follow":"follow","max-snippet":"max-snippet:-1","max-image-preview":"max-image-preview:large","max-video-preview":"max-video-preview:-1"},"canonical":"https:\/\/www.copealcoy.es\/es\/el-club-de-fans-de-camilo-sesto-de-alcoy-rinde-homenaje-al-cantante\/","og_locale":"es_ES","og_type":"article","og_title":"El Club de Fans de Camilo Sesto de Alcoy rinde homenaje al cantante - COPE Alcoy","og_description":"El Club de Fans de Camilo Sesto de Alcoy ha preparado varios actos para este fin de semana en homenaje...","og_url":"https:\/\/www.copealcoy.es\/es\/el-club-de-fans-de-camilo-sesto-de-alcoy-rinde-homenaje-al-cantante\/","og_site_name":"COPE Alcoy","article_published_time":"2022-09-14T14:46:57+00:00","og_image":[{"width":640,"height":465,"url":"https:\/\/www.copealcoy.es\/wp-content\/uploads\/2022\/09\/unnamed-20-scaled-e1663166663710.jpg","type":"image\/jpeg"}],"author":"Cope Alcoy","twitter_misc":{"Escrito por":"Cope Alcoy","Tiempo de lectura":"1 minuto"},"schema":{"@context":"https:\/\/schema.org","@graph":[{"@type":"Article","@id":"https:\/\/www.copealcoy.es\/es\/el-club-de-fans-de-camilo-sesto-de-alcoy-rinde-homenaje-al-cantante\/#article","isPartOf":{"@id":"https:\/\/www.copealcoy.es\/es\/el-club-de-fans-de-camilo-sesto-de-alcoy-rinde-homenaje-al-cantante\/"},"author":{"name":"Cope Alcoy","@id":"https:\/\/www.copealcoy.es\/es\/#\/schema\/person\/e777c87fa024e57d40170af9df39882c"},"headline":"El Club de Fans de Camilo Sesto de Alcoy rinde homenaje al cantante","datePublished":"2022-09-14T14:46:57+00:00","mainEntityOfPage":{"@id":"https:\/\/www.copealcoy.es\/es\/el-club-de-fans-de-camilo-sesto-de-alcoy-rinde-homenaje-al-cantante\/"},"wordCount":132,"commentCount":0,"image":{"@id":"https:\/\/www.copealcoy.es\/es\/el-club-de-fans-de-camilo-sesto-de-alcoy-rinde-homenaje-al-cantante\/#primaryimage"},"thumbnailUrl":"https:\/\/www.copealcoy.es\/wp-content\/uploads\/2022\/09\/unnamed-20-scaled-e1663166663710.jpg","keywords":["Alcoy","artista","Camilo Sesto","Club de Fans","Homenaje"],"articleSection":["Actualidad","Alcoy","Fiesta y Cultura","Noticias"],"inLanguage":"es"},{"@type":"WebPage","@id":"https:\/\/www.copealcoy.es\/es\/el-club-de-fans-de-camilo-sesto-de-alcoy-rinde-homenaje-al-cantante\/","url":"https:\/\/www.copealcoy.es\/es\/el-club-de-fans-de-camilo-sesto-de-alcoy-rinde-homenaje-al-cantante\/","name":"El Club de Fans de Camilo Sesto de Alcoy rinde homenaje al cantante - COPE Alcoy","isPartOf":{"@id":"https:\/\/www.copealcoy.es\/es\/#website"},"primaryImageOfPage":{"@id":"https:\/\/www.copealcoy.es\/es\/el-club-de-fans-de-camilo-sesto-de-alcoy-rinde-homenaje-al-cantante\/#primaryimage"},"image":{"@id":"https:\/\/www.copealcoy.es\/es\/el-club-de-fans-de-camilo-sesto-de-alcoy-rinde-homenaje-al-cantante\/#primaryimage"},"thumbnailUrl":"https:\/\/www.copealcoy.es\/wp-content\/uploads\/2022\/09\/unnamed-20-scaled-e1663166663710.jpg","datePublished":"2022-09-14T14:46:57+00:00","author":{"@id":"https:\/\/www.copealcoy.es\/es\/#\/schema\/person\/e777c87fa024e57d40170af9df39882c"},"breadcrumb":{"@id":"https:\/\/www.copealcoy.es\/es\/el-club-de-fans-de-camilo-sesto-de-alcoy-rinde-homenaje-al-cantante\/#breadcrumb"},"inLanguage":"es","potentialAction":[{"@type":"ReadAction","target":["https:\/\/www.copealcoy.es\/es\/el-club-de-fans-de-camilo-sesto-de-alcoy-rinde-homenaje-al-cantante\/"]}]},{"@type":"ImageObject","inLanguage":"es","@id":"https:\/\/www.copealcoy.es\/es\/el-club-de-fans-de-camilo-sesto-de-alcoy-rinde-homenaje-al-cantante\/#primaryimage","url":"https:\/\/www.copealcoy.es\/wp-content\/uploads\/2022\/09\/unnamed-20-scaled-e1663166663710.jpg","contentUrl":"https:\/\/www.copealcoy.es\/wp-content\/uploads\/2022\/09\/unnamed-20-scaled-e1663166663710.jpg","width":640,"height":465},{"@type":"BreadcrumbList","@id":"https:\/\/www.copealcoy.es\/es\/el-club-de-fans-de-camilo-sesto-de-alcoy-rinde-homenaje-al-cantante\/#breadcrumb","itemListElement":[{"@type":"ListItem","position":1,"name":"Portada","item":"https:\/\/www.copealcoy.es\/es\/"},{"@type":"ListItem","position":2,"name":"El Club de Fans de Camilo Sesto de Alcoy rinde homenaje al cantante"}]},{"@type":"WebSite","@id":"https:\/\/www.copealcoy.es\/es\/#website","url":"https:\/\/www.copealcoy.es\/es\/","name":"COPE Alcoy","description":"Emisora COPE de radio local con emisi\u00f3n online. Pont de Sant Jordi 8-10 03803 Alcoy","potentialAction":[{"@type":"SearchAction","target":{"@type":"EntryPoint","urlTemplate":"https:\/\/www.copealcoy.es\/es\/?s={search_term_string}"},"query-input":{"@type":"PropertyValueSpecification","valueRequired":true,"valueName":"search_term_string"}}],"inLanguage":"es"},{"@type":"Person","@id":"https:\/\/www.copealcoy.es\/es\/#\/schema\/person\/e777c87fa024e57d40170af9df39882c","name":"Cope Alcoy","image":{"@type":"ImageObject","inLanguage":"es","@id":"https:\/\/secure.gravatar.com\/avatar\/bb65d0283347e303893ba14f0692005417c1e0e690a325a4c5d8bb2b3943ee14?s=96&d=mm&r=g","url":"https:\/\/secure.gravatar.com\/avatar\/bb65d0283347e303893ba14f0692005417c1e0e690a325a4c5d8bb2b3943ee14?s=96&d=mm&r=g","contentUrl":"https:\/\/secure.gravatar.com\/avatar\/bb65d0283347e303893ba14f0692005417c1e0e690a325a4c5d8bb2b3943ee14?s=96&d=mm&r=g","caption":"Cope Alcoy"}}]}},"_links":{"self":[{"href":"https:\/\/www.copealcoy.es\/es\/wp-json\/wp\/v2\/posts\/91615","targetHints":{"allow":["GET"]}}],"collection":[{"href":"https:\/\/www.copealcoy.es\/es\/wp-json\/wp\/v2\/posts"}],"about":[{"href":"https:\/\/www.copealcoy.es\/es\/wp-json\/wp\/v2\/types\/post"}],"author":[{"embeddable":true,"href":"https:\/\/www.copealcoy.es\/es\/wp-json\/wp\/v2\/users\/1"}],"replies":[{"embeddable":true,"href":"https:\/\/www.copealcoy.es\/es\/wp-json\/wp\/v2\/comments?post=91615"}],"version-history":[{"count":0,"href":"https:\/\/www.copealcoy.es\/es\/wp-json\/wp\/v2\/posts\/91615\/revisions"}],"wp:featuredmedia":[{"embeddable":true,"href":"https:\/\/www.copealcoy.es\/es\/wp-json\/wp\/v2\/media\/91616"}],"wp:attachment":[{"href":"https:\/\/www.copealcoy.es\/es\/wp-json\/wp\/v2\/media?parent=91615"}],"wp:term":[{"taxonomy":"category","embeddable":true,"href":"https:\/\/www.copealcoy.es\/es\/wp-json\/wp\/v2\/categories?post=91615"},{"taxonomy":"post_tag","embeddable":true,"href":"https:\/\/www.copealcoy.es\/es\/wp-json\/wp\/v2\/tags?post=91615"}],"curies":[{"name":"wp","href":"https:\/\/api.w.org\/{rel}","templated":true}]}}