{"id":91593,"date":"2022-09-14T10:20:35","date_gmt":"2022-09-14T09:20:35","guid":{"rendered":"https:\/\/www.copealcoy.es\/?p=91593"},"modified":"2022-09-14T10:51:18","modified_gmt":"2022-09-14T09:51:18","slug":"el-incendio-de-vall-debo-tambien-dejo-consecuencias-para-la-agricultura-del-comtat","status":"publish","type":"post","link":"https:\/\/www.copealcoy.es\/es\/el-incendio-de-vall-debo-tambien-dejo-consecuencias-para-la-agricultura-del-comtat\/","title":{"rendered":"El Incendio de Vall d&#8217;Ebo tambi\u00e9n dej\u00f3 consecuencias para la agricultura del Comtat"},"content":{"rendered":"<p style=\"text-align: justify;\">El <strong>incendio de Vall d\u2019Ebo<\/strong>, que acab\u00f3 penetrando en El Comtat el pasado agosto, tambi\u00e9n <strong>ha tenido sus consecuencias para la agricultura<\/strong> de la comarca. Municipios como <strong>Planes<\/strong> vieron de cerca las llamas en su t\u00e9rmino municipal, concretamente en la pedan\u00eda de Margarida, y <strong>esto se tradujo en que el fuego calcin\u00f3 algunos de los cultivos representativos de esta zona<\/strong> del interior de la provincia de Alicante.<\/p>\n<p style=\"text-align: justify;\">Desde la Cooperativa Agr\u00edcola de Planes indican que <strong>el mencionado incendio afect\u00f3 a cerezos, almendros u olivos<\/strong> al mismo tiempo que recuerdan que <strong>el siniestro no tuvo finalmente graves consecuencias<\/strong> para los campos. Esto se debe, seg\u00fan inciden, al hecho de que <strong>las tierras estuvieran trabajadas por los agricultores<\/strong>. De igual forma apuntan que <strong>el fuego ha sido la gota que ha colmado el vaso<\/strong> en una temporada agr\u00edcola que <strong>califican como nefasta para la agricultura comarcal<\/strong> &#8220;<em>las lluvias de primavera anegaron los campos y causaron muchos da\u00f1os en la campa\u00f1a de la cereza. Apenas pudo madurar el fruto y esto se tradujo en una merma de kilos con los correspondientes perjuicios para la econom\u00eda<\/em>&#8220;, detallaba en COPE ALCOY <strong>Hilari Calabuig<\/strong>; Presidente de la instituci\u00f3n y tambi\u00e9n del Consejo Regulador de Cerezas de La Monta\u00f1a. Adem\u00e1s hac\u00eda referencia a <strong>las previsiones para la cereza o la almendra<\/strong> &#8220;<em>tanto esas precipitaciones de marzo y abril como la posterior humedad o el calor de verano han sido determinantes para que este a\u00f1o apenas haya cosecha de almendras o que se presente muy complicada la recogida de la oliva<\/em>&#8220;, concluy\u00f3.<\/p>\n<p style=\"text-align: justify;\">Recordar que los agricultores afectados por el incendio <strong>est\u00e1n tramitando ya las ayudas para hacer frente a los da\u00f1os<\/strong>. Conf\u00edan en que las cantidades econ\u00f3micas que puedan reducir les ayude a paliar, en parte, <strong>el enorme perjuicio<\/strong> que han sufrido a causa de la p\u00e9rdida de los citados cultivos.<\/p>\n","protected":false},"excerpt":{"rendered":"<p>El incendio de Vall d\u2019Ebo, que acab\u00f3 penetrando en El Comtat el pasado agosto, tambi\u00e9n ha tenido sus consecuencias para&#8230;<\/p>\n","protected":false},"author":1,"featured_media":91594,"comment_status":"open","ping_status":"open","sticky":false,"template":"","format":"standard","meta":{"footnotes":""},"categories":[98,75],"tags":[399,237,764,612,13056],"class_list":["post-91593","post","type-post","status-publish","format-standard","has-post-thumbnail","hentry","category-comarcas","category-noticias","tag-agricultura","tag-comtat","tag-fuego","tag-incendio","tag-vall-debo"],"yoast_head":"<!-- This site is optimized with the Yoast SEO plugin v27.3 - https:\/\/yoast.com\/product\/yoast-seo-wordpress\/ -->\n<title>El Incendio de Vall d&#039;Ebo tambi\u00e9n dej\u00f3 consecuencias para la agricultura del Comtat - COPE Alcoy<\/title>\n<meta name=\"robots\" content=\"index, follow, max-snippet:-1, max-image-preview:large, max-video-preview:-1\" \/>\n<link rel=\"canonical\" href=\"https:\/\/www.copealcoy.es\/es\/el-incendio-de-vall-debo-tambien-dejo-consecuencias-para-la-agricultura-del-comtat\/\" \/>\n<meta property=\"og:locale\" content=\"es_ES\" \/>\n<meta property=\"og:type\" content=\"article\" \/>\n<meta property=\"og:title\" content=\"El Incendio de Vall d&#039;Ebo tambi\u00e9n dej\u00f3 consecuencias para la agricultura del Comtat - COPE Alcoy\" \/>\n<meta property=\"og:description\" content=\"El incendio de Vall d\u2019Ebo, que acab\u00f3 penetrando en El Comtat el pasado agosto, tambi\u00e9n ha tenido sus consecuencias para...\" \/>\n<meta property=\"og:url\" content=\"https:\/\/www.copealcoy.es\/es\/el-incendio-de-vall-debo-tambien-dejo-consecuencias-para-la-agricultura-del-comtat\/\" \/>\n<meta property=\"og:site_name\" content=\"COPE Alcoy\" \/>\n<meta property=\"article:published_time\" content=\"2022-09-14T09:20:35+00:00\" \/>\n<meta property=\"article:modified_time\" content=\"2022-09-14T09:51:18+00:00\" \/>\n<meta property=\"og:image\" content=\"https:\/\/www.copealcoy.es\/wp-content\/uploads\/2022\/09\/299876778_10210075411997354_6538132110167915426_n-scaled.jpg\" \/>\n\t<meta property=\"og:image:width\" content=\"1617\" \/>\n\t<meta property=\"og:image:height\" content=\"1080\" \/>\n\t<meta property=\"og:image:type\" content=\"image\/jpeg\" \/>\n<meta name=\"author\" content=\"Cope Alcoy\" \/>\n<meta name=\"twitter:label1\" content=\"Escrito por\" \/>\n\t<meta name=\"twitter:data1\" content=\"Cope Alcoy\" \/>\n\t<meta name=\"twitter:label2\" content=\"Tiempo de lectura\" \/>\n\t<meta name=\"twitter:data2\" content=\"2 minutos\" \/>\n<script type=\"application\/ld+json\" class=\"yoast-schema-graph\">{\"@context\":\"https:\\\/\\\/schema.org\",\"@graph\":[{\"@type\":\"Article\",\"@id\":\"https:\\\/\\\/www.copealcoy.es\\\/es\\\/el-incendio-de-vall-debo-tambien-dejo-consecuencias-para-la-agricultura-del-comtat\\\/#article\",\"isPartOf\":{\"@id\":\"https:\\\/\\\/www.copealcoy.es\\\/es\\\/el-incendio-de-vall-debo-tambien-dejo-consecuencias-para-la-agricultura-del-comtat\\\/\"},\"author\":{\"name\":\"Cope Alcoy\",\"@id\":\"https:\\\/\\\/www.copealcoy.es\\\/es\\\/#\\\/schema\\\/person\\\/e777c87fa024e57d40170af9df39882c\"},\"headline\":\"El Incendio de Vall d&#8217;Ebo tambi\u00e9n dej\u00f3 consecuencias para la agricultura del Comtat\",\"datePublished\":\"2022-09-14T09:20:35+00:00\",\"dateModified\":\"2022-09-14T09:51:18+00:00\",\"mainEntityOfPage\":{\"@id\":\"https:\\\/\\\/www.copealcoy.es\\\/es\\\/el-incendio-de-vall-debo-tambien-dejo-consecuencias-para-la-agricultura-del-comtat\\\/\"},\"wordCount\":339,\"commentCount\":0,\"image\":{\"@id\":\"https:\\\/\\\/www.copealcoy.es\\\/es\\\/el-incendio-de-vall-debo-tambien-dejo-consecuencias-para-la-agricultura-del-comtat\\\/#primaryimage\"},\"thumbnailUrl\":\"https:\\\/\\\/www.copealcoy.es\\\/wp-content\\\/uploads\\\/2022\\\/09\\\/299876778_10210075411997354_6538132110167915426_n-scaled.jpg\",\"keywords\":[\"Agricultura\",\"Comtat\",\"Fuego\",\"Incendio\",\"Vall d'Ebo\"],\"articleSection\":[\"Comarcas\",\"Noticias\"],\"inLanguage\":\"es\"},{\"@type\":\"WebPage\",\"@id\":\"https:\\\/\\\/www.copealcoy.es\\\/es\\\/el-incendio-de-vall-debo-tambien-dejo-consecuencias-para-la-agricultura-del-comtat\\\/\",\"url\":\"https:\\\/\\\/www.copealcoy.es\\\/es\\\/el-incendio-de-vall-debo-tambien-dejo-consecuencias-para-la-agricultura-del-comtat\\\/\",\"name\":\"El Incendio de Vall d'Ebo tambi\u00e9n dej\u00f3 consecuencias para la agricultura del Comtat - COPE Alcoy\",\"isPartOf\":{\"@id\":\"https:\\\/\\\/www.copealcoy.es\\\/es\\\/#website\"},\"primaryImageOfPage\":{\"@id\":\"https:\\\/\\\/www.copealcoy.es\\\/es\\\/el-incendio-de-vall-debo-tambien-dejo-consecuencias-para-la-agricultura-del-comtat\\\/#primaryimage\"},\"image\":{\"@id\":\"https:\\\/\\\/www.copealcoy.es\\\/es\\\/el-incendio-de-vall-debo-tambien-dejo-consecuencias-para-la-agricultura-del-comtat\\\/#primaryimage\"},\"thumbnailUrl\":\"https:\\\/\\\/www.copealcoy.es\\\/wp-content\\\/uploads\\\/2022\\\/09\\\/299876778_10210075411997354_6538132110167915426_n-scaled.jpg\",\"datePublished\":\"2022-09-14T09:20:35+00:00\",\"dateModified\":\"2022-09-14T09:51:18+00:00\",\"author\":{\"@id\":\"https:\\\/\\\/www.copealcoy.es\\\/es\\\/#\\\/schema\\\/person\\\/e777c87fa024e57d40170af9df39882c\"},\"breadcrumb\":{\"@id\":\"https:\\\/\\\/www.copealcoy.es\\\/es\\\/el-incendio-de-vall-debo-tambien-dejo-consecuencias-para-la-agricultura-del-comtat\\\/#breadcrumb\"},\"inLanguage\":\"es\",\"potentialAction\":[{\"@type\":\"ReadAction\",\"target\":[\"https:\\\/\\\/www.copealcoy.es\\\/es\\\/el-incendio-de-vall-debo-tambien-dejo-consecuencias-para-la-agricultura-del-comtat\\\/\"]}]},{\"@type\":\"ImageObject\",\"inLanguage\":\"es\",\"@id\":\"https:\\\/\\\/www.copealcoy.es\\\/es\\\/el-incendio-de-vall-debo-tambien-dejo-consecuencias-para-la-agricultura-del-comtat\\\/#primaryimage\",\"url\":\"https:\\\/\\\/www.copealcoy.es\\\/wp-content\\\/uploads\\\/2022\\\/09\\\/299876778_10210075411997354_6538132110167915426_n-scaled.jpg\",\"contentUrl\":\"https:\\\/\\\/www.copealcoy.es\\\/wp-content\\\/uploads\\\/2022\\\/09\\\/299876778_10210075411997354_6538132110167915426_n-scaled.jpg\",\"width\":1617,\"height\":1080},{\"@type\":\"BreadcrumbList\",\"@id\":\"https:\\\/\\\/www.copealcoy.es\\\/es\\\/el-incendio-de-vall-debo-tambien-dejo-consecuencias-para-la-agricultura-del-comtat\\\/#breadcrumb\",\"itemListElement\":[{\"@type\":\"ListItem\",\"position\":1,\"name\":\"Portada\",\"item\":\"https:\\\/\\\/www.copealcoy.es\\\/es\\\/\"},{\"@type\":\"ListItem\",\"position\":2,\"name\":\"El Incendio de Vall d&#8217;Ebo tambi\u00e9n dej\u00f3 consecuencias para la agricultura del Comtat\"}]},{\"@type\":\"WebSite\",\"@id\":\"https:\\\/\\\/www.copealcoy.es\\\/es\\\/#website\",\"url\":\"https:\\\/\\\/www.copealcoy.es\\\/es\\\/\",\"name\":\"COPE Alcoy\",\"description\":\"Emisora COPE de radio local con emisi\u00f3n online. Pont de Sant Jordi 8-10 03803 Alcoy\",\"potentialAction\":[{\"@type\":\"SearchAction\",\"target\":{\"@type\":\"EntryPoint\",\"urlTemplate\":\"https:\\\/\\\/www.copealcoy.es\\\/es\\\/?s={search_term_string}\"},\"query-input\":{\"@type\":\"PropertyValueSpecification\",\"valueRequired\":true,\"valueName\":\"search_term_string\"}}],\"inLanguage\":\"es\"},{\"@type\":\"Person\",\"@id\":\"https:\\\/\\\/www.copealcoy.es\\\/es\\\/#\\\/schema\\\/person\\\/e777c87fa024e57d40170af9df39882c\",\"name\":\"Cope Alcoy\",\"image\":{\"@type\":\"ImageObject\",\"inLanguage\":\"es\",\"@id\":\"https:\\\/\\\/secure.gravatar.com\\\/avatar\\\/bb65d0283347e303893ba14f0692005417c1e0e690a325a4c5d8bb2b3943ee14?s=96&d=mm&r=g\",\"url\":\"https:\\\/\\\/secure.gravatar.com\\\/avatar\\\/bb65d0283347e303893ba14f0692005417c1e0e690a325a4c5d8bb2b3943ee14?s=96&d=mm&r=g\",\"contentUrl\":\"https:\\\/\\\/secure.gravatar.com\\\/avatar\\\/bb65d0283347e303893ba14f0692005417c1e0e690a325a4c5d8bb2b3943ee14?s=96&d=mm&r=g\",\"caption\":\"Cope Alcoy\"}}]}<\/script>\n<!-- \/ Yoast SEO plugin. -->","yoast_head_json":{"title":"El Incendio de Vall d'Ebo tambi\u00e9n dej\u00f3 consecuencias para la agricultura del Comtat - COPE Alcoy","robots":{"index":"index","follow":"follow","max-snippet":"max-snippet:-1","max-image-preview":"max-image-preview:large","max-video-preview":"max-video-preview:-1"},"canonical":"https:\/\/www.copealcoy.es\/es\/el-incendio-de-vall-debo-tambien-dejo-consecuencias-para-la-agricultura-del-comtat\/","og_locale":"es_ES","og_type":"article","og_title":"El Incendio de Vall d'Ebo tambi\u00e9n dej\u00f3 consecuencias para la agricultura del Comtat - COPE Alcoy","og_description":"El incendio de Vall d\u2019Ebo, que acab\u00f3 penetrando en El Comtat el pasado agosto, tambi\u00e9n ha tenido sus consecuencias para...","og_url":"https:\/\/www.copealcoy.es\/es\/el-incendio-de-vall-debo-tambien-dejo-consecuencias-para-la-agricultura-del-comtat\/","og_site_name":"COPE Alcoy","article_published_time":"2022-09-14T09:20:35+00:00","article_modified_time":"2022-09-14T09:51:18+00:00","og_image":[{"width":1617,"height":1080,"url":"https:\/\/www.copealcoy.es\/wp-content\/uploads\/2022\/09\/299876778_10210075411997354_6538132110167915426_n-scaled.jpg","type":"image\/jpeg"}],"author":"Cope Alcoy","twitter_misc":{"Escrito por":"Cope Alcoy","Tiempo de lectura":"2 minutos"},"schema":{"@context":"https:\/\/schema.org","@graph":[{"@type":"Article","@id":"https:\/\/www.copealcoy.es\/es\/el-incendio-de-vall-debo-tambien-dejo-consecuencias-para-la-agricultura-del-comtat\/#article","isPartOf":{"@id":"https:\/\/www.copealcoy.es\/es\/el-incendio-de-vall-debo-tambien-dejo-consecuencias-para-la-agricultura-del-comtat\/"},"author":{"name":"Cope Alcoy","@id":"https:\/\/www.copealcoy.es\/es\/#\/schema\/person\/e777c87fa024e57d40170af9df39882c"},"headline":"El Incendio de Vall d&#8217;Ebo tambi\u00e9n dej\u00f3 consecuencias para la agricultura del Comtat","datePublished":"2022-09-14T09:20:35+00:00","dateModified":"2022-09-14T09:51:18+00:00","mainEntityOfPage":{"@id":"https:\/\/www.copealcoy.es\/es\/el-incendio-de-vall-debo-tambien-dejo-consecuencias-para-la-agricultura-del-comtat\/"},"wordCount":339,"commentCount":0,"image":{"@id":"https:\/\/www.copealcoy.es\/es\/el-incendio-de-vall-debo-tambien-dejo-consecuencias-para-la-agricultura-del-comtat\/#primaryimage"},"thumbnailUrl":"https:\/\/www.copealcoy.es\/wp-content\/uploads\/2022\/09\/299876778_10210075411997354_6538132110167915426_n-scaled.jpg","keywords":["Agricultura","Comtat","Fuego","Incendio","Vall d'Ebo"],"articleSection":["Comarcas","Noticias"],"inLanguage":"es"},{"@type":"WebPage","@id":"https:\/\/www.copealcoy.es\/es\/el-incendio-de-vall-debo-tambien-dejo-consecuencias-para-la-agricultura-del-comtat\/","url":"https:\/\/www.copealcoy.es\/es\/el-incendio-de-vall-debo-tambien-dejo-consecuencias-para-la-agricultura-del-comtat\/","name":"El Incendio de Vall d'Ebo tambi\u00e9n dej\u00f3 consecuencias para la agricultura del Comtat - COPE Alcoy","isPartOf":{"@id":"https:\/\/www.copealcoy.es\/es\/#website"},"primaryImageOfPage":{"@id":"https:\/\/www.copealcoy.es\/es\/el-incendio-de-vall-debo-tambien-dejo-consecuencias-para-la-agricultura-del-comtat\/#primaryimage"},"image":{"@id":"https:\/\/www.copealcoy.es\/es\/el-incendio-de-vall-debo-tambien-dejo-consecuencias-para-la-agricultura-del-comtat\/#primaryimage"},"thumbnailUrl":"https:\/\/www.copealcoy.es\/wp-content\/uploads\/2022\/09\/299876778_10210075411997354_6538132110167915426_n-scaled.jpg","datePublished":"2022-09-14T09:20:35+00:00","dateModified":"2022-09-14T09:51:18+00:00","author":{"@id":"https:\/\/www.copealcoy.es\/es\/#\/schema\/person\/e777c87fa024e57d40170af9df39882c"},"breadcrumb":{"@id":"https:\/\/www.copealcoy.es\/es\/el-incendio-de-vall-debo-tambien-dejo-consecuencias-para-la-agricultura-del-comtat\/#breadcrumb"},"inLanguage":"es","potentialAction":[{"@type":"ReadAction","target":["https:\/\/www.copealcoy.es\/es\/el-incendio-de-vall-debo-tambien-dejo-consecuencias-para-la-agricultura-del-comtat\/"]}]},{"@type":"ImageObject","inLanguage":"es","@id":"https:\/\/www.copealcoy.es\/es\/el-incendio-de-vall-debo-tambien-dejo-consecuencias-para-la-agricultura-del-comtat\/#primaryimage","url":"https:\/\/www.copealcoy.es\/wp-content\/uploads\/2022\/09\/299876778_10210075411997354_6538132110167915426_n-scaled.jpg","contentUrl":"https:\/\/www.copealcoy.es\/wp-content\/uploads\/2022\/09\/299876778_10210075411997354_6538132110167915426_n-scaled.jpg","width":1617,"height":1080},{"@type":"BreadcrumbList","@id":"https:\/\/www.copealcoy.es\/es\/el-incendio-de-vall-debo-tambien-dejo-consecuencias-para-la-agricultura-del-comtat\/#breadcrumb","itemListElement":[{"@type":"ListItem","position":1,"name":"Portada","item":"https:\/\/www.copealcoy.es\/es\/"},{"@type":"ListItem","position":2,"name":"El Incendio de Vall d&#8217;Ebo tambi\u00e9n dej\u00f3 consecuencias para la agricultura del Comtat"}]},{"@type":"WebSite","@id":"https:\/\/www.copealcoy.es\/es\/#website","url":"https:\/\/www.copealcoy.es\/es\/","name":"COPE Alcoy","description":"Emisora COPE de radio local con emisi\u00f3n online. Pont de Sant Jordi 8-10 03803 Alcoy","potentialAction":[{"@type":"SearchAction","target":{"@type":"EntryPoint","urlTemplate":"https:\/\/www.copealcoy.es\/es\/?s={search_term_string}"},"query-input":{"@type":"PropertyValueSpecification","valueRequired":true,"valueName":"search_term_string"}}],"inLanguage":"es"},{"@type":"Person","@id":"https:\/\/www.copealcoy.es\/es\/#\/schema\/person\/e777c87fa024e57d40170af9df39882c","name":"Cope Alcoy","image":{"@type":"ImageObject","inLanguage":"es","@id":"https:\/\/secure.gravatar.com\/avatar\/bb65d0283347e303893ba14f0692005417c1e0e690a325a4c5d8bb2b3943ee14?s=96&d=mm&r=g","url":"https:\/\/secure.gravatar.com\/avatar\/bb65d0283347e303893ba14f0692005417c1e0e690a325a4c5d8bb2b3943ee14?s=96&d=mm&r=g","contentUrl":"https:\/\/secure.gravatar.com\/avatar\/bb65d0283347e303893ba14f0692005417c1e0e690a325a4c5d8bb2b3943ee14?s=96&d=mm&r=g","caption":"Cope Alcoy"}}]}},"_links":{"self":[{"href":"https:\/\/www.copealcoy.es\/es\/wp-json\/wp\/v2\/posts\/91593","targetHints":{"allow":["GET"]}}],"collection":[{"href":"https:\/\/www.copealcoy.es\/es\/wp-json\/wp\/v2\/posts"}],"about":[{"href":"https:\/\/www.copealcoy.es\/es\/wp-json\/wp\/v2\/types\/post"}],"author":[{"embeddable":true,"href":"https:\/\/www.copealcoy.es\/es\/wp-json\/wp\/v2\/users\/1"}],"replies":[{"embeddable":true,"href":"https:\/\/www.copealcoy.es\/es\/wp-json\/wp\/v2\/comments?post=91593"}],"version-history":[{"count":0,"href":"https:\/\/www.copealcoy.es\/es\/wp-json\/wp\/v2\/posts\/91593\/revisions"}],"wp:featuredmedia":[{"embeddable":true,"href":"https:\/\/www.copealcoy.es\/es\/wp-json\/wp\/v2\/media\/91594"}],"wp:attachment":[{"href":"https:\/\/www.copealcoy.es\/es\/wp-json\/wp\/v2\/media?parent=91593"}],"wp:term":[{"taxonomy":"category","embeddable":true,"href":"https:\/\/www.copealcoy.es\/es\/wp-json\/wp\/v2\/categories?post=91593"},{"taxonomy":"post_tag","embeddable":true,"href":"https:\/\/www.copealcoy.es\/es\/wp-json\/wp\/v2\/tags?post=91593"}],"curies":[{"name":"wp","href":"https:\/\/api.w.org\/{rel}","templated":true}]}}