{"id":91579,"date":"2022-09-14T09:17:11","date_gmt":"2022-09-14T08:17:11","guid":{"rendered":"https:\/\/www.copealcoy.es\/?p=91579"},"modified":"2022-09-14T09:25:36","modified_gmt":"2022-09-14T08:25:36","slug":"la-comunidad-valenciana-registra-964-contagios-por-covid-y-cuatro-fallecidos","status":"publish","type":"post","link":"https:\/\/www.copealcoy.es\/es\/la-comunidad-valenciana-registra-964-contagios-por-covid-y-cuatro-fallecidos\/","title":{"rendered":"La Comunidad Valenciana registra 964 contagios por Covid y cuatro fallecidos"},"content":{"rendered":"<p style=\"text-align: justify;\">La <strong>Conselleria de Sanidad Universal y Salud P\u00fablica<\/strong> ha notificado en la Comunitat Valenciana <strong>un total de 964 nuevos casos de Coronavirus<\/strong> confirmados por prueba PCR o a trav\u00e9s de test de ant\u00edgenos desde la \u00faltima actualizaci\u00f3n. Los nuevos casos por provincias de la regi\u00f3n son 200 en Castell\u00f3n (190.598 en total), <strong>196 en Alicante (526.204 en total)<\/strong> y 568 en Valencia (830.980 en total).<\/p>\n<p style=\"text-align: justify;\">De ellos, <strong>550 son de personas mayores de 60 a\u00f1os<\/strong>. Por provincias: 106 de Castell\u00f3n, <strong>127 de Alicante<\/strong> y 317 de Valencia.<\/p>\n<p style=\"text-align: justify;\">Los <strong>hospitales valencianos<\/strong> tienen actualmente <strong>298 personas ingresadas<\/strong>, 19 de ellas en la UCI: 26 en la provincia de Castell\u00f3n, 0 en UCI; <strong>96 en la provincia de Alicante, 6 de ellas en la UCI<\/strong>, y 176 en la provincia de Valencia, 13 en UCI.<\/p>\n<p style=\"text-align: justify;\">Se han notificado <strong>cuatro fallecimientos por Coronavirus<\/strong> desde la \u00faltima actualizaci\u00f3n, todos con fecha de defunci\u00f3n en los \u00faltimos 7 d\u00edas excepto un deceso de agosto de 2022. Se trata de <strong>cuatro varones de entre 74 y 101 a\u00f1os<\/strong>. El <strong>total de decesos<\/strong> desde el inicio de la pandemia asciende a 10.030: 1.191 en la provincia de Castell\u00f3n,<strong> 3.829 en la de Alicante<\/strong> y 5.010 en la de Valencia.<\/p>\n","protected":false},"excerpt":{"rendered":"<p>La Conselleria de Sanidad Universal y Salud P\u00fablica ha notificado en la Comunitat Valenciana un total de 964 nuevos casos&#8230;<\/p>\n","protected":false},"author":1,"featured_media":83773,"comment_status":"open","ping_status":"open","sticky":false,"template":"","format":"standard","meta":{"footnotes":""},"categories":[6909,75,79],"tags":[639,7401,7281,7397,7477],"class_list":["post-91579","post","type-post","status-publish","format-standard","has-post-thumbnail","hentry","category-actualidad","category-noticias","category-politicayeconomia","tag-comunidad-valenciana","tag-contagios","tag-coronavirus","tag-covid-19","tag-pandemia"],"yoast_head":"<!-- This site is optimized with the Yoast SEO plugin v27.3 - https:\/\/yoast.com\/product\/yoast-seo-wordpress\/ -->\n<title>La Comunidad Valenciana registra 964 contagios por Covid y cuatro fallecidos - COPE Alcoy<\/title>\n<meta name=\"robots\" content=\"index, follow, max-snippet:-1, max-image-preview:large, max-video-preview:-1\" \/>\n<link rel=\"canonical\" href=\"https:\/\/www.copealcoy.es\/es\/la-comunidad-valenciana-registra-964-contagios-por-covid-y-cuatro-fallecidos\/\" \/>\n<meta property=\"og:locale\" content=\"es_ES\" \/>\n<meta property=\"og:type\" content=\"article\" \/>\n<meta property=\"og:title\" content=\"La Comunidad Valenciana registra 964 contagios por Covid y cuatro fallecidos - COPE Alcoy\" \/>\n<meta property=\"og:description\" content=\"La Conselleria de Sanidad Universal y Salud P\u00fablica ha notificado en la Comunitat Valenciana un total de 964 nuevos casos...\" \/>\n<meta property=\"og:url\" content=\"https:\/\/www.copealcoy.es\/es\/la-comunidad-valenciana-registra-964-contagios-por-covid-y-cuatro-fallecidos\/\" \/>\n<meta property=\"og:site_name\" content=\"COPE Alcoy\" \/>\n<meta property=\"article:published_time\" content=\"2022-09-14T08:17:11+00:00\" \/>\n<meta property=\"article:modified_time\" content=\"2022-09-14T08:25:36+00:00\" \/>\n<meta property=\"og:image\" content=\"https:\/\/www.copealcoy.es\/wp-content\/uploads\/2022\/02\/1630671244402.jpg\" \/>\n\t<meta property=\"og:image:width\" content=\"976\" \/>\n\t<meta property=\"og:image:height\" content=\"546\" \/>\n\t<meta property=\"og:image:type\" content=\"image\/jpeg\" \/>\n<meta name=\"author\" content=\"Cope Alcoy\" \/>\n<meta name=\"twitter:label1\" content=\"Escrito por\" \/>\n\t<meta name=\"twitter:data1\" content=\"Cope Alcoy\" \/>\n\t<meta name=\"twitter:label2\" content=\"Tiempo de lectura\" \/>\n\t<meta name=\"twitter:data2\" content=\"1 minuto\" \/>\n<script type=\"application\/ld+json\" class=\"yoast-schema-graph\">{\"@context\":\"https:\\\/\\\/schema.org\",\"@graph\":[{\"@type\":\"Article\",\"@id\":\"https:\\\/\\\/www.copealcoy.es\\\/es\\\/la-comunidad-valenciana-registra-964-contagios-por-covid-y-cuatro-fallecidos\\\/#article\",\"isPartOf\":{\"@id\":\"https:\\\/\\\/www.copealcoy.es\\\/es\\\/la-comunidad-valenciana-registra-964-contagios-por-covid-y-cuatro-fallecidos\\\/\"},\"author\":{\"name\":\"Cope Alcoy\",\"@id\":\"https:\\\/\\\/www.copealcoy.es\\\/es\\\/#\\\/schema\\\/person\\\/e777c87fa024e57d40170af9df39882c\"},\"headline\":\"La Comunidad Valenciana registra 964 contagios por Covid y cuatro fallecidos\",\"datePublished\":\"2022-09-14T08:17:11+00:00\",\"dateModified\":\"2022-09-14T08:25:36+00:00\",\"mainEntityOfPage\":{\"@id\":\"https:\\\/\\\/www.copealcoy.es\\\/es\\\/la-comunidad-valenciana-registra-964-contagios-por-covid-y-cuatro-fallecidos\\\/\"},\"wordCount\":197,\"commentCount\":0,\"image\":{\"@id\":\"https:\\\/\\\/www.copealcoy.es\\\/es\\\/la-comunidad-valenciana-registra-964-contagios-por-covid-y-cuatro-fallecidos\\\/#primaryimage\"},\"thumbnailUrl\":\"https:\\\/\\\/www.copealcoy.es\\\/wp-content\\\/uploads\\\/2022\\\/02\\\/1630671244402.jpg\",\"keywords\":[\"Comunidad Valenciana\",\"contagios\",\"Coronavirus\",\"Covid-19\",\"pandemia\"],\"articleSection\":[\"Actualidad\",\"Noticias\",\"Pol\u00edtica y Econom\u00eda\"],\"inLanguage\":\"es\"},{\"@type\":\"WebPage\",\"@id\":\"https:\\\/\\\/www.copealcoy.es\\\/es\\\/la-comunidad-valenciana-registra-964-contagios-por-covid-y-cuatro-fallecidos\\\/\",\"url\":\"https:\\\/\\\/www.copealcoy.es\\\/es\\\/la-comunidad-valenciana-registra-964-contagios-por-covid-y-cuatro-fallecidos\\\/\",\"name\":\"La Comunidad Valenciana registra 964 contagios por Covid y cuatro fallecidos - COPE Alcoy\",\"isPartOf\":{\"@id\":\"https:\\\/\\\/www.copealcoy.es\\\/es\\\/#website\"},\"primaryImageOfPage\":{\"@id\":\"https:\\\/\\\/www.copealcoy.es\\\/es\\\/la-comunidad-valenciana-registra-964-contagios-por-covid-y-cuatro-fallecidos\\\/#primaryimage\"},\"image\":{\"@id\":\"https:\\\/\\\/www.copealcoy.es\\\/es\\\/la-comunidad-valenciana-registra-964-contagios-por-covid-y-cuatro-fallecidos\\\/#primaryimage\"},\"thumbnailUrl\":\"https:\\\/\\\/www.copealcoy.es\\\/wp-content\\\/uploads\\\/2022\\\/02\\\/1630671244402.jpg\",\"datePublished\":\"2022-09-14T08:17:11+00:00\",\"dateModified\":\"2022-09-14T08:25:36+00:00\",\"author\":{\"@id\":\"https:\\\/\\\/www.copealcoy.es\\\/es\\\/#\\\/schema\\\/person\\\/e777c87fa024e57d40170af9df39882c\"},\"breadcrumb\":{\"@id\":\"https:\\\/\\\/www.copealcoy.es\\\/es\\\/la-comunidad-valenciana-registra-964-contagios-por-covid-y-cuatro-fallecidos\\\/#breadcrumb\"},\"inLanguage\":\"es\",\"potentialAction\":[{\"@type\":\"ReadAction\",\"target\":[\"https:\\\/\\\/www.copealcoy.es\\\/es\\\/la-comunidad-valenciana-registra-964-contagios-por-covid-y-cuatro-fallecidos\\\/\"]}]},{\"@type\":\"ImageObject\",\"inLanguage\":\"es\",\"@id\":\"https:\\\/\\\/www.copealcoy.es\\\/es\\\/la-comunidad-valenciana-registra-964-contagios-por-covid-y-cuatro-fallecidos\\\/#primaryimage\",\"url\":\"https:\\\/\\\/www.copealcoy.es\\\/wp-content\\\/uploads\\\/2022\\\/02\\\/1630671244402.jpg\",\"contentUrl\":\"https:\\\/\\\/www.copealcoy.es\\\/wp-content\\\/uploads\\\/2022\\\/02\\\/1630671244402.jpg\",\"width\":976,\"height\":546},{\"@type\":\"BreadcrumbList\",\"@id\":\"https:\\\/\\\/www.copealcoy.es\\\/es\\\/la-comunidad-valenciana-registra-964-contagios-por-covid-y-cuatro-fallecidos\\\/#breadcrumb\",\"itemListElement\":[{\"@type\":\"ListItem\",\"position\":1,\"name\":\"Portada\",\"item\":\"https:\\\/\\\/www.copealcoy.es\\\/es\\\/\"},{\"@type\":\"ListItem\",\"position\":2,\"name\":\"La Comunidad Valenciana registra 964 contagios por Covid y cuatro fallecidos\"}]},{\"@type\":\"WebSite\",\"@id\":\"https:\\\/\\\/www.copealcoy.es\\\/es\\\/#website\",\"url\":\"https:\\\/\\\/www.copealcoy.es\\\/es\\\/\",\"name\":\"COPE Alcoy\",\"description\":\"Emisora COPE de radio local con emisi\u00f3n online. Pont de Sant Jordi 8-10 03803 Alcoy\",\"potentialAction\":[{\"@type\":\"SearchAction\",\"target\":{\"@type\":\"EntryPoint\",\"urlTemplate\":\"https:\\\/\\\/www.copealcoy.es\\\/es\\\/?s={search_term_string}\"},\"query-input\":{\"@type\":\"PropertyValueSpecification\",\"valueRequired\":true,\"valueName\":\"search_term_string\"}}],\"inLanguage\":\"es\"},{\"@type\":\"Person\",\"@id\":\"https:\\\/\\\/www.copealcoy.es\\\/es\\\/#\\\/schema\\\/person\\\/e777c87fa024e57d40170af9df39882c\",\"name\":\"Cope Alcoy\",\"image\":{\"@type\":\"ImageObject\",\"inLanguage\":\"es\",\"@id\":\"https:\\\/\\\/secure.gravatar.com\\\/avatar\\\/bb65d0283347e303893ba14f0692005417c1e0e690a325a4c5d8bb2b3943ee14?s=96&d=mm&r=g\",\"url\":\"https:\\\/\\\/secure.gravatar.com\\\/avatar\\\/bb65d0283347e303893ba14f0692005417c1e0e690a325a4c5d8bb2b3943ee14?s=96&d=mm&r=g\",\"contentUrl\":\"https:\\\/\\\/secure.gravatar.com\\\/avatar\\\/bb65d0283347e303893ba14f0692005417c1e0e690a325a4c5d8bb2b3943ee14?s=96&d=mm&r=g\",\"caption\":\"Cope Alcoy\"}}]}<\/script>\n<!-- \/ Yoast SEO plugin. -->","yoast_head_json":{"title":"La Comunidad Valenciana registra 964 contagios por Covid y cuatro fallecidos - COPE Alcoy","robots":{"index":"index","follow":"follow","max-snippet":"max-snippet:-1","max-image-preview":"max-image-preview:large","max-video-preview":"max-video-preview:-1"},"canonical":"https:\/\/www.copealcoy.es\/es\/la-comunidad-valenciana-registra-964-contagios-por-covid-y-cuatro-fallecidos\/","og_locale":"es_ES","og_type":"article","og_title":"La Comunidad Valenciana registra 964 contagios por Covid y cuatro fallecidos - COPE Alcoy","og_description":"La Conselleria de Sanidad Universal y Salud P\u00fablica ha notificado en la Comunitat Valenciana un total de 964 nuevos casos...","og_url":"https:\/\/www.copealcoy.es\/es\/la-comunidad-valenciana-registra-964-contagios-por-covid-y-cuatro-fallecidos\/","og_site_name":"COPE Alcoy","article_published_time":"2022-09-14T08:17:11+00:00","article_modified_time":"2022-09-14T08:25:36+00:00","og_image":[{"width":976,"height":546,"url":"https:\/\/www.copealcoy.es\/wp-content\/uploads\/2022\/02\/1630671244402.jpg","type":"image\/jpeg"}],"author":"Cope Alcoy","twitter_misc":{"Escrito por":"Cope Alcoy","Tiempo de lectura":"1 minuto"},"schema":{"@context":"https:\/\/schema.org","@graph":[{"@type":"Article","@id":"https:\/\/www.copealcoy.es\/es\/la-comunidad-valenciana-registra-964-contagios-por-covid-y-cuatro-fallecidos\/#article","isPartOf":{"@id":"https:\/\/www.copealcoy.es\/es\/la-comunidad-valenciana-registra-964-contagios-por-covid-y-cuatro-fallecidos\/"},"author":{"name":"Cope Alcoy","@id":"https:\/\/www.copealcoy.es\/es\/#\/schema\/person\/e777c87fa024e57d40170af9df39882c"},"headline":"La Comunidad Valenciana registra 964 contagios por Covid y cuatro fallecidos","datePublished":"2022-09-14T08:17:11+00:00","dateModified":"2022-09-14T08:25:36+00:00","mainEntityOfPage":{"@id":"https:\/\/www.copealcoy.es\/es\/la-comunidad-valenciana-registra-964-contagios-por-covid-y-cuatro-fallecidos\/"},"wordCount":197,"commentCount":0,"image":{"@id":"https:\/\/www.copealcoy.es\/es\/la-comunidad-valenciana-registra-964-contagios-por-covid-y-cuatro-fallecidos\/#primaryimage"},"thumbnailUrl":"https:\/\/www.copealcoy.es\/wp-content\/uploads\/2022\/02\/1630671244402.jpg","keywords":["Comunidad Valenciana","contagios","Coronavirus","Covid-19","pandemia"],"articleSection":["Actualidad","Noticias","Pol\u00edtica y Econom\u00eda"],"inLanguage":"es"},{"@type":"WebPage","@id":"https:\/\/www.copealcoy.es\/es\/la-comunidad-valenciana-registra-964-contagios-por-covid-y-cuatro-fallecidos\/","url":"https:\/\/www.copealcoy.es\/es\/la-comunidad-valenciana-registra-964-contagios-por-covid-y-cuatro-fallecidos\/","name":"La Comunidad Valenciana registra 964 contagios por Covid y cuatro fallecidos - COPE Alcoy","isPartOf":{"@id":"https:\/\/www.copealcoy.es\/es\/#website"},"primaryImageOfPage":{"@id":"https:\/\/www.copealcoy.es\/es\/la-comunidad-valenciana-registra-964-contagios-por-covid-y-cuatro-fallecidos\/#primaryimage"},"image":{"@id":"https:\/\/www.copealcoy.es\/es\/la-comunidad-valenciana-registra-964-contagios-por-covid-y-cuatro-fallecidos\/#primaryimage"},"thumbnailUrl":"https:\/\/www.copealcoy.es\/wp-content\/uploads\/2022\/02\/1630671244402.jpg","datePublished":"2022-09-14T08:17:11+00:00","dateModified":"2022-09-14T08:25:36+00:00","author":{"@id":"https:\/\/www.copealcoy.es\/es\/#\/schema\/person\/e777c87fa024e57d40170af9df39882c"},"breadcrumb":{"@id":"https:\/\/www.copealcoy.es\/es\/la-comunidad-valenciana-registra-964-contagios-por-covid-y-cuatro-fallecidos\/#breadcrumb"},"inLanguage":"es","potentialAction":[{"@type":"ReadAction","target":["https:\/\/www.copealcoy.es\/es\/la-comunidad-valenciana-registra-964-contagios-por-covid-y-cuatro-fallecidos\/"]}]},{"@type":"ImageObject","inLanguage":"es","@id":"https:\/\/www.copealcoy.es\/es\/la-comunidad-valenciana-registra-964-contagios-por-covid-y-cuatro-fallecidos\/#primaryimage","url":"https:\/\/www.copealcoy.es\/wp-content\/uploads\/2022\/02\/1630671244402.jpg","contentUrl":"https:\/\/www.copealcoy.es\/wp-content\/uploads\/2022\/02\/1630671244402.jpg","width":976,"height":546},{"@type":"BreadcrumbList","@id":"https:\/\/www.copealcoy.es\/es\/la-comunidad-valenciana-registra-964-contagios-por-covid-y-cuatro-fallecidos\/#breadcrumb","itemListElement":[{"@type":"ListItem","position":1,"name":"Portada","item":"https:\/\/www.copealcoy.es\/es\/"},{"@type":"ListItem","position":2,"name":"La Comunidad Valenciana registra 964 contagios por Covid y cuatro fallecidos"}]},{"@type":"WebSite","@id":"https:\/\/www.copealcoy.es\/es\/#website","url":"https:\/\/www.copealcoy.es\/es\/","name":"COPE Alcoy","description":"Emisora COPE de radio local con emisi\u00f3n online. Pont de Sant Jordi 8-10 03803 Alcoy","potentialAction":[{"@type":"SearchAction","target":{"@type":"EntryPoint","urlTemplate":"https:\/\/www.copealcoy.es\/es\/?s={search_term_string}"},"query-input":{"@type":"PropertyValueSpecification","valueRequired":true,"valueName":"search_term_string"}}],"inLanguage":"es"},{"@type":"Person","@id":"https:\/\/www.copealcoy.es\/es\/#\/schema\/person\/e777c87fa024e57d40170af9df39882c","name":"Cope Alcoy","image":{"@type":"ImageObject","inLanguage":"es","@id":"https:\/\/secure.gravatar.com\/avatar\/bb65d0283347e303893ba14f0692005417c1e0e690a325a4c5d8bb2b3943ee14?s=96&d=mm&r=g","url":"https:\/\/secure.gravatar.com\/avatar\/bb65d0283347e303893ba14f0692005417c1e0e690a325a4c5d8bb2b3943ee14?s=96&d=mm&r=g","contentUrl":"https:\/\/secure.gravatar.com\/avatar\/bb65d0283347e303893ba14f0692005417c1e0e690a325a4c5d8bb2b3943ee14?s=96&d=mm&r=g","caption":"Cope Alcoy"}}]}},"_links":{"self":[{"href":"https:\/\/www.copealcoy.es\/es\/wp-json\/wp\/v2\/posts\/91579","targetHints":{"allow":["GET"]}}],"collection":[{"href":"https:\/\/www.copealcoy.es\/es\/wp-json\/wp\/v2\/posts"}],"about":[{"href":"https:\/\/www.copealcoy.es\/es\/wp-json\/wp\/v2\/types\/post"}],"author":[{"embeddable":true,"href":"https:\/\/www.copealcoy.es\/es\/wp-json\/wp\/v2\/users\/1"}],"replies":[{"embeddable":true,"href":"https:\/\/www.copealcoy.es\/es\/wp-json\/wp\/v2\/comments?post=91579"}],"version-history":[{"count":0,"href":"https:\/\/www.copealcoy.es\/es\/wp-json\/wp\/v2\/posts\/91579\/revisions"}],"wp:featuredmedia":[{"embeddable":true,"href":"https:\/\/www.copealcoy.es\/es\/wp-json\/wp\/v2\/media\/83773"}],"wp:attachment":[{"href":"https:\/\/www.copealcoy.es\/es\/wp-json\/wp\/v2\/media?parent=91579"}],"wp:term":[{"taxonomy":"category","embeddable":true,"href":"https:\/\/www.copealcoy.es\/es\/wp-json\/wp\/v2\/categories?post=91579"},{"taxonomy":"post_tag","embeddable":true,"href":"https:\/\/www.copealcoy.es\/es\/wp-json\/wp\/v2\/tags?post=91579"}],"curies":[{"name":"wp","href":"https:\/\/api.w.org\/{rel}","templated":true}]}}