{"id":91527,"date":"2022-09-13T14:25:06","date_gmt":"2022-09-13T13:25:06","guid":{"rendered":"https:\/\/www.copealcoy.es\/?p=91527"},"modified":"2022-09-13T14:32:56","modified_gmt":"2022-09-13T13:32:56","slug":"el-ipc-crece-un-109-interanual-en-la-comunitat-valenciana-en-agosto","status":"publish","type":"post","link":"https:\/\/www.copealcoy.es\/es\/el-ipc-crece-un-109-interanual-en-la-comunitat-valenciana-en-agosto\/","title":{"rendered":"El IPC crece un 10,9% interanual en la Comunitat Valenciana en agosto"},"content":{"rendered":"<p style=\"text-align: justify;\">El <strong>\u00cdndice de Precios de Consumo (IPC)<\/strong> en la Comunitat Valenciana <strong>subi\u00f3 un 10,9% en agosto<\/strong> respecto a un a\u00f1o antes y <strong>la tasa intermensual<\/strong> creci\u00f3 en un 0,4%. As\u00ed se desprende de los datos hechos p\u00fablicos este martes por el Instituto Nacional de Estad\u00edstica (INE).<\/p>\n<p style=\"text-align: justify;\"><span style=\"text-align: justify;\">En el conjunto de Espa\u00f1a,<\/span><strong style=\"text-align: justify;\"> el IPC subi\u00f3 un 10,5% en agosto con relaci\u00f3n al mismo mes de 2021, tres d\u00e9cimas inferior a la del mes anterior.<\/strong> Adem\u00e1s<span style=\"text-align: justify;\"> la tasa de variaci\u00f3n mensual fue del 0,3%, y la inflaci\u00f3n subyacente se situ\u00f3 en el 6,4%; esto se traduce en 0,3 puntos m\u00e1s que en el mes pasado.<\/span><\/p>\n<section class=\"\">\n<article class=\"container pb-15 bg-white\">\n<div class=\"row-center\">\n<div class=\"col-xs-12 col-sm-12 col-md-8 col-lg-8 following-ad-ref-container\">\n<div class=\"detail-body\">\n<p style=\"text-align: justify;\">La <strong>tasa interanual de la Comunitat se sit\u00faa por encima de la media en Espa\u00f1a (10,5%),<\/strong>\u00a0liderada por Castilla-La Mancha (12,6%) y Galicia (11%).<\/p>\n<p style=\"text-align: justify;\">Por otra parte cabe destacar que <strong>los precios que m\u00e1s subieron en julio en la Comunitat respecto a un a\u00f1o atr\u00e1s fueron<\/strong>, con una gran diferencia, <strong>los de Vivienda (27,1%).\u00a0<\/strong>A ello le siguieron<strong>\u00a0los de Alimentos y bebidas no alcoh\u00f3licas (14,5%) y Transporte (12,1%), as\u00ed como de los de Hoteles (8,3%) y Menaje (7,4%).<\/strong><\/p>\n<p style=\"text-align: justify;\">Tambi\u00e9n hay que destacar que subieron,<strong> en menor medida, <\/strong>los precios de<strong> Bebidas alcoh\u00f3licas y tabaco (4,7%), Vestido y calzado y Otros (4,6%), Ocio y cultura (3,3%), Medicina (1,6%) y Ense\u00f1anza (1,3%), mientras que los de Comunicaciones (-2,3%) son los \u00fanicos que bajaron.<\/strong><\/p>\n<div class=\"teads-inread sm-screen\" style=\"text-align: justify;\">\n<div data-integralas-id-f552d88b-1d29-2294-6e28-e31f4b5487bd=\"\">\n<div id=\"teads1\" class=\"teads-player\">En datos intermensuales <strong>respecto a julio, la mayor subida fue tambi\u00e9n la de los precios de Vivienda (10,7%), seguida de Alimentos y bebidas no alcoh\u00f3licas (10,5%) y Transporte (9,7%), mientras que la mayor ca\u00edda de precios la registr\u00f3 Vestido y Calzado (-12,7%).<\/strong><\/div>\n<\/div>\n<\/div>\n<\/div>\n<\/div>\n<\/div>\n<\/article>\n<\/section>\n<div>\n<div id=\"tg-adhesion\">\n<div id=\"tg-adhesion-banner-id-515308\" class=\"tg-adhesion-banner id-515308\" style=\"text-align: justify;\"><\/div>\n<\/div>\n<\/div>\n","protected":false},"excerpt":{"rendered":"<p>El \u00cdndice de Precios de Consumo (IPC) en la Comunitat Valenciana subi\u00f3 un 10,9% en agosto respecto a un a\u00f1o&#8230;<\/p>\n","protected":false},"author":1,"featured_media":86792,"comment_status":"open","ping_status":"open","sticky":false,"template":"","format":"standard","meta":{"footnotes":""},"categories":[6909,75,79],"tags":[2948,639,390,5114,12045,9469],"class_list":["post-91527","post","type-post","status-publish","format-standard","has-post-thumbnail","hentry","category-actualidad","category-noticias","category-politicayeconomia","tag-agosto","tag-comunidad-valenciana","tag-economia","tag-incremento","tag-ipc","tag-precios"],"yoast_head":"<!-- This site is optimized with the Yoast SEO plugin v27.3 - https:\/\/yoast.com\/product\/yoast-seo-wordpress\/ -->\n<title>El IPC crece un 10,9% interanual en la Comunitat Valenciana en agosto - COPE Alcoy<\/title>\n<meta name=\"robots\" content=\"index, follow, max-snippet:-1, max-image-preview:large, max-video-preview:-1\" \/>\n<link rel=\"canonical\" href=\"https:\/\/www.copealcoy.es\/es\/el-ipc-crece-un-109-interanual-en-la-comunitat-valenciana-en-agosto\/\" \/>\n<meta property=\"og:locale\" content=\"es_ES\" \/>\n<meta property=\"og:type\" content=\"article\" \/>\n<meta property=\"og:title\" content=\"El IPC crece un 10,9% interanual en la Comunitat Valenciana en agosto - COPE Alcoy\" \/>\n<meta property=\"og:description\" content=\"El \u00cdndice de Precios de Consumo (IPC) en la Comunitat Valenciana subi\u00f3 un 10,9% en agosto respecto a un a\u00f1o...\" \/>\n<meta property=\"og:url\" content=\"https:\/\/www.copealcoy.es\/es\/el-ipc-crece-un-109-interanual-en-la-comunitat-valenciana-en-agosto\/\" \/>\n<meta property=\"og:site_name\" content=\"COPE Alcoy\" \/>\n<meta property=\"article:published_time\" content=\"2022-09-13T13:25:06+00:00\" \/>\n<meta property=\"article:modified_time\" content=\"2022-09-13T13:32:56+00:00\" \/>\n<meta property=\"og:image\" content=\"https:\/\/www.copealcoy.es\/wp-content\/uploads\/2022\/04\/unnamed-59.jpg\" \/>\n\t<meta property=\"og:image:width\" content=\"715\" \/>\n\t<meta property=\"og:image:height\" content=\"431\" \/>\n\t<meta property=\"og:image:type\" content=\"image\/jpeg\" \/>\n<meta name=\"author\" content=\"Cope Alcoy\" \/>\n<meta name=\"twitter:label1\" content=\"Escrito por\" \/>\n\t<meta name=\"twitter:data1\" content=\"Cope Alcoy\" \/>\n\t<meta name=\"twitter:label2\" content=\"Tiempo de lectura\" \/>\n\t<meta name=\"twitter:data2\" content=\"2 minutos\" \/>\n<script type=\"application\/ld+json\" class=\"yoast-schema-graph\">{\"@context\":\"https:\\\/\\\/schema.org\",\"@graph\":[{\"@type\":\"Article\",\"@id\":\"https:\\\/\\\/www.copealcoy.es\\\/es\\\/el-ipc-crece-un-109-interanual-en-la-comunitat-valenciana-en-agosto\\\/#article\",\"isPartOf\":{\"@id\":\"https:\\\/\\\/www.copealcoy.es\\\/es\\\/el-ipc-crece-un-109-interanual-en-la-comunitat-valenciana-en-agosto\\\/\"},\"author\":{\"name\":\"Cope Alcoy\",\"@id\":\"https:\\\/\\\/www.copealcoy.es\\\/es\\\/#\\\/schema\\\/person\\\/e777c87fa024e57d40170af9df39882c\"},\"headline\":\"El IPC crece un 10,9% interanual en la Comunitat Valenciana en agosto\",\"datePublished\":\"2022-09-13T13:25:06+00:00\",\"dateModified\":\"2022-09-13T13:32:56+00:00\",\"mainEntityOfPage\":{\"@id\":\"https:\\\/\\\/www.copealcoy.es\\\/es\\\/el-ipc-crece-un-109-interanual-en-la-comunitat-valenciana-en-agosto\\\/\"},\"wordCount\":277,\"commentCount\":0,\"image\":{\"@id\":\"https:\\\/\\\/www.copealcoy.es\\\/es\\\/el-ipc-crece-un-109-interanual-en-la-comunitat-valenciana-en-agosto\\\/#primaryimage\"},\"thumbnailUrl\":\"https:\\\/\\\/www.copealcoy.es\\\/wp-content\\\/uploads\\\/2022\\\/04\\\/unnamed-59.jpg\",\"keywords\":[\"agosto\",\"Comunidad Valenciana\",\"Econom\u00eda\",\"incremento\",\"IPC\",\"precios\"],\"articleSection\":[\"Actualidad\",\"Noticias\",\"Pol\u00edtica y Econom\u00eda\"],\"inLanguage\":\"es\"},{\"@type\":\"WebPage\",\"@id\":\"https:\\\/\\\/www.copealcoy.es\\\/es\\\/el-ipc-crece-un-109-interanual-en-la-comunitat-valenciana-en-agosto\\\/\",\"url\":\"https:\\\/\\\/www.copealcoy.es\\\/es\\\/el-ipc-crece-un-109-interanual-en-la-comunitat-valenciana-en-agosto\\\/\",\"name\":\"El IPC crece un 10,9% interanual en la Comunitat Valenciana en agosto - COPE Alcoy\",\"isPartOf\":{\"@id\":\"https:\\\/\\\/www.copealcoy.es\\\/es\\\/#website\"},\"primaryImageOfPage\":{\"@id\":\"https:\\\/\\\/www.copealcoy.es\\\/es\\\/el-ipc-crece-un-109-interanual-en-la-comunitat-valenciana-en-agosto\\\/#primaryimage\"},\"image\":{\"@id\":\"https:\\\/\\\/www.copealcoy.es\\\/es\\\/el-ipc-crece-un-109-interanual-en-la-comunitat-valenciana-en-agosto\\\/#primaryimage\"},\"thumbnailUrl\":\"https:\\\/\\\/www.copealcoy.es\\\/wp-content\\\/uploads\\\/2022\\\/04\\\/unnamed-59.jpg\",\"datePublished\":\"2022-09-13T13:25:06+00:00\",\"dateModified\":\"2022-09-13T13:32:56+00:00\",\"author\":{\"@id\":\"https:\\\/\\\/www.copealcoy.es\\\/es\\\/#\\\/schema\\\/person\\\/e777c87fa024e57d40170af9df39882c\"},\"breadcrumb\":{\"@id\":\"https:\\\/\\\/www.copealcoy.es\\\/es\\\/el-ipc-crece-un-109-interanual-en-la-comunitat-valenciana-en-agosto\\\/#breadcrumb\"},\"inLanguage\":\"es\",\"potentialAction\":[{\"@type\":\"ReadAction\",\"target\":[\"https:\\\/\\\/www.copealcoy.es\\\/es\\\/el-ipc-crece-un-109-interanual-en-la-comunitat-valenciana-en-agosto\\\/\"]}]},{\"@type\":\"ImageObject\",\"inLanguage\":\"es\",\"@id\":\"https:\\\/\\\/www.copealcoy.es\\\/es\\\/el-ipc-crece-un-109-interanual-en-la-comunitat-valenciana-en-agosto\\\/#primaryimage\",\"url\":\"https:\\\/\\\/www.copealcoy.es\\\/wp-content\\\/uploads\\\/2022\\\/04\\\/unnamed-59.jpg\",\"contentUrl\":\"https:\\\/\\\/www.copealcoy.es\\\/wp-content\\\/uploads\\\/2022\\\/04\\\/unnamed-59.jpg\",\"width\":715,\"height\":431},{\"@type\":\"BreadcrumbList\",\"@id\":\"https:\\\/\\\/www.copealcoy.es\\\/es\\\/el-ipc-crece-un-109-interanual-en-la-comunitat-valenciana-en-agosto\\\/#breadcrumb\",\"itemListElement\":[{\"@type\":\"ListItem\",\"position\":1,\"name\":\"Portada\",\"item\":\"https:\\\/\\\/www.copealcoy.es\\\/es\\\/\"},{\"@type\":\"ListItem\",\"position\":2,\"name\":\"El IPC crece un 10,9% interanual en la Comunitat Valenciana en agosto\"}]},{\"@type\":\"WebSite\",\"@id\":\"https:\\\/\\\/www.copealcoy.es\\\/es\\\/#website\",\"url\":\"https:\\\/\\\/www.copealcoy.es\\\/es\\\/\",\"name\":\"COPE Alcoy\",\"description\":\"Emisora COPE de radio local con emisi\u00f3n online. Pont de Sant Jordi 8-10 03803 Alcoy\",\"potentialAction\":[{\"@type\":\"SearchAction\",\"target\":{\"@type\":\"EntryPoint\",\"urlTemplate\":\"https:\\\/\\\/www.copealcoy.es\\\/es\\\/?s={search_term_string}\"},\"query-input\":{\"@type\":\"PropertyValueSpecification\",\"valueRequired\":true,\"valueName\":\"search_term_string\"}}],\"inLanguage\":\"es\"},{\"@type\":\"Person\",\"@id\":\"https:\\\/\\\/www.copealcoy.es\\\/es\\\/#\\\/schema\\\/person\\\/e777c87fa024e57d40170af9df39882c\",\"name\":\"Cope Alcoy\",\"image\":{\"@type\":\"ImageObject\",\"inLanguage\":\"es\",\"@id\":\"https:\\\/\\\/secure.gravatar.com\\\/avatar\\\/bb65d0283347e303893ba14f0692005417c1e0e690a325a4c5d8bb2b3943ee14?s=96&d=mm&r=g\",\"url\":\"https:\\\/\\\/secure.gravatar.com\\\/avatar\\\/bb65d0283347e303893ba14f0692005417c1e0e690a325a4c5d8bb2b3943ee14?s=96&d=mm&r=g\",\"contentUrl\":\"https:\\\/\\\/secure.gravatar.com\\\/avatar\\\/bb65d0283347e303893ba14f0692005417c1e0e690a325a4c5d8bb2b3943ee14?s=96&d=mm&r=g\",\"caption\":\"Cope Alcoy\"}}]}<\/script>\n<!-- \/ Yoast SEO plugin. -->","yoast_head_json":{"title":"El IPC crece un 10,9% interanual en la Comunitat Valenciana en agosto - COPE Alcoy","robots":{"index":"index","follow":"follow","max-snippet":"max-snippet:-1","max-image-preview":"max-image-preview:large","max-video-preview":"max-video-preview:-1"},"canonical":"https:\/\/www.copealcoy.es\/es\/el-ipc-crece-un-109-interanual-en-la-comunitat-valenciana-en-agosto\/","og_locale":"es_ES","og_type":"article","og_title":"El IPC crece un 10,9% interanual en la Comunitat Valenciana en agosto - COPE Alcoy","og_description":"El \u00cdndice de Precios de Consumo (IPC) en la Comunitat Valenciana subi\u00f3 un 10,9% en agosto respecto a un a\u00f1o...","og_url":"https:\/\/www.copealcoy.es\/es\/el-ipc-crece-un-109-interanual-en-la-comunitat-valenciana-en-agosto\/","og_site_name":"COPE Alcoy","article_published_time":"2022-09-13T13:25:06+00:00","article_modified_time":"2022-09-13T13:32:56+00:00","og_image":[{"width":715,"height":431,"url":"https:\/\/www.copealcoy.es\/wp-content\/uploads\/2022\/04\/unnamed-59.jpg","type":"image\/jpeg"}],"author":"Cope Alcoy","twitter_misc":{"Escrito por":"Cope Alcoy","Tiempo de lectura":"2 minutos"},"schema":{"@context":"https:\/\/schema.org","@graph":[{"@type":"Article","@id":"https:\/\/www.copealcoy.es\/es\/el-ipc-crece-un-109-interanual-en-la-comunitat-valenciana-en-agosto\/#article","isPartOf":{"@id":"https:\/\/www.copealcoy.es\/es\/el-ipc-crece-un-109-interanual-en-la-comunitat-valenciana-en-agosto\/"},"author":{"name":"Cope Alcoy","@id":"https:\/\/www.copealcoy.es\/es\/#\/schema\/person\/e777c87fa024e57d40170af9df39882c"},"headline":"El IPC crece un 10,9% interanual en la Comunitat Valenciana en agosto","datePublished":"2022-09-13T13:25:06+00:00","dateModified":"2022-09-13T13:32:56+00:00","mainEntityOfPage":{"@id":"https:\/\/www.copealcoy.es\/es\/el-ipc-crece-un-109-interanual-en-la-comunitat-valenciana-en-agosto\/"},"wordCount":277,"commentCount":0,"image":{"@id":"https:\/\/www.copealcoy.es\/es\/el-ipc-crece-un-109-interanual-en-la-comunitat-valenciana-en-agosto\/#primaryimage"},"thumbnailUrl":"https:\/\/www.copealcoy.es\/wp-content\/uploads\/2022\/04\/unnamed-59.jpg","keywords":["agosto","Comunidad Valenciana","Econom\u00eda","incremento","IPC","precios"],"articleSection":["Actualidad","Noticias","Pol\u00edtica y Econom\u00eda"],"inLanguage":"es"},{"@type":"WebPage","@id":"https:\/\/www.copealcoy.es\/es\/el-ipc-crece-un-109-interanual-en-la-comunitat-valenciana-en-agosto\/","url":"https:\/\/www.copealcoy.es\/es\/el-ipc-crece-un-109-interanual-en-la-comunitat-valenciana-en-agosto\/","name":"El IPC crece un 10,9% interanual en la Comunitat Valenciana en agosto - COPE Alcoy","isPartOf":{"@id":"https:\/\/www.copealcoy.es\/es\/#website"},"primaryImageOfPage":{"@id":"https:\/\/www.copealcoy.es\/es\/el-ipc-crece-un-109-interanual-en-la-comunitat-valenciana-en-agosto\/#primaryimage"},"image":{"@id":"https:\/\/www.copealcoy.es\/es\/el-ipc-crece-un-109-interanual-en-la-comunitat-valenciana-en-agosto\/#primaryimage"},"thumbnailUrl":"https:\/\/www.copealcoy.es\/wp-content\/uploads\/2022\/04\/unnamed-59.jpg","datePublished":"2022-09-13T13:25:06+00:00","dateModified":"2022-09-13T13:32:56+00:00","author":{"@id":"https:\/\/www.copealcoy.es\/es\/#\/schema\/person\/e777c87fa024e57d40170af9df39882c"},"breadcrumb":{"@id":"https:\/\/www.copealcoy.es\/es\/el-ipc-crece-un-109-interanual-en-la-comunitat-valenciana-en-agosto\/#breadcrumb"},"inLanguage":"es","potentialAction":[{"@type":"ReadAction","target":["https:\/\/www.copealcoy.es\/es\/el-ipc-crece-un-109-interanual-en-la-comunitat-valenciana-en-agosto\/"]}]},{"@type":"ImageObject","inLanguage":"es","@id":"https:\/\/www.copealcoy.es\/es\/el-ipc-crece-un-109-interanual-en-la-comunitat-valenciana-en-agosto\/#primaryimage","url":"https:\/\/www.copealcoy.es\/wp-content\/uploads\/2022\/04\/unnamed-59.jpg","contentUrl":"https:\/\/www.copealcoy.es\/wp-content\/uploads\/2022\/04\/unnamed-59.jpg","width":715,"height":431},{"@type":"BreadcrumbList","@id":"https:\/\/www.copealcoy.es\/es\/el-ipc-crece-un-109-interanual-en-la-comunitat-valenciana-en-agosto\/#breadcrumb","itemListElement":[{"@type":"ListItem","position":1,"name":"Portada","item":"https:\/\/www.copealcoy.es\/es\/"},{"@type":"ListItem","position":2,"name":"El IPC crece un 10,9% interanual en la Comunitat Valenciana en agosto"}]},{"@type":"WebSite","@id":"https:\/\/www.copealcoy.es\/es\/#website","url":"https:\/\/www.copealcoy.es\/es\/","name":"COPE Alcoy","description":"Emisora COPE de radio local con emisi\u00f3n online. Pont de Sant Jordi 8-10 03803 Alcoy","potentialAction":[{"@type":"SearchAction","target":{"@type":"EntryPoint","urlTemplate":"https:\/\/www.copealcoy.es\/es\/?s={search_term_string}"},"query-input":{"@type":"PropertyValueSpecification","valueRequired":true,"valueName":"search_term_string"}}],"inLanguage":"es"},{"@type":"Person","@id":"https:\/\/www.copealcoy.es\/es\/#\/schema\/person\/e777c87fa024e57d40170af9df39882c","name":"Cope Alcoy","image":{"@type":"ImageObject","inLanguage":"es","@id":"https:\/\/secure.gravatar.com\/avatar\/bb65d0283347e303893ba14f0692005417c1e0e690a325a4c5d8bb2b3943ee14?s=96&d=mm&r=g","url":"https:\/\/secure.gravatar.com\/avatar\/bb65d0283347e303893ba14f0692005417c1e0e690a325a4c5d8bb2b3943ee14?s=96&d=mm&r=g","contentUrl":"https:\/\/secure.gravatar.com\/avatar\/bb65d0283347e303893ba14f0692005417c1e0e690a325a4c5d8bb2b3943ee14?s=96&d=mm&r=g","caption":"Cope Alcoy"}}]}},"_links":{"self":[{"href":"https:\/\/www.copealcoy.es\/es\/wp-json\/wp\/v2\/posts\/91527","targetHints":{"allow":["GET"]}}],"collection":[{"href":"https:\/\/www.copealcoy.es\/es\/wp-json\/wp\/v2\/posts"}],"about":[{"href":"https:\/\/www.copealcoy.es\/es\/wp-json\/wp\/v2\/types\/post"}],"author":[{"embeddable":true,"href":"https:\/\/www.copealcoy.es\/es\/wp-json\/wp\/v2\/users\/1"}],"replies":[{"embeddable":true,"href":"https:\/\/www.copealcoy.es\/es\/wp-json\/wp\/v2\/comments?post=91527"}],"version-history":[{"count":0,"href":"https:\/\/www.copealcoy.es\/es\/wp-json\/wp\/v2\/posts\/91527\/revisions"}],"wp:featuredmedia":[{"embeddable":true,"href":"https:\/\/www.copealcoy.es\/es\/wp-json\/wp\/v2\/media\/86792"}],"wp:attachment":[{"href":"https:\/\/www.copealcoy.es\/es\/wp-json\/wp\/v2\/media?parent=91527"}],"wp:term":[{"taxonomy":"category","embeddable":true,"href":"https:\/\/www.copealcoy.es\/es\/wp-json\/wp\/v2\/categories?post=91527"},{"taxonomy":"post_tag","embeddable":true,"href":"https:\/\/www.copealcoy.es\/es\/wp-json\/wp\/v2\/tags?post=91527"}],"curies":[{"name":"wp","href":"https:\/\/api.w.org\/{rel}","templated":true}]}}