{"id":91521,"date":"2022-09-13T13:55:45","date_gmt":"2022-09-13T12:55:45","guid":{"rendered":"https:\/\/www.copealcoy.es\/?p=91521"},"modified":"2022-09-13T14:19:58","modified_gmt":"2022-09-13T13:19:58","slug":"el-ayuntamiento-de-alcoy-actuara-para-contener-la-ladera-de-la-beniata","status":"publish","type":"post","link":"https:\/\/www.copealcoy.es\/es\/el-ayuntamiento-de-alcoy-actuara-para-contener-la-ladera-de-la-beniata\/","title":{"rendered":"El Ayuntamiento de Alcoy actuar\u00e1 para contener la ladera de La Beniata"},"content":{"rendered":"<p style=\"text-align: justify;\">El <strong>Ayuntamiento de Alcoy<\/strong> ha anunciado este martes que <strong>realizar\u00e1 una actuaci\u00f3n urgente<\/strong> para <strong>evitar nuevos deslizamientos en La Beniata<\/strong> tras los que <a href=\"https:\/\/www.copealcoy.es\/nuevo-deslizamiento-de-tierras-en-la-beniata\/\"><span style=\"color: #0000ff;\"><strong>se produjeron en esta zona de la ciudad el pasado mes de abril. <\/strong><\/span><\/a>Hay que recordar que el Gobierno Local del PSOE <strong>ha llevado a cabo en los \u00faltimos meses una serie de reuniones con la Universidad Polit\u00e9cnica de Valencia<\/strong>, propietaria de los terrenos, para solventar una cuesti\u00f3n que tambi\u00e9n <strong>preocupa a los vecinos<\/strong> que viven enfrente del punto en el que hubo desprendimientos.<\/p>\n<p style=\"text-align: justify;\">Desde el Consistorio han explicado que <strong>se ha creado la figura administrativa de la orden de ejecuci\u00f3n subsidiaria<\/strong>, la cual permitir\u00e1 desarrollar una intervenci\u00f3n que consistir\u00e1 en <strong>colocar mallas de contenci\u00f3n<\/strong> en la parte izquierda de la mencionada ladera.\u00a0 Despu\u00e9s <strong>seguir\u00e1n las negociaciones con la misma UPV<\/strong> con el fin de adecuar de forma definitiva la citada ladera &#8220;l<em>os plazos que da la Universidad para actuar no son asumibles. Entendemos que este expediente es importante para la Polit\u00e9cnica, pero para el Ayuntamiento es m\u00e1s urgente ante la situaci\u00f3n que tienen los vecinos y la previsi\u00f3n de nuevas lluvias de cara al oto\u00f1o<\/em>&#8220;, ha detallado el Vicealcalde de Alcoy; <strong>Jordi Mart\u00ednez<\/strong>.<\/p>\n<p style=\"text-align: justify;\">El Ejecutivo Municipal, seg\u00fan ha significado Mart\u00ednez, licitar\u00e1 primero <strong>la redacci\u00f3n del proyecto<\/strong> y <strong>despu\u00e9s las obras<\/strong>. Se prev\u00e9 que esta actuaci\u00f3n provisional<strong> tenga un coste de entre 80.000 y 100.000 euros<\/strong> que ser\u00e1n financiados inicialmente por las arcas municipales &#8220;<em>los informes que tenemos confirman que la ladera es segura. No hay movimientos por debajo de las tierras, como si que ocurre en el Santiago Pay\u00e0, sino que son superficiales. La malla ayudar\u00e1 a contener que puedan producirse nuevos deslizamientos y pr\u00f3ximamente nos reuniremos con los vecinos para garantizarles que es una zona segura tanto para ellos como las viviendas<\/em>&#8220;, concluy\u00f3 el tambi\u00e9n edil de Obras y Servicios.<\/p>\n<p style=\"text-align: justify;\">Desde el Gobierno de Franc\u00e9s prev\u00e9n que el proceso para hacer realidad estos trabajos<strong> sea de unos cuatro meses<\/strong> incluyendo tanto la redacci\u00f3n del proyecto como su posterior ejecuci\u00f3n.<\/p>\n","protected":false},"excerpt":{"rendered":"<p>El Ayuntamiento de Alcoy ha anunciado este martes que realizar\u00e1 una actuaci\u00f3n urgente para evitar nuevos deslizamientos en La Beniata&#8230;<\/p>\n","protected":false},"author":1,"featured_media":91522,"comment_status":"open","ping_status":"open","sticky":false,"template":"","format":"standard","meta":{"footnotes":""},"categories":[6909,97,75,125],"tags":[13131,1494,7282,927,13132],"class_list":["post-91521","post","type-post","status-publish","format-standard","has-post-thumbnail","hentry","category-actualidad","category-alcoy","category-noticias","category-portada","tag-actuacion-urgente","tag-alcoy","tag-contencion","tag-jordi-martinez","tag-ladera-beniata"],"yoast_head":"<!-- This site is optimized with the Yoast SEO plugin v27.3 - https:\/\/yoast.com\/product\/yoast-seo-wordpress\/ -->\n<title>El Ayuntamiento de Alcoy actuar\u00e1 para contener la ladera de La Beniata - COPE Alcoy<\/title>\n<meta name=\"robots\" content=\"index, follow, max-snippet:-1, max-image-preview:large, max-video-preview:-1\" \/>\n<link rel=\"canonical\" href=\"https:\/\/www.copealcoy.es\/es\/el-ayuntamiento-de-alcoy-actuara-para-contener-la-ladera-de-la-beniata\/\" \/>\n<meta property=\"og:locale\" content=\"es_ES\" \/>\n<meta property=\"og:type\" content=\"article\" \/>\n<meta property=\"og:title\" content=\"El Ayuntamiento de Alcoy actuar\u00e1 para contener la ladera de La Beniata - COPE Alcoy\" \/>\n<meta property=\"og:description\" content=\"El Ayuntamiento de Alcoy ha anunciado este martes que realizar\u00e1 una actuaci\u00f3n urgente para evitar nuevos deslizamientos en La Beniata...\" \/>\n<meta property=\"og:url\" content=\"https:\/\/www.copealcoy.es\/es\/el-ayuntamiento-de-alcoy-actuara-para-contener-la-ladera-de-la-beniata\/\" \/>\n<meta property=\"og:site_name\" content=\"COPE Alcoy\" \/>\n<meta property=\"article:published_time\" content=\"2022-09-13T12:55:45+00:00\" \/>\n<meta property=\"article:modified_time\" content=\"2022-09-13T13:19:58+00:00\" \/>\n<meta property=\"og:image\" content=\"https:\/\/www.copealcoy.es\/wp-content\/uploads\/2022\/09\/Foto-de-la-roda-de-premsa-Beniata-03-e1663073726702.jpg\" \/>\n\t<meta property=\"og:image:width\" content=\"640\" \/>\n\t<meta property=\"og:image:height\" content=\"427\" \/>\n\t<meta property=\"og:image:type\" content=\"image\/jpeg\" \/>\n<meta name=\"author\" content=\"Cope Alcoy\" \/>\n<meta name=\"twitter:label1\" content=\"Escrito por\" \/>\n\t<meta name=\"twitter:data1\" content=\"Cope Alcoy\" \/>\n\t<meta name=\"twitter:label2\" content=\"Tiempo de lectura\" \/>\n\t<meta name=\"twitter:data2\" content=\"2 minutos\" \/>\n<script type=\"application\/ld+json\" class=\"yoast-schema-graph\">{\"@context\":\"https:\\\/\\\/schema.org\",\"@graph\":[{\"@type\":\"Article\",\"@id\":\"https:\\\/\\\/www.copealcoy.es\\\/es\\\/el-ayuntamiento-de-alcoy-actuara-para-contener-la-ladera-de-la-beniata\\\/#article\",\"isPartOf\":{\"@id\":\"https:\\\/\\\/www.copealcoy.es\\\/es\\\/el-ayuntamiento-de-alcoy-actuara-para-contener-la-ladera-de-la-beniata\\\/\"},\"author\":{\"name\":\"Cope Alcoy\",\"@id\":\"https:\\\/\\\/www.copealcoy.es\\\/es\\\/#\\\/schema\\\/person\\\/e777c87fa024e57d40170af9df39882c\"},\"headline\":\"El Ayuntamiento de Alcoy actuar\u00e1 para contener la ladera de La Beniata\",\"datePublished\":\"2022-09-13T12:55:45+00:00\",\"dateModified\":\"2022-09-13T13:19:58+00:00\",\"mainEntityOfPage\":{\"@id\":\"https:\\\/\\\/www.copealcoy.es\\\/es\\\/el-ayuntamiento-de-alcoy-actuara-para-contener-la-ladera-de-la-beniata\\\/\"},\"wordCount\":371,\"commentCount\":0,\"image\":{\"@id\":\"https:\\\/\\\/www.copealcoy.es\\\/es\\\/el-ayuntamiento-de-alcoy-actuara-para-contener-la-ladera-de-la-beniata\\\/#primaryimage\"},\"thumbnailUrl\":\"https:\\\/\\\/www.copealcoy.es\\\/wp-content\\\/uploads\\\/2022\\\/09\\\/Foto-de-la-roda-de-premsa-Beniata-03-e1663073726702.jpg\",\"keywords\":[\"actuaci\u00f3n urgente\",\"Alcoy\",\"contenci\u00f3n\",\"Jordi Mart\u00ednez\",\"ladera Beniata\"],\"articleSection\":[\"Actualidad\",\"Alcoy\",\"Noticias\",\"Portada\"],\"inLanguage\":\"es\"},{\"@type\":\"WebPage\",\"@id\":\"https:\\\/\\\/www.copealcoy.es\\\/es\\\/el-ayuntamiento-de-alcoy-actuara-para-contener-la-ladera-de-la-beniata\\\/\",\"url\":\"https:\\\/\\\/www.copealcoy.es\\\/es\\\/el-ayuntamiento-de-alcoy-actuara-para-contener-la-ladera-de-la-beniata\\\/\",\"name\":\"El Ayuntamiento de Alcoy actuar\u00e1 para contener la ladera de La Beniata - COPE Alcoy\",\"isPartOf\":{\"@id\":\"https:\\\/\\\/www.copealcoy.es\\\/es\\\/#website\"},\"primaryImageOfPage\":{\"@id\":\"https:\\\/\\\/www.copealcoy.es\\\/es\\\/el-ayuntamiento-de-alcoy-actuara-para-contener-la-ladera-de-la-beniata\\\/#primaryimage\"},\"image\":{\"@id\":\"https:\\\/\\\/www.copealcoy.es\\\/es\\\/el-ayuntamiento-de-alcoy-actuara-para-contener-la-ladera-de-la-beniata\\\/#primaryimage\"},\"thumbnailUrl\":\"https:\\\/\\\/www.copealcoy.es\\\/wp-content\\\/uploads\\\/2022\\\/09\\\/Foto-de-la-roda-de-premsa-Beniata-03-e1663073726702.jpg\",\"datePublished\":\"2022-09-13T12:55:45+00:00\",\"dateModified\":\"2022-09-13T13:19:58+00:00\",\"author\":{\"@id\":\"https:\\\/\\\/www.copealcoy.es\\\/es\\\/#\\\/schema\\\/person\\\/e777c87fa024e57d40170af9df39882c\"},\"breadcrumb\":{\"@id\":\"https:\\\/\\\/www.copealcoy.es\\\/es\\\/el-ayuntamiento-de-alcoy-actuara-para-contener-la-ladera-de-la-beniata\\\/#breadcrumb\"},\"inLanguage\":\"es\",\"potentialAction\":[{\"@type\":\"ReadAction\",\"target\":[\"https:\\\/\\\/www.copealcoy.es\\\/es\\\/el-ayuntamiento-de-alcoy-actuara-para-contener-la-ladera-de-la-beniata\\\/\"]}]},{\"@type\":\"ImageObject\",\"inLanguage\":\"es\",\"@id\":\"https:\\\/\\\/www.copealcoy.es\\\/es\\\/el-ayuntamiento-de-alcoy-actuara-para-contener-la-ladera-de-la-beniata\\\/#primaryimage\",\"url\":\"https:\\\/\\\/www.copealcoy.es\\\/wp-content\\\/uploads\\\/2022\\\/09\\\/Foto-de-la-roda-de-premsa-Beniata-03-e1663073726702.jpg\",\"contentUrl\":\"https:\\\/\\\/www.copealcoy.es\\\/wp-content\\\/uploads\\\/2022\\\/09\\\/Foto-de-la-roda-de-premsa-Beniata-03-e1663073726702.jpg\",\"width\":640,\"height\":427},{\"@type\":\"BreadcrumbList\",\"@id\":\"https:\\\/\\\/www.copealcoy.es\\\/es\\\/el-ayuntamiento-de-alcoy-actuara-para-contener-la-ladera-de-la-beniata\\\/#breadcrumb\",\"itemListElement\":[{\"@type\":\"ListItem\",\"position\":1,\"name\":\"Portada\",\"item\":\"https:\\\/\\\/www.copealcoy.es\\\/es\\\/\"},{\"@type\":\"ListItem\",\"position\":2,\"name\":\"El Ayuntamiento de Alcoy actuar\u00e1 para contener la ladera de La Beniata\"}]},{\"@type\":\"WebSite\",\"@id\":\"https:\\\/\\\/www.copealcoy.es\\\/es\\\/#website\",\"url\":\"https:\\\/\\\/www.copealcoy.es\\\/es\\\/\",\"name\":\"COPE Alcoy\",\"description\":\"Emisora COPE de radio local con emisi\u00f3n online. Pont de Sant Jordi 8-10 03803 Alcoy\",\"potentialAction\":[{\"@type\":\"SearchAction\",\"target\":{\"@type\":\"EntryPoint\",\"urlTemplate\":\"https:\\\/\\\/www.copealcoy.es\\\/es\\\/?s={search_term_string}\"},\"query-input\":{\"@type\":\"PropertyValueSpecification\",\"valueRequired\":true,\"valueName\":\"search_term_string\"}}],\"inLanguage\":\"es\"},{\"@type\":\"Person\",\"@id\":\"https:\\\/\\\/www.copealcoy.es\\\/es\\\/#\\\/schema\\\/person\\\/e777c87fa024e57d40170af9df39882c\",\"name\":\"Cope Alcoy\",\"image\":{\"@type\":\"ImageObject\",\"inLanguage\":\"es\",\"@id\":\"https:\\\/\\\/secure.gravatar.com\\\/avatar\\\/bb65d0283347e303893ba14f0692005417c1e0e690a325a4c5d8bb2b3943ee14?s=96&d=mm&r=g\",\"url\":\"https:\\\/\\\/secure.gravatar.com\\\/avatar\\\/bb65d0283347e303893ba14f0692005417c1e0e690a325a4c5d8bb2b3943ee14?s=96&d=mm&r=g\",\"contentUrl\":\"https:\\\/\\\/secure.gravatar.com\\\/avatar\\\/bb65d0283347e303893ba14f0692005417c1e0e690a325a4c5d8bb2b3943ee14?s=96&d=mm&r=g\",\"caption\":\"Cope Alcoy\"}}]}<\/script>\n<!-- \/ Yoast SEO plugin. -->","yoast_head_json":{"title":"El Ayuntamiento de Alcoy actuar\u00e1 para contener la ladera de La Beniata - COPE Alcoy","robots":{"index":"index","follow":"follow","max-snippet":"max-snippet:-1","max-image-preview":"max-image-preview:large","max-video-preview":"max-video-preview:-1"},"canonical":"https:\/\/www.copealcoy.es\/es\/el-ayuntamiento-de-alcoy-actuara-para-contener-la-ladera-de-la-beniata\/","og_locale":"es_ES","og_type":"article","og_title":"El Ayuntamiento de Alcoy actuar\u00e1 para contener la ladera de La Beniata - COPE Alcoy","og_description":"El Ayuntamiento de Alcoy ha anunciado este martes que realizar\u00e1 una actuaci\u00f3n urgente para evitar nuevos deslizamientos en La Beniata...","og_url":"https:\/\/www.copealcoy.es\/es\/el-ayuntamiento-de-alcoy-actuara-para-contener-la-ladera-de-la-beniata\/","og_site_name":"COPE Alcoy","article_published_time":"2022-09-13T12:55:45+00:00","article_modified_time":"2022-09-13T13:19:58+00:00","og_image":[{"width":640,"height":427,"url":"https:\/\/www.copealcoy.es\/wp-content\/uploads\/2022\/09\/Foto-de-la-roda-de-premsa-Beniata-03-e1663073726702.jpg","type":"image\/jpeg"}],"author":"Cope Alcoy","twitter_misc":{"Escrito por":"Cope Alcoy","Tiempo de lectura":"2 minutos"},"schema":{"@context":"https:\/\/schema.org","@graph":[{"@type":"Article","@id":"https:\/\/www.copealcoy.es\/es\/el-ayuntamiento-de-alcoy-actuara-para-contener-la-ladera-de-la-beniata\/#article","isPartOf":{"@id":"https:\/\/www.copealcoy.es\/es\/el-ayuntamiento-de-alcoy-actuara-para-contener-la-ladera-de-la-beniata\/"},"author":{"name":"Cope Alcoy","@id":"https:\/\/www.copealcoy.es\/es\/#\/schema\/person\/e777c87fa024e57d40170af9df39882c"},"headline":"El Ayuntamiento de Alcoy actuar\u00e1 para contener la ladera de La Beniata","datePublished":"2022-09-13T12:55:45+00:00","dateModified":"2022-09-13T13:19:58+00:00","mainEntityOfPage":{"@id":"https:\/\/www.copealcoy.es\/es\/el-ayuntamiento-de-alcoy-actuara-para-contener-la-ladera-de-la-beniata\/"},"wordCount":371,"commentCount":0,"image":{"@id":"https:\/\/www.copealcoy.es\/es\/el-ayuntamiento-de-alcoy-actuara-para-contener-la-ladera-de-la-beniata\/#primaryimage"},"thumbnailUrl":"https:\/\/www.copealcoy.es\/wp-content\/uploads\/2022\/09\/Foto-de-la-roda-de-premsa-Beniata-03-e1663073726702.jpg","keywords":["actuaci\u00f3n urgente","Alcoy","contenci\u00f3n","Jordi Mart\u00ednez","ladera Beniata"],"articleSection":["Actualidad","Alcoy","Noticias","Portada"],"inLanguage":"es"},{"@type":"WebPage","@id":"https:\/\/www.copealcoy.es\/es\/el-ayuntamiento-de-alcoy-actuara-para-contener-la-ladera-de-la-beniata\/","url":"https:\/\/www.copealcoy.es\/es\/el-ayuntamiento-de-alcoy-actuara-para-contener-la-ladera-de-la-beniata\/","name":"El Ayuntamiento de Alcoy actuar\u00e1 para contener la ladera de La Beniata - COPE Alcoy","isPartOf":{"@id":"https:\/\/www.copealcoy.es\/es\/#website"},"primaryImageOfPage":{"@id":"https:\/\/www.copealcoy.es\/es\/el-ayuntamiento-de-alcoy-actuara-para-contener-la-ladera-de-la-beniata\/#primaryimage"},"image":{"@id":"https:\/\/www.copealcoy.es\/es\/el-ayuntamiento-de-alcoy-actuara-para-contener-la-ladera-de-la-beniata\/#primaryimage"},"thumbnailUrl":"https:\/\/www.copealcoy.es\/wp-content\/uploads\/2022\/09\/Foto-de-la-roda-de-premsa-Beniata-03-e1663073726702.jpg","datePublished":"2022-09-13T12:55:45+00:00","dateModified":"2022-09-13T13:19:58+00:00","author":{"@id":"https:\/\/www.copealcoy.es\/es\/#\/schema\/person\/e777c87fa024e57d40170af9df39882c"},"breadcrumb":{"@id":"https:\/\/www.copealcoy.es\/es\/el-ayuntamiento-de-alcoy-actuara-para-contener-la-ladera-de-la-beniata\/#breadcrumb"},"inLanguage":"es","potentialAction":[{"@type":"ReadAction","target":["https:\/\/www.copealcoy.es\/es\/el-ayuntamiento-de-alcoy-actuara-para-contener-la-ladera-de-la-beniata\/"]}]},{"@type":"ImageObject","inLanguage":"es","@id":"https:\/\/www.copealcoy.es\/es\/el-ayuntamiento-de-alcoy-actuara-para-contener-la-ladera-de-la-beniata\/#primaryimage","url":"https:\/\/www.copealcoy.es\/wp-content\/uploads\/2022\/09\/Foto-de-la-roda-de-premsa-Beniata-03-e1663073726702.jpg","contentUrl":"https:\/\/www.copealcoy.es\/wp-content\/uploads\/2022\/09\/Foto-de-la-roda-de-premsa-Beniata-03-e1663073726702.jpg","width":640,"height":427},{"@type":"BreadcrumbList","@id":"https:\/\/www.copealcoy.es\/es\/el-ayuntamiento-de-alcoy-actuara-para-contener-la-ladera-de-la-beniata\/#breadcrumb","itemListElement":[{"@type":"ListItem","position":1,"name":"Portada","item":"https:\/\/www.copealcoy.es\/es\/"},{"@type":"ListItem","position":2,"name":"El Ayuntamiento de Alcoy actuar\u00e1 para contener la ladera de La Beniata"}]},{"@type":"WebSite","@id":"https:\/\/www.copealcoy.es\/es\/#website","url":"https:\/\/www.copealcoy.es\/es\/","name":"COPE Alcoy","description":"Emisora COPE de radio local con emisi\u00f3n online. Pont de Sant Jordi 8-10 03803 Alcoy","potentialAction":[{"@type":"SearchAction","target":{"@type":"EntryPoint","urlTemplate":"https:\/\/www.copealcoy.es\/es\/?s={search_term_string}"},"query-input":{"@type":"PropertyValueSpecification","valueRequired":true,"valueName":"search_term_string"}}],"inLanguage":"es"},{"@type":"Person","@id":"https:\/\/www.copealcoy.es\/es\/#\/schema\/person\/e777c87fa024e57d40170af9df39882c","name":"Cope Alcoy","image":{"@type":"ImageObject","inLanguage":"es","@id":"https:\/\/secure.gravatar.com\/avatar\/bb65d0283347e303893ba14f0692005417c1e0e690a325a4c5d8bb2b3943ee14?s=96&d=mm&r=g","url":"https:\/\/secure.gravatar.com\/avatar\/bb65d0283347e303893ba14f0692005417c1e0e690a325a4c5d8bb2b3943ee14?s=96&d=mm&r=g","contentUrl":"https:\/\/secure.gravatar.com\/avatar\/bb65d0283347e303893ba14f0692005417c1e0e690a325a4c5d8bb2b3943ee14?s=96&d=mm&r=g","caption":"Cope Alcoy"}}]}},"_links":{"self":[{"href":"https:\/\/www.copealcoy.es\/es\/wp-json\/wp\/v2\/posts\/91521","targetHints":{"allow":["GET"]}}],"collection":[{"href":"https:\/\/www.copealcoy.es\/es\/wp-json\/wp\/v2\/posts"}],"about":[{"href":"https:\/\/www.copealcoy.es\/es\/wp-json\/wp\/v2\/types\/post"}],"author":[{"embeddable":true,"href":"https:\/\/www.copealcoy.es\/es\/wp-json\/wp\/v2\/users\/1"}],"replies":[{"embeddable":true,"href":"https:\/\/www.copealcoy.es\/es\/wp-json\/wp\/v2\/comments?post=91521"}],"version-history":[{"count":0,"href":"https:\/\/www.copealcoy.es\/es\/wp-json\/wp\/v2\/posts\/91521\/revisions"}],"wp:featuredmedia":[{"embeddable":true,"href":"https:\/\/www.copealcoy.es\/es\/wp-json\/wp\/v2\/media\/91522"}],"wp:attachment":[{"href":"https:\/\/www.copealcoy.es\/es\/wp-json\/wp\/v2\/media?parent=91521"}],"wp:term":[{"taxonomy":"category","embeddable":true,"href":"https:\/\/www.copealcoy.es\/es\/wp-json\/wp\/v2\/categories?post=91521"},{"taxonomy":"post_tag","embeddable":true,"href":"https:\/\/www.copealcoy.es\/es\/wp-json\/wp\/v2\/tags?post=91521"}],"curies":[{"name":"wp","href":"https:\/\/api.w.org\/{rel}","templated":true}]}}