{"id":91490,"date":"2022-09-12T15:20:25","date_gmt":"2022-09-12T14:20:25","guid":{"rendered":"https:\/\/www.copealcoy.es\/?p=91490"},"modified":"2022-09-14T20:00:00","modified_gmt":"2022-09-14T19:00:00","slug":"muro-estrena-el-nuevo-colegio-el-bracal-tras-14-anos-en-barracones","status":"publish","type":"post","link":"https:\/\/www.copealcoy.es\/es\/muro-estrena-el-nuevo-colegio-el-bracal-tras-14-anos-en-barracones\/","title":{"rendered":"Muro estrena el nuevo Colegio El Bracal tras 14 a\u00f1os en barracones"},"content":{"rendered":"<p style=\"text-align: justify;\">El <strong>12 de septiembre de 2022<\/strong> quedar\u00e1 marcado como <strong>un d\u00eda hist\u00f3rico para Muro<\/strong> puesto que el Colegio El Bracal del municipio <strong>ha estrenado nuevas instalaciones<\/strong>. Lo ha hecho <strong>catorce a\u00f1os despu\u00e9s de haber estado en barracones<\/strong> y tras <strong>una larga reivindicaci\u00f3n<\/strong> que ha culminado con la puesta en marcha de una infraestructura para que la Conselleria de Educaci\u00f3n ha invertido m\u00e1s de 5&#8217;2 millones de euros.<\/p>\n<p style=\"text-align: justify;\">La jornada, que <strong>ha tenido cierto car\u00e1cter festivo<\/strong>, ha comenzado a primera hora de la ma\u00f1ana con <strong>la bienvenida a los 392 estudiantes de infantil y primaria<\/strong> que cursan sus estudios en el mencionado centro educativo. Algunos de ellos <strong>era la primera vez que iban al cole<\/strong> y <strong>otros cerraban un ciclo educativo<\/strong> teniendo oportunidad de desarrollar al menos un curso sin aulas prefabricadas &#8220;<em>sentimos mucha alegr\u00eda y los ni\u00f1os est\u00e1n muy ilusionados porque vienen al cole nuevo. Tienen muchas ganas de empezar, ver a los profesores y disfrutar con sus compa\u00f1eros<\/em>&#8220;, manifestaban <strong>Lidia y Juan<\/strong>; padres de alumnos. Tambi\u00e9n era emocionante para <strong>Alba<\/strong> el hecho de empezar el cole ya que por fin p<strong>od\u00eda tener un centro en condiciones normales<\/strong> despu\u00e9s de haber ido siempre a clase en barracones:<\/p>\n<audio class=\"wp-audio-shortcode\" id=\"audio-91490-1\" preload=\"none\" style=\"width: 100%;\" controls=\"controls\"><source type=\"audio\/mpeg\" src=\"https:\/\/www.copealcoy.es\/wp-content\/uploads\/2022\/09\/2022.09.12-ALBA-ESTRENO-BRACAL-MEDIODIA.mp3?_=1\" \/><a href=\"https:\/\/www.copealcoy.es\/wp-content\/uploads\/2022\/09\/2022.09.12-ALBA-ESTRENO-BRACAL-MEDIODIA.mp3\">https:\/\/www.copealcoy.es\/wp-content\/uploads\/2022\/09\/2022.09.12-ALBA-ESTRENO-BRACAL-MEDIODIA.mp3<\/a><\/audio>\n<p>&nbsp;<\/p>\n<p style=\"text-align: justify;\">Desde El Bracal han querido que el estreno del colegio <strong>fuera una fiesta<\/strong> y por eso <strong>los profesores han acudido disfrazados de superh\u00e9roes o personajes de Disney<\/strong> al primer d\u00eda de clase. Para la Directora <strong>era una jornada m\u00e1s que significativa<\/strong>\u00a0&#8220;<em>nos lo hemos ganado y nos merecemos una escuela digna. Ahora vamos a disfrutarlo despu\u00e9s de una lucha tan grande<\/em>&#8220;, dec\u00eda <strong>Ruth Jord\u00e0<\/strong>. Tambi\u00e9n desde el AMPA insist\u00edan en que <strong>costaba de creer lo que se estaba viviendo<\/strong> &#8220;<em>este inicio de curso es muy diferente al que hemos tenido en estos \u00faltimos a\u00f1os marcados por las continuas reivindicaciones para hacer el cole nuevo. He sido para m\u00ed muy especial el momento de entrar por primera vez esta ma\u00f1ana, a primera hora, para iniciar la &#8216;Escola Matinera<\/em>&#8216;&#8221;, afirmaba <strong>Rebeca Ferrer<\/strong>.<\/p>\n<p style=\"text-align: justify;\">Por su parte el<strong> Ayuntamiento de Muro<\/strong> estaba <strong>muy satisfecho<\/strong>\u00a0por ver que se hab\u00eda hecho realidad este proyecto. Adem\u00e1s avanzaban que <strong>pronto habr\u00e1 una Jornada de Puertas Abiertas<\/strong> para que todo el pueblo vea el Centro Educativo de cerca &#8220;<em>ser\u00e1n el 30 de septiembre por la tarde, coincidiendo con la Fira Gastron\u00f2mica de Muro, y habr\u00e1 hinchables, m\u00fasica e incluso un reconocimiento para todas esas personas que han estado en primera l\u00ednea de batalla durante estos \u00faltimos 14 a\u00f1os<\/em>&#8220;, coment\u00f3 el alcalde; <strong>Gabriel Tom\u00e0s<\/strong>. A su lado la edil de Educaci\u00f3n, <strong>Xelo Cascant<\/strong>, tambi\u00e9n record\u00f3 que <strong>el curso hab\u00eda comenzado con absoluta normalidad<\/strong> para m\u00e1s de 1.000 alumnos tanto en los dos colegios de Muro (Bracal y Montcabrer) como en el IES Serra de Mariola.<\/p>\n<p style=\"text-align: justify;\">Recuerda que el<strong> nuevo Bracal de Muro<\/strong> alberga tres l\u00edneas de primaria, m\u00e1s de veinte aulas, un comedor para 500 comensales, tres salas de profesores, biblioteca o sala polivalente. Todo ello <strong>se conecta con el aulario de infantil y el gimnasio<\/strong> que ya estaban construidos.<\/p>\n","protected":false},"excerpt":{"rendered":"<p>El 12 de septiembre de 2022 quedar\u00e1 marcado como un d\u00eda hist\u00f3rico para Muro puesto que el Colegio El Bracal&#8230;<\/p>\n","protected":false},"author":1,"featured_media":91496,"comment_status":"open","ping_status":"open","sticky":false,"template":"","format":"standard","meta":{"footnotes":""},"categories":[6909,98,900,75,125],"tags":[3415,7646,4127,10805,135,4998],"class_list":["post-91490","post","type-post","status-publish","format-standard","has-post-thumbnail","hentry","category-actualidad","category-comarcas","category-educacion","category-noticias","category-portada","tag-barracones","tag-el-bracal","tag-estreno","tag-inicio-de-curso","tag-muro","tag-nuevo-colegio"],"yoast_head":"<!-- This site is optimized with the Yoast SEO plugin v27.3 - https:\/\/yoast.com\/product\/yoast-seo-wordpress\/ -->\n<title>Muro estrena el nuevo Colegio El Bracal tras 14 a\u00f1os en barracones - COPE Alcoy<\/title>\n<meta name=\"robots\" content=\"index, follow, max-snippet:-1, max-image-preview:large, max-video-preview:-1\" \/>\n<link rel=\"canonical\" href=\"https:\/\/www.copealcoy.es\/es\/muro-estrena-el-nuevo-colegio-el-bracal-tras-14-anos-en-barracones\/\" \/>\n<meta property=\"og:locale\" content=\"es_ES\" \/>\n<meta property=\"og:type\" content=\"article\" \/>\n<meta property=\"og:title\" content=\"Muro estrena el nuevo Colegio El Bracal tras 14 a\u00f1os en barracones - COPE Alcoy\" \/>\n<meta property=\"og:description\" content=\"El 12 de septiembre de 2022 quedar\u00e1 marcado como un d\u00eda hist\u00f3rico para Muro puesto que el Colegio El Bracal...\" \/>\n<meta property=\"og:url\" content=\"https:\/\/www.copealcoy.es\/es\/muro-estrena-el-nuevo-colegio-el-bracal-tras-14-anos-en-barracones\/\" \/>\n<meta property=\"og:site_name\" content=\"COPE Alcoy\" \/>\n<meta property=\"article:published_time\" content=\"2022-09-12T14:20:25+00:00\" \/>\n<meta property=\"article:modified_time\" content=\"2022-09-14T19:00:00+00:00\" \/>\n<meta property=\"og:image\" content=\"https:\/\/www.copealcoy.es\/wp-content\/uploads\/2022\/09\/unnamed-17-scaled-e1662993182685.jpg\" \/>\n\t<meta property=\"og:image:width\" content=\"640\" \/>\n\t<meta property=\"og:image:height\" content=\"391\" \/>\n\t<meta property=\"og:image:type\" content=\"image\/jpeg\" \/>\n<meta name=\"author\" content=\"Cope Alcoy\" \/>\n<meta name=\"twitter:label1\" content=\"Escrito por\" \/>\n\t<meta name=\"twitter:data1\" content=\"Cope Alcoy\" \/>\n\t<meta name=\"twitter:label2\" content=\"Tiempo de lectura\" \/>\n\t<meta name=\"twitter:data2\" content=\"3 minutos\" \/>\n<script type=\"application\/ld+json\" class=\"yoast-schema-graph\">{\"@context\":\"https:\\\/\\\/schema.org\",\"@graph\":[{\"@type\":\"Article\",\"@id\":\"https:\\\/\\\/www.copealcoy.es\\\/es\\\/muro-estrena-el-nuevo-colegio-el-bracal-tras-14-anos-en-barracones\\\/#article\",\"isPartOf\":{\"@id\":\"https:\\\/\\\/www.copealcoy.es\\\/es\\\/muro-estrena-el-nuevo-colegio-el-bracal-tras-14-anos-en-barracones\\\/\"},\"author\":{\"name\":\"Cope Alcoy\",\"@id\":\"https:\\\/\\\/www.copealcoy.es\\\/es\\\/#\\\/schema\\\/person\\\/e777c87fa024e57d40170af9df39882c\"},\"headline\":\"Muro estrena el nuevo Colegio El Bracal tras 14 a\u00f1os en barracones\",\"datePublished\":\"2022-09-12T14:20:25+00:00\",\"dateModified\":\"2022-09-14T19:00:00+00:00\",\"mainEntityOfPage\":{\"@id\":\"https:\\\/\\\/www.copealcoy.es\\\/es\\\/muro-estrena-el-nuevo-colegio-el-bracal-tras-14-anos-en-barracones\\\/\"},\"wordCount\":553,\"commentCount\":0,\"image\":{\"@id\":\"https:\\\/\\\/www.copealcoy.es\\\/es\\\/muro-estrena-el-nuevo-colegio-el-bracal-tras-14-anos-en-barracones\\\/#primaryimage\"},\"thumbnailUrl\":\"https:\\\/\\\/www.copealcoy.es\\\/wp-content\\\/uploads\\\/2022\\\/09\\\/unnamed-17-scaled-e1662993182685.jpg\",\"keywords\":[\"Barracones\",\"El Bracal\",\"estreno\",\"inicio de curso\",\"Muro\",\"nuevo colegio\"],\"articleSection\":[\"Actualidad\",\"Comarcas\",\"Educaci\u00f3n\",\"Noticias\",\"Portada\"],\"inLanguage\":\"es\"},{\"@type\":\"WebPage\",\"@id\":\"https:\\\/\\\/www.copealcoy.es\\\/es\\\/muro-estrena-el-nuevo-colegio-el-bracal-tras-14-anos-en-barracones\\\/\",\"url\":\"https:\\\/\\\/www.copealcoy.es\\\/es\\\/muro-estrena-el-nuevo-colegio-el-bracal-tras-14-anos-en-barracones\\\/\",\"name\":\"Muro estrena el nuevo Colegio El Bracal tras 14 a\u00f1os en barracones - COPE Alcoy\",\"isPartOf\":{\"@id\":\"https:\\\/\\\/www.copealcoy.es\\\/es\\\/#website\"},\"primaryImageOfPage\":{\"@id\":\"https:\\\/\\\/www.copealcoy.es\\\/es\\\/muro-estrena-el-nuevo-colegio-el-bracal-tras-14-anos-en-barracones\\\/#primaryimage\"},\"image\":{\"@id\":\"https:\\\/\\\/www.copealcoy.es\\\/es\\\/muro-estrena-el-nuevo-colegio-el-bracal-tras-14-anos-en-barracones\\\/#primaryimage\"},\"thumbnailUrl\":\"https:\\\/\\\/www.copealcoy.es\\\/wp-content\\\/uploads\\\/2022\\\/09\\\/unnamed-17-scaled-e1662993182685.jpg\",\"datePublished\":\"2022-09-12T14:20:25+00:00\",\"dateModified\":\"2022-09-14T19:00:00+00:00\",\"author\":{\"@id\":\"https:\\\/\\\/www.copealcoy.es\\\/es\\\/#\\\/schema\\\/person\\\/e777c87fa024e57d40170af9df39882c\"},\"breadcrumb\":{\"@id\":\"https:\\\/\\\/www.copealcoy.es\\\/es\\\/muro-estrena-el-nuevo-colegio-el-bracal-tras-14-anos-en-barracones\\\/#breadcrumb\"},\"inLanguage\":\"es\",\"potentialAction\":[{\"@type\":\"ReadAction\",\"target\":[\"https:\\\/\\\/www.copealcoy.es\\\/es\\\/muro-estrena-el-nuevo-colegio-el-bracal-tras-14-anos-en-barracones\\\/\"]}]},{\"@type\":\"ImageObject\",\"inLanguage\":\"es\",\"@id\":\"https:\\\/\\\/www.copealcoy.es\\\/es\\\/muro-estrena-el-nuevo-colegio-el-bracal-tras-14-anos-en-barracones\\\/#primaryimage\",\"url\":\"https:\\\/\\\/www.copealcoy.es\\\/wp-content\\\/uploads\\\/2022\\\/09\\\/unnamed-17-scaled-e1662993182685.jpg\",\"contentUrl\":\"https:\\\/\\\/www.copealcoy.es\\\/wp-content\\\/uploads\\\/2022\\\/09\\\/unnamed-17-scaled-e1662993182685.jpg\",\"width\":640,\"height\":391},{\"@type\":\"BreadcrumbList\",\"@id\":\"https:\\\/\\\/www.copealcoy.es\\\/es\\\/muro-estrena-el-nuevo-colegio-el-bracal-tras-14-anos-en-barracones\\\/#breadcrumb\",\"itemListElement\":[{\"@type\":\"ListItem\",\"position\":1,\"name\":\"Portada\",\"item\":\"https:\\\/\\\/www.copealcoy.es\\\/es\\\/\"},{\"@type\":\"ListItem\",\"position\":2,\"name\":\"Muro estrena el nuevo Colegio El Bracal tras 14 a\u00f1os en barracones\"}]},{\"@type\":\"WebSite\",\"@id\":\"https:\\\/\\\/www.copealcoy.es\\\/es\\\/#website\",\"url\":\"https:\\\/\\\/www.copealcoy.es\\\/es\\\/\",\"name\":\"COPE Alcoy\",\"description\":\"Emisora COPE de radio local con emisi\u00f3n online. Pont de Sant Jordi 8-10 03803 Alcoy\",\"potentialAction\":[{\"@type\":\"SearchAction\",\"target\":{\"@type\":\"EntryPoint\",\"urlTemplate\":\"https:\\\/\\\/www.copealcoy.es\\\/es\\\/?s={search_term_string}\"},\"query-input\":{\"@type\":\"PropertyValueSpecification\",\"valueRequired\":true,\"valueName\":\"search_term_string\"}}],\"inLanguage\":\"es\"},{\"@type\":\"Person\",\"@id\":\"https:\\\/\\\/www.copealcoy.es\\\/es\\\/#\\\/schema\\\/person\\\/e777c87fa024e57d40170af9df39882c\",\"name\":\"Cope Alcoy\",\"image\":{\"@type\":\"ImageObject\",\"inLanguage\":\"es\",\"@id\":\"https:\\\/\\\/secure.gravatar.com\\\/avatar\\\/bb65d0283347e303893ba14f0692005417c1e0e690a325a4c5d8bb2b3943ee14?s=96&d=mm&r=g\",\"url\":\"https:\\\/\\\/secure.gravatar.com\\\/avatar\\\/bb65d0283347e303893ba14f0692005417c1e0e690a325a4c5d8bb2b3943ee14?s=96&d=mm&r=g\",\"contentUrl\":\"https:\\\/\\\/secure.gravatar.com\\\/avatar\\\/bb65d0283347e303893ba14f0692005417c1e0e690a325a4c5d8bb2b3943ee14?s=96&d=mm&r=g\",\"caption\":\"Cope Alcoy\"}}]}<\/script>\n<!-- \/ Yoast SEO plugin. -->","yoast_head_json":{"title":"Muro estrena el nuevo Colegio El Bracal tras 14 a\u00f1os en barracones - COPE Alcoy","robots":{"index":"index","follow":"follow","max-snippet":"max-snippet:-1","max-image-preview":"max-image-preview:large","max-video-preview":"max-video-preview:-1"},"canonical":"https:\/\/www.copealcoy.es\/es\/muro-estrena-el-nuevo-colegio-el-bracal-tras-14-anos-en-barracones\/","og_locale":"es_ES","og_type":"article","og_title":"Muro estrena el nuevo Colegio El Bracal tras 14 a\u00f1os en barracones - COPE Alcoy","og_description":"El 12 de septiembre de 2022 quedar\u00e1 marcado como un d\u00eda hist\u00f3rico para Muro puesto que el Colegio El Bracal...","og_url":"https:\/\/www.copealcoy.es\/es\/muro-estrena-el-nuevo-colegio-el-bracal-tras-14-anos-en-barracones\/","og_site_name":"COPE Alcoy","article_published_time":"2022-09-12T14:20:25+00:00","article_modified_time":"2022-09-14T19:00:00+00:00","og_image":[{"width":640,"height":391,"url":"https:\/\/www.copealcoy.es\/wp-content\/uploads\/2022\/09\/unnamed-17-scaled-e1662993182685.jpg","type":"image\/jpeg"}],"author":"Cope Alcoy","twitter_misc":{"Escrito por":"Cope Alcoy","Tiempo de lectura":"3 minutos"},"schema":{"@context":"https:\/\/schema.org","@graph":[{"@type":"Article","@id":"https:\/\/www.copealcoy.es\/es\/muro-estrena-el-nuevo-colegio-el-bracal-tras-14-anos-en-barracones\/#article","isPartOf":{"@id":"https:\/\/www.copealcoy.es\/es\/muro-estrena-el-nuevo-colegio-el-bracal-tras-14-anos-en-barracones\/"},"author":{"name":"Cope Alcoy","@id":"https:\/\/www.copealcoy.es\/es\/#\/schema\/person\/e777c87fa024e57d40170af9df39882c"},"headline":"Muro estrena el nuevo Colegio El Bracal tras 14 a\u00f1os en barracones","datePublished":"2022-09-12T14:20:25+00:00","dateModified":"2022-09-14T19:00:00+00:00","mainEntityOfPage":{"@id":"https:\/\/www.copealcoy.es\/es\/muro-estrena-el-nuevo-colegio-el-bracal-tras-14-anos-en-barracones\/"},"wordCount":553,"commentCount":0,"image":{"@id":"https:\/\/www.copealcoy.es\/es\/muro-estrena-el-nuevo-colegio-el-bracal-tras-14-anos-en-barracones\/#primaryimage"},"thumbnailUrl":"https:\/\/www.copealcoy.es\/wp-content\/uploads\/2022\/09\/unnamed-17-scaled-e1662993182685.jpg","keywords":["Barracones","El Bracal","estreno","inicio de curso","Muro","nuevo colegio"],"articleSection":["Actualidad","Comarcas","Educaci\u00f3n","Noticias","Portada"],"inLanguage":"es"},{"@type":"WebPage","@id":"https:\/\/www.copealcoy.es\/es\/muro-estrena-el-nuevo-colegio-el-bracal-tras-14-anos-en-barracones\/","url":"https:\/\/www.copealcoy.es\/es\/muro-estrena-el-nuevo-colegio-el-bracal-tras-14-anos-en-barracones\/","name":"Muro estrena el nuevo Colegio El Bracal tras 14 a\u00f1os en barracones - COPE Alcoy","isPartOf":{"@id":"https:\/\/www.copealcoy.es\/es\/#website"},"primaryImageOfPage":{"@id":"https:\/\/www.copealcoy.es\/es\/muro-estrena-el-nuevo-colegio-el-bracal-tras-14-anos-en-barracones\/#primaryimage"},"image":{"@id":"https:\/\/www.copealcoy.es\/es\/muro-estrena-el-nuevo-colegio-el-bracal-tras-14-anos-en-barracones\/#primaryimage"},"thumbnailUrl":"https:\/\/www.copealcoy.es\/wp-content\/uploads\/2022\/09\/unnamed-17-scaled-e1662993182685.jpg","datePublished":"2022-09-12T14:20:25+00:00","dateModified":"2022-09-14T19:00:00+00:00","author":{"@id":"https:\/\/www.copealcoy.es\/es\/#\/schema\/person\/e777c87fa024e57d40170af9df39882c"},"breadcrumb":{"@id":"https:\/\/www.copealcoy.es\/es\/muro-estrena-el-nuevo-colegio-el-bracal-tras-14-anos-en-barracones\/#breadcrumb"},"inLanguage":"es","potentialAction":[{"@type":"ReadAction","target":["https:\/\/www.copealcoy.es\/es\/muro-estrena-el-nuevo-colegio-el-bracal-tras-14-anos-en-barracones\/"]}]},{"@type":"ImageObject","inLanguage":"es","@id":"https:\/\/www.copealcoy.es\/es\/muro-estrena-el-nuevo-colegio-el-bracal-tras-14-anos-en-barracones\/#primaryimage","url":"https:\/\/www.copealcoy.es\/wp-content\/uploads\/2022\/09\/unnamed-17-scaled-e1662993182685.jpg","contentUrl":"https:\/\/www.copealcoy.es\/wp-content\/uploads\/2022\/09\/unnamed-17-scaled-e1662993182685.jpg","width":640,"height":391},{"@type":"BreadcrumbList","@id":"https:\/\/www.copealcoy.es\/es\/muro-estrena-el-nuevo-colegio-el-bracal-tras-14-anos-en-barracones\/#breadcrumb","itemListElement":[{"@type":"ListItem","position":1,"name":"Portada","item":"https:\/\/www.copealcoy.es\/es\/"},{"@type":"ListItem","position":2,"name":"Muro estrena el nuevo Colegio El Bracal tras 14 a\u00f1os en barracones"}]},{"@type":"WebSite","@id":"https:\/\/www.copealcoy.es\/es\/#website","url":"https:\/\/www.copealcoy.es\/es\/","name":"COPE Alcoy","description":"Emisora COPE de radio local con emisi\u00f3n online. Pont de Sant Jordi 8-10 03803 Alcoy","potentialAction":[{"@type":"SearchAction","target":{"@type":"EntryPoint","urlTemplate":"https:\/\/www.copealcoy.es\/es\/?s={search_term_string}"},"query-input":{"@type":"PropertyValueSpecification","valueRequired":true,"valueName":"search_term_string"}}],"inLanguage":"es"},{"@type":"Person","@id":"https:\/\/www.copealcoy.es\/es\/#\/schema\/person\/e777c87fa024e57d40170af9df39882c","name":"Cope Alcoy","image":{"@type":"ImageObject","inLanguage":"es","@id":"https:\/\/secure.gravatar.com\/avatar\/bb65d0283347e303893ba14f0692005417c1e0e690a325a4c5d8bb2b3943ee14?s=96&d=mm&r=g","url":"https:\/\/secure.gravatar.com\/avatar\/bb65d0283347e303893ba14f0692005417c1e0e690a325a4c5d8bb2b3943ee14?s=96&d=mm&r=g","contentUrl":"https:\/\/secure.gravatar.com\/avatar\/bb65d0283347e303893ba14f0692005417c1e0e690a325a4c5d8bb2b3943ee14?s=96&d=mm&r=g","caption":"Cope Alcoy"}}]}},"_links":{"self":[{"href":"https:\/\/www.copealcoy.es\/es\/wp-json\/wp\/v2\/posts\/91490","targetHints":{"allow":["GET"]}}],"collection":[{"href":"https:\/\/www.copealcoy.es\/es\/wp-json\/wp\/v2\/posts"}],"about":[{"href":"https:\/\/www.copealcoy.es\/es\/wp-json\/wp\/v2\/types\/post"}],"author":[{"embeddable":true,"href":"https:\/\/www.copealcoy.es\/es\/wp-json\/wp\/v2\/users\/1"}],"replies":[{"embeddable":true,"href":"https:\/\/www.copealcoy.es\/es\/wp-json\/wp\/v2\/comments?post=91490"}],"version-history":[{"count":0,"href":"https:\/\/www.copealcoy.es\/es\/wp-json\/wp\/v2\/posts\/91490\/revisions"}],"wp:featuredmedia":[{"embeddable":true,"href":"https:\/\/www.copealcoy.es\/es\/wp-json\/wp\/v2\/media\/91496"}],"wp:attachment":[{"href":"https:\/\/www.copealcoy.es\/es\/wp-json\/wp\/v2\/media?parent=91490"}],"wp:term":[{"taxonomy":"category","embeddable":true,"href":"https:\/\/www.copealcoy.es\/es\/wp-json\/wp\/v2\/categories?post=91490"},{"taxonomy":"post_tag","embeddable":true,"href":"https:\/\/www.copealcoy.es\/es\/wp-json\/wp\/v2\/tags?post=91490"}],"curies":[{"name":"wp","href":"https:\/\/api.w.org\/{rel}","templated":true}]}}