{"id":91485,"date":"2022-09-12T12:00:35","date_gmt":"2022-09-12T11:00:35","guid":{"rendered":"https:\/\/www.copealcoy.es\/?p=91485"},"modified":"2022-09-11T20:00:33","modified_gmt":"2022-09-11T19:00:33","slug":"bombers-de-la-muntanya-ha-preparat-noves-propostes-per-a-la-fira-modernista-dalcoi","status":"publish","type":"post","link":"https:\/\/www.copealcoy.es\/es\/bombers-de-la-muntanya-ha-preparat-noves-propostes-per-a-la-fira-modernista-dalcoi\/","title":{"rendered":"Bombers de la Muntanya ha preparat noves propostes per a la Fira Modernista d&#8217;Alcoi"},"content":{"rendered":"<p style=\"text-align: justify;\">L\u2019<strong>Associaci\u00f3 de Bombers de la Muntanya<\/strong> tornar\u00e0 a estar present en els actes de <strong>la Fira Modernista d&#8217;Alcoi 2022<\/strong>. Des de les primeres edicions en qu\u00e8 van participant, <strong>l\u2019entitat sempre ha donat sorpreses a la poblaci\u00f3<\/strong> amb la seua col\u00b7laboraci\u00f3 i han <em>\u201complit de colors eixos dies que no saps mai per on vindran<\/em>\u201d segons explicava al respecte la Regidora de Turisme; <strong>Lorena <\/strong><span class=\"hiddenSpellError\"><strong>Zamorano<\/strong>.<\/span><\/p>\n<p style=\"text-align: justify;\"><strong>Jos\u00e9 Rafael Torres<\/strong>, bomber retirat de l\u2019Associaci\u00f3,<strong> assegura<\/strong> que \u201c<em>en el programa no hi ha res i per aix\u00f2 ser\u00e0 una sorpresa per a nosaltres tamb\u00e9<\/em>\u201d. Tamb\u00e9 expliquen que no hi han preparat res especial enguany perqu\u00e8 despr\u00e9s de la pand\u00e8mia s\u2019han relaxat un poc Torres incideix en qu\u00e8 \u201c<em>potser enguany no hi ha activitat o potser es\u00a0<span class=\"hiddenGrammarError\">creme<\/span>\u00a0tot i els bombers actuem i fem el que siga necessari<\/em>\u201d. Finalment assenyala que \u201c<em>l\u2019experi\u00e8ncia dels bombers <span class=\"hiddenSpellError\">es<\/span>\u00a0la pr\u00e0ctica d\u2019estar descansant i que de cop \u00e9s\u00a0<span class=\"hiddenGrammarError\">monte<\/span>\u00a0tot el\u00a0<span class=\"hiddenSpellError\">sarao<\/span>\u00a0i hagen d\u2019actuar amb rapidesa<\/em>\u201d.<\/p>\n<p style=\"text-align: justify;\">Des de Bombers de la Muntanya diuen que van a fer <strong>alguna iniciativa diferent<\/strong>, <strong>entretinguda i atractiva<\/strong>\u00a0per trencar la <span class=\"hiddenSpellError\">monoton\u00eda<\/span> de l\u2019esdeveniment. Tot aix\u00f2, conclouen, sense abusar molt de la cosa &#8220;<em>enguany estarem previnguts per qualsevol cosa que puga oc\u00f3rrer<\/em>&#8221; vans entenciar setmanes enrere.<\/p>\n<p><iframe loading=\"lazy\" title=\"RP 20220801 Participaci\u00f3 dels Bombers al Modernisme\" width=\"1200\" height=\"675\" src=\"https:\/\/www.youtube.com\/embed\/yM5ZgHnyDdY?start=76&#038;feature=oembed\" frameborder=\"0\" allow=\"accelerometer; autoplay; clipboard-write; encrypted-media; gyroscope; picture-in-picture\" allowfullscreen><\/iframe><\/p>\n","protected":false},"excerpt":{"rendered":"<p>L\u2019Associaci\u00f3 de Bombers de la Muntanya tornar\u00e0 a estar present en els actes de la Fira Modernista d&#8217;Alcoi 2022. Des&#8230;<\/p>\n","protected":false},"author":1,"featured_media":91486,"comment_status":"open","ping_status":"open","sticky":false,"template":"","format":"standard","meta":{"footnotes":""},"categories":[6909,97,78,75],"tags":[11635,13130,4680,1796],"class_list":["post-91485","post","type-post","status-publish","format-standard","has-post-thumbnail","hentry","category-actualidad","category-alcoy","category-fiestaycultura","category-noticias","tag-activitats","tag-bombers-muntanya","tag-fira-modernista","tag-lorena-zamorano"],"yoast_head":"<!-- This site is optimized with the Yoast SEO plugin v27.3 - https:\/\/yoast.com\/product\/yoast-seo-wordpress\/ -->\n<title>Bombers de la Muntanya ha preparat noves propostes per a la Fira Modernista d&#039;Alcoi - COPE Alcoy<\/title>\n<meta name=\"robots\" content=\"index, follow, max-snippet:-1, max-image-preview:large, max-video-preview:-1\" \/>\n<link rel=\"canonical\" href=\"https:\/\/www.copealcoy.es\/es\/bombers-de-la-muntanya-ha-preparat-noves-propostes-per-a-la-fira-modernista-dalcoi\/\" \/>\n<meta property=\"og:locale\" content=\"es_ES\" \/>\n<meta property=\"og:type\" content=\"article\" \/>\n<meta property=\"og:title\" content=\"Bombers de la Muntanya ha preparat noves propostes per a la Fira Modernista d&#039;Alcoi - COPE Alcoy\" \/>\n<meta property=\"og:description\" content=\"L\u2019Associaci\u00f3 de Bombers de la Muntanya tornar\u00e0 a estar present en els actes de la Fira Modernista d&#8217;Alcoi 2022. Des...\" \/>\n<meta property=\"og:url\" content=\"https:\/\/www.copealcoy.es\/es\/bombers-de-la-muntanya-ha-preparat-noves-propostes-per-a-la-fira-modernista-dalcoi\/\" \/>\n<meta property=\"og:site_name\" content=\"COPE Alcoy\" \/>\n<meta property=\"article:published_time\" content=\"2022-09-12T11:00:35+00:00\" \/>\n<meta property=\"og:image\" content=\"https:\/\/www.copealcoy.es\/wp-content\/uploads\/2022\/09\/20220801_Bombers_Modernisme1-640x427-1.jpg\" \/>\n\t<meta property=\"og:image:width\" content=\"640\" \/>\n\t<meta property=\"og:image:height\" content=\"427\" \/>\n\t<meta property=\"og:image:type\" content=\"image\/jpeg\" \/>\n<meta name=\"author\" content=\"Cope Alcoy\" \/>\n<meta name=\"twitter:label1\" content=\"Escrito por\" \/>\n\t<meta name=\"twitter:data1\" content=\"Cope Alcoy\" \/>\n\t<meta name=\"twitter:label2\" content=\"Tiempo de lectura\" \/>\n\t<meta name=\"twitter:data2\" content=\"1 minuto\" \/>\n<script type=\"application\/ld+json\" class=\"yoast-schema-graph\">{\"@context\":\"https:\\\/\\\/schema.org\",\"@graph\":[{\"@type\":\"Article\",\"@id\":\"https:\\\/\\\/www.copealcoy.es\\\/es\\\/bombers-de-la-muntanya-ha-preparat-noves-propostes-per-a-la-fira-modernista-dalcoi\\\/#article\",\"isPartOf\":{\"@id\":\"https:\\\/\\\/www.copealcoy.es\\\/es\\\/bombers-de-la-muntanya-ha-preparat-noves-propostes-per-a-la-fira-modernista-dalcoi\\\/\"},\"author\":{\"name\":\"Cope Alcoy\",\"@id\":\"https:\\\/\\\/www.copealcoy.es\\\/es\\\/#\\\/schema\\\/person\\\/e777c87fa024e57d40170af9df39882c\"},\"headline\":\"Bombers de la Muntanya ha preparat noves propostes per a la Fira Modernista d&#8217;Alcoi\",\"datePublished\":\"2022-09-12T11:00:35+00:00\",\"mainEntityOfPage\":{\"@id\":\"https:\\\/\\\/www.copealcoy.es\\\/es\\\/bombers-de-la-muntanya-ha-preparat-noves-propostes-per-a-la-fira-modernista-dalcoi\\\/\"},\"wordCount\":245,\"commentCount\":0,\"image\":{\"@id\":\"https:\\\/\\\/www.copealcoy.es\\\/es\\\/bombers-de-la-muntanya-ha-preparat-noves-propostes-per-a-la-fira-modernista-dalcoi\\\/#primaryimage\"},\"thumbnailUrl\":\"https:\\\/\\\/www.copealcoy.es\\\/wp-content\\\/uploads\\\/2022\\\/09\\\/20220801_Bombers_Modernisme1-640x427-1.jpg\",\"keywords\":[\"activitats\",\"Bombers Muntanya\",\"Fira Modernista\",\"Lorena Zamorano\"],\"articleSection\":[\"Actualidad\",\"Alcoy\",\"Fiesta y Cultura\",\"Noticias\"],\"inLanguage\":\"es\"},{\"@type\":\"WebPage\",\"@id\":\"https:\\\/\\\/www.copealcoy.es\\\/es\\\/bombers-de-la-muntanya-ha-preparat-noves-propostes-per-a-la-fira-modernista-dalcoi\\\/\",\"url\":\"https:\\\/\\\/www.copealcoy.es\\\/es\\\/bombers-de-la-muntanya-ha-preparat-noves-propostes-per-a-la-fira-modernista-dalcoi\\\/\",\"name\":\"Bombers de la Muntanya ha preparat noves propostes per a la Fira Modernista d'Alcoi - COPE Alcoy\",\"isPartOf\":{\"@id\":\"https:\\\/\\\/www.copealcoy.es\\\/es\\\/#website\"},\"primaryImageOfPage\":{\"@id\":\"https:\\\/\\\/www.copealcoy.es\\\/es\\\/bombers-de-la-muntanya-ha-preparat-noves-propostes-per-a-la-fira-modernista-dalcoi\\\/#primaryimage\"},\"image\":{\"@id\":\"https:\\\/\\\/www.copealcoy.es\\\/es\\\/bombers-de-la-muntanya-ha-preparat-noves-propostes-per-a-la-fira-modernista-dalcoi\\\/#primaryimage\"},\"thumbnailUrl\":\"https:\\\/\\\/www.copealcoy.es\\\/wp-content\\\/uploads\\\/2022\\\/09\\\/20220801_Bombers_Modernisme1-640x427-1.jpg\",\"datePublished\":\"2022-09-12T11:00:35+00:00\",\"author\":{\"@id\":\"https:\\\/\\\/www.copealcoy.es\\\/es\\\/#\\\/schema\\\/person\\\/e777c87fa024e57d40170af9df39882c\"},\"breadcrumb\":{\"@id\":\"https:\\\/\\\/www.copealcoy.es\\\/es\\\/bombers-de-la-muntanya-ha-preparat-noves-propostes-per-a-la-fira-modernista-dalcoi\\\/#breadcrumb\"},\"inLanguage\":\"es\",\"potentialAction\":[{\"@type\":\"ReadAction\",\"target\":[\"https:\\\/\\\/www.copealcoy.es\\\/es\\\/bombers-de-la-muntanya-ha-preparat-noves-propostes-per-a-la-fira-modernista-dalcoi\\\/\"]}]},{\"@type\":\"ImageObject\",\"inLanguage\":\"es\",\"@id\":\"https:\\\/\\\/www.copealcoy.es\\\/es\\\/bombers-de-la-muntanya-ha-preparat-noves-propostes-per-a-la-fira-modernista-dalcoi\\\/#primaryimage\",\"url\":\"https:\\\/\\\/www.copealcoy.es\\\/wp-content\\\/uploads\\\/2022\\\/09\\\/20220801_Bombers_Modernisme1-640x427-1.jpg\",\"contentUrl\":\"https:\\\/\\\/www.copealcoy.es\\\/wp-content\\\/uploads\\\/2022\\\/09\\\/20220801_Bombers_Modernisme1-640x427-1.jpg\",\"width\":640,\"height\":427},{\"@type\":\"BreadcrumbList\",\"@id\":\"https:\\\/\\\/www.copealcoy.es\\\/es\\\/bombers-de-la-muntanya-ha-preparat-noves-propostes-per-a-la-fira-modernista-dalcoi\\\/#breadcrumb\",\"itemListElement\":[{\"@type\":\"ListItem\",\"position\":1,\"name\":\"Portada\",\"item\":\"https:\\\/\\\/www.copealcoy.es\\\/es\\\/\"},{\"@type\":\"ListItem\",\"position\":2,\"name\":\"Bombers de la Muntanya ha preparat noves propostes per a la Fira Modernista d&#8217;Alcoi\"}]},{\"@type\":\"WebSite\",\"@id\":\"https:\\\/\\\/www.copealcoy.es\\\/es\\\/#website\",\"url\":\"https:\\\/\\\/www.copealcoy.es\\\/es\\\/\",\"name\":\"COPE Alcoy\",\"description\":\"Emisora COPE de radio local con emisi\u00f3n online. Pont de Sant Jordi 8-10 03803 Alcoy\",\"potentialAction\":[{\"@type\":\"SearchAction\",\"target\":{\"@type\":\"EntryPoint\",\"urlTemplate\":\"https:\\\/\\\/www.copealcoy.es\\\/es\\\/?s={search_term_string}\"},\"query-input\":{\"@type\":\"PropertyValueSpecification\",\"valueRequired\":true,\"valueName\":\"search_term_string\"}}],\"inLanguage\":\"es\"},{\"@type\":\"Person\",\"@id\":\"https:\\\/\\\/www.copealcoy.es\\\/es\\\/#\\\/schema\\\/person\\\/e777c87fa024e57d40170af9df39882c\",\"name\":\"Cope Alcoy\",\"image\":{\"@type\":\"ImageObject\",\"inLanguage\":\"es\",\"@id\":\"https:\\\/\\\/secure.gravatar.com\\\/avatar\\\/bb65d0283347e303893ba14f0692005417c1e0e690a325a4c5d8bb2b3943ee14?s=96&d=mm&r=g\",\"url\":\"https:\\\/\\\/secure.gravatar.com\\\/avatar\\\/bb65d0283347e303893ba14f0692005417c1e0e690a325a4c5d8bb2b3943ee14?s=96&d=mm&r=g\",\"contentUrl\":\"https:\\\/\\\/secure.gravatar.com\\\/avatar\\\/bb65d0283347e303893ba14f0692005417c1e0e690a325a4c5d8bb2b3943ee14?s=96&d=mm&r=g\",\"caption\":\"Cope Alcoy\"}}]}<\/script>\n<!-- \/ Yoast SEO plugin. -->","yoast_head_json":{"title":"Bombers de la Muntanya ha preparat noves propostes per a la Fira Modernista d'Alcoi - COPE Alcoy","robots":{"index":"index","follow":"follow","max-snippet":"max-snippet:-1","max-image-preview":"max-image-preview:large","max-video-preview":"max-video-preview:-1"},"canonical":"https:\/\/www.copealcoy.es\/es\/bombers-de-la-muntanya-ha-preparat-noves-propostes-per-a-la-fira-modernista-dalcoi\/","og_locale":"es_ES","og_type":"article","og_title":"Bombers de la Muntanya ha preparat noves propostes per a la Fira Modernista d'Alcoi - COPE Alcoy","og_description":"L\u2019Associaci\u00f3 de Bombers de la Muntanya tornar\u00e0 a estar present en els actes de la Fira Modernista d&#8217;Alcoi 2022. Des...","og_url":"https:\/\/www.copealcoy.es\/es\/bombers-de-la-muntanya-ha-preparat-noves-propostes-per-a-la-fira-modernista-dalcoi\/","og_site_name":"COPE Alcoy","article_published_time":"2022-09-12T11:00:35+00:00","og_image":[{"width":640,"height":427,"url":"https:\/\/www.copealcoy.es\/wp-content\/uploads\/2022\/09\/20220801_Bombers_Modernisme1-640x427-1.jpg","type":"image\/jpeg"}],"author":"Cope Alcoy","twitter_misc":{"Escrito por":"Cope Alcoy","Tiempo de lectura":"1 minuto"},"schema":{"@context":"https:\/\/schema.org","@graph":[{"@type":"Article","@id":"https:\/\/www.copealcoy.es\/es\/bombers-de-la-muntanya-ha-preparat-noves-propostes-per-a-la-fira-modernista-dalcoi\/#article","isPartOf":{"@id":"https:\/\/www.copealcoy.es\/es\/bombers-de-la-muntanya-ha-preparat-noves-propostes-per-a-la-fira-modernista-dalcoi\/"},"author":{"name":"Cope Alcoy","@id":"https:\/\/www.copealcoy.es\/es\/#\/schema\/person\/e777c87fa024e57d40170af9df39882c"},"headline":"Bombers de la Muntanya ha preparat noves propostes per a la Fira Modernista d&#8217;Alcoi","datePublished":"2022-09-12T11:00:35+00:00","mainEntityOfPage":{"@id":"https:\/\/www.copealcoy.es\/es\/bombers-de-la-muntanya-ha-preparat-noves-propostes-per-a-la-fira-modernista-dalcoi\/"},"wordCount":245,"commentCount":0,"image":{"@id":"https:\/\/www.copealcoy.es\/es\/bombers-de-la-muntanya-ha-preparat-noves-propostes-per-a-la-fira-modernista-dalcoi\/#primaryimage"},"thumbnailUrl":"https:\/\/www.copealcoy.es\/wp-content\/uploads\/2022\/09\/20220801_Bombers_Modernisme1-640x427-1.jpg","keywords":["activitats","Bombers Muntanya","Fira Modernista","Lorena Zamorano"],"articleSection":["Actualidad","Alcoy","Fiesta y Cultura","Noticias"],"inLanguage":"es"},{"@type":"WebPage","@id":"https:\/\/www.copealcoy.es\/es\/bombers-de-la-muntanya-ha-preparat-noves-propostes-per-a-la-fira-modernista-dalcoi\/","url":"https:\/\/www.copealcoy.es\/es\/bombers-de-la-muntanya-ha-preparat-noves-propostes-per-a-la-fira-modernista-dalcoi\/","name":"Bombers de la Muntanya ha preparat noves propostes per a la Fira Modernista d'Alcoi - COPE Alcoy","isPartOf":{"@id":"https:\/\/www.copealcoy.es\/es\/#website"},"primaryImageOfPage":{"@id":"https:\/\/www.copealcoy.es\/es\/bombers-de-la-muntanya-ha-preparat-noves-propostes-per-a-la-fira-modernista-dalcoi\/#primaryimage"},"image":{"@id":"https:\/\/www.copealcoy.es\/es\/bombers-de-la-muntanya-ha-preparat-noves-propostes-per-a-la-fira-modernista-dalcoi\/#primaryimage"},"thumbnailUrl":"https:\/\/www.copealcoy.es\/wp-content\/uploads\/2022\/09\/20220801_Bombers_Modernisme1-640x427-1.jpg","datePublished":"2022-09-12T11:00:35+00:00","author":{"@id":"https:\/\/www.copealcoy.es\/es\/#\/schema\/person\/e777c87fa024e57d40170af9df39882c"},"breadcrumb":{"@id":"https:\/\/www.copealcoy.es\/es\/bombers-de-la-muntanya-ha-preparat-noves-propostes-per-a-la-fira-modernista-dalcoi\/#breadcrumb"},"inLanguage":"es","potentialAction":[{"@type":"ReadAction","target":["https:\/\/www.copealcoy.es\/es\/bombers-de-la-muntanya-ha-preparat-noves-propostes-per-a-la-fira-modernista-dalcoi\/"]}]},{"@type":"ImageObject","inLanguage":"es","@id":"https:\/\/www.copealcoy.es\/es\/bombers-de-la-muntanya-ha-preparat-noves-propostes-per-a-la-fira-modernista-dalcoi\/#primaryimage","url":"https:\/\/www.copealcoy.es\/wp-content\/uploads\/2022\/09\/20220801_Bombers_Modernisme1-640x427-1.jpg","contentUrl":"https:\/\/www.copealcoy.es\/wp-content\/uploads\/2022\/09\/20220801_Bombers_Modernisme1-640x427-1.jpg","width":640,"height":427},{"@type":"BreadcrumbList","@id":"https:\/\/www.copealcoy.es\/es\/bombers-de-la-muntanya-ha-preparat-noves-propostes-per-a-la-fira-modernista-dalcoi\/#breadcrumb","itemListElement":[{"@type":"ListItem","position":1,"name":"Portada","item":"https:\/\/www.copealcoy.es\/es\/"},{"@type":"ListItem","position":2,"name":"Bombers de la Muntanya ha preparat noves propostes per a la Fira Modernista d&#8217;Alcoi"}]},{"@type":"WebSite","@id":"https:\/\/www.copealcoy.es\/es\/#website","url":"https:\/\/www.copealcoy.es\/es\/","name":"COPE Alcoy","description":"Emisora COPE de radio local con emisi\u00f3n online. Pont de Sant Jordi 8-10 03803 Alcoy","potentialAction":[{"@type":"SearchAction","target":{"@type":"EntryPoint","urlTemplate":"https:\/\/www.copealcoy.es\/es\/?s={search_term_string}"},"query-input":{"@type":"PropertyValueSpecification","valueRequired":true,"valueName":"search_term_string"}}],"inLanguage":"es"},{"@type":"Person","@id":"https:\/\/www.copealcoy.es\/es\/#\/schema\/person\/e777c87fa024e57d40170af9df39882c","name":"Cope Alcoy","image":{"@type":"ImageObject","inLanguage":"es","@id":"https:\/\/secure.gravatar.com\/avatar\/bb65d0283347e303893ba14f0692005417c1e0e690a325a4c5d8bb2b3943ee14?s=96&d=mm&r=g","url":"https:\/\/secure.gravatar.com\/avatar\/bb65d0283347e303893ba14f0692005417c1e0e690a325a4c5d8bb2b3943ee14?s=96&d=mm&r=g","contentUrl":"https:\/\/secure.gravatar.com\/avatar\/bb65d0283347e303893ba14f0692005417c1e0e690a325a4c5d8bb2b3943ee14?s=96&d=mm&r=g","caption":"Cope Alcoy"}}]}},"_links":{"self":[{"href":"https:\/\/www.copealcoy.es\/es\/wp-json\/wp\/v2\/posts\/91485","targetHints":{"allow":["GET"]}}],"collection":[{"href":"https:\/\/www.copealcoy.es\/es\/wp-json\/wp\/v2\/posts"}],"about":[{"href":"https:\/\/www.copealcoy.es\/es\/wp-json\/wp\/v2\/types\/post"}],"author":[{"embeddable":true,"href":"https:\/\/www.copealcoy.es\/es\/wp-json\/wp\/v2\/users\/1"}],"replies":[{"embeddable":true,"href":"https:\/\/www.copealcoy.es\/es\/wp-json\/wp\/v2\/comments?post=91485"}],"version-history":[{"count":0,"href":"https:\/\/www.copealcoy.es\/es\/wp-json\/wp\/v2\/posts\/91485\/revisions"}],"wp:featuredmedia":[{"embeddable":true,"href":"https:\/\/www.copealcoy.es\/es\/wp-json\/wp\/v2\/media\/91486"}],"wp:attachment":[{"href":"https:\/\/www.copealcoy.es\/es\/wp-json\/wp\/v2\/media?parent=91485"}],"wp:term":[{"taxonomy":"category","embeddable":true,"href":"https:\/\/www.copealcoy.es\/es\/wp-json\/wp\/v2\/categories?post=91485"},{"taxonomy":"post_tag","embeddable":true,"href":"https:\/\/www.copealcoy.es\/es\/wp-json\/wp\/v2\/tags?post=91485"}],"curies":[{"name":"wp","href":"https:\/\/api.w.org\/{rel}","templated":true}]}}