{"id":91477,"date":"2022-09-12T14:01:14","date_gmt":"2022-09-12T13:01:14","guid":{"rendered":"https:\/\/www.copealcoy.es\/?p=91477"},"modified":"2022-09-12T21:40:04","modified_gmt":"2022-09-12T20:40:04","slug":"sanitat-licitara-las-obras-del-nuevo-centro-de-salud-de-castalla","status":"publish","type":"post","link":"https:\/\/www.copealcoy.es\/es\/sanitat-licitara-las-obras-del-nuevo-centro-de-salud-de-castalla\/","title":{"rendered":"Sanitat licitar\u00e1 las obras del nuevo Centro de Salud de Castalla"},"content":{"rendered":"<p style=\"text-align: justify;\">La <strong>Conselleria de Sanitat<\/strong> tiene intenci\u00f3n de licitar a finales de a\u00f1o <strong>las obras para la construcci\u00f3n del nuevo Centro de Salud de Castalla<\/strong>, un proyecto <strong>valorado en 4&#8217;6 millones de euros<\/strong>. As\u00ed lo asegur\u00f3 <strong>el Conseller Miguel M\u00ednguez<\/strong> durante la visita que hizo a la poblaci\u00f3n el pasado viernes <strong>enmarcada dentro del &#8216;Seminari d&#8217;Estiu&#8217;<\/strong> que el Consell estaba llevando a cabo en Alcoy.<\/p>\n<p style=\"text-align: justify;\">Desde Sanitat se\u00f1alaron que <strong>el Centro de Salud incorporar\u00e1 una Unidad de Rehabilitaci\u00f3n B\u00e1sica<\/strong>, que atender\u00e1 a las poblaciones tanto de Castalla como de Onil, ya que hasta la fecha estos pacientes son atendidos en el centro sanitario integrado de Ibi. De esta forma se evitar\u00e1 el desplazamiento de numerosos pacientes para recibir este tratamiento.<\/p>\n<p style=\"text-align: justify;\">De igual forma la infraestructura contar\u00e1 con <strong>\u00e1rea de Medicina de Familia, Pediatr\u00eda, Cirug\u00eda Menor, \u00e1rea Maternal con una consulta de matrona, un \u00e1rea de Trabajo Social, Odontopediatr\u00eda, Salud mental y un Punto de Atenci\u00f3n Continuada (PAC)<\/strong>. Finalmente, est\u00e1 previsto que en el nuevo centro se instale <strong>una base de ambulancia para el Soporte Vital B\u00e1sico<\/strong> &#8220;<em>mientras duren las obras las atenciones continuar\u00e1n en el actual Centro de Salud. La finalidad es que los m\u00e1s de 10.000 habitantes que son atendidos en el centro sanitario de Castalla cuenten con una infraestructura sanitaria moderna, dotada de los mejores recursos asistenciales<\/em>&#8220;, dijo al respecto el Conseller.<\/p>\n<p style=\"text-align: justify;\">El alcalde de Castalla, <strong>Antonio Bernabeu<\/strong>, explic\u00f3 tambi\u00e9n que \u201c<em>el nuevo Centro de Salud es una reivindicaci\u00f3n hist\u00f3rica de la localidad, demandada por pol\u00edticos, sanitarios y ciudadan\u00eda, que se ha vuelto necesario despu\u00e9s del crecimiento de la poblaci\u00f3n de Castalla<\/em>\u201d. Tambi\u00e9n <strong>concluy\u00f3<\/strong> que \u201c<em>con la construcci\u00f3n del equipamiento daremos servicio a toda el \u00e1rea de salud colindante a Castalla y contaremos con departamentos para atender diferentes especialidades con m\u00e1s funcionalidades que mejorar\u00e1n la salud p\u00fablica de nuestros vecinos y vecinas&#8221;, <\/em>apostill\u00f3.<\/p>\n<p style=\"text-align: justify;\">El nuevo centro sanitario <strong>se va a construir en unos terrenos cedidos por el Ayuntamiento de Castalla<\/strong> y contar\u00e1 con <strong>1.900 m2 m\u00e1s que el actual Centro de Salud<\/strong>. En total, la superficie construida ser\u00e1 de 3.100 m2.<\/p>\n","protected":false},"excerpt":{"rendered":"<p>La Conselleria de Sanitat tiene intenci\u00f3n de licitar a finales de a\u00f1o las obras para la construcci\u00f3n del nuevo Centro&#8230;<\/p>\n","protected":false},"author":1,"featured_media":91478,"comment_status":"open","ping_status":"open","sticky":false,"template":"","format":"standard","meta":{"footnotes":""},"categories":[6909,98,75],"tags":[1619,1022,12917,12918,145],"class_list":["post-91477","post","type-post","status-publish","format-standard","has-post-thumbnail","hentry","category-actualidad","category-comarcas","category-noticias","tag-castalla","tag-centro-de-salud","tag-conseller-de-sanitat","tag-miguel-minguez","tag-obras"],"yoast_head":"<!-- This site is optimized with the Yoast SEO plugin v27.3 - https:\/\/yoast.com\/product\/yoast-seo-wordpress\/ -->\n<title>Sanitat licitar\u00e1 las obras del nuevo Centro de Salud de Castalla - COPE Alcoy<\/title>\n<meta name=\"robots\" content=\"index, follow, max-snippet:-1, max-image-preview:large, max-video-preview:-1\" \/>\n<link rel=\"canonical\" href=\"https:\/\/www.copealcoy.es\/es\/sanitat-licitara-las-obras-del-nuevo-centro-de-salud-de-castalla\/\" \/>\n<meta property=\"og:locale\" content=\"es_ES\" \/>\n<meta property=\"og:type\" content=\"article\" \/>\n<meta property=\"og:title\" content=\"Sanitat licitar\u00e1 las obras del nuevo Centro de Salud de Castalla - COPE Alcoy\" \/>\n<meta property=\"og:description\" content=\"La Conselleria de Sanitat tiene intenci\u00f3n de licitar a finales de a\u00f1o las obras para la construcci\u00f3n del nuevo Centro...\" \/>\n<meta property=\"og:url\" content=\"https:\/\/www.copealcoy.es\/es\/sanitat-licitara-las-obras-del-nuevo-centro-de-salud-de-castalla\/\" \/>\n<meta property=\"og:site_name\" content=\"COPE Alcoy\" \/>\n<meta property=\"article:published_time\" content=\"2022-09-12T13:01:14+00:00\" \/>\n<meta property=\"article:modified_time\" content=\"2022-09-12T20:40:04+00:00\" \/>\n<meta property=\"og:image\" content=\"https:\/\/www.copealcoy.es\/wp-content\/uploads\/2022\/09\/0-1.jpg\" \/>\n\t<meta property=\"og:image:width\" content=\"948\" \/>\n\t<meta property=\"og:image:height\" content=\"711\" \/>\n\t<meta property=\"og:image:type\" content=\"image\/jpeg\" \/>\n<meta name=\"author\" content=\"Cope Alcoy\" \/>\n<meta name=\"twitter:label1\" content=\"Escrito por\" \/>\n\t<meta name=\"twitter:data1\" content=\"Cope Alcoy\" \/>\n\t<meta name=\"twitter:label2\" content=\"Tiempo de lectura\" \/>\n\t<meta name=\"twitter:data2\" content=\"2 minutos\" \/>\n<script type=\"application\/ld+json\" class=\"yoast-schema-graph\">{\"@context\":\"https:\\\/\\\/schema.org\",\"@graph\":[{\"@type\":\"Article\",\"@id\":\"https:\\\/\\\/www.copealcoy.es\\\/es\\\/sanitat-licitara-las-obras-del-nuevo-centro-de-salud-de-castalla\\\/#article\",\"isPartOf\":{\"@id\":\"https:\\\/\\\/www.copealcoy.es\\\/es\\\/sanitat-licitara-las-obras-del-nuevo-centro-de-salud-de-castalla\\\/\"},\"author\":{\"name\":\"Cope Alcoy\",\"@id\":\"https:\\\/\\\/www.copealcoy.es\\\/es\\\/#\\\/schema\\\/person\\\/e777c87fa024e57d40170af9df39882c\"},\"headline\":\"Sanitat licitar\u00e1 las obras del nuevo Centro de Salud de Castalla\",\"datePublished\":\"2022-09-12T13:01:14+00:00\",\"dateModified\":\"2022-09-12T20:40:04+00:00\",\"mainEntityOfPage\":{\"@id\":\"https:\\\/\\\/www.copealcoy.es\\\/es\\\/sanitat-licitara-las-obras-del-nuevo-centro-de-salud-de-castalla\\\/\"},\"wordCount\":378,\"commentCount\":0,\"image\":{\"@id\":\"https:\\\/\\\/www.copealcoy.es\\\/es\\\/sanitat-licitara-las-obras-del-nuevo-centro-de-salud-de-castalla\\\/#primaryimage\"},\"thumbnailUrl\":\"https:\\\/\\\/www.copealcoy.es\\\/wp-content\\\/uploads\\\/2022\\\/09\\\/0-1.jpg\",\"keywords\":[\"Castalla\",\"Centro de Salud\",\"Conseller de Sanitat\",\"Miguel M\u00ednguez\",\"Obras\"],\"articleSection\":[\"Actualidad\",\"Comarcas\",\"Noticias\"],\"inLanguage\":\"es\"},{\"@type\":\"WebPage\",\"@id\":\"https:\\\/\\\/www.copealcoy.es\\\/es\\\/sanitat-licitara-las-obras-del-nuevo-centro-de-salud-de-castalla\\\/\",\"url\":\"https:\\\/\\\/www.copealcoy.es\\\/es\\\/sanitat-licitara-las-obras-del-nuevo-centro-de-salud-de-castalla\\\/\",\"name\":\"Sanitat licitar\u00e1 las obras del nuevo Centro de Salud de Castalla - COPE Alcoy\",\"isPartOf\":{\"@id\":\"https:\\\/\\\/www.copealcoy.es\\\/es\\\/#website\"},\"primaryImageOfPage\":{\"@id\":\"https:\\\/\\\/www.copealcoy.es\\\/es\\\/sanitat-licitara-las-obras-del-nuevo-centro-de-salud-de-castalla\\\/#primaryimage\"},\"image\":{\"@id\":\"https:\\\/\\\/www.copealcoy.es\\\/es\\\/sanitat-licitara-las-obras-del-nuevo-centro-de-salud-de-castalla\\\/#primaryimage\"},\"thumbnailUrl\":\"https:\\\/\\\/www.copealcoy.es\\\/wp-content\\\/uploads\\\/2022\\\/09\\\/0-1.jpg\",\"datePublished\":\"2022-09-12T13:01:14+00:00\",\"dateModified\":\"2022-09-12T20:40:04+00:00\",\"author\":{\"@id\":\"https:\\\/\\\/www.copealcoy.es\\\/es\\\/#\\\/schema\\\/person\\\/e777c87fa024e57d40170af9df39882c\"},\"breadcrumb\":{\"@id\":\"https:\\\/\\\/www.copealcoy.es\\\/es\\\/sanitat-licitara-las-obras-del-nuevo-centro-de-salud-de-castalla\\\/#breadcrumb\"},\"inLanguage\":\"es\",\"potentialAction\":[{\"@type\":\"ReadAction\",\"target\":[\"https:\\\/\\\/www.copealcoy.es\\\/es\\\/sanitat-licitara-las-obras-del-nuevo-centro-de-salud-de-castalla\\\/\"]}]},{\"@type\":\"ImageObject\",\"inLanguage\":\"es\",\"@id\":\"https:\\\/\\\/www.copealcoy.es\\\/es\\\/sanitat-licitara-las-obras-del-nuevo-centro-de-salud-de-castalla\\\/#primaryimage\",\"url\":\"https:\\\/\\\/www.copealcoy.es\\\/wp-content\\\/uploads\\\/2022\\\/09\\\/0-1.jpg\",\"contentUrl\":\"https:\\\/\\\/www.copealcoy.es\\\/wp-content\\\/uploads\\\/2022\\\/09\\\/0-1.jpg\",\"width\":948,\"height\":711},{\"@type\":\"BreadcrumbList\",\"@id\":\"https:\\\/\\\/www.copealcoy.es\\\/es\\\/sanitat-licitara-las-obras-del-nuevo-centro-de-salud-de-castalla\\\/#breadcrumb\",\"itemListElement\":[{\"@type\":\"ListItem\",\"position\":1,\"name\":\"Portada\",\"item\":\"https:\\\/\\\/www.copealcoy.es\\\/es\\\/\"},{\"@type\":\"ListItem\",\"position\":2,\"name\":\"Sanitat licitar\u00e1 las obras del nuevo Centro de Salud de Castalla\"}]},{\"@type\":\"WebSite\",\"@id\":\"https:\\\/\\\/www.copealcoy.es\\\/es\\\/#website\",\"url\":\"https:\\\/\\\/www.copealcoy.es\\\/es\\\/\",\"name\":\"COPE Alcoy\",\"description\":\"Emisora COPE de radio local con emisi\u00f3n online. Pont de Sant Jordi 8-10 03803 Alcoy\",\"potentialAction\":[{\"@type\":\"SearchAction\",\"target\":{\"@type\":\"EntryPoint\",\"urlTemplate\":\"https:\\\/\\\/www.copealcoy.es\\\/es\\\/?s={search_term_string}\"},\"query-input\":{\"@type\":\"PropertyValueSpecification\",\"valueRequired\":true,\"valueName\":\"search_term_string\"}}],\"inLanguage\":\"es\"},{\"@type\":\"Person\",\"@id\":\"https:\\\/\\\/www.copealcoy.es\\\/es\\\/#\\\/schema\\\/person\\\/e777c87fa024e57d40170af9df39882c\",\"name\":\"Cope Alcoy\",\"image\":{\"@type\":\"ImageObject\",\"inLanguage\":\"es\",\"@id\":\"https:\\\/\\\/secure.gravatar.com\\\/avatar\\\/bb65d0283347e303893ba14f0692005417c1e0e690a325a4c5d8bb2b3943ee14?s=96&d=mm&r=g\",\"url\":\"https:\\\/\\\/secure.gravatar.com\\\/avatar\\\/bb65d0283347e303893ba14f0692005417c1e0e690a325a4c5d8bb2b3943ee14?s=96&d=mm&r=g\",\"contentUrl\":\"https:\\\/\\\/secure.gravatar.com\\\/avatar\\\/bb65d0283347e303893ba14f0692005417c1e0e690a325a4c5d8bb2b3943ee14?s=96&d=mm&r=g\",\"caption\":\"Cope Alcoy\"}}]}<\/script>\n<!-- \/ Yoast SEO plugin. -->","yoast_head_json":{"title":"Sanitat licitar\u00e1 las obras del nuevo Centro de Salud de Castalla - COPE Alcoy","robots":{"index":"index","follow":"follow","max-snippet":"max-snippet:-1","max-image-preview":"max-image-preview:large","max-video-preview":"max-video-preview:-1"},"canonical":"https:\/\/www.copealcoy.es\/es\/sanitat-licitara-las-obras-del-nuevo-centro-de-salud-de-castalla\/","og_locale":"es_ES","og_type":"article","og_title":"Sanitat licitar\u00e1 las obras del nuevo Centro de Salud de Castalla - COPE Alcoy","og_description":"La Conselleria de Sanitat tiene intenci\u00f3n de licitar a finales de a\u00f1o las obras para la construcci\u00f3n del nuevo Centro...","og_url":"https:\/\/www.copealcoy.es\/es\/sanitat-licitara-las-obras-del-nuevo-centro-de-salud-de-castalla\/","og_site_name":"COPE Alcoy","article_published_time":"2022-09-12T13:01:14+00:00","article_modified_time":"2022-09-12T20:40:04+00:00","og_image":[{"width":948,"height":711,"url":"https:\/\/www.copealcoy.es\/wp-content\/uploads\/2022\/09\/0-1.jpg","type":"image\/jpeg"}],"author":"Cope Alcoy","twitter_misc":{"Escrito por":"Cope Alcoy","Tiempo de lectura":"2 minutos"},"schema":{"@context":"https:\/\/schema.org","@graph":[{"@type":"Article","@id":"https:\/\/www.copealcoy.es\/es\/sanitat-licitara-las-obras-del-nuevo-centro-de-salud-de-castalla\/#article","isPartOf":{"@id":"https:\/\/www.copealcoy.es\/es\/sanitat-licitara-las-obras-del-nuevo-centro-de-salud-de-castalla\/"},"author":{"name":"Cope Alcoy","@id":"https:\/\/www.copealcoy.es\/es\/#\/schema\/person\/e777c87fa024e57d40170af9df39882c"},"headline":"Sanitat licitar\u00e1 las obras del nuevo Centro de Salud de Castalla","datePublished":"2022-09-12T13:01:14+00:00","dateModified":"2022-09-12T20:40:04+00:00","mainEntityOfPage":{"@id":"https:\/\/www.copealcoy.es\/es\/sanitat-licitara-las-obras-del-nuevo-centro-de-salud-de-castalla\/"},"wordCount":378,"commentCount":0,"image":{"@id":"https:\/\/www.copealcoy.es\/es\/sanitat-licitara-las-obras-del-nuevo-centro-de-salud-de-castalla\/#primaryimage"},"thumbnailUrl":"https:\/\/www.copealcoy.es\/wp-content\/uploads\/2022\/09\/0-1.jpg","keywords":["Castalla","Centro de Salud","Conseller de Sanitat","Miguel M\u00ednguez","Obras"],"articleSection":["Actualidad","Comarcas","Noticias"],"inLanguage":"es"},{"@type":"WebPage","@id":"https:\/\/www.copealcoy.es\/es\/sanitat-licitara-las-obras-del-nuevo-centro-de-salud-de-castalla\/","url":"https:\/\/www.copealcoy.es\/es\/sanitat-licitara-las-obras-del-nuevo-centro-de-salud-de-castalla\/","name":"Sanitat licitar\u00e1 las obras del nuevo Centro de Salud de Castalla - COPE Alcoy","isPartOf":{"@id":"https:\/\/www.copealcoy.es\/es\/#website"},"primaryImageOfPage":{"@id":"https:\/\/www.copealcoy.es\/es\/sanitat-licitara-las-obras-del-nuevo-centro-de-salud-de-castalla\/#primaryimage"},"image":{"@id":"https:\/\/www.copealcoy.es\/es\/sanitat-licitara-las-obras-del-nuevo-centro-de-salud-de-castalla\/#primaryimage"},"thumbnailUrl":"https:\/\/www.copealcoy.es\/wp-content\/uploads\/2022\/09\/0-1.jpg","datePublished":"2022-09-12T13:01:14+00:00","dateModified":"2022-09-12T20:40:04+00:00","author":{"@id":"https:\/\/www.copealcoy.es\/es\/#\/schema\/person\/e777c87fa024e57d40170af9df39882c"},"breadcrumb":{"@id":"https:\/\/www.copealcoy.es\/es\/sanitat-licitara-las-obras-del-nuevo-centro-de-salud-de-castalla\/#breadcrumb"},"inLanguage":"es","potentialAction":[{"@type":"ReadAction","target":["https:\/\/www.copealcoy.es\/es\/sanitat-licitara-las-obras-del-nuevo-centro-de-salud-de-castalla\/"]}]},{"@type":"ImageObject","inLanguage":"es","@id":"https:\/\/www.copealcoy.es\/es\/sanitat-licitara-las-obras-del-nuevo-centro-de-salud-de-castalla\/#primaryimage","url":"https:\/\/www.copealcoy.es\/wp-content\/uploads\/2022\/09\/0-1.jpg","contentUrl":"https:\/\/www.copealcoy.es\/wp-content\/uploads\/2022\/09\/0-1.jpg","width":948,"height":711},{"@type":"BreadcrumbList","@id":"https:\/\/www.copealcoy.es\/es\/sanitat-licitara-las-obras-del-nuevo-centro-de-salud-de-castalla\/#breadcrumb","itemListElement":[{"@type":"ListItem","position":1,"name":"Portada","item":"https:\/\/www.copealcoy.es\/es\/"},{"@type":"ListItem","position":2,"name":"Sanitat licitar\u00e1 las obras del nuevo Centro de Salud de Castalla"}]},{"@type":"WebSite","@id":"https:\/\/www.copealcoy.es\/es\/#website","url":"https:\/\/www.copealcoy.es\/es\/","name":"COPE Alcoy","description":"Emisora COPE de radio local con emisi\u00f3n online. Pont de Sant Jordi 8-10 03803 Alcoy","potentialAction":[{"@type":"SearchAction","target":{"@type":"EntryPoint","urlTemplate":"https:\/\/www.copealcoy.es\/es\/?s={search_term_string}"},"query-input":{"@type":"PropertyValueSpecification","valueRequired":true,"valueName":"search_term_string"}}],"inLanguage":"es"},{"@type":"Person","@id":"https:\/\/www.copealcoy.es\/es\/#\/schema\/person\/e777c87fa024e57d40170af9df39882c","name":"Cope Alcoy","image":{"@type":"ImageObject","inLanguage":"es","@id":"https:\/\/secure.gravatar.com\/avatar\/bb65d0283347e303893ba14f0692005417c1e0e690a325a4c5d8bb2b3943ee14?s=96&d=mm&r=g","url":"https:\/\/secure.gravatar.com\/avatar\/bb65d0283347e303893ba14f0692005417c1e0e690a325a4c5d8bb2b3943ee14?s=96&d=mm&r=g","contentUrl":"https:\/\/secure.gravatar.com\/avatar\/bb65d0283347e303893ba14f0692005417c1e0e690a325a4c5d8bb2b3943ee14?s=96&d=mm&r=g","caption":"Cope Alcoy"}}]}},"_links":{"self":[{"href":"https:\/\/www.copealcoy.es\/es\/wp-json\/wp\/v2\/posts\/91477","targetHints":{"allow":["GET"]}}],"collection":[{"href":"https:\/\/www.copealcoy.es\/es\/wp-json\/wp\/v2\/posts"}],"about":[{"href":"https:\/\/www.copealcoy.es\/es\/wp-json\/wp\/v2\/types\/post"}],"author":[{"embeddable":true,"href":"https:\/\/www.copealcoy.es\/es\/wp-json\/wp\/v2\/users\/1"}],"replies":[{"embeddable":true,"href":"https:\/\/www.copealcoy.es\/es\/wp-json\/wp\/v2\/comments?post=91477"}],"version-history":[{"count":0,"href":"https:\/\/www.copealcoy.es\/es\/wp-json\/wp\/v2\/posts\/91477\/revisions"}],"wp:featuredmedia":[{"embeddable":true,"href":"https:\/\/www.copealcoy.es\/es\/wp-json\/wp\/v2\/media\/91478"}],"wp:attachment":[{"href":"https:\/\/www.copealcoy.es\/es\/wp-json\/wp\/v2\/media?parent=91477"}],"wp:term":[{"taxonomy":"category","embeddable":true,"href":"https:\/\/www.copealcoy.es\/es\/wp-json\/wp\/v2\/categories?post=91477"},{"taxonomy":"post_tag","embeddable":true,"href":"https:\/\/www.copealcoy.es\/es\/wp-json\/wp\/v2\/tags?post=91477"}],"curies":[{"name":"wp","href":"https:\/\/api.w.org\/{rel}","templated":true}]}}