{"id":91448,"date":"2022-09-10T22:20:20","date_gmt":"2022-09-10T21:20:20","guid":{"rendered":"https:\/\/www.copealcoy.es\/?p=91448"},"modified":"2022-09-10T22:25:59","modified_gmt":"2022-09-10T21:25:59","slug":"puig-contempla-que-la-reforma-fiscal-entre-en-vigor-con-la-ley-de-acompanamiento","status":"publish","type":"post","link":"https:\/\/www.copealcoy.es\/es\/puig-contempla-que-la-reforma-fiscal-entre-en-vigor-con-la-ley-de-acompanamiento\/","title":{"rendered":"Puig contempla que la reforma fiscal entre en vigor con la Ley de Acompa\u00f1amiento"},"content":{"rendered":"<p style=\"text-align: justify;\">El Presidente de la Generalitat Valenciana, Ximo Puig, ha informado este s\u00e1bado en Alcoy de que <strong>la reforma fiscal en la que trabaja el Ejecutivo valenciano<\/strong> estar\u00e1 lista &#8220;<em>en las pr\u00f3ximas semanas<\/em>&#8220;. En este sentido ha avanzado que el documento <strong>entrar\u00e1 en vigor con la aprobaci\u00f3n de la ley de medidas fiscales<\/strong>, m\u00e1s conocida como ley de acompa\u00f1amiento al presupuesto auton\u00f3mico.<\/p>\n<p style=\"text-align: justify;\">Puig ha incidido en que hay un \u201c<em>claro acuerdo en esa perspectiva<\/em>\u201d en el seno del Gobierno progresista, despu\u00e9s de que <strong>se especulara esta semana sobre las posibles disensiones internas entre los partidos<\/strong> sobre la medida anunciada el pasado lunes y que hab\u00eda sido consultada con la vicepresidenta de la Generalitat, Aitana Mas, de Comprom\u00eds, tambi\u00e9n presente este s\u00e1bado en la comparecencia ante los medios, seg\u00fan han confirmado varias fuentes. El Jefe del Ejecutivo <strong>no ha querido adelantar m\u00e1s detalles sobre el contenido de la reforma en la que se est\u00e1 trabajando todav\u00eda<\/strong>. Tan solo ha comentado que <strong>el Consell<\/strong> ha apostado por un \u201c<em>proceso t\u00e9cnico y de di\u00e1logo<\/em>\u201d porque la reforma \u201c<em>tiene complejidad<\/em>\u201d.<\/p>\n<p style=\"text-align: justify;\">Por su parte, la vicepresidenta, Aitana Mas, ha explicado los \u201c<em>ejes fundamentales<\/em>\u201d que han acordado sobre los que girar\u00e1n los presupuestos de 2023. Estos son: <strong>la emergencia clim\u00e1tica, la lucha contra la inflaci\u00f3n y protecci\u00f3n del empleo, reforzar los servicios p\u00fablicos y el derecho a la vivienda, mantener el proceso de reindustrializaci\u00f3n de la Comunidad Valenciana y fortalecer la democracia y las instituciones auton\u00f3micas<\/strong>. Ser\u00e1n <strong>las l\u00edneas estrat\u00e9gicas<\/strong> de los \u201c<em>primeros presupuestos del tercer Govern del Bot\u00e0nic\u201d<\/em>, seg\u00fan Mas. Un gobierno que descrito como \u201c<em>plural, s\u00f3lido y cohesionado<\/em>\u201d y que aprobar\u00e1 sus octavos presupuestos, que \u201c<em>volver\u00e1n a nacer del di\u00e1logo, el consenso y la empat\u00eda<\/em>\u201d, ha dicho.<\/p>\n<p style=\"text-align: justify;\">El Consell <strong>ha finalizado hoy su Seminari de Govern-Estiu 2022<\/strong>, que ha analizado la situaci\u00f3n econ\u00f3mica y social de la Comunitat Valenciana y ha estudiado las medidas de acci\u00f3n del ejecutivo de Ximo Puig que <strong>se plantear\u00e1n en el debate de pol\u00edtica general<\/strong> que se celebrar\u00e1 en Les Corts a final de mes y en <strong>los Presupuestos de la Generalitat de 2023<\/strong>.<\/p>\n","protected":false},"excerpt":{"rendered":"<p>El Presidente de la Generalitat Valenciana, Ximo Puig, ha informado este s\u00e1bado en Alcoy de que la reforma fiscal en&#8230;<\/p>\n","protected":false},"author":1,"featured_media":91449,"comment_status":"open","ping_status":"open","sticky":false,"template":"","format":"standard","meta":{"footnotes":""},"categories":[6909,97,75,79],"tags":[1494,479,13126,1728],"class_list":["post-91448","post","type-post","status-publish","format-standard","has-post-thumbnail","hentry","category-actualidad","category-alcoy","category-noticias","category-politicayeconomia","tag-alcoy","tag-consell","tag-seminari-destiu","tag-ximo-puig"],"yoast_head":"<!-- This site is optimized with the Yoast SEO plugin v27.3 - https:\/\/yoast.com\/product\/yoast-seo-wordpress\/ -->\n<title>Puig contempla que la reforma fiscal entre en vigor con la Ley de Acompa\u00f1amiento - COPE Alcoy<\/title>\n<meta name=\"robots\" content=\"index, follow, max-snippet:-1, max-image-preview:large, max-video-preview:-1\" \/>\n<link rel=\"canonical\" href=\"https:\/\/www.copealcoy.es\/es\/puig-contempla-que-la-reforma-fiscal-entre-en-vigor-con-la-ley-de-acompanamiento\/\" \/>\n<meta property=\"og:locale\" content=\"es_ES\" \/>\n<meta property=\"og:type\" content=\"article\" \/>\n<meta property=\"og:title\" content=\"Puig contempla que la reforma fiscal entre en vigor con la Ley de Acompa\u00f1amiento - COPE Alcoy\" \/>\n<meta property=\"og:description\" content=\"El Presidente de la Generalitat Valenciana, Ximo Puig, ha informado este s\u00e1bado en Alcoy de que la reforma fiscal en...\" \/>\n<meta property=\"og:url\" content=\"https:\/\/www.copealcoy.es\/es\/puig-contempla-que-la-reforma-fiscal-entre-en-vigor-con-la-ley-de-acompanamiento\/\" \/>\n<meta property=\"og:site_name\" content=\"COPE Alcoy\" \/>\n<meta property=\"article:published_time\" content=\"2022-09-10T21:20:20+00:00\" \/>\n<meta property=\"article:modified_time\" content=\"2022-09-10T21:25:59+00:00\" \/>\n<meta property=\"og:image\" content=\"https:\/\/www.copealcoy.es\/wp-content\/uploads\/2022\/09\/4XLLTHCGOWKLOAJZXIZCVFQRBM.jpg\" \/>\n\t<meta property=\"og:image:width\" content=\"980\" \/>\n\t<meta property=\"og:image:height\" content=\"653\" \/>\n\t<meta property=\"og:image:type\" content=\"image\/jpeg\" \/>\n<meta name=\"author\" content=\"Cope Alcoy\" \/>\n<meta name=\"twitter:label1\" content=\"Escrito por\" \/>\n\t<meta name=\"twitter:data1\" content=\"Cope Alcoy\" \/>\n\t<meta name=\"twitter:label2\" content=\"Tiempo de lectura\" \/>\n\t<meta name=\"twitter:data2\" content=\"2 minutos\" \/>\n<script type=\"application\/ld+json\" class=\"yoast-schema-graph\">{\"@context\":\"https:\\\/\\\/schema.org\",\"@graph\":[{\"@type\":\"Article\",\"@id\":\"https:\\\/\\\/www.copealcoy.es\\\/es\\\/puig-contempla-que-la-reforma-fiscal-entre-en-vigor-con-la-ley-de-acompanamiento\\\/#article\",\"isPartOf\":{\"@id\":\"https:\\\/\\\/www.copealcoy.es\\\/es\\\/puig-contempla-que-la-reforma-fiscal-entre-en-vigor-con-la-ley-de-acompanamiento\\\/\"},\"author\":{\"name\":\"Cope Alcoy\",\"@id\":\"https:\\\/\\\/www.copealcoy.es\\\/es\\\/#\\\/schema\\\/person\\\/e777c87fa024e57d40170af9df39882c\"},\"headline\":\"Puig contempla que la reforma fiscal entre en vigor con la Ley de Acompa\u00f1amiento\",\"datePublished\":\"2022-09-10T21:20:20+00:00\",\"dateModified\":\"2022-09-10T21:25:59+00:00\",\"mainEntityOfPage\":{\"@id\":\"https:\\\/\\\/www.copealcoy.es\\\/es\\\/puig-contempla-que-la-reforma-fiscal-entre-en-vigor-con-la-ley-de-acompanamiento\\\/\"},\"wordCount\":393,\"commentCount\":0,\"image\":{\"@id\":\"https:\\\/\\\/www.copealcoy.es\\\/es\\\/puig-contempla-que-la-reforma-fiscal-entre-en-vigor-con-la-ley-de-acompanamiento\\\/#primaryimage\"},\"thumbnailUrl\":\"https:\\\/\\\/www.copealcoy.es\\\/wp-content\\\/uploads\\\/2022\\\/09\\\/4XLLTHCGOWKLOAJZXIZCVFQRBM.jpg\",\"keywords\":[\"Alcoy\",\"Consell\",\"Seminari d'Estiu\",\"Ximo Puig\"],\"articleSection\":[\"Actualidad\",\"Alcoy\",\"Noticias\",\"Pol\u00edtica y Econom\u00eda\"],\"inLanguage\":\"es\"},{\"@type\":\"WebPage\",\"@id\":\"https:\\\/\\\/www.copealcoy.es\\\/es\\\/puig-contempla-que-la-reforma-fiscal-entre-en-vigor-con-la-ley-de-acompanamiento\\\/\",\"url\":\"https:\\\/\\\/www.copealcoy.es\\\/es\\\/puig-contempla-que-la-reforma-fiscal-entre-en-vigor-con-la-ley-de-acompanamiento\\\/\",\"name\":\"Puig contempla que la reforma fiscal entre en vigor con la Ley de Acompa\u00f1amiento - COPE Alcoy\",\"isPartOf\":{\"@id\":\"https:\\\/\\\/www.copealcoy.es\\\/es\\\/#website\"},\"primaryImageOfPage\":{\"@id\":\"https:\\\/\\\/www.copealcoy.es\\\/es\\\/puig-contempla-que-la-reforma-fiscal-entre-en-vigor-con-la-ley-de-acompanamiento\\\/#primaryimage\"},\"image\":{\"@id\":\"https:\\\/\\\/www.copealcoy.es\\\/es\\\/puig-contempla-que-la-reforma-fiscal-entre-en-vigor-con-la-ley-de-acompanamiento\\\/#primaryimage\"},\"thumbnailUrl\":\"https:\\\/\\\/www.copealcoy.es\\\/wp-content\\\/uploads\\\/2022\\\/09\\\/4XLLTHCGOWKLOAJZXIZCVFQRBM.jpg\",\"datePublished\":\"2022-09-10T21:20:20+00:00\",\"dateModified\":\"2022-09-10T21:25:59+00:00\",\"author\":{\"@id\":\"https:\\\/\\\/www.copealcoy.es\\\/es\\\/#\\\/schema\\\/person\\\/e777c87fa024e57d40170af9df39882c\"},\"breadcrumb\":{\"@id\":\"https:\\\/\\\/www.copealcoy.es\\\/es\\\/puig-contempla-que-la-reforma-fiscal-entre-en-vigor-con-la-ley-de-acompanamiento\\\/#breadcrumb\"},\"inLanguage\":\"es\",\"potentialAction\":[{\"@type\":\"ReadAction\",\"target\":[\"https:\\\/\\\/www.copealcoy.es\\\/es\\\/puig-contempla-que-la-reforma-fiscal-entre-en-vigor-con-la-ley-de-acompanamiento\\\/\"]}]},{\"@type\":\"ImageObject\",\"inLanguage\":\"es\",\"@id\":\"https:\\\/\\\/www.copealcoy.es\\\/es\\\/puig-contempla-que-la-reforma-fiscal-entre-en-vigor-con-la-ley-de-acompanamiento\\\/#primaryimage\",\"url\":\"https:\\\/\\\/www.copealcoy.es\\\/wp-content\\\/uploads\\\/2022\\\/09\\\/4XLLTHCGOWKLOAJZXIZCVFQRBM.jpg\",\"contentUrl\":\"https:\\\/\\\/www.copealcoy.es\\\/wp-content\\\/uploads\\\/2022\\\/09\\\/4XLLTHCGOWKLOAJZXIZCVFQRBM.jpg\",\"width\":980,\"height\":653},{\"@type\":\"BreadcrumbList\",\"@id\":\"https:\\\/\\\/www.copealcoy.es\\\/es\\\/puig-contempla-que-la-reforma-fiscal-entre-en-vigor-con-la-ley-de-acompanamiento\\\/#breadcrumb\",\"itemListElement\":[{\"@type\":\"ListItem\",\"position\":1,\"name\":\"Portada\",\"item\":\"https:\\\/\\\/www.copealcoy.es\\\/es\\\/\"},{\"@type\":\"ListItem\",\"position\":2,\"name\":\"Puig contempla que la reforma fiscal entre en vigor con la Ley de Acompa\u00f1amiento\"}]},{\"@type\":\"WebSite\",\"@id\":\"https:\\\/\\\/www.copealcoy.es\\\/es\\\/#website\",\"url\":\"https:\\\/\\\/www.copealcoy.es\\\/es\\\/\",\"name\":\"COPE Alcoy\",\"description\":\"Emisora COPE de radio local con emisi\u00f3n online. Pont de Sant Jordi 8-10 03803 Alcoy\",\"potentialAction\":[{\"@type\":\"SearchAction\",\"target\":{\"@type\":\"EntryPoint\",\"urlTemplate\":\"https:\\\/\\\/www.copealcoy.es\\\/es\\\/?s={search_term_string}\"},\"query-input\":{\"@type\":\"PropertyValueSpecification\",\"valueRequired\":true,\"valueName\":\"search_term_string\"}}],\"inLanguage\":\"es\"},{\"@type\":\"Person\",\"@id\":\"https:\\\/\\\/www.copealcoy.es\\\/es\\\/#\\\/schema\\\/person\\\/e777c87fa024e57d40170af9df39882c\",\"name\":\"Cope Alcoy\",\"image\":{\"@type\":\"ImageObject\",\"inLanguage\":\"es\",\"@id\":\"https:\\\/\\\/secure.gravatar.com\\\/avatar\\\/bb65d0283347e303893ba14f0692005417c1e0e690a325a4c5d8bb2b3943ee14?s=96&d=mm&r=g\",\"url\":\"https:\\\/\\\/secure.gravatar.com\\\/avatar\\\/bb65d0283347e303893ba14f0692005417c1e0e690a325a4c5d8bb2b3943ee14?s=96&d=mm&r=g\",\"contentUrl\":\"https:\\\/\\\/secure.gravatar.com\\\/avatar\\\/bb65d0283347e303893ba14f0692005417c1e0e690a325a4c5d8bb2b3943ee14?s=96&d=mm&r=g\",\"caption\":\"Cope Alcoy\"}}]}<\/script>\n<!-- \/ Yoast SEO plugin. -->","yoast_head_json":{"title":"Puig contempla que la reforma fiscal entre en vigor con la Ley de Acompa\u00f1amiento - COPE Alcoy","robots":{"index":"index","follow":"follow","max-snippet":"max-snippet:-1","max-image-preview":"max-image-preview:large","max-video-preview":"max-video-preview:-1"},"canonical":"https:\/\/www.copealcoy.es\/es\/puig-contempla-que-la-reforma-fiscal-entre-en-vigor-con-la-ley-de-acompanamiento\/","og_locale":"es_ES","og_type":"article","og_title":"Puig contempla que la reforma fiscal entre en vigor con la Ley de Acompa\u00f1amiento - COPE Alcoy","og_description":"El Presidente de la Generalitat Valenciana, Ximo Puig, ha informado este s\u00e1bado en Alcoy de que la reforma fiscal en...","og_url":"https:\/\/www.copealcoy.es\/es\/puig-contempla-que-la-reforma-fiscal-entre-en-vigor-con-la-ley-de-acompanamiento\/","og_site_name":"COPE Alcoy","article_published_time":"2022-09-10T21:20:20+00:00","article_modified_time":"2022-09-10T21:25:59+00:00","og_image":[{"width":980,"height":653,"url":"https:\/\/www.copealcoy.es\/wp-content\/uploads\/2022\/09\/4XLLTHCGOWKLOAJZXIZCVFQRBM.jpg","type":"image\/jpeg"}],"author":"Cope Alcoy","twitter_misc":{"Escrito por":"Cope Alcoy","Tiempo de lectura":"2 minutos"},"schema":{"@context":"https:\/\/schema.org","@graph":[{"@type":"Article","@id":"https:\/\/www.copealcoy.es\/es\/puig-contempla-que-la-reforma-fiscal-entre-en-vigor-con-la-ley-de-acompanamiento\/#article","isPartOf":{"@id":"https:\/\/www.copealcoy.es\/es\/puig-contempla-que-la-reforma-fiscal-entre-en-vigor-con-la-ley-de-acompanamiento\/"},"author":{"name":"Cope Alcoy","@id":"https:\/\/www.copealcoy.es\/es\/#\/schema\/person\/e777c87fa024e57d40170af9df39882c"},"headline":"Puig contempla que la reforma fiscal entre en vigor con la Ley de Acompa\u00f1amiento","datePublished":"2022-09-10T21:20:20+00:00","dateModified":"2022-09-10T21:25:59+00:00","mainEntityOfPage":{"@id":"https:\/\/www.copealcoy.es\/es\/puig-contempla-que-la-reforma-fiscal-entre-en-vigor-con-la-ley-de-acompanamiento\/"},"wordCount":393,"commentCount":0,"image":{"@id":"https:\/\/www.copealcoy.es\/es\/puig-contempla-que-la-reforma-fiscal-entre-en-vigor-con-la-ley-de-acompanamiento\/#primaryimage"},"thumbnailUrl":"https:\/\/www.copealcoy.es\/wp-content\/uploads\/2022\/09\/4XLLTHCGOWKLOAJZXIZCVFQRBM.jpg","keywords":["Alcoy","Consell","Seminari d'Estiu","Ximo Puig"],"articleSection":["Actualidad","Alcoy","Noticias","Pol\u00edtica y Econom\u00eda"],"inLanguage":"es"},{"@type":"WebPage","@id":"https:\/\/www.copealcoy.es\/es\/puig-contempla-que-la-reforma-fiscal-entre-en-vigor-con-la-ley-de-acompanamiento\/","url":"https:\/\/www.copealcoy.es\/es\/puig-contempla-que-la-reforma-fiscal-entre-en-vigor-con-la-ley-de-acompanamiento\/","name":"Puig contempla que la reforma fiscal entre en vigor con la Ley de Acompa\u00f1amiento - COPE Alcoy","isPartOf":{"@id":"https:\/\/www.copealcoy.es\/es\/#website"},"primaryImageOfPage":{"@id":"https:\/\/www.copealcoy.es\/es\/puig-contempla-que-la-reforma-fiscal-entre-en-vigor-con-la-ley-de-acompanamiento\/#primaryimage"},"image":{"@id":"https:\/\/www.copealcoy.es\/es\/puig-contempla-que-la-reforma-fiscal-entre-en-vigor-con-la-ley-de-acompanamiento\/#primaryimage"},"thumbnailUrl":"https:\/\/www.copealcoy.es\/wp-content\/uploads\/2022\/09\/4XLLTHCGOWKLOAJZXIZCVFQRBM.jpg","datePublished":"2022-09-10T21:20:20+00:00","dateModified":"2022-09-10T21:25:59+00:00","author":{"@id":"https:\/\/www.copealcoy.es\/es\/#\/schema\/person\/e777c87fa024e57d40170af9df39882c"},"breadcrumb":{"@id":"https:\/\/www.copealcoy.es\/es\/puig-contempla-que-la-reforma-fiscal-entre-en-vigor-con-la-ley-de-acompanamiento\/#breadcrumb"},"inLanguage":"es","potentialAction":[{"@type":"ReadAction","target":["https:\/\/www.copealcoy.es\/es\/puig-contempla-que-la-reforma-fiscal-entre-en-vigor-con-la-ley-de-acompanamiento\/"]}]},{"@type":"ImageObject","inLanguage":"es","@id":"https:\/\/www.copealcoy.es\/es\/puig-contempla-que-la-reforma-fiscal-entre-en-vigor-con-la-ley-de-acompanamiento\/#primaryimage","url":"https:\/\/www.copealcoy.es\/wp-content\/uploads\/2022\/09\/4XLLTHCGOWKLOAJZXIZCVFQRBM.jpg","contentUrl":"https:\/\/www.copealcoy.es\/wp-content\/uploads\/2022\/09\/4XLLTHCGOWKLOAJZXIZCVFQRBM.jpg","width":980,"height":653},{"@type":"BreadcrumbList","@id":"https:\/\/www.copealcoy.es\/es\/puig-contempla-que-la-reforma-fiscal-entre-en-vigor-con-la-ley-de-acompanamiento\/#breadcrumb","itemListElement":[{"@type":"ListItem","position":1,"name":"Portada","item":"https:\/\/www.copealcoy.es\/es\/"},{"@type":"ListItem","position":2,"name":"Puig contempla que la reforma fiscal entre en vigor con la Ley de Acompa\u00f1amiento"}]},{"@type":"WebSite","@id":"https:\/\/www.copealcoy.es\/es\/#website","url":"https:\/\/www.copealcoy.es\/es\/","name":"COPE Alcoy","description":"Emisora COPE de radio local con emisi\u00f3n online. Pont de Sant Jordi 8-10 03803 Alcoy","potentialAction":[{"@type":"SearchAction","target":{"@type":"EntryPoint","urlTemplate":"https:\/\/www.copealcoy.es\/es\/?s={search_term_string}"},"query-input":{"@type":"PropertyValueSpecification","valueRequired":true,"valueName":"search_term_string"}}],"inLanguage":"es"},{"@type":"Person","@id":"https:\/\/www.copealcoy.es\/es\/#\/schema\/person\/e777c87fa024e57d40170af9df39882c","name":"Cope Alcoy","image":{"@type":"ImageObject","inLanguage":"es","@id":"https:\/\/secure.gravatar.com\/avatar\/bb65d0283347e303893ba14f0692005417c1e0e690a325a4c5d8bb2b3943ee14?s=96&d=mm&r=g","url":"https:\/\/secure.gravatar.com\/avatar\/bb65d0283347e303893ba14f0692005417c1e0e690a325a4c5d8bb2b3943ee14?s=96&d=mm&r=g","contentUrl":"https:\/\/secure.gravatar.com\/avatar\/bb65d0283347e303893ba14f0692005417c1e0e690a325a4c5d8bb2b3943ee14?s=96&d=mm&r=g","caption":"Cope Alcoy"}}]}},"_links":{"self":[{"href":"https:\/\/www.copealcoy.es\/es\/wp-json\/wp\/v2\/posts\/91448","targetHints":{"allow":["GET"]}}],"collection":[{"href":"https:\/\/www.copealcoy.es\/es\/wp-json\/wp\/v2\/posts"}],"about":[{"href":"https:\/\/www.copealcoy.es\/es\/wp-json\/wp\/v2\/types\/post"}],"author":[{"embeddable":true,"href":"https:\/\/www.copealcoy.es\/es\/wp-json\/wp\/v2\/users\/1"}],"replies":[{"embeddable":true,"href":"https:\/\/www.copealcoy.es\/es\/wp-json\/wp\/v2\/comments?post=91448"}],"version-history":[{"count":0,"href":"https:\/\/www.copealcoy.es\/es\/wp-json\/wp\/v2\/posts\/91448\/revisions"}],"wp:featuredmedia":[{"embeddable":true,"href":"https:\/\/www.copealcoy.es\/es\/wp-json\/wp\/v2\/media\/91449"}],"wp:attachment":[{"href":"https:\/\/www.copealcoy.es\/es\/wp-json\/wp\/v2\/media?parent=91448"}],"wp:term":[{"taxonomy":"category","embeddable":true,"href":"https:\/\/www.copealcoy.es\/es\/wp-json\/wp\/v2\/categories?post=91448"},{"taxonomy":"post_tag","embeddable":true,"href":"https:\/\/www.copealcoy.es\/es\/wp-json\/wp\/v2\/tags?post=91448"}],"curies":[{"name":"wp","href":"https:\/\/api.w.org\/{rel}","templated":true}]}}