{"id":91409,"date":"2022-09-09T16:42:45","date_gmt":"2022-09-09T15:42:45","guid":{"rendered":"https:\/\/www.copealcoy.es\/?p=91409"},"modified":"2022-09-09T17:22:09","modified_gmt":"2022-09-09T16:22:09","slug":"ximo-puig-visita-las-obras-de-rodes-en-alcoy","status":"publish","type":"post","link":"https:\/\/www.copealcoy.es\/es\/ximo-puig-visita-las-obras-de-rodes-en-alcoy\/","title":{"rendered":"Ximo Puig visita las obras de Rodes en Alcoy"},"content":{"rendered":"<p style=\"text-align: justify;\">El Presidente de la Generalitat Valenciana ha estado hoy en Alcoy para <strong>visitar las obras del Parque Tecnol\u00f3gico y Cultural de Rodes<\/strong>. Ximo Puig ha acudido a nuestra ciudad, donde este fin de semana se celebra el &#8216;Seminari d&#8217;Estiu&#8217; del Gobierno Auton\u00f3mico, y lo ha hecho <strong>tras la habitual reuni\u00f3n del Pleno del Consell de los viernes<\/strong> que ha tenido lugar en la Vall d&#8217;Ebo en este 9 de septiembre.<\/p>\n<p class=\"titulo\" style=\"text-align: justify;\">Durante la citada visita, <strong>el Jefe del Consell ha recordado que Rodes albergar\u00e1 un centro de desarrollo empresarial<\/strong> especializado en las nuevas tecnolog\u00edas, as\u00ed como en la innovaci\u00f3n. al mismo tiempo que contar\u00e1 adem\u00e1s con <strong>una sede de Distrito Digital<\/strong>. De igual forma ha recordado que dentro del complejo, en el que habr\u00e1 edificaciones destinadas a la administraci\u00f3n y usos socioculturales, estar\u00e1 tambi\u00e9n <strong>el futuro Centro de Turismo de Interior (CDtI) de la provincia de Alicante<\/strong> &#8220;<em>estamos ante una de las actuaciones m\u00e1s importantes de los \u00faltimos a\u00f1os para Alcoy as\u00ed como para toda la Comunitat Valenciana. Este proyecto supone la recuperaci\u00f3n basada en nuestra identidad patrimonial<\/em>&#8220;, ha sentenciado Ximo Puig.<\/p>\n<p class=\"titulo\" style=\"text-align: justify;\">Por su parte, el alcalde ha remarcado <strong>la inversi\u00f3n de la Generalitat para hacer posible este Parque Tecnol\u00f3gico y Cultural de Rodes<\/strong>. La cantidad econ\u00f3mica <strong>roza los 5 millones de euros<\/strong> puesto &#8220;<em>no solo estamos hablando de financiar las obras sino de darle despu\u00e9s esa vida a los emprendedores y a todos aquellos que quieran iniciar una actividad relacionada con la nueva econom\u00eda. Muy agradecidos, en nombre de todo el pueblo de Alcoy, por el apoyo que tenemos del Gobierno Valenciano<\/em>&#8220;, apostill\u00f3 <strong>Toni Franc\u00e9s<\/strong>.<\/p>\n<p class=\"titulo\" style=\"text-align: justify;\">Apuntar que las obras centrales de Rodes <strong>est\u00e1n valoradas en 7 millones de euros y cofinanciadas por la misma Generalitat<\/strong>, que aporta\u00a0 los 2,6 millones de euros mencionados anteriormente, <strong>la Uni\u00f3n Europea<\/strong>, a trav\u00e9s de los Fondos Europeos de Desarrollo Regional (FEDER), que contribuir\u00e1 con 3,7 millones y el <strong>Ayuntamiento de Alcoy<\/strong>, que se har\u00e1 cargo de 900.000 euros. La recuperaci\u00f3n de la isla de Rodes <strong>se completa con otras dos actuaciones con las que se alcanza una inversi\u00f3n total de 12 millones de euros para todo el proyecto<\/strong>: 2&#8217;1 millones de euros para el CDTi (aportados por Turismo de la Generalitat) y \u00a02,3 millones para nuevas edificaciones destinadas a administraci\u00f3n y usos empresariales. De estos dos \u00faltimos, el Ayuntamiento de Alcoy aportar\u00e1 el 55 % y la Diputaci\u00f3n de Alicante el 45 % restante.<\/p>\n","protected":false},"excerpt":{"rendered":"<p>El Presidente de la Generalitat Valenciana ha estado hoy en Alcoy para visitar las obras del Parque Tecnol\u00f3gico y Cultural&#8230;<\/p>\n","protected":false},"author":1,"featured_media":91410,"comment_status":"open","ping_status":"open","sticky":false,"template":"","format":"standard","meta":{"footnotes":""},"categories":[6909,97,75,79],"tags":[994,145,803,1154,1728],"class_list":["post-91409","post","type-post","status-publish","format-standard","has-post-thumbnail","hentry","category-actualidad","category-alcoy","category-noticias","category-politicayeconomia","tag-generalitat-valenciana","tag-obras","tag-rodes","tag-visita","tag-ximo-puig"],"yoast_head":"<!-- This site is optimized with the Yoast SEO plugin v27.3 - https:\/\/yoast.com\/product\/yoast-seo-wordpress\/ -->\n<title>Ximo Puig visita las obras de Rodes en Alcoy - COPE Alcoy<\/title>\n<meta name=\"robots\" content=\"index, follow, max-snippet:-1, max-image-preview:large, max-video-preview:-1\" \/>\n<link rel=\"canonical\" href=\"https:\/\/www.copealcoy.es\/es\/ximo-puig-visita-las-obras-de-rodes-en-alcoy\/\" \/>\n<meta property=\"og:locale\" content=\"es_ES\" \/>\n<meta property=\"og:type\" content=\"article\" \/>\n<meta property=\"og:title\" content=\"Ximo Puig visita las obras de Rodes en Alcoy - COPE Alcoy\" \/>\n<meta property=\"og:description\" content=\"El Presidente de la Generalitat Valenciana ha estado hoy en Alcoy para visitar las obras del Parque Tecnol\u00f3gico y Cultural...\" \/>\n<meta property=\"og:url\" content=\"https:\/\/www.copealcoy.es\/es\/ximo-puig-visita-las-obras-de-rodes-en-alcoy\/\" \/>\n<meta property=\"og:site_name\" content=\"COPE Alcoy\" \/>\n<meta property=\"article:published_time\" content=\"2022-09-09T15:42:45+00:00\" \/>\n<meta property=\"article:modified_time\" content=\"2022-09-09T16:22:09+00:00\" \/>\n<meta property=\"og:image\" content=\"https:\/\/www.copealcoy.es\/wp-content\/uploads\/2022\/09\/unnamed-15-e1662738156506.jpg\" \/>\n\t<meta property=\"og:image:width\" content=\"640\" \/>\n\t<meta property=\"og:image:height\" content=\"427\" \/>\n\t<meta property=\"og:image:type\" content=\"image\/jpeg\" \/>\n<meta name=\"author\" content=\"Cope Alcoy\" \/>\n<meta name=\"twitter:label1\" content=\"Escrito por\" \/>\n\t<meta name=\"twitter:data1\" content=\"Cope Alcoy\" \/>\n\t<meta name=\"twitter:label2\" content=\"Tiempo de lectura\" \/>\n\t<meta name=\"twitter:data2\" content=\"2 minutos\" \/>\n<script type=\"application\/ld+json\" class=\"yoast-schema-graph\">{\"@context\":\"https:\\\/\\\/schema.org\",\"@graph\":[{\"@type\":\"Article\",\"@id\":\"https:\\\/\\\/www.copealcoy.es\\\/es\\\/ximo-puig-visita-las-obras-de-rodes-en-alcoy\\\/#article\",\"isPartOf\":{\"@id\":\"https:\\\/\\\/www.copealcoy.es\\\/es\\\/ximo-puig-visita-las-obras-de-rodes-en-alcoy\\\/\"},\"author\":{\"name\":\"Cope Alcoy\",\"@id\":\"https:\\\/\\\/www.copealcoy.es\\\/es\\\/#\\\/schema\\\/person\\\/e777c87fa024e57d40170af9df39882c\"},\"headline\":\"Ximo Puig visita las obras de Rodes en Alcoy\",\"datePublished\":\"2022-09-09T15:42:45+00:00\",\"dateModified\":\"2022-09-09T16:22:09+00:00\",\"mainEntityOfPage\":{\"@id\":\"https:\\\/\\\/www.copealcoy.es\\\/es\\\/ximo-puig-visita-las-obras-de-rodes-en-alcoy\\\/\"},\"wordCount\":422,\"commentCount\":0,\"image\":{\"@id\":\"https:\\\/\\\/www.copealcoy.es\\\/es\\\/ximo-puig-visita-las-obras-de-rodes-en-alcoy\\\/#primaryimage\"},\"thumbnailUrl\":\"https:\\\/\\\/www.copealcoy.es\\\/wp-content\\\/uploads\\\/2022\\\/09\\\/unnamed-15-e1662738156506.jpg\",\"keywords\":[\"Generalitat Valenciana\",\"Obras\",\"Rodes\",\"Visita\",\"Ximo Puig\"],\"articleSection\":[\"Actualidad\",\"Alcoy\",\"Noticias\",\"Pol\u00edtica y Econom\u00eda\"],\"inLanguage\":\"es\"},{\"@type\":\"WebPage\",\"@id\":\"https:\\\/\\\/www.copealcoy.es\\\/es\\\/ximo-puig-visita-las-obras-de-rodes-en-alcoy\\\/\",\"url\":\"https:\\\/\\\/www.copealcoy.es\\\/es\\\/ximo-puig-visita-las-obras-de-rodes-en-alcoy\\\/\",\"name\":\"Ximo Puig visita las obras de Rodes en Alcoy - COPE Alcoy\",\"isPartOf\":{\"@id\":\"https:\\\/\\\/www.copealcoy.es\\\/es\\\/#website\"},\"primaryImageOfPage\":{\"@id\":\"https:\\\/\\\/www.copealcoy.es\\\/es\\\/ximo-puig-visita-las-obras-de-rodes-en-alcoy\\\/#primaryimage\"},\"image\":{\"@id\":\"https:\\\/\\\/www.copealcoy.es\\\/es\\\/ximo-puig-visita-las-obras-de-rodes-en-alcoy\\\/#primaryimage\"},\"thumbnailUrl\":\"https:\\\/\\\/www.copealcoy.es\\\/wp-content\\\/uploads\\\/2022\\\/09\\\/unnamed-15-e1662738156506.jpg\",\"datePublished\":\"2022-09-09T15:42:45+00:00\",\"dateModified\":\"2022-09-09T16:22:09+00:00\",\"author\":{\"@id\":\"https:\\\/\\\/www.copealcoy.es\\\/es\\\/#\\\/schema\\\/person\\\/e777c87fa024e57d40170af9df39882c\"},\"breadcrumb\":{\"@id\":\"https:\\\/\\\/www.copealcoy.es\\\/es\\\/ximo-puig-visita-las-obras-de-rodes-en-alcoy\\\/#breadcrumb\"},\"inLanguage\":\"es\",\"potentialAction\":[{\"@type\":\"ReadAction\",\"target\":[\"https:\\\/\\\/www.copealcoy.es\\\/es\\\/ximo-puig-visita-las-obras-de-rodes-en-alcoy\\\/\"]}]},{\"@type\":\"ImageObject\",\"inLanguage\":\"es\",\"@id\":\"https:\\\/\\\/www.copealcoy.es\\\/es\\\/ximo-puig-visita-las-obras-de-rodes-en-alcoy\\\/#primaryimage\",\"url\":\"https:\\\/\\\/www.copealcoy.es\\\/wp-content\\\/uploads\\\/2022\\\/09\\\/unnamed-15-e1662738156506.jpg\",\"contentUrl\":\"https:\\\/\\\/www.copealcoy.es\\\/wp-content\\\/uploads\\\/2022\\\/09\\\/unnamed-15-e1662738156506.jpg\",\"width\":640,\"height\":427},{\"@type\":\"BreadcrumbList\",\"@id\":\"https:\\\/\\\/www.copealcoy.es\\\/es\\\/ximo-puig-visita-las-obras-de-rodes-en-alcoy\\\/#breadcrumb\",\"itemListElement\":[{\"@type\":\"ListItem\",\"position\":1,\"name\":\"Portada\",\"item\":\"https:\\\/\\\/www.copealcoy.es\\\/es\\\/\"},{\"@type\":\"ListItem\",\"position\":2,\"name\":\"Ximo Puig visita las obras de Rodes en Alcoy\"}]},{\"@type\":\"WebSite\",\"@id\":\"https:\\\/\\\/www.copealcoy.es\\\/es\\\/#website\",\"url\":\"https:\\\/\\\/www.copealcoy.es\\\/es\\\/\",\"name\":\"COPE Alcoy\",\"description\":\"Emisora COPE de radio local con emisi\u00f3n online. Pont de Sant Jordi 8-10 03803 Alcoy\",\"potentialAction\":[{\"@type\":\"SearchAction\",\"target\":{\"@type\":\"EntryPoint\",\"urlTemplate\":\"https:\\\/\\\/www.copealcoy.es\\\/es\\\/?s={search_term_string}\"},\"query-input\":{\"@type\":\"PropertyValueSpecification\",\"valueRequired\":true,\"valueName\":\"search_term_string\"}}],\"inLanguage\":\"es\"},{\"@type\":\"Person\",\"@id\":\"https:\\\/\\\/www.copealcoy.es\\\/es\\\/#\\\/schema\\\/person\\\/e777c87fa024e57d40170af9df39882c\",\"name\":\"Cope Alcoy\",\"image\":{\"@type\":\"ImageObject\",\"inLanguage\":\"es\",\"@id\":\"https:\\\/\\\/secure.gravatar.com\\\/avatar\\\/bb65d0283347e303893ba14f0692005417c1e0e690a325a4c5d8bb2b3943ee14?s=96&d=mm&r=g\",\"url\":\"https:\\\/\\\/secure.gravatar.com\\\/avatar\\\/bb65d0283347e303893ba14f0692005417c1e0e690a325a4c5d8bb2b3943ee14?s=96&d=mm&r=g\",\"contentUrl\":\"https:\\\/\\\/secure.gravatar.com\\\/avatar\\\/bb65d0283347e303893ba14f0692005417c1e0e690a325a4c5d8bb2b3943ee14?s=96&d=mm&r=g\",\"caption\":\"Cope Alcoy\"}}]}<\/script>\n<!-- \/ Yoast SEO plugin. -->","yoast_head_json":{"title":"Ximo Puig visita las obras de Rodes en Alcoy - COPE Alcoy","robots":{"index":"index","follow":"follow","max-snippet":"max-snippet:-1","max-image-preview":"max-image-preview:large","max-video-preview":"max-video-preview:-1"},"canonical":"https:\/\/www.copealcoy.es\/es\/ximo-puig-visita-las-obras-de-rodes-en-alcoy\/","og_locale":"es_ES","og_type":"article","og_title":"Ximo Puig visita las obras de Rodes en Alcoy - COPE Alcoy","og_description":"El Presidente de la Generalitat Valenciana ha estado hoy en Alcoy para visitar las obras del Parque Tecnol\u00f3gico y Cultural...","og_url":"https:\/\/www.copealcoy.es\/es\/ximo-puig-visita-las-obras-de-rodes-en-alcoy\/","og_site_name":"COPE Alcoy","article_published_time":"2022-09-09T15:42:45+00:00","article_modified_time":"2022-09-09T16:22:09+00:00","og_image":[{"width":640,"height":427,"url":"https:\/\/www.copealcoy.es\/wp-content\/uploads\/2022\/09\/unnamed-15-e1662738156506.jpg","type":"image\/jpeg"}],"author":"Cope Alcoy","twitter_misc":{"Escrito por":"Cope Alcoy","Tiempo de lectura":"2 minutos"},"schema":{"@context":"https:\/\/schema.org","@graph":[{"@type":"Article","@id":"https:\/\/www.copealcoy.es\/es\/ximo-puig-visita-las-obras-de-rodes-en-alcoy\/#article","isPartOf":{"@id":"https:\/\/www.copealcoy.es\/es\/ximo-puig-visita-las-obras-de-rodes-en-alcoy\/"},"author":{"name":"Cope Alcoy","@id":"https:\/\/www.copealcoy.es\/es\/#\/schema\/person\/e777c87fa024e57d40170af9df39882c"},"headline":"Ximo Puig visita las obras de Rodes en Alcoy","datePublished":"2022-09-09T15:42:45+00:00","dateModified":"2022-09-09T16:22:09+00:00","mainEntityOfPage":{"@id":"https:\/\/www.copealcoy.es\/es\/ximo-puig-visita-las-obras-de-rodes-en-alcoy\/"},"wordCount":422,"commentCount":0,"image":{"@id":"https:\/\/www.copealcoy.es\/es\/ximo-puig-visita-las-obras-de-rodes-en-alcoy\/#primaryimage"},"thumbnailUrl":"https:\/\/www.copealcoy.es\/wp-content\/uploads\/2022\/09\/unnamed-15-e1662738156506.jpg","keywords":["Generalitat Valenciana","Obras","Rodes","Visita","Ximo Puig"],"articleSection":["Actualidad","Alcoy","Noticias","Pol\u00edtica y Econom\u00eda"],"inLanguage":"es"},{"@type":"WebPage","@id":"https:\/\/www.copealcoy.es\/es\/ximo-puig-visita-las-obras-de-rodes-en-alcoy\/","url":"https:\/\/www.copealcoy.es\/es\/ximo-puig-visita-las-obras-de-rodes-en-alcoy\/","name":"Ximo Puig visita las obras de Rodes en Alcoy - COPE Alcoy","isPartOf":{"@id":"https:\/\/www.copealcoy.es\/es\/#website"},"primaryImageOfPage":{"@id":"https:\/\/www.copealcoy.es\/es\/ximo-puig-visita-las-obras-de-rodes-en-alcoy\/#primaryimage"},"image":{"@id":"https:\/\/www.copealcoy.es\/es\/ximo-puig-visita-las-obras-de-rodes-en-alcoy\/#primaryimage"},"thumbnailUrl":"https:\/\/www.copealcoy.es\/wp-content\/uploads\/2022\/09\/unnamed-15-e1662738156506.jpg","datePublished":"2022-09-09T15:42:45+00:00","dateModified":"2022-09-09T16:22:09+00:00","author":{"@id":"https:\/\/www.copealcoy.es\/es\/#\/schema\/person\/e777c87fa024e57d40170af9df39882c"},"breadcrumb":{"@id":"https:\/\/www.copealcoy.es\/es\/ximo-puig-visita-las-obras-de-rodes-en-alcoy\/#breadcrumb"},"inLanguage":"es","potentialAction":[{"@type":"ReadAction","target":["https:\/\/www.copealcoy.es\/es\/ximo-puig-visita-las-obras-de-rodes-en-alcoy\/"]}]},{"@type":"ImageObject","inLanguage":"es","@id":"https:\/\/www.copealcoy.es\/es\/ximo-puig-visita-las-obras-de-rodes-en-alcoy\/#primaryimage","url":"https:\/\/www.copealcoy.es\/wp-content\/uploads\/2022\/09\/unnamed-15-e1662738156506.jpg","contentUrl":"https:\/\/www.copealcoy.es\/wp-content\/uploads\/2022\/09\/unnamed-15-e1662738156506.jpg","width":640,"height":427},{"@type":"BreadcrumbList","@id":"https:\/\/www.copealcoy.es\/es\/ximo-puig-visita-las-obras-de-rodes-en-alcoy\/#breadcrumb","itemListElement":[{"@type":"ListItem","position":1,"name":"Portada","item":"https:\/\/www.copealcoy.es\/es\/"},{"@type":"ListItem","position":2,"name":"Ximo Puig visita las obras de Rodes en Alcoy"}]},{"@type":"WebSite","@id":"https:\/\/www.copealcoy.es\/es\/#website","url":"https:\/\/www.copealcoy.es\/es\/","name":"COPE Alcoy","description":"Emisora COPE de radio local con emisi\u00f3n online. Pont de Sant Jordi 8-10 03803 Alcoy","potentialAction":[{"@type":"SearchAction","target":{"@type":"EntryPoint","urlTemplate":"https:\/\/www.copealcoy.es\/es\/?s={search_term_string}"},"query-input":{"@type":"PropertyValueSpecification","valueRequired":true,"valueName":"search_term_string"}}],"inLanguage":"es"},{"@type":"Person","@id":"https:\/\/www.copealcoy.es\/es\/#\/schema\/person\/e777c87fa024e57d40170af9df39882c","name":"Cope Alcoy","image":{"@type":"ImageObject","inLanguage":"es","@id":"https:\/\/secure.gravatar.com\/avatar\/bb65d0283347e303893ba14f0692005417c1e0e690a325a4c5d8bb2b3943ee14?s=96&d=mm&r=g","url":"https:\/\/secure.gravatar.com\/avatar\/bb65d0283347e303893ba14f0692005417c1e0e690a325a4c5d8bb2b3943ee14?s=96&d=mm&r=g","contentUrl":"https:\/\/secure.gravatar.com\/avatar\/bb65d0283347e303893ba14f0692005417c1e0e690a325a4c5d8bb2b3943ee14?s=96&d=mm&r=g","caption":"Cope Alcoy"}}]}},"_links":{"self":[{"href":"https:\/\/www.copealcoy.es\/es\/wp-json\/wp\/v2\/posts\/91409","targetHints":{"allow":["GET"]}}],"collection":[{"href":"https:\/\/www.copealcoy.es\/es\/wp-json\/wp\/v2\/posts"}],"about":[{"href":"https:\/\/www.copealcoy.es\/es\/wp-json\/wp\/v2\/types\/post"}],"author":[{"embeddable":true,"href":"https:\/\/www.copealcoy.es\/es\/wp-json\/wp\/v2\/users\/1"}],"replies":[{"embeddable":true,"href":"https:\/\/www.copealcoy.es\/es\/wp-json\/wp\/v2\/comments?post=91409"}],"version-history":[{"count":0,"href":"https:\/\/www.copealcoy.es\/es\/wp-json\/wp\/v2\/posts\/91409\/revisions"}],"wp:featuredmedia":[{"embeddable":true,"href":"https:\/\/www.copealcoy.es\/es\/wp-json\/wp\/v2\/media\/91410"}],"wp:attachment":[{"href":"https:\/\/www.copealcoy.es\/es\/wp-json\/wp\/v2\/media?parent=91409"}],"wp:term":[{"taxonomy":"category","embeddable":true,"href":"https:\/\/www.copealcoy.es\/es\/wp-json\/wp\/v2\/categories?post=91409"},{"taxonomy":"post_tag","embeddable":true,"href":"https:\/\/www.copealcoy.es\/es\/wp-json\/wp\/v2\/tags?post=91409"}],"curies":[{"name":"wp","href":"https:\/\/api.w.org\/{rel}","templated":true}]}}