{"id":91279,"date":"2022-09-08T13:23:38","date_gmt":"2022-09-08T12:23:38","guid":{"rendered":"https:\/\/www.copealcoy.es\/?p=91279"},"modified":"2022-09-08T14:10:08","modified_gmt":"2022-09-08T13:10:08","slug":"las-familias-valencianas-gastaran-1-983-euros-por-hijo-en-el-proximo-curso-escolar","status":"publish","type":"post","link":"https:\/\/www.copealcoy.es\/es\/las-familias-valencianas-gastaran-1-983-euros-por-hijo-en-el-proximo-curso-escolar\/","title":{"rendered":"Las familias valencianas gastar\u00e1n 1.983 euros por hijo en el pr\u00f3ximo curso escolar"},"content":{"rendered":"<p style=\"text-align: justify;\">La <strong>Organizaci\u00f3n de Consumidores y Usuarios (OCU)<\/strong> ha realizado una encuesta a 982 padres con hijos de entre 3 y 18 a\u00f1os con el fin de conocer <strong>el gasto medio que tendr\u00e1n que afrontar por la actividad escolar de sus hijos<\/strong> durante este pr\u00f3ximo curso. Su experiencia revela que, por t\u00e9rmino medio, <strong>cada hijo costar\u00e1 a los padres un total de 2.186 euros<\/strong>.<\/p>\n<p style=\"text-align: justify;\">El gasto anual var\u00eda seg\u00fan el ciclo educativo, la regi\u00f3n donde se resida, pero sobre todo del tipo de centro donde se matricule al alumno. As\u00ed, <strong>quienes acudan a un colegio o instituto p\u00fablico<\/strong> afrontar\u00e1n un coste anual medio de 1.001 euros, por los 2.975 euros de <strong>quienes vayan a un centro concertado<\/strong> y los 6.900 euros de <strong>quienes elijan uno privado<\/strong>. En el caso de <strong>la educaci\u00f3n concertada y privada<\/strong>, el gasto total por hijo se incrementar\u00e1 en un 10% respecto al curso pasado, mientras que quienes estudien en centros p\u00fablicos solo gastar\u00e1n un 3% m\u00e1s.<\/p>\n<p style=\"text-align: justify;\">Salvo en <strong>la educaci\u00f3n p\u00fablica<\/strong>, donde la matr\u00edcula y las cuotas son inexistentes, estos conceptos son los que m\u00e1s peso tienen en la factura escolar: suponen el 44% del coste anual de un centro concertado (1.315 euros de media) y el 71% de un centro privado (4.926 euros de media). Tras ellos, la principal carga econ\u00f3mica para las familias es el comedor: 99 euros al mes en centros p\u00fablicos, 131 en concertados y 138 en privados. Y le siguen las actividades extraescolares, con costes tambi\u00e9n muy distintos seg\u00fan el tipo de centro: 59 euros al mes en colegios e institutos p\u00fablicos, 72 en concertados y 86 en privados. Estos gastos son m\u00e1s habituales en los ciclos de Infantil y Primaria.<\/p>\n<p style=\"text-align: justify;\">Otro gasto significativo es el que se refiere a <strong>los libros de texto<\/strong>, que tambi\u00e9n var\u00eda seg\u00fan el tipo de centro: 162 euros al a\u00f1o en colegios e institutos p\u00fablicos, 241 en centros concertados y 209 en privados; y que aumenta progresivamente seg\u00fan se avanza de curso. Aunque OCU recuerda que <strong>algunas Comunidades Aut\u00f3nomas mantienen programas de acceso a libros de texto gratuitos<\/strong>.<\/p>\n<p style=\"text-align: justify;\">El <strong>uniforme<\/strong> es otro gasto a tener en cuenta y habitual en el 75% de los centros concertados y m\u00e1s de la mitad de los privados, en cuyo caso viene a sumar otros 161 euros al a\u00f1o. El resto de los gastos corresponden a material escolar (95 euros de media a\u00f1o), excursiones (111 euros) y cuotas del AMPA (31 euros).<\/p>\n<p style=\"text-align: justify;\">A la vista del informe de OCU, <strong>la vuelta al cole supone un importante desembolso para las familias<\/strong>, especialmente para aquellas que se encuentran en una situaci\u00f3n de vulnerabilidad econ\u00f3mica agravada este a\u00f1o por unas cifras de inflaci\u00f3n de dos d\u00edgitos. Por ello OCU <strong>pide a todas las administraciones competentes que se ampl\u00eden y generalicen las ayudas destinadas a las familias con hijos en edad escolar<\/strong> de forma que sobre todo para las m\u00e1s vulnerables se suavice la dificultad que supone afrontar los gastos de la vuelta al cole.<\/p>\n","protected":false},"excerpt":{"rendered":"<p>La Organizaci\u00f3n de Consumidores y Usuarios (OCU) ha realizado una encuesta a 982 padres con hijos de entre 3 y&#8230;<\/p>\n","protected":false},"author":1,"featured_media":65185,"comment_status":"open","ping_status":"open","sticky":false,"template":"","format":"standard","meta":{"footnotes":""},"categories":[6909,75,79,125],"tags":[1768,2180,9425,4570],"class_list":["post-91279","post","type-post","status-publish","format-standard","has-post-thumbnail","hentry","category-actualidad","category-noticias","category-politicayeconomia","category-portada","tag-comunitat-valenciana","tag-familias","tag-gasto","tag-vuelta-al-cole"],"yoast_head":"<!-- This site is optimized with the Yoast SEO plugin v27.3 - https:\/\/yoast.com\/product\/yoast-seo-wordpress\/ -->\n<title>Las familias valencianas gastar\u00e1n 1.983 euros por hijo en el pr\u00f3ximo curso escolar - COPE Alcoy<\/title>\n<meta name=\"robots\" content=\"index, follow, max-snippet:-1, max-image-preview:large, max-video-preview:-1\" \/>\n<link rel=\"canonical\" href=\"https:\/\/www.copealcoy.es\/es\/las-familias-valencianas-gastaran-1-983-euros-por-hijo-en-el-proximo-curso-escolar\/\" \/>\n<meta property=\"og:locale\" content=\"es_ES\" \/>\n<meta property=\"og:type\" content=\"article\" \/>\n<meta property=\"og:title\" content=\"Las familias valencianas gastar\u00e1n 1.983 euros por hijo en el pr\u00f3ximo curso escolar - COPE Alcoy\" \/>\n<meta property=\"og:description\" content=\"La Organizaci\u00f3n de Consumidores y Usuarios (OCU) ha realizado una encuesta a 982 padres con hijos de entre 3 y...\" \/>\n<meta property=\"og:url\" content=\"https:\/\/www.copealcoy.es\/es\/las-familias-valencianas-gastaran-1-983-euros-por-hijo-en-el-proximo-curso-escolar\/\" \/>\n<meta property=\"og:site_name\" content=\"COPE Alcoy\" \/>\n<meta property=\"article:published_time\" content=\"2022-09-08T12:23:38+00:00\" \/>\n<meta property=\"article:modified_time\" content=\"2022-09-08T13:10:08+00:00\" \/>\n<meta property=\"og:image\" content=\"https:\/\/www.copealcoy.es\/wp-content\/uploads\/2020\/09\/IMG-2365-scaled-e1599480455100.jpg\" \/>\n\t<meta property=\"og:image:width\" content=\"2560\" \/>\n\t<meta property=\"og:image:height\" content=\"1728\" \/>\n\t<meta property=\"og:image:type\" content=\"image\/jpeg\" \/>\n<meta name=\"author\" content=\"Cope Alcoy\" \/>\n<meta name=\"twitter:label1\" content=\"Escrito por\" \/>\n\t<meta name=\"twitter:data1\" content=\"Cope Alcoy\" \/>\n\t<meta name=\"twitter:label2\" content=\"Tiempo de lectura\" \/>\n\t<meta name=\"twitter:data2\" content=\"3 minutos\" \/>\n<script type=\"application\/ld+json\" class=\"yoast-schema-graph\">{\"@context\":\"https:\\\/\\\/schema.org\",\"@graph\":[{\"@type\":\"Article\",\"@id\":\"https:\\\/\\\/www.copealcoy.es\\\/es\\\/las-familias-valencianas-gastaran-1-983-euros-por-hijo-en-el-proximo-curso-escolar\\\/#article\",\"isPartOf\":{\"@id\":\"https:\\\/\\\/www.copealcoy.es\\\/es\\\/las-familias-valencianas-gastaran-1-983-euros-por-hijo-en-el-proximo-curso-escolar\\\/\"},\"author\":{\"name\":\"Cope Alcoy\",\"@id\":\"https:\\\/\\\/www.copealcoy.es\\\/es\\\/#\\\/schema\\\/person\\\/e777c87fa024e57d40170af9df39882c\"},\"headline\":\"Las familias valencianas gastar\u00e1n 1.983 euros por hijo en el pr\u00f3ximo curso escolar\",\"datePublished\":\"2022-09-08T12:23:38+00:00\",\"dateModified\":\"2022-09-08T13:10:08+00:00\",\"mainEntityOfPage\":{\"@id\":\"https:\\\/\\\/www.copealcoy.es\\\/es\\\/las-familias-valencianas-gastaran-1-983-euros-por-hijo-en-el-proximo-curso-escolar\\\/\"},\"wordCount\":520,\"commentCount\":0,\"image\":{\"@id\":\"https:\\\/\\\/www.copealcoy.es\\\/es\\\/las-familias-valencianas-gastaran-1-983-euros-por-hijo-en-el-proximo-curso-escolar\\\/#primaryimage\"},\"thumbnailUrl\":\"https:\\\/\\\/www.copealcoy.es\\\/wp-content\\\/uploads\\\/2020\\\/09\\\/IMG-2365-scaled-e1599480455100.jpg\",\"keywords\":[\"Comunitat Valenciana\",\"familias\",\"gasto\",\"Vuelta al Cole\"],\"articleSection\":[\"Actualidad\",\"Noticias\",\"Pol\u00edtica y Econom\u00eda\",\"Portada\"],\"inLanguage\":\"es\"},{\"@type\":\"WebPage\",\"@id\":\"https:\\\/\\\/www.copealcoy.es\\\/es\\\/las-familias-valencianas-gastaran-1-983-euros-por-hijo-en-el-proximo-curso-escolar\\\/\",\"url\":\"https:\\\/\\\/www.copealcoy.es\\\/es\\\/las-familias-valencianas-gastaran-1-983-euros-por-hijo-en-el-proximo-curso-escolar\\\/\",\"name\":\"Las familias valencianas gastar\u00e1n 1.983 euros por hijo en el pr\u00f3ximo curso escolar - COPE Alcoy\",\"isPartOf\":{\"@id\":\"https:\\\/\\\/www.copealcoy.es\\\/es\\\/#website\"},\"primaryImageOfPage\":{\"@id\":\"https:\\\/\\\/www.copealcoy.es\\\/es\\\/las-familias-valencianas-gastaran-1-983-euros-por-hijo-en-el-proximo-curso-escolar\\\/#primaryimage\"},\"image\":{\"@id\":\"https:\\\/\\\/www.copealcoy.es\\\/es\\\/las-familias-valencianas-gastaran-1-983-euros-por-hijo-en-el-proximo-curso-escolar\\\/#primaryimage\"},\"thumbnailUrl\":\"https:\\\/\\\/www.copealcoy.es\\\/wp-content\\\/uploads\\\/2020\\\/09\\\/IMG-2365-scaled-e1599480455100.jpg\",\"datePublished\":\"2022-09-08T12:23:38+00:00\",\"dateModified\":\"2022-09-08T13:10:08+00:00\",\"author\":{\"@id\":\"https:\\\/\\\/www.copealcoy.es\\\/es\\\/#\\\/schema\\\/person\\\/e777c87fa024e57d40170af9df39882c\"},\"breadcrumb\":{\"@id\":\"https:\\\/\\\/www.copealcoy.es\\\/es\\\/las-familias-valencianas-gastaran-1-983-euros-por-hijo-en-el-proximo-curso-escolar\\\/#breadcrumb\"},\"inLanguage\":\"es\",\"potentialAction\":[{\"@type\":\"ReadAction\",\"target\":[\"https:\\\/\\\/www.copealcoy.es\\\/es\\\/las-familias-valencianas-gastaran-1-983-euros-por-hijo-en-el-proximo-curso-escolar\\\/\"]}]},{\"@type\":\"ImageObject\",\"inLanguage\":\"es\",\"@id\":\"https:\\\/\\\/www.copealcoy.es\\\/es\\\/las-familias-valencianas-gastaran-1-983-euros-por-hijo-en-el-proximo-curso-escolar\\\/#primaryimage\",\"url\":\"https:\\\/\\\/www.copealcoy.es\\\/wp-content\\\/uploads\\\/2020\\\/09\\\/IMG-2365-scaled-e1599480455100.jpg\",\"contentUrl\":\"https:\\\/\\\/www.copealcoy.es\\\/wp-content\\\/uploads\\\/2020\\\/09\\\/IMG-2365-scaled-e1599480455100.jpg\",\"width\":2560,\"height\":1728,\"caption\":\"Els alumnes entrant al centre Les Carmelites dAlcoi \\\/ Foto: G. Pascual\"},{\"@type\":\"BreadcrumbList\",\"@id\":\"https:\\\/\\\/www.copealcoy.es\\\/es\\\/las-familias-valencianas-gastaran-1-983-euros-por-hijo-en-el-proximo-curso-escolar\\\/#breadcrumb\",\"itemListElement\":[{\"@type\":\"ListItem\",\"position\":1,\"name\":\"Portada\",\"item\":\"https:\\\/\\\/www.copealcoy.es\\\/es\\\/\"},{\"@type\":\"ListItem\",\"position\":2,\"name\":\"Las familias valencianas gastar\u00e1n 1.983 euros por hijo en el pr\u00f3ximo curso escolar\"}]},{\"@type\":\"WebSite\",\"@id\":\"https:\\\/\\\/www.copealcoy.es\\\/es\\\/#website\",\"url\":\"https:\\\/\\\/www.copealcoy.es\\\/es\\\/\",\"name\":\"COPE Alcoy\",\"description\":\"Emisora COPE de radio local con emisi\u00f3n online. Pont de Sant Jordi 8-10 03803 Alcoy\",\"potentialAction\":[{\"@type\":\"SearchAction\",\"target\":{\"@type\":\"EntryPoint\",\"urlTemplate\":\"https:\\\/\\\/www.copealcoy.es\\\/es\\\/?s={search_term_string}\"},\"query-input\":{\"@type\":\"PropertyValueSpecification\",\"valueRequired\":true,\"valueName\":\"search_term_string\"}}],\"inLanguage\":\"es\"},{\"@type\":\"Person\",\"@id\":\"https:\\\/\\\/www.copealcoy.es\\\/es\\\/#\\\/schema\\\/person\\\/e777c87fa024e57d40170af9df39882c\",\"name\":\"Cope Alcoy\",\"image\":{\"@type\":\"ImageObject\",\"inLanguage\":\"es\",\"@id\":\"https:\\\/\\\/secure.gravatar.com\\\/avatar\\\/bb65d0283347e303893ba14f0692005417c1e0e690a325a4c5d8bb2b3943ee14?s=96&d=mm&r=g\",\"url\":\"https:\\\/\\\/secure.gravatar.com\\\/avatar\\\/bb65d0283347e303893ba14f0692005417c1e0e690a325a4c5d8bb2b3943ee14?s=96&d=mm&r=g\",\"contentUrl\":\"https:\\\/\\\/secure.gravatar.com\\\/avatar\\\/bb65d0283347e303893ba14f0692005417c1e0e690a325a4c5d8bb2b3943ee14?s=96&d=mm&r=g\",\"caption\":\"Cope Alcoy\"}}]}<\/script>\n<!-- \/ Yoast SEO plugin. -->","yoast_head_json":{"title":"Las familias valencianas gastar\u00e1n 1.983 euros por hijo en el pr\u00f3ximo curso escolar - COPE Alcoy","robots":{"index":"index","follow":"follow","max-snippet":"max-snippet:-1","max-image-preview":"max-image-preview:large","max-video-preview":"max-video-preview:-1"},"canonical":"https:\/\/www.copealcoy.es\/es\/las-familias-valencianas-gastaran-1-983-euros-por-hijo-en-el-proximo-curso-escolar\/","og_locale":"es_ES","og_type":"article","og_title":"Las familias valencianas gastar\u00e1n 1.983 euros por hijo en el pr\u00f3ximo curso escolar - COPE Alcoy","og_description":"La Organizaci\u00f3n de Consumidores y Usuarios (OCU) ha realizado una encuesta a 982 padres con hijos de entre 3 y...","og_url":"https:\/\/www.copealcoy.es\/es\/las-familias-valencianas-gastaran-1-983-euros-por-hijo-en-el-proximo-curso-escolar\/","og_site_name":"COPE Alcoy","article_published_time":"2022-09-08T12:23:38+00:00","article_modified_time":"2022-09-08T13:10:08+00:00","og_image":[{"width":2560,"height":1728,"url":"https:\/\/www.copealcoy.es\/wp-content\/uploads\/2020\/09\/IMG-2365-scaled-e1599480455100.jpg","type":"image\/jpeg"}],"author":"Cope Alcoy","twitter_misc":{"Escrito por":"Cope Alcoy","Tiempo de lectura":"3 minutos"},"schema":{"@context":"https:\/\/schema.org","@graph":[{"@type":"Article","@id":"https:\/\/www.copealcoy.es\/es\/las-familias-valencianas-gastaran-1-983-euros-por-hijo-en-el-proximo-curso-escolar\/#article","isPartOf":{"@id":"https:\/\/www.copealcoy.es\/es\/las-familias-valencianas-gastaran-1-983-euros-por-hijo-en-el-proximo-curso-escolar\/"},"author":{"name":"Cope Alcoy","@id":"https:\/\/www.copealcoy.es\/es\/#\/schema\/person\/e777c87fa024e57d40170af9df39882c"},"headline":"Las familias valencianas gastar\u00e1n 1.983 euros por hijo en el pr\u00f3ximo curso escolar","datePublished":"2022-09-08T12:23:38+00:00","dateModified":"2022-09-08T13:10:08+00:00","mainEntityOfPage":{"@id":"https:\/\/www.copealcoy.es\/es\/las-familias-valencianas-gastaran-1-983-euros-por-hijo-en-el-proximo-curso-escolar\/"},"wordCount":520,"commentCount":0,"image":{"@id":"https:\/\/www.copealcoy.es\/es\/las-familias-valencianas-gastaran-1-983-euros-por-hijo-en-el-proximo-curso-escolar\/#primaryimage"},"thumbnailUrl":"https:\/\/www.copealcoy.es\/wp-content\/uploads\/2020\/09\/IMG-2365-scaled-e1599480455100.jpg","keywords":["Comunitat Valenciana","familias","gasto","Vuelta al Cole"],"articleSection":["Actualidad","Noticias","Pol\u00edtica y Econom\u00eda","Portada"],"inLanguage":"es"},{"@type":"WebPage","@id":"https:\/\/www.copealcoy.es\/es\/las-familias-valencianas-gastaran-1-983-euros-por-hijo-en-el-proximo-curso-escolar\/","url":"https:\/\/www.copealcoy.es\/es\/las-familias-valencianas-gastaran-1-983-euros-por-hijo-en-el-proximo-curso-escolar\/","name":"Las familias valencianas gastar\u00e1n 1.983 euros por hijo en el pr\u00f3ximo curso escolar - COPE Alcoy","isPartOf":{"@id":"https:\/\/www.copealcoy.es\/es\/#website"},"primaryImageOfPage":{"@id":"https:\/\/www.copealcoy.es\/es\/las-familias-valencianas-gastaran-1-983-euros-por-hijo-en-el-proximo-curso-escolar\/#primaryimage"},"image":{"@id":"https:\/\/www.copealcoy.es\/es\/las-familias-valencianas-gastaran-1-983-euros-por-hijo-en-el-proximo-curso-escolar\/#primaryimage"},"thumbnailUrl":"https:\/\/www.copealcoy.es\/wp-content\/uploads\/2020\/09\/IMG-2365-scaled-e1599480455100.jpg","datePublished":"2022-09-08T12:23:38+00:00","dateModified":"2022-09-08T13:10:08+00:00","author":{"@id":"https:\/\/www.copealcoy.es\/es\/#\/schema\/person\/e777c87fa024e57d40170af9df39882c"},"breadcrumb":{"@id":"https:\/\/www.copealcoy.es\/es\/las-familias-valencianas-gastaran-1-983-euros-por-hijo-en-el-proximo-curso-escolar\/#breadcrumb"},"inLanguage":"es","potentialAction":[{"@type":"ReadAction","target":["https:\/\/www.copealcoy.es\/es\/las-familias-valencianas-gastaran-1-983-euros-por-hijo-en-el-proximo-curso-escolar\/"]}]},{"@type":"ImageObject","inLanguage":"es","@id":"https:\/\/www.copealcoy.es\/es\/las-familias-valencianas-gastaran-1-983-euros-por-hijo-en-el-proximo-curso-escolar\/#primaryimage","url":"https:\/\/www.copealcoy.es\/wp-content\/uploads\/2020\/09\/IMG-2365-scaled-e1599480455100.jpg","contentUrl":"https:\/\/www.copealcoy.es\/wp-content\/uploads\/2020\/09\/IMG-2365-scaled-e1599480455100.jpg","width":2560,"height":1728,"caption":"Els alumnes entrant al centre Les Carmelites dAlcoi \/ Foto: G. Pascual"},{"@type":"BreadcrumbList","@id":"https:\/\/www.copealcoy.es\/es\/las-familias-valencianas-gastaran-1-983-euros-por-hijo-en-el-proximo-curso-escolar\/#breadcrumb","itemListElement":[{"@type":"ListItem","position":1,"name":"Portada","item":"https:\/\/www.copealcoy.es\/es\/"},{"@type":"ListItem","position":2,"name":"Las familias valencianas gastar\u00e1n 1.983 euros por hijo en el pr\u00f3ximo curso escolar"}]},{"@type":"WebSite","@id":"https:\/\/www.copealcoy.es\/es\/#website","url":"https:\/\/www.copealcoy.es\/es\/","name":"COPE Alcoy","description":"Emisora COPE de radio local con emisi\u00f3n online. Pont de Sant Jordi 8-10 03803 Alcoy","potentialAction":[{"@type":"SearchAction","target":{"@type":"EntryPoint","urlTemplate":"https:\/\/www.copealcoy.es\/es\/?s={search_term_string}"},"query-input":{"@type":"PropertyValueSpecification","valueRequired":true,"valueName":"search_term_string"}}],"inLanguage":"es"},{"@type":"Person","@id":"https:\/\/www.copealcoy.es\/es\/#\/schema\/person\/e777c87fa024e57d40170af9df39882c","name":"Cope Alcoy","image":{"@type":"ImageObject","inLanguage":"es","@id":"https:\/\/secure.gravatar.com\/avatar\/bb65d0283347e303893ba14f0692005417c1e0e690a325a4c5d8bb2b3943ee14?s=96&d=mm&r=g","url":"https:\/\/secure.gravatar.com\/avatar\/bb65d0283347e303893ba14f0692005417c1e0e690a325a4c5d8bb2b3943ee14?s=96&d=mm&r=g","contentUrl":"https:\/\/secure.gravatar.com\/avatar\/bb65d0283347e303893ba14f0692005417c1e0e690a325a4c5d8bb2b3943ee14?s=96&d=mm&r=g","caption":"Cope Alcoy"}}]}},"_links":{"self":[{"href":"https:\/\/www.copealcoy.es\/es\/wp-json\/wp\/v2\/posts\/91279","targetHints":{"allow":["GET"]}}],"collection":[{"href":"https:\/\/www.copealcoy.es\/es\/wp-json\/wp\/v2\/posts"}],"about":[{"href":"https:\/\/www.copealcoy.es\/es\/wp-json\/wp\/v2\/types\/post"}],"author":[{"embeddable":true,"href":"https:\/\/www.copealcoy.es\/es\/wp-json\/wp\/v2\/users\/1"}],"replies":[{"embeddable":true,"href":"https:\/\/www.copealcoy.es\/es\/wp-json\/wp\/v2\/comments?post=91279"}],"version-history":[{"count":0,"href":"https:\/\/www.copealcoy.es\/es\/wp-json\/wp\/v2\/posts\/91279\/revisions"}],"wp:featuredmedia":[{"embeddable":true,"href":"https:\/\/www.copealcoy.es\/es\/wp-json\/wp\/v2\/media\/65185"}],"wp:attachment":[{"href":"https:\/\/www.copealcoy.es\/es\/wp-json\/wp\/v2\/media?parent=91279"}],"wp:term":[{"taxonomy":"category","embeddable":true,"href":"https:\/\/www.copealcoy.es\/es\/wp-json\/wp\/v2\/categories?post=91279"},{"taxonomy":"post_tag","embeddable":true,"href":"https:\/\/www.copealcoy.es\/es\/wp-json\/wp\/v2\/tags?post=91279"}],"curies":[{"name":"wp","href":"https:\/\/api.w.org\/{rel}","templated":true}]}}