{"id":91243,"date":"2022-09-06T11:41:11","date_gmt":"2022-09-06T10:41:11","guid":{"rendered":"https:\/\/www.copealcoy.es\/?p=91243"},"modified":"2022-09-06T11:55:29","modified_gmt":"2022-09-06T10:55:29","slug":"tollos-el-municipio-del-comtat-mas-afectado-por-el-incendio-de-vall-debo","status":"publish","type":"post","link":"https:\/\/www.copealcoy.es\/es\/tollos-el-municipio-del-comtat-mas-afectado-por-el-incendio-de-vall-debo\/","title":{"rendered":"Tollos, el municipio del Comtat m\u00e1s afectado por el incendio de Vall d&#8217;Ebo"},"content":{"rendered":"<p style=\"text-align: justify;\">Los <strong>datos oficiales<\/strong> confirman que <strong>Tollos ha sido el municipio del Comtat con m\u00e1s superficie quemada<\/strong> a consecuencia del incendio de Vall d&#8217;Ebo declarado <strong>tras caer un rayo en la noche del pasado 13 de agosto<\/strong>. Seg\u00fan la informaci\u00f3n facilitada <strong>el municipio ha visto arrasadas unas 1.300 hect\u00e1reas<\/strong> que forman parte de las m\u00e1s de 12.000 que quem\u00f3 <a href=\"https:\/\/www.copealcoy.es\/extinguido-el-incendio-de-vall-debo-quince-dias-despues\/\"><span style=\"color: #0000ff;\"><strong>un fuego que qued\u00f3 finalmente extinguido el 27 de agosto<\/strong><\/span><\/a>, justo quince d\u00edas despu\u00e9s de haberse iniciado. El siniestro <strong>se ha cebado con parajes emblem\u00e1ticos como &#8216;El Barranc de Malaf\u00ed&#8217;, la &#8216;Font de Paet&#8217; o los llamados &#8216;Masos de Capa i Mona&#8217;<\/strong>.<\/p>\n<p style=\"text-align: justify;\">El alcalde de esta localidad del Comtat ha recordado en COPE ALCOY este martes <strong>los momentos de angustia que se vivieron<\/strong> cuando el d\u00eda 15 de agosto se les comunic\u00f3 que el pueblo ten\u00eda que ser desalojado por prevenci\u00f3n. Adem\u00e1s <strong>agradece la labor desempe\u00f1ada por los efectivos de todas las administraciones<\/strong>, especialmente del Consorcio de Bomberos de la Diputaci\u00f3n de Alicante, a la hora de trabajar para<strong> frenar unas llamas que bordearon la localidad a cincuenta metros<\/strong> &#8220;<em>lo primero que sientes es pena, al ver como la gente sale llorando de sus casas sin saber cuando podr\u00e1n regresar a ellas. Despu\u00e9s vives con incertidumbre los d\u00edas ya que, cualquier cambio desfavorable del viento, puede traer consecuencias muy dif\u00edciles e incluso llegas a sentir miedo por ver unas llamas que est\u00e1n muy cerca y que se lo pueden llevar todo por delante<\/em>&#8220;, apuntaba <strong>F\u00e9lix Frau<\/strong>.<\/p>\n<audio class=\"wp-audio-shortcode\" id=\"audio-91243-1\" preload=\"none\" style=\"width: 100%;\" controls=\"controls\"><source type=\"audio\/mpeg\" src=\"https:\/\/www.copealcoy.es\/wp-content\/uploads\/2022\/09\/2022.09.06-FE\u0301LIX-FRAU-INCENDIO-DESALOJO-MEDIODI\u0301A.mp3?_=1\" \/><a href=\"https:\/\/www.copealcoy.es\/wp-content\/uploads\/2022\/09\/2022.09.06-FE\u0301LIX-FRAU-INCENDIO-DESALOJO-MEDIODI\u0301A.mp3\">https:\/\/www.copealcoy.es\/wp-content\/uploads\/2022\/09\/2022.09.06-FE\u0301LIX-FRAU-INCENDIO-DESALOJO-MEDIODI\u0301A.mp3<\/a><\/audio>\n<p>&nbsp;<\/p>\n<p style=\"text-align: justify;\">Desde el Consistorio de esta localidad del Comtat <strong>remarcan la necesidad de coordinar esfuerzos entre todas las administraciones implicadas<\/strong> para que los montes de la comarca puedan estar limpios y en buen estado. Adem\u00e1s <strong>pone el acento en que los campos tambi\u00e9n est\u00e9n trabajados<\/strong> con el fin de evitar que se conviertan en un polvor\u00edn en verano. Para ello <strong>defiende que haya m\u00e1s ayudas dirigidas a los agricultores<\/strong> para que puedan hacer esta tareas &#8220;<em>si todos nos coordinamos podremos tener recursos de cara a frenar incendios de esta virulencia en los pr\u00f3ximos a\u00f1os y si nos alineamos podemos tambi\u00e9n conseguir que la recuperaci\u00f3n tras todo lo vivido se m\u00e1s r\u00e1pida<\/em>&#8220;, concluye <strong>F\u00e9lix Frau<\/strong>.<\/p>\n<audio class=\"wp-audio-shortcode\" id=\"audio-91243-2\" preload=\"none\" style=\"width: 100%;\" controls=\"controls\"><source type=\"audio\/mpeg\" src=\"https:\/\/www.copealcoy.es\/wp-content\/uploads\/2022\/09\/2022.09.06-FE\u0301LIX-FRAU-INCENDIO-FUTURO-MEDIODI\u0301A.mp3?_=2\" \/><a href=\"https:\/\/www.copealcoy.es\/wp-content\/uploads\/2022\/09\/2022.09.06-FE\u0301LIX-FRAU-INCENDIO-FUTURO-MEDIODI\u0301A.mp3\">https:\/\/www.copealcoy.es\/wp-content\/uploads\/2022\/09\/2022.09.06-FE\u0301LIX-FRAU-INCENDIO-FUTURO-MEDIODI\u0301A.mp3<\/a><\/audio>\n<p>&nbsp;<\/p>\n<p style=\"text-align: justify;\">Indicar que el incendio de Vall d&#8217;Ebo afect\u00f3 tambi\u00e9n a otros pueblos del Comtat. En <strong>Benimassot<\/strong> se quemaron m\u00e1s de 480 hect\u00e1reas, en <strong>Planes<\/strong> superaron las 380, en <strong>Famorca<\/strong> fueron m\u00e1s de 155, en <strong>Balones<\/strong> cerca de 30 y en <strong>Fageca<\/strong> unas 0&#8217;02, <strong>Famorca<\/strong> vio arrasadas unas 155 hect\u00e1reas.<\/p>\n<p><em>Foto: Jorge Pay\u00e0<\/em><\/p>\n","protected":false},"excerpt":{"rendered":"<p>Los datos oficiales confirman que Tollos ha sido el municipio del Comtat con m\u00e1s superficie quemada a consecuencia del incendio&#8230;<\/p>\n","protected":false},"author":1,"featured_media":91244,"comment_status":"open","ping_status":"open","sticky":false,"template":"","format":"standard","meta":{"footnotes":""},"categories":[6909,75,125],"tags":[13105,764,13060,1037,7994,13056],"class_list":["post-91243","post","type-post","status-publish","format-standard","has-post-thumbnail","hentry","category-actualidad","category-noticias","category-portada","tag-felix-frau","tag-fuego","tag-hectareas","tag-incendios-forestales","tag-tollos","tag-vall-debo"],"yoast_head":"<!-- This site is optimized with the Yoast SEO plugin v27.3 - https:\/\/yoast.com\/product\/yoast-seo-wordpress\/ -->\n<title>Tollos, el municipio del Comtat m\u00e1s afectado por el incendio de Vall d&#039;Ebo - COPE Alcoy<\/title>\n<meta name=\"robots\" content=\"index, follow, max-snippet:-1, max-image-preview:large, max-video-preview:-1\" \/>\n<link rel=\"canonical\" href=\"https:\/\/www.copealcoy.es\/es\/tollos-el-municipio-del-comtat-mas-afectado-por-el-incendio-de-vall-debo\/\" \/>\n<meta property=\"og:locale\" content=\"es_ES\" \/>\n<meta property=\"og:type\" content=\"article\" \/>\n<meta property=\"og:title\" content=\"Tollos, el municipio del Comtat m\u00e1s afectado por el incendio de Vall d&#039;Ebo - COPE Alcoy\" \/>\n<meta property=\"og:description\" content=\"Los datos oficiales confirman que Tollos ha sido el municipio del Comtat con m\u00e1s superficie quemada a consecuencia del incendio...\" \/>\n<meta property=\"og:url\" content=\"https:\/\/www.copealcoy.es\/es\/tollos-el-municipio-del-comtat-mas-afectado-por-el-incendio-de-vall-debo\/\" \/>\n<meta property=\"og:site_name\" content=\"COPE Alcoy\" \/>\n<meta property=\"article:published_time\" content=\"2022-09-06T10:41:11+00:00\" \/>\n<meta property=\"article:modified_time\" content=\"2022-09-06T10:55:29+00:00\" \/>\n<meta property=\"og:image\" content=\"https:\/\/www.copealcoy.es\/wp-content\/uploads\/2022\/09\/299793713_2683658948473952_7263896098485502507_n-e1662459011176.jpg\" \/>\n\t<meta property=\"og:image:width\" content=\"640\" \/>\n\t<meta property=\"og:image:height\" content=\"479\" \/>\n\t<meta property=\"og:image:type\" content=\"image\/jpeg\" \/>\n<meta name=\"author\" content=\"Cope Alcoy\" \/>\n<meta name=\"twitter:label1\" content=\"Escrito por\" \/>\n\t<meta name=\"twitter:data1\" content=\"Cope Alcoy\" \/>\n\t<meta name=\"twitter:label2\" content=\"Tiempo de lectura\" \/>\n\t<meta name=\"twitter:data2\" content=\"2 minutos\" \/>\n<script type=\"application\/ld+json\" class=\"yoast-schema-graph\">{\"@context\":\"https:\\\/\\\/schema.org\",\"@graph\":[{\"@type\":\"Article\",\"@id\":\"https:\\\/\\\/www.copealcoy.es\\\/es\\\/tollos-el-municipio-del-comtat-mas-afectado-por-el-incendio-de-vall-debo\\\/#article\",\"isPartOf\":{\"@id\":\"https:\\\/\\\/www.copealcoy.es\\\/es\\\/tollos-el-municipio-del-comtat-mas-afectado-por-el-incendio-de-vall-debo\\\/\"},\"author\":{\"name\":\"Cope Alcoy\",\"@id\":\"https:\\\/\\\/www.copealcoy.es\\\/es\\\/#\\\/schema\\\/person\\\/e777c87fa024e57d40170af9df39882c\"},\"headline\":\"Tollos, el municipio del Comtat m\u00e1s afectado por el incendio de Vall d&#8217;Ebo\",\"datePublished\":\"2022-09-06T10:41:11+00:00\",\"dateModified\":\"2022-09-06T10:55:29+00:00\",\"mainEntityOfPage\":{\"@id\":\"https:\\\/\\\/www.copealcoy.es\\\/es\\\/tollos-el-municipio-del-comtat-mas-afectado-por-el-incendio-de-vall-debo\\\/\"},\"wordCount\":480,\"commentCount\":0,\"image\":{\"@id\":\"https:\\\/\\\/www.copealcoy.es\\\/es\\\/tollos-el-municipio-del-comtat-mas-afectado-por-el-incendio-de-vall-debo\\\/#primaryimage\"},\"thumbnailUrl\":\"https:\\\/\\\/www.copealcoy.es\\\/wp-content\\\/uploads\\\/2022\\\/09\\\/299793713_2683658948473952_7263896098485502507_n-e1662459011176.jpg\",\"keywords\":[\"F\u00e9lix Frau\",\"Fuego\",\"hect\u00e1reas\",\"Incendios Forestales\",\"Tollos\",\"Vall d'Ebo\"],\"articleSection\":[\"Actualidad\",\"Noticias\",\"Portada\"],\"inLanguage\":\"es\"},{\"@type\":\"WebPage\",\"@id\":\"https:\\\/\\\/www.copealcoy.es\\\/es\\\/tollos-el-municipio-del-comtat-mas-afectado-por-el-incendio-de-vall-debo\\\/\",\"url\":\"https:\\\/\\\/www.copealcoy.es\\\/es\\\/tollos-el-municipio-del-comtat-mas-afectado-por-el-incendio-de-vall-debo\\\/\",\"name\":\"Tollos, el municipio del Comtat m\u00e1s afectado por el incendio de Vall d'Ebo - COPE Alcoy\",\"isPartOf\":{\"@id\":\"https:\\\/\\\/www.copealcoy.es\\\/es\\\/#website\"},\"primaryImageOfPage\":{\"@id\":\"https:\\\/\\\/www.copealcoy.es\\\/es\\\/tollos-el-municipio-del-comtat-mas-afectado-por-el-incendio-de-vall-debo\\\/#primaryimage\"},\"image\":{\"@id\":\"https:\\\/\\\/www.copealcoy.es\\\/es\\\/tollos-el-municipio-del-comtat-mas-afectado-por-el-incendio-de-vall-debo\\\/#primaryimage\"},\"thumbnailUrl\":\"https:\\\/\\\/www.copealcoy.es\\\/wp-content\\\/uploads\\\/2022\\\/09\\\/299793713_2683658948473952_7263896098485502507_n-e1662459011176.jpg\",\"datePublished\":\"2022-09-06T10:41:11+00:00\",\"dateModified\":\"2022-09-06T10:55:29+00:00\",\"author\":{\"@id\":\"https:\\\/\\\/www.copealcoy.es\\\/es\\\/#\\\/schema\\\/person\\\/e777c87fa024e57d40170af9df39882c\"},\"breadcrumb\":{\"@id\":\"https:\\\/\\\/www.copealcoy.es\\\/es\\\/tollos-el-municipio-del-comtat-mas-afectado-por-el-incendio-de-vall-debo\\\/#breadcrumb\"},\"inLanguage\":\"es\",\"potentialAction\":[{\"@type\":\"ReadAction\",\"target\":[\"https:\\\/\\\/www.copealcoy.es\\\/es\\\/tollos-el-municipio-del-comtat-mas-afectado-por-el-incendio-de-vall-debo\\\/\"]}]},{\"@type\":\"ImageObject\",\"inLanguage\":\"es\",\"@id\":\"https:\\\/\\\/www.copealcoy.es\\\/es\\\/tollos-el-municipio-del-comtat-mas-afectado-por-el-incendio-de-vall-debo\\\/#primaryimage\",\"url\":\"https:\\\/\\\/www.copealcoy.es\\\/wp-content\\\/uploads\\\/2022\\\/09\\\/299793713_2683658948473952_7263896098485502507_n-e1662459011176.jpg\",\"contentUrl\":\"https:\\\/\\\/www.copealcoy.es\\\/wp-content\\\/uploads\\\/2022\\\/09\\\/299793713_2683658948473952_7263896098485502507_n-e1662459011176.jpg\",\"width\":640,\"height\":479},{\"@type\":\"BreadcrumbList\",\"@id\":\"https:\\\/\\\/www.copealcoy.es\\\/es\\\/tollos-el-municipio-del-comtat-mas-afectado-por-el-incendio-de-vall-debo\\\/#breadcrumb\",\"itemListElement\":[{\"@type\":\"ListItem\",\"position\":1,\"name\":\"Portada\",\"item\":\"https:\\\/\\\/www.copealcoy.es\\\/es\\\/\"},{\"@type\":\"ListItem\",\"position\":2,\"name\":\"Tollos, el municipio del Comtat m\u00e1s afectado por el incendio de Vall d&#8217;Ebo\"}]},{\"@type\":\"WebSite\",\"@id\":\"https:\\\/\\\/www.copealcoy.es\\\/es\\\/#website\",\"url\":\"https:\\\/\\\/www.copealcoy.es\\\/es\\\/\",\"name\":\"COPE Alcoy\",\"description\":\"Emisora COPE de radio local con emisi\u00f3n online. Pont de Sant Jordi 8-10 03803 Alcoy\",\"potentialAction\":[{\"@type\":\"SearchAction\",\"target\":{\"@type\":\"EntryPoint\",\"urlTemplate\":\"https:\\\/\\\/www.copealcoy.es\\\/es\\\/?s={search_term_string}\"},\"query-input\":{\"@type\":\"PropertyValueSpecification\",\"valueRequired\":true,\"valueName\":\"search_term_string\"}}],\"inLanguage\":\"es\"},{\"@type\":\"Person\",\"@id\":\"https:\\\/\\\/www.copealcoy.es\\\/es\\\/#\\\/schema\\\/person\\\/e777c87fa024e57d40170af9df39882c\",\"name\":\"Cope Alcoy\",\"image\":{\"@type\":\"ImageObject\",\"inLanguage\":\"es\",\"@id\":\"https:\\\/\\\/secure.gravatar.com\\\/avatar\\\/bb65d0283347e303893ba14f0692005417c1e0e690a325a4c5d8bb2b3943ee14?s=96&d=mm&r=g\",\"url\":\"https:\\\/\\\/secure.gravatar.com\\\/avatar\\\/bb65d0283347e303893ba14f0692005417c1e0e690a325a4c5d8bb2b3943ee14?s=96&d=mm&r=g\",\"contentUrl\":\"https:\\\/\\\/secure.gravatar.com\\\/avatar\\\/bb65d0283347e303893ba14f0692005417c1e0e690a325a4c5d8bb2b3943ee14?s=96&d=mm&r=g\",\"caption\":\"Cope Alcoy\"}}]}<\/script>\n<!-- \/ Yoast SEO plugin. -->","yoast_head_json":{"title":"Tollos, el municipio del Comtat m\u00e1s afectado por el incendio de Vall d'Ebo - COPE Alcoy","robots":{"index":"index","follow":"follow","max-snippet":"max-snippet:-1","max-image-preview":"max-image-preview:large","max-video-preview":"max-video-preview:-1"},"canonical":"https:\/\/www.copealcoy.es\/es\/tollos-el-municipio-del-comtat-mas-afectado-por-el-incendio-de-vall-debo\/","og_locale":"es_ES","og_type":"article","og_title":"Tollos, el municipio del Comtat m\u00e1s afectado por el incendio de Vall d'Ebo - COPE Alcoy","og_description":"Los datos oficiales confirman que Tollos ha sido el municipio del Comtat con m\u00e1s superficie quemada a consecuencia del incendio...","og_url":"https:\/\/www.copealcoy.es\/es\/tollos-el-municipio-del-comtat-mas-afectado-por-el-incendio-de-vall-debo\/","og_site_name":"COPE Alcoy","article_published_time":"2022-09-06T10:41:11+00:00","article_modified_time":"2022-09-06T10:55:29+00:00","og_image":[{"width":640,"height":479,"url":"https:\/\/www.copealcoy.es\/wp-content\/uploads\/2022\/09\/299793713_2683658948473952_7263896098485502507_n-e1662459011176.jpg","type":"image\/jpeg"}],"author":"Cope Alcoy","twitter_misc":{"Escrito por":"Cope Alcoy","Tiempo de lectura":"2 minutos"},"schema":{"@context":"https:\/\/schema.org","@graph":[{"@type":"Article","@id":"https:\/\/www.copealcoy.es\/es\/tollos-el-municipio-del-comtat-mas-afectado-por-el-incendio-de-vall-debo\/#article","isPartOf":{"@id":"https:\/\/www.copealcoy.es\/es\/tollos-el-municipio-del-comtat-mas-afectado-por-el-incendio-de-vall-debo\/"},"author":{"name":"Cope Alcoy","@id":"https:\/\/www.copealcoy.es\/es\/#\/schema\/person\/e777c87fa024e57d40170af9df39882c"},"headline":"Tollos, el municipio del Comtat m\u00e1s afectado por el incendio de Vall d&#8217;Ebo","datePublished":"2022-09-06T10:41:11+00:00","dateModified":"2022-09-06T10:55:29+00:00","mainEntityOfPage":{"@id":"https:\/\/www.copealcoy.es\/es\/tollos-el-municipio-del-comtat-mas-afectado-por-el-incendio-de-vall-debo\/"},"wordCount":480,"commentCount":0,"image":{"@id":"https:\/\/www.copealcoy.es\/es\/tollos-el-municipio-del-comtat-mas-afectado-por-el-incendio-de-vall-debo\/#primaryimage"},"thumbnailUrl":"https:\/\/www.copealcoy.es\/wp-content\/uploads\/2022\/09\/299793713_2683658948473952_7263896098485502507_n-e1662459011176.jpg","keywords":["F\u00e9lix Frau","Fuego","hect\u00e1reas","Incendios Forestales","Tollos","Vall d'Ebo"],"articleSection":["Actualidad","Noticias","Portada"],"inLanguage":"es"},{"@type":"WebPage","@id":"https:\/\/www.copealcoy.es\/es\/tollos-el-municipio-del-comtat-mas-afectado-por-el-incendio-de-vall-debo\/","url":"https:\/\/www.copealcoy.es\/es\/tollos-el-municipio-del-comtat-mas-afectado-por-el-incendio-de-vall-debo\/","name":"Tollos, el municipio del Comtat m\u00e1s afectado por el incendio de Vall d'Ebo - COPE Alcoy","isPartOf":{"@id":"https:\/\/www.copealcoy.es\/es\/#website"},"primaryImageOfPage":{"@id":"https:\/\/www.copealcoy.es\/es\/tollos-el-municipio-del-comtat-mas-afectado-por-el-incendio-de-vall-debo\/#primaryimage"},"image":{"@id":"https:\/\/www.copealcoy.es\/es\/tollos-el-municipio-del-comtat-mas-afectado-por-el-incendio-de-vall-debo\/#primaryimage"},"thumbnailUrl":"https:\/\/www.copealcoy.es\/wp-content\/uploads\/2022\/09\/299793713_2683658948473952_7263896098485502507_n-e1662459011176.jpg","datePublished":"2022-09-06T10:41:11+00:00","dateModified":"2022-09-06T10:55:29+00:00","author":{"@id":"https:\/\/www.copealcoy.es\/es\/#\/schema\/person\/e777c87fa024e57d40170af9df39882c"},"breadcrumb":{"@id":"https:\/\/www.copealcoy.es\/es\/tollos-el-municipio-del-comtat-mas-afectado-por-el-incendio-de-vall-debo\/#breadcrumb"},"inLanguage":"es","potentialAction":[{"@type":"ReadAction","target":["https:\/\/www.copealcoy.es\/es\/tollos-el-municipio-del-comtat-mas-afectado-por-el-incendio-de-vall-debo\/"]}]},{"@type":"ImageObject","inLanguage":"es","@id":"https:\/\/www.copealcoy.es\/es\/tollos-el-municipio-del-comtat-mas-afectado-por-el-incendio-de-vall-debo\/#primaryimage","url":"https:\/\/www.copealcoy.es\/wp-content\/uploads\/2022\/09\/299793713_2683658948473952_7263896098485502507_n-e1662459011176.jpg","contentUrl":"https:\/\/www.copealcoy.es\/wp-content\/uploads\/2022\/09\/299793713_2683658948473952_7263896098485502507_n-e1662459011176.jpg","width":640,"height":479},{"@type":"BreadcrumbList","@id":"https:\/\/www.copealcoy.es\/es\/tollos-el-municipio-del-comtat-mas-afectado-por-el-incendio-de-vall-debo\/#breadcrumb","itemListElement":[{"@type":"ListItem","position":1,"name":"Portada","item":"https:\/\/www.copealcoy.es\/es\/"},{"@type":"ListItem","position":2,"name":"Tollos, el municipio del Comtat m\u00e1s afectado por el incendio de Vall d&#8217;Ebo"}]},{"@type":"WebSite","@id":"https:\/\/www.copealcoy.es\/es\/#website","url":"https:\/\/www.copealcoy.es\/es\/","name":"COPE Alcoy","description":"Emisora COPE de radio local con emisi\u00f3n online. Pont de Sant Jordi 8-10 03803 Alcoy","potentialAction":[{"@type":"SearchAction","target":{"@type":"EntryPoint","urlTemplate":"https:\/\/www.copealcoy.es\/es\/?s={search_term_string}"},"query-input":{"@type":"PropertyValueSpecification","valueRequired":true,"valueName":"search_term_string"}}],"inLanguage":"es"},{"@type":"Person","@id":"https:\/\/www.copealcoy.es\/es\/#\/schema\/person\/e777c87fa024e57d40170af9df39882c","name":"Cope Alcoy","image":{"@type":"ImageObject","inLanguage":"es","@id":"https:\/\/secure.gravatar.com\/avatar\/bb65d0283347e303893ba14f0692005417c1e0e690a325a4c5d8bb2b3943ee14?s=96&d=mm&r=g","url":"https:\/\/secure.gravatar.com\/avatar\/bb65d0283347e303893ba14f0692005417c1e0e690a325a4c5d8bb2b3943ee14?s=96&d=mm&r=g","contentUrl":"https:\/\/secure.gravatar.com\/avatar\/bb65d0283347e303893ba14f0692005417c1e0e690a325a4c5d8bb2b3943ee14?s=96&d=mm&r=g","caption":"Cope Alcoy"}}]}},"_links":{"self":[{"href":"https:\/\/www.copealcoy.es\/es\/wp-json\/wp\/v2\/posts\/91243","targetHints":{"allow":["GET"]}}],"collection":[{"href":"https:\/\/www.copealcoy.es\/es\/wp-json\/wp\/v2\/posts"}],"about":[{"href":"https:\/\/www.copealcoy.es\/es\/wp-json\/wp\/v2\/types\/post"}],"author":[{"embeddable":true,"href":"https:\/\/www.copealcoy.es\/es\/wp-json\/wp\/v2\/users\/1"}],"replies":[{"embeddable":true,"href":"https:\/\/www.copealcoy.es\/es\/wp-json\/wp\/v2\/comments?post=91243"}],"version-history":[{"count":0,"href":"https:\/\/www.copealcoy.es\/es\/wp-json\/wp\/v2\/posts\/91243\/revisions"}],"wp:featuredmedia":[{"embeddable":true,"href":"https:\/\/www.copealcoy.es\/es\/wp-json\/wp\/v2\/media\/91244"}],"wp:attachment":[{"href":"https:\/\/www.copealcoy.es\/es\/wp-json\/wp\/v2\/media?parent=91243"}],"wp:term":[{"taxonomy":"category","embeddable":true,"href":"https:\/\/www.copealcoy.es\/es\/wp-json\/wp\/v2\/categories?post=91243"},{"taxonomy":"post_tag","embeddable":true,"href":"https:\/\/www.copealcoy.es\/es\/wp-json\/wp\/v2\/tags?post=91243"}],"curies":[{"name":"wp","href":"https:\/\/api.w.org\/{rel}","templated":true}]}}