{"id":91185,"date":"2022-09-06T06:27:01","date_gmt":"2022-09-06T05:27:01","guid":{"rendered":"https:\/\/www.copealcoy.es\/?p=91185"},"modified":"2022-09-06T06:27:30","modified_gmt":"2022-09-06T05:27:30","slug":"detenidos-dos-jovenes-tras-danar-de-manera-intencionada-hasta-50-vehiculos-en-alcoy","status":"publish","type":"post","link":"https:\/\/www.copealcoy.es\/es\/detenidos-dos-jovenes-tras-danar-de-manera-intencionada-hasta-50-vehiculos-en-alcoy\/","title":{"rendered":"Detenidos dos j\u00f3venes tras da\u00f1ar de manera intencionada hasta 50 veh\u00edculos en Alcoy"},"content":{"rendered":"<p style=\"text-align: justify;\">Dos<strong> j\u00f3venes de 19 y 20 a\u00f1os<\/strong> han sido detenidos en Alcoy por <strong>da\u00f1ar hasta 48 veh\u00edculos entre coches y motos<\/strong> durante la madrugada. Seg\u00fan la informaci\u00f3n facilitada, <strong>abrieron maleteros de diversos veh\u00edculos estacionados<\/strong> y esparcieron por la calle todos los objetos que encontraban, adem\u00e1s de volcar motocicletas.<\/p>\n<p>Los agentes <strong>se desplazaron al lugar y localizaron por las inmediaciones<\/strong> a dos j\u00f3venes totalmente coincidentes en caracter\u00edsticas f\u00edsicas y de vestimenta con las aportadas por los testigos. Uno de estos dos j\u00f3venes <strong>intent\u00f3 huir a la carrera<\/strong> en el instante en el que detect\u00f3 la presencia policial, pero fue perseguido, interceptado y detenido.<\/p>\n<p>Una vez detenidos ambos, uno de los arrestados <strong>dio datos a los agentes sobre las calles por donde hab\u00edan ido provocando da\u00f1os a los veh\u00edculos<\/strong>. En este sentido los agentes comprobaron que hab\u00eda numerosos veh\u00edculos con los espejos retrovisores colgando en su mayor\u00eda, lleg\u00e1ndose a contabilizar y tomar nota de <strong>hasta 48<\/strong>\u00a0entre coches con da\u00f1os en los espejos retrovisores y motos volcadas.<\/p>\n<p>Los agentes tambi\u00e9n constataron que los presuntos autores <strong>hab\u00edan abierto incluso el maletero de alguno de los veh\u00edculos afectados y revuelto todo su interior.<\/strong> Todo ello para luego <strong>esparcir los objetos<\/strong> que hab\u00eda dentro por el suelo.<\/p>\n<p>Recordar que los detenidos, de 19 y 20 a\u00f1os de edad, de nacionalidad espa\u00f1ola y sin antecedentes previos; f<strong>ueron puestos a disposici\u00f3n de los Juzgados de la ciudad<\/strong>.<\/p>\n","protected":false},"excerpt":{"rendered":"<p>Dos j\u00f3venes de 19 y 20 a\u00f1os han sido detenidos en Alcoy por da\u00f1ar hasta 48 veh\u00edculos entre coches y&#8230;<\/p>\n","protected":false},"author":1,"featured_media":90182,"comment_status":"open","ping_status":"open","sticky":false,"template":"","format":"standard","meta":{"footnotes":""},"categories":[6909,97,75,79],"tags":[189,1393,443,1836,386],"class_list":["post-91185","post","type-post","status-publish","format-standard","has-post-thumbnail","hentry","category-actualidad","category-alcoy","category-noticias","category-politicayeconomia","tag-danos","tag-detencion","tag-jovenes","tag-policia-nacional","tag-vehiculos"],"yoast_head":"<!-- This site is optimized with the Yoast SEO plugin v27.3 - https:\/\/yoast.com\/product\/yoast-seo-wordpress\/ -->\n<title>Detenidos dos j\u00f3venes tras da\u00f1ar de manera intencionada hasta 50 veh\u00edculos en Alcoy - COPE Alcoy<\/title>\n<meta name=\"robots\" content=\"index, follow, max-snippet:-1, max-image-preview:large, max-video-preview:-1\" \/>\n<link rel=\"canonical\" href=\"https:\/\/www.copealcoy.es\/es\/detenidos-dos-jovenes-tras-danar-de-manera-intencionada-hasta-50-vehiculos-en-alcoy\/\" \/>\n<meta property=\"og:locale\" content=\"es_ES\" \/>\n<meta property=\"og:type\" content=\"article\" \/>\n<meta property=\"og:title\" content=\"Detenidos dos j\u00f3venes tras da\u00f1ar de manera intencionada hasta 50 veh\u00edculos en Alcoy - COPE Alcoy\" \/>\n<meta property=\"og:description\" content=\"Dos j\u00f3venes de 19 y 20 a\u00f1os han sido detenidos en Alcoy por da\u00f1ar hasta 48 veh\u00edculos entre coches y...\" \/>\n<meta property=\"og:url\" content=\"https:\/\/www.copealcoy.es\/es\/detenidos-dos-jovenes-tras-danar-de-manera-intencionada-hasta-50-vehiculos-en-alcoy\/\" \/>\n<meta property=\"og:site_name\" content=\"COPE Alcoy\" \/>\n<meta property=\"article:published_time\" content=\"2022-09-06T05:27:01+00:00\" \/>\n<meta property=\"article:modified_time\" content=\"2022-09-06T05:27:30+00:00\" \/>\n<meta property=\"og:image\" content=\"https:\/\/www.copealcoy.es\/wp-content\/uploads\/2022\/07\/Foto-Archivo-Alcoy-scaled-e1662441708882.jpg\" \/>\n\t<meta property=\"og:image:width\" content=\"640\" \/>\n\t<meta property=\"og:image:height\" content=\"603\" \/>\n\t<meta property=\"og:image:type\" content=\"image\/jpeg\" \/>\n<meta name=\"author\" content=\"Cope Alcoy\" \/>\n<meta name=\"twitter:label1\" content=\"Escrito por\" \/>\n\t<meta name=\"twitter:data1\" content=\"Cope Alcoy\" \/>\n\t<meta name=\"twitter:label2\" content=\"Tiempo de lectura\" \/>\n\t<meta name=\"twitter:data2\" content=\"2 minutos\" \/>\n<script type=\"application\/ld+json\" class=\"yoast-schema-graph\">{\"@context\":\"https:\\\/\\\/schema.org\",\"@graph\":[{\"@type\":\"Article\",\"@id\":\"https:\\\/\\\/www.copealcoy.es\\\/es\\\/detenidos-dos-jovenes-tras-danar-de-manera-intencionada-hasta-50-vehiculos-en-alcoy\\\/#article\",\"isPartOf\":{\"@id\":\"https:\\\/\\\/www.copealcoy.es\\\/es\\\/detenidos-dos-jovenes-tras-danar-de-manera-intencionada-hasta-50-vehiculos-en-alcoy\\\/\"},\"author\":{\"name\":\"Cope Alcoy\",\"@id\":\"https:\\\/\\\/www.copealcoy.es\\\/es\\\/#\\\/schema\\\/person\\\/e777c87fa024e57d40170af9df39882c\"},\"headline\":\"Detenidos dos j\u00f3venes tras da\u00f1ar de manera intencionada hasta 50 veh\u00edculos en Alcoy\",\"datePublished\":\"2022-09-06T05:27:01+00:00\",\"dateModified\":\"2022-09-06T05:27:30+00:00\",\"mainEntityOfPage\":{\"@id\":\"https:\\\/\\\/www.copealcoy.es\\\/es\\\/detenidos-dos-jovenes-tras-danar-de-manera-intencionada-hasta-50-vehiculos-en-alcoy\\\/\"},\"wordCount\":266,\"commentCount\":0,\"image\":{\"@id\":\"https:\\\/\\\/www.copealcoy.es\\\/es\\\/detenidos-dos-jovenes-tras-danar-de-manera-intencionada-hasta-50-vehiculos-en-alcoy\\\/#primaryimage\"},\"thumbnailUrl\":\"https:\\\/\\\/www.copealcoy.es\\\/wp-content\\\/uploads\\\/2022\\\/07\\\/Foto-Archivo-Alcoy-scaled-e1662441708882.jpg\",\"keywords\":[\"Da\u00f1os\",\"detenci\u00f3n\",\"J\u00f3venes\",\"Polic\u00eda Nacional\",\"Veh\u00edculos\"],\"articleSection\":[\"Actualidad\",\"Alcoy\",\"Noticias\",\"Pol\u00edtica y Econom\u00eda\"],\"inLanguage\":\"es\"},{\"@type\":\"WebPage\",\"@id\":\"https:\\\/\\\/www.copealcoy.es\\\/es\\\/detenidos-dos-jovenes-tras-danar-de-manera-intencionada-hasta-50-vehiculos-en-alcoy\\\/\",\"url\":\"https:\\\/\\\/www.copealcoy.es\\\/es\\\/detenidos-dos-jovenes-tras-danar-de-manera-intencionada-hasta-50-vehiculos-en-alcoy\\\/\",\"name\":\"Detenidos dos j\u00f3venes tras da\u00f1ar de manera intencionada hasta 50 veh\u00edculos en Alcoy - COPE Alcoy\",\"isPartOf\":{\"@id\":\"https:\\\/\\\/www.copealcoy.es\\\/es\\\/#website\"},\"primaryImageOfPage\":{\"@id\":\"https:\\\/\\\/www.copealcoy.es\\\/es\\\/detenidos-dos-jovenes-tras-danar-de-manera-intencionada-hasta-50-vehiculos-en-alcoy\\\/#primaryimage\"},\"image\":{\"@id\":\"https:\\\/\\\/www.copealcoy.es\\\/es\\\/detenidos-dos-jovenes-tras-danar-de-manera-intencionada-hasta-50-vehiculos-en-alcoy\\\/#primaryimage\"},\"thumbnailUrl\":\"https:\\\/\\\/www.copealcoy.es\\\/wp-content\\\/uploads\\\/2022\\\/07\\\/Foto-Archivo-Alcoy-scaled-e1662441708882.jpg\",\"datePublished\":\"2022-09-06T05:27:01+00:00\",\"dateModified\":\"2022-09-06T05:27:30+00:00\",\"author\":{\"@id\":\"https:\\\/\\\/www.copealcoy.es\\\/es\\\/#\\\/schema\\\/person\\\/e777c87fa024e57d40170af9df39882c\"},\"breadcrumb\":{\"@id\":\"https:\\\/\\\/www.copealcoy.es\\\/es\\\/detenidos-dos-jovenes-tras-danar-de-manera-intencionada-hasta-50-vehiculos-en-alcoy\\\/#breadcrumb\"},\"inLanguage\":\"es\",\"potentialAction\":[{\"@type\":\"ReadAction\",\"target\":[\"https:\\\/\\\/www.copealcoy.es\\\/es\\\/detenidos-dos-jovenes-tras-danar-de-manera-intencionada-hasta-50-vehiculos-en-alcoy\\\/\"]}]},{\"@type\":\"ImageObject\",\"inLanguage\":\"es\",\"@id\":\"https:\\\/\\\/www.copealcoy.es\\\/es\\\/detenidos-dos-jovenes-tras-danar-de-manera-intencionada-hasta-50-vehiculos-en-alcoy\\\/#primaryimage\",\"url\":\"https:\\\/\\\/www.copealcoy.es\\\/wp-content\\\/uploads\\\/2022\\\/07\\\/Foto-Archivo-Alcoy-scaled-e1662441708882.jpg\",\"contentUrl\":\"https:\\\/\\\/www.copealcoy.es\\\/wp-content\\\/uploads\\\/2022\\\/07\\\/Foto-Archivo-Alcoy-scaled-e1662441708882.jpg\",\"width\":640,\"height\":603},{\"@type\":\"BreadcrumbList\",\"@id\":\"https:\\\/\\\/www.copealcoy.es\\\/es\\\/detenidos-dos-jovenes-tras-danar-de-manera-intencionada-hasta-50-vehiculos-en-alcoy\\\/#breadcrumb\",\"itemListElement\":[{\"@type\":\"ListItem\",\"position\":1,\"name\":\"Portada\",\"item\":\"https:\\\/\\\/www.copealcoy.es\\\/es\\\/\"},{\"@type\":\"ListItem\",\"position\":2,\"name\":\"Detenidos dos j\u00f3venes tras da\u00f1ar de manera intencionada hasta 50 veh\u00edculos en Alcoy\"}]},{\"@type\":\"WebSite\",\"@id\":\"https:\\\/\\\/www.copealcoy.es\\\/es\\\/#website\",\"url\":\"https:\\\/\\\/www.copealcoy.es\\\/es\\\/\",\"name\":\"COPE Alcoy\",\"description\":\"Emisora COPE de radio local con emisi\u00f3n online. Pont de Sant Jordi 8-10 03803 Alcoy\",\"potentialAction\":[{\"@type\":\"SearchAction\",\"target\":{\"@type\":\"EntryPoint\",\"urlTemplate\":\"https:\\\/\\\/www.copealcoy.es\\\/es\\\/?s={search_term_string}\"},\"query-input\":{\"@type\":\"PropertyValueSpecification\",\"valueRequired\":true,\"valueName\":\"search_term_string\"}}],\"inLanguage\":\"es\"},{\"@type\":\"Person\",\"@id\":\"https:\\\/\\\/www.copealcoy.es\\\/es\\\/#\\\/schema\\\/person\\\/e777c87fa024e57d40170af9df39882c\",\"name\":\"Cope Alcoy\",\"image\":{\"@type\":\"ImageObject\",\"inLanguage\":\"es\",\"@id\":\"https:\\\/\\\/secure.gravatar.com\\\/avatar\\\/bb65d0283347e303893ba14f0692005417c1e0e690a325a4c5d8bb2b3943ee14?s=96&d=mm&r=g\",\"url\":\"https:\\\/\\\/secure.gravatar.com\\\/avatar\\\/bb65d0283347e303893ba14f0692005417c1e0e690a325a4c5d8bb2b3943ee14?s=96&d=mm&r=g\",\"contentUrl\":\"https:\\\/\\\/secure.gravatar.com\\\/avatar\\\/bb65d0283347e303893ba14f0692005417c1e0e690a325a4c5d8bb2b3943ee14?s=96&d=mm&r=g\",\"caption\":\"Cope Alcoy\"}}]}<\/script>\n<!-- \/ Yoast SEO plugin. -->","yoast_head_json":{"title":"Detenidos dos j\u00f3venes tras da\u00f1ar de manera intencionada hasta 50 veh\u00edculos en Alcoy - COPE Alcoy","robots":{"index":"index","follow":"follow","max-snippet":"max-snippet:-1","max-image-preview":"max-image-preview:large","max-video-preview":"max-video-preview:-1"},"canonical":"https:\/\/www.copealcoy.es\/es\/detenidos-dos-jovenes-tras-danar-de-manera-intencionada-hasta-50-vehiculos-en-alcoy\/","og_locale":"es_ES","og_type":"article","og_title":"Detenidos dos j\u00f3venes tras da\u00f1ar de manera intencionada hasta 50 veh\u00edculos en Alcoy - COPE Alcoy","og_description":"Dos j\u00f3venes de 19 y 20 a\u00f1os han sido detenidos en Alcoy por da\u00f1ar hasta 48 veh\u00edculos entre coches y...","og_url":"https:\/\/www.copealcoy.es\/es\/detenidos-dos-jovenes-tras-danar-de-manera-intencionada-hasta-50-vehiculos-en-alcoy\/","og_site_name":"COPE Alcoy","article_published_time":"2022-09-06T05:27:01+00:00","article_modified_time":"2022-09-06T05:27:30+00:00","og_image":[{"width":640,"height":603,"url":"https:\/\/www.copealcoy.es\/wp-content\/uploads\/2022\/07\/Foto-Archivo-Alcoy-scaled-e1662441708882.jpg","type":"image\/jpeg"}],"author":"Cope Alcoy","twitter_misc":{"Escrito por":"Cope Alcoy","Tiempo de lectura":"2 minutos"},"schema":{"@context":"https:\/\/schema.org","@graph":[{"@type":"Article","@id":"https:\/\/www.copealcoy.es\/es\/detenidos-dos-jovenes-tras-danar-de-manera-intencionada-hasta-50-vehiculos-en-alcoy\/#article","isPartOf":{"@id":"https:\/\/www.copealcoy.es\/es\/detenidos-dos-jovenes-tras-danar-de-manera-intencionada-hasta-50-vehiculos-en-alcoy\/"},"author":{"name":"Cope Alcoy","@id":"https:\/\/www.copealcoy.es\/es\/#\/schema\/person\/e777c87fa024e57d40170af9df39882c"},"headline":"Detenidos dos j\u00f3venes tras da\u00f1ar de manera intencionada hasta 50 veh\u00edculos en Alcoy","datePublished":"2022-09-06T05:27:01+00:00","dateModified":"2022-09-06T05:27:30+00:00","mainEntityOfPage":{"@id":"https:\/\/www.copealcoy.es\/es\/detenidos-dos-jovenes-tras-danar-de-manera-intencionada-hasta-50-vehiculos-en-alcoy\/"},"wordCount":266,"commentCount":0,"image":{"@id":"https:\/\/www.copealcoy.es\/es\/detenidos-dos-jovenes-tras-danar-de-manera-intencionada-hasta-50-vehiculos-en-alcoy\/#primaryimage"},"thumbnailUrl":"https:\/\/www.copealcoy.es\/wp-content\/uploads\/2022\/07\/Foto-Archivo-Alcoy-scaled-e1662441708882.jpg","keywords":["Da\u00f1os","detenci\u00f3n","J\u00f3venes","Polic\u00eda Nacional","Veh\u00edculos"],"articleSection":["Actualidad","Alcoy","Noticias","Pol\u00edtica y Econom\u00eda"],"inLanguage":"es"},{"@type":"WebPage","@id":"https:\/\/www.copealcoy.es\/es\/detenidos-dos-jovenes-tras-danar-de-manera-intencionada-hasta-50-vehiculos-en-alcoy\/","url":"https:\/\/www.copealcoy.es\/es\/detenidos-dos-jovenes-tras-danar-de-manera-intencionada-hasta-50-vehiculos-en-alcoy\/","name":"Detenidos dos j\u00f3venes tras da\u00f1ar de manera intencionada hasta 50 veh\u00edculos en Alcoy - COPE Alcoy","isPartOf":{"@id":"https:\/\/www.copealcoy.es\/es\/#website"},"primaryImageOfPage":{"@id":"https:\/\/www.copealcoy.es\/es\/detenidos-dos-jovenes-tras-danar-de-manera-intencionada-hasta-50-vehiculos-en-alcoy\/#primaryimage"},"image":{"@id":"https:\/\/www.copealcoy.es\/es\/detenidos-dos-jovenes-tras-danar-de-manera-intencionada-hasta-50-vehiculos-en-alcoy\/#primaryimage"},"thumbnailUrl":"https:\/\/www.copealcoy.es\/wp-content\/uploads\/2022\/07\/Foto-Archivo-Alcoy-scaled-e1662441708882.jpg","datePublished":"2022-09-06T05:27:01+00:00","dateModified":"2022-09-06T05:27:30+00:00","author":{"@id":"https:\/\/www.copealcoy.es\/es\/#\/schema\/person\/e777c87fa024e57d40170af9df39882c"},"breadcrumb":{"@id":"https:\/\/www.copealcoy.es\/es\/detenidos-dos-jovenes-tras-danar-de-manera-intencionada-hasta-50-vehiculos-en-alcoy\/#breadcrumb"},"inLanguage":"es","potentialAction":[{"@type":"ReadAction","target":["https:\/\/www.copealcoy.es\/es\/detenidos-dos-jovenes-tras-danar-de-manera-intencionada-hasta-50-vehiculos-en-alcoy\/"]}]},{"@type":"ImageObject","inLanguage":"es","@id":"https:\/\/www.copealcoy.es\/es\/detenidos-dos-jovenes-tras-danar-de-manera-intencionada-hasta-50-vehiculos-en-alcoy\/#primaryimage","url":"https:\/\/www.copealcoy.es\/wp-content\/uploads\/2022\/07\/Foto-Archivo-Alcoy-scaled-e1662441708882.jpg","contentUrl":"https:\/\/www.copealcoy.es\/wp-content\/uploads\/2022\/07\/Foto-Archivo-Alcoy-scaled-e1662441708882.jpg","width":640,"height":603},{"@type":"BreadcrumbList","@id":"https:\/\/www.copealcoy.es\/es\/detenidos-dos-jovenes-tras-danar-de-manera-intencionada-hasta-50-vehiculos-en-alcoy\/#breadcrumb","itemListElement":[{"@type":"ListItem","position":1,"name":"Portada","item":"https:\/\/www.copealcoy.es\/es\/"},{"@type":"ListItem","position":2,"name":"Detenidos dos j\u00f3venes tras da\u00f1ar de manera intencionada hasta 50 veh\u00edculos en Alcoy"}]},{"@type":"WebSite","@id":"https:\/\/www.copealcoy.es\/es\/#website","url":"https:\/\/www.copealcoy.es\/es\/","name":"COPE Alcoy","description":"Emisora COPE de radio local con emisi\u00f3n online. Pont de Sant Jordi 8-10 03803 Alcoy","potentialAction":[{"@type":"SearchAction","target":{"@type":"EntryPoint","urlTemplate":"https:\/\/www.copealcoy.es\/es\/?s={search_term_string}"},"query-input":{"@type":"PropertyValueSpecification","valueRequired":true,"valueName":"search_term_string"}}],"inLanguage":"es"},{"@type":"Person","@id":"https:\/\/www.copealcoy.es\/es\/#\/schema\/person\/e777c87fa024e57d40170af9df39882c","name":"Cope Alcoy","image":{"@type":"ImageObject","inLanguage":"es","@id":"https:\/\/secure.gravatar.com\/avatar\/bb65d0283347e303893ba14f0692005417c1e0e690a325a4c5d8bb2b3943ee14?s=96&d=mm&r=g","url":"https:\/\/secure.gravatar.com\/avatar\/bb65d0283347e303893ba14f0692005417c1e0e690a325a4c5d8bb2b3943ee14?s=96&d=mm&r=g","contentUrl":"https:\/\/secure.gravatar.com\/avatar\/bb65d0283347e303893ba14f0692005417c1e0e690a325a4c5d8bb2b3943ee14?s=96&d=mm&r=g","caption":"Cope Alcoy"}}]}},"_links":{"self":[{"href":"https:\/\/www.copealcoy.es\/es\/wp-json\/wp\/v2\/posts\/91185","targetHints":{"allow":["GET"]}}],"collection":[{"href":"https:\/\/www.copealcoy.es\/es\/wp-json\/wp\/v2\/posts"}],"about":[{"href":"https:\/\/www.copealcoy.es\/es\/wp-json\/wp\/v2\/types\/post"}],"author":[{"embeddable":true,"href":"https:\/\/www.copealcoy.es\/es\/wp-json\/wp\/v2\/users\/1"}],"replies":[{"embeddable":true,"href":"https:\/\/www.copealcoy.es\/es\/wp-json\/wp\/v2\/comments?post=91185"}],"version-history":[{"count":0,"href":"https:\/\/www.copealcoy.es\/es\/wp-json\/wp\/v2\/posts\/91185\/revisions"}],"wp:featuredmedia":[{"embeddable":true,"href":"https:\/\/www.copealcoy.es\/es\/wp-json\/wp\/v2\/media\/90182"}],"wp:attachment":[{"href":"https:\/\/www.copealcoy.es\/es\/wp-json\/wp\/v2\/media?parent=91185"}],"wp:term":[{"taxonomy":"category","embeddable":true,"href":"https:\/\/www.copealcoy.es\/es\/wp-json\/wp\/v2\/categories?post=91185"},{"taxonomy":"post_tag","embeddable":true,"href":"https:\/\/www.copealcoy.es\/es\/wp-json\/wp\/v2\/tags?post=91185"}],"curies":[{"name":"wp","href":"https:\/\/api.w.org\/{rel}","templated":true}]}}