{"id":91179,"date":"2022-09-05T18:45:38","date_gmt":"2022-09-05T17:45:38","guid":{"rendered":"https:\/\/www.copealcoy.es\/?p=91179"},"modified":"2022-09-06T09:00:31","modified_gmt":"2022-09-06T08:00:31","slug":"incendio-de-un-camion-de-grandes-dimensiones-en-la-a7-a-la-altura-de-castalla","status":"publish","type":"post","link":"https:\/\/www.copealcoy.es\/es\/incendio-de-un-camion-de-grandes-dimensiones-en-la-a7-a-la-altura-de-castalla\/","title":{"rendered":"Incendio de un cami\u00f3n de grandes dimensiones en la A7 a la altura de Castalla"},"content":{"rendered":"<p style=\"text-align: justify;\">El <strong>Consorcio Provincial de Bomberos de la Diputaci\u00f3n de Alicante<\/strong> ha informado en la tarde de este lunes de <strong>una actuaci\u00f3n en la A7 cerca de Castalla<\/strong>, concretamente en <strong>el kil\u00f3metro 473 en sentido Valencia<\/strong>. Se trata del incendio de un cami\u00f3n de grandes dimensiones que transportaba pallets y en la extinci\u00f3n del mismo se lleg\u00f3 incluso a requerir <strong>la intervenci\u00f3n del Alpha 2 despacho autom\u00e1tico<\/strong> para coordinaci\u00f3n desde el aire debido a la cercan\u00eda con una notable masa forestal.<\/p>\n<p style=\"text-align: justify;\">La <strong>r\u00e1pida intervenci\u00f3n\u00a0 de los Bomberos<\/strong> ha conseguido que no se hayan propagado las llamas a esta zona verde. La labor de los medios del Consorcio provincial <strong>se han centrado en la extinci\u00f3n del incendio del citado cami\u00f3n<\/strong> mientras que la de los bomberos forestales han sido la de <strong>trabajar para evitar la propagaci\u00f3n a la arboleda<\/strong> que rodea la A-7. Se ha producido <strong>cierta retenci\u00f3n en el tr\u00e1fico<\/strong>.<\/p>\n<div dir=\"auto\" style=\"text-align: justify;\">No ha habido heridos. En la intervenci\u00f3n <strong>han actuado<\/strong>\u00a0una unidad mando jefatura, dos bombas nodrizas pesadas, dos bombas rurales pesadas de los parques de Ibi, Alcoy y San Vicente. Tambi\u00e9n se han sumado dos unidades bomberos forestales con sus autobombas y el Alpha 2 helic\u00f3ptero.<\/div>\n<div dir=\"auto\" style=\"text-align: justify;\"><\/div>\n<div dir=\"auto\" style=\"text-align: justify;\">El fuego <strong>qued\u00f3 controlado<\/strong> pasadas las nueve de la noche. Finalmente el incendio <strong>qued\u00f3 extinguido<\/strong> anoche a las 23:40h.<\/div>\n","protected":false},"excerpt":{"rendered":"<p>El Consorcio Provincial de Bomberos de la Diputaci\u00f3n de Alicante ha informado en la tarde de este lunes de una&#8230;<\/p>\n","protected":false},"author":1,"featured_media":91198,"comment_status":"open","ping_status":"open","sticky":false,"template":"","format":"standard","meta":{"footnotes":""},"categories":[6909,75,125],"tags":[12541,1619,12422,13102,612,3684],"class_list":["post-91179","post","type-post","status-publish","format-standard","has-post-thumbnail","hentry","category-actualidad","category-noticias","category-portada","tag-camion","tag-castalla","tag-consorcio-provincial-de-bomberos","tag-grandes-dimensiones","tag-incendio","tag-pellets"],"yoast_head":"<!-- This site is optimized with the Yoast SEO plugin v27.3 - https:\/\/yoast.com\/product\/yoast-seo-wordpress\/ -->\n<title>Incendio de un cami\u00f3n de grandes dimensiones en la A7 a la altura de Castalla - COPE Alcoy<\/title>\n<meta name=\"robots\" content=\"index, follow, max-snippet:-1, max-image-preview:large, max-video-preview:-1\" \/>\n<link rel=\"canonical\" href=\"https:\/\/www.copealcoy.es\/es\/incendio-de-un-camion-de-grandes-dimensiones-en-la-a7-a-la-altura-de-castalla\/\" \/>\n<meta property=\"og:locale\" content=\"es_ES\" \/>\n<meta property=\"og:type\" content=\"article\" \/>\n<meta property=\"og:title\" content=\"Incendio de un cami\u00f3n de grandes dimensiones en la A7 a la altura de Castalla - COPE Alcoy\" \/>\n<meta property=\"og:description\" content=\"El Consorcio Provincial de Bomberos de la Diputaci\u00f3n de Alicante ha informado en la tarde de este lunes de una...\" \/>\n<meta property=\"og:url\" content=\"https:\/\/www.copealcoy.es\/es\/incendio-de-un-camion-de-grandes-dimensiones-en-la-a7-a-la-altura-de-castalla\/\" \/>\n<meta property=\"og:site_name\" content=\"COPE Alcoy\" \/>\n<meta property=\"article:published_time\" content=\"2022-09-05T17:45:38+00:00\" \/>\n<meta property=\"article:modified_time\" content=\"2022-09-06T08:00:31+00:00\" \/>\n<meta property=\"og:image\" content=\"https:\/\/www.copealcoy.es\/wp-content\/uploads\/2022\/09\/unnamed-3-e1662450808664.jpg\" \/>\n\t<meta property=\"og:image:width\" content=\"640\" \/>\n\t<meta property=\"og:image:height\" content=\"335\" \/>\n\t<meta property=\"og:image:type\" content=\"image\/jpeg\" \/>\n<meta name=\"author\" content=\"Cope Alcoy\" \/>\n<meta name=\"twitter:label1\" content=\"Escrito por\" \/>\n\t<meta name=\"twitter:data1\" content=\"Cope Alcoy\" \/>\n\t<meta name=\"twitter:label2\" content=\"Tiempo de lectura\" \/>\n\t<meta name=\"twitter:data2\" content=\"1 minuto\" \/>\n<script type=\"application\/ld+json\" class=\"yoast-schema-graph\">{\"@context\":\"https:\\\/\\\/schema.org\",\"@graph\":[{\"@type\":\"Article\",\"@id\":\"https:\\\/\\\/www.copealcoy.es\\\/es\\\/incendio-de-un-camion-de-grandes-dimensiones-en-la-a7-a-la-altura-de-castalla\\\/#article\",\"isPartOf\":{\"@id\":\"https:\\\/\\\/www.copealcoy.es\\\/es\\\/incendio-de-un-camion-de-grandes-dimensiones-en-la-a7-a-la-altura-de-castalla\\\/\"},\"author\":{\"name\":\"Cope Alcoy\",\"@id\":\"https:\\\/\\\/www.copealcoy.es\\\/es\\\/#\\\/schema\\\/person\\\/e777c87fa024e57d40170af9df39882c\"},\"headline\":\"Incendio de un cami\u00f3n de grandes dimensiones en la A7 a la altura de Castalla\",\"datePublished\":\"2022-09-05T17:45:38+00:00\",\"dateModified\":\"2022-09-06T08:00:31+00:00\",\"mainEntityOfPage\":{\"@id\":\"https:\\\/\\\/www.copealcoy.es\\\/es\\\/incendio-de-un-camion-de-grandes-dimensiones-en-la-a7-a-la-altura-de-castalla\\\/\"},\"wordCount\":246,\"commentCount\":0,\"image\":{\"@id\":\"https:\\\/\\\/www.copealcoy.es\\\/es\\\/incendio-de-un-camion-de-grandes-dimensiones-en-la-a7-a-la-altura-de-castalla\\\/#primaryimage\"},\"thumbnailUrl\":\"https:\\\/\\\/www.copealcoy.es\\\/wp-content\\\/uploads\\\/2022\\\/09\\\/unnamed-3-e1662450808664.jpg\",\"keywords\":[\"cami\u00f3n\",\"Castalla\",\"Consorcio Provincial de Bomberos\",\"grandes dimensiones\",\"Incendio\",\"Pellets\"],\"articleSection\":[\"Actualidad\",\"Noticias\",\"Portada\"],\"inLanguage\":\"es\"},{\"@type\":\"WebPage\",\"@id\":\"https:\\\/\\\/www.copealcoy.es\\\/es\\\/incendio-de-un-camion-de-grandes-dimensiones-en-la-a7-a-la-altura-de-castalla\\\/\",\"url\":\"https:\\\/\\\/www.copealcoy.es\\\/es\\\/incendio-de-un-camion-de-grandes-dimensiones-en-la-a7-a-la-altura-de-castalla\\\/\",\"name\":\"Incendio de un cami\u00f3n de grandes dimensiones en la A7 a la altura de Castalla - COPE Alcoy\",\"isPartOf\":{\"@id\":\"https:\\\/\\\/www.copealcoy.es\\\/es\\\/#website\"},\"primaryImageOfPage\":{\"@id\":\"https:\\\/\\\/www.copealcoy.es\\\/es\\\/incendio-de-un-camion-de-grandes-dimensiones-en-la-a7-a-la-altura-de-castalla\\\/#primaryimage\"},\"image\":{\"@id\":\"https:\\\/\\\/www.copealcoy.es\\\/es\\\/incendio-de-un-camion-de-grandes-dimensiones-en-la-a7-a-la-altura-de-castalla\\\/#primaryimage\"},\"thumbnailUrl\":\"https:\\\/\\\/www.copealcoy.es\\\/wp-content\\\/uploads\\\/2022\\\/09\\\/unnamed-3-e1662450808664.jpg\",\"datePublished\":\"2022-09-05T17:45:38+00:00\",\"dateModified\":\"2022-09-06T08:00:31+00:00\",\"author\":{\"@id\":\"https:\\\/\\\/www.copealcoy.es\\\/es\\\/#\\\/schema\\\/person\\\/e777c87fa024e57d40170af9df39882c\"},\"breadcrumb\":{\"@id\":\"https:\\\/\\\/www.copealcoy.es\\\/es\\\/incendio-de-un-camion-de-grandes-dimensiones-en-la-a7-a-la-altura-de-castalla\\\/#breadcrumb\"},\"inLanguage\":\"es\",\"potentialAction\":[{\"@type\":\"ReadAction\",\"target\":[\"https:\\\/\\\/www.copealcoy.es\\\/es\\\/incendio-de-un-camion-de-grandes-dimensiones-en-la-a7-a-la-altura-de-castalla\\\/\"]}]},{\"@type\":\"ImageObject\",\"inLanguage\":\"es\",\"@id\":\"https:\\\/\\\/www.copealcoy.es\\\/es\\\/incendio-de-un-camion-de-grandes-dimensiones-en-la-a7-a-la-altura-de-castalla\\\/#primaryimage\",\"url\":\"https:\\\/\\\/www.copealcoy.es\\\/wp-content\\\/uploads\\\/2022\\\/09\\\/unnamed-3-e1662450808664.jpg\",\"contentUrl\":\"https:\\\/\\\/www.copealcoy.es\\\/wp-content\\\/uploads\\\/2022\\\/09\\\/unnamed-3-e1662450808664.jpg\",\"width\":640,\"height\":335},{\"@type\":\"BreadcrumbList\",\"@id\":\"https:\\\/\\\/www.copealcoy.es\\\/es\\\/incendio-de-un-camion-de-grandes-dimensiones-en-la-a7-a-la-altura-de-castalla\\\/#breadcrumb\",\"itemListElement\":[{\"@type\":\"ListItem\",\"position\":1,\"name\":\"Portada\",\"item\":\"https:\\\/\\\/www.copealcoy.es\\\/es\\\/\"},{\"@type\":\"ListItem\",\"position\":2,\"name\":\"Incendio de un cami\u00f3n de grandes dimensiones en la A7 a la altura de Castalla\"}]},{\"@type\":\"WebSite\",\"@id\":\"https:\\\/\\\/www.copealcoy.es\\\/es\\\/#website\",\"url\":\"https:\\\/\\\/www.copealcoy.es\\\/es\\\/\",\"name\":\"COPE Alcoy\",\"description\":\"Emisora COPE de radio local con emisi\u00f3n online. Pont de Sant Jordi 8-10 03803 Alcoy\",\"potentialAction\":[{\"@type\":\"SearchAction\",\"target\":{\"@type\":\"EntryPoint\",\"urlTemplate\":\"https:\\\/\\\/www.copealcoy.es\\\/es\\\/?s={search_term_string}\"},\"query-input\":{\"@type\":\"PropertyValueSpecification\",\"valueRequired\":true,\"valueName\":\"search_term_string\"}}],\"inLanguage\":\"es\"},{\"@type\":\"Person\",\"@id\":\"https:\\\/\\\/www.copealcoy.es\\\/es\\\/#\\\/schema\\\/person\\\/e777c87fa024e57d40170af9df39882c\",\"name\":\"Cope Alcoy\",\"image\":{\"@type\":\"ImageObject\",\"inLanguage\":\"es\",\"@id\":\"https:\\\/\\\/secure.gravatar.com\\\/avatar\\\/bb65d0283347e303893ba14f0692005417c1e0e690a325a4c5d8bb2b3943ee14?s=96&d=mm&r=g\",\"url\":\"https:\\\/\\\/secure.gravatar.com\\\/avatar\\\/bb65d0283347e303893ba14f0692005417c1e0e690a325a4c5d8bb2b3943ee14?s=96&d=mm&r=g\",\"contentUrl\":\"https:\\\/\\\/secure.gravatar.com\\\/avatar\\\/bb65d0283347e303893ba14f0692005417c1e0e690a325a4c5d8bb2b3943ee14?s=96&d=mm&r=g\",\"caption\":\"Cope Alcoy\"}}]}<\/script>\n<!-- \/ Yoast SEO plugin. -->","yoast_head_json":{"title":"Incendio de un cami\u00f3n de grandes dimensiones en la A7 a la altura de Castalla - COPE Alcoy","robots":{"index":"index","follow":"follow","max-snippet":"max-snippet:-1","max-image-preview":"max-image-preview:large","max-video-preview":"max-video-preview:-1"},"canonical":"https:\/\/www.copealcoy.es\/es\/incendio-de-un-camion-de-grandes-dimensiones-en-la-a7-a-la-altura-de-castalla\/","og_locale":"es_ES","og_type":"article","og_title":"Incendio de un cami\u00f3n de grandes dimensiones en la A7 a la altura de Castalla - COPE Alcoy","og_description":"El Consorcio Provincial de Bomberos de la Diputaci\u00f3n de Alicante ha informado en la tarde de este lunes de una...","og_url":"https:\/\/www.copealcoy.es\/es\/incendio-de-un-camion-de-grandes-dimensiones-en-la-a7-a-la-altura-de-castalla\/","og_site_name":"COPE Alcoy","article_published_time":"2022-09-05T17:45:38+00:00","article_modified_time":"2022-09-06T08:00:31+00:00","og_image":[{"width":640,"height":335,"url":"https:\/\/www.copealcoy.es\/wp-content\/uploads\/2022\/09\/unnamed-3-e1662450808664.jpg","type":"image\/jpeg"}],"author":"Cope Alcoy","twitter_misc":{"Escrito por":"Cope Alcoy","Tiempo de lectura":"1 minuto"},"schema":{"@context":"https:\/\/schema.org","@graph":[{"@type":"Article","@id":"https:\/\/www.copealcoy.es\/es\/incendio-de-un-camion-de-grandes-dimensiones-en-la-a7-a-la-altura-de-castalla\/#article","isPartOf":{"@id":"https:\/\/www.copealcoy.es\/es\/incendio-de-un-camion-de-grandes-dimensiones-en-la-a7-a-la-altura-de-castalla\/"},"author":{"name":"Cope Alcoy","@id":"https:\/\/www.copealcoy.es\/es\/#\/schema\/person\/e777c87fa024e57d40170af9df39882c"},"headline":"Incendio de un cami\u00f3n de grandes dimensiones en la A7 a la altura de Castalla","datePublished":"2022-09-05T17:45:38+00:00","dateModified":"2022-09-06T08:00:31+00:00","mainEntityOfPage":{"@id":"https:\/\/www.copealcoy.es\/es\/incendio-de-un-camion-de-grandes-dimensiones-en-la-a7-a-la-altura-de-castalla\/"},"wordCount":246,"commentCount":0,"image":{"@id":"https:\/\/www.copealcoy.es\/es\/incendio-de-un-camion-de-grandes-dimensiones-en-la-a7-a-la-altura-de-castalla\/#primaryimage"},"thumbnailUrl":"https:\/\/www.copealcoy.es\/wp-content\/uploads\/2022\/09\/unnamed-3-e1662450808664.jpg","keywords":["cami\u00f3n","Castalla","Consorcio Provincial de Bomberos","grandes dimensiones","Incendio","Pellets"],"articleSection":["Actualidad","Noticias","Portada"],"inLanguage":"es"},{"@type":"WebPage","@id":"https:\/\/www.copealcoy.es\/es\/incendio-de-un-camion-de-grandes-dimensiones-en-la-a7-a-la-altura-de-castalla\/","url":"https:\/\/www.copealcoy.es\/es\/incendio-de-un-camion-de-grandes-dimensiones-en-la-a7-a-la-altura-de-castalla\/","name":"Incendio de un cami\u00f3n de grandes dimensiones en la A7 a la altura de Castalla - COPE Alcoy","isPartOf":{"@id":"https:\/\/www.copealcoy.es\/es\/#website"},"primaryImageOfPage":{"@id":"https:\/\/www.copealcoy.es\/es\/incendio-de-un-camion-de-grandes-dimensiones-en-la-a7-a-la-altura-de-castalla\/#primaryimage"},"image":{"@id":"https:\/\/www.copealcoy.es\/es\/incendio-de-un-camion-de-grandes-dimensiones-en-la-a7-a-la-altura-de-castalla\/#primaryimage"},"thumbnailUrl":"https:\/\/www.copealcoy.es\/wp-content\/uploads\/2022\/09\/unnamed-3-e1662450808664.jpg","datePublished":"2022-09-05T17:45:38+00:00","dateModified":"2022-09-06T08:00:31+00:00","author":{"@id":"https:\/\/www.copealcoy.es\/es\/#\/schema\/person\/e777c87fa024e57d40170af9df39882c"},"breadcrumb":{"@id":"https:\/\/www.copealcoy.es\/es\/incendio-de-un-camion-de-grandes-dimensiones-en-la-a7-a-la-altura-de-castalla\/#breadcrumb"},"inLanguage":"es","potentialAction":[{"@type":"ReadAction","target":["https:\/\/www.copealcoy.es\/es\/incendio-de-un-camion-de-grandes-dimensiones-en-la-a7-a-la-altura-de-castalla\/"]}]},{"@type":"ImageObject","inLanguage":"es","@id":"https:\/\/www.copealcoy.es\/es\/incendio-de-un-camion-de-grandes-dimensiones-en-la-a7-a-la-altura-de-castalla\/#primaryimage","url":"https:\/\/www.copealcoy.es\/wp-content\/uploads\/2022\/09\/unnamed-3-e1662450808664.jpg","contentUrl":"https:\/\/www.copealcoy.es\/wp-content\/uploads\/2022\/09\/unnamed-3-e1662450808664.jpg","width":640,"height":335},{"@type":"BreadcrumbList","@id":"https:\/\/www.copealcoy.es\/es\/incendio-de-un-camion-de-grandes-dimensiones-en-la-a7-a-la-altura-de-castalla\/#breadcrumb","itemListElement":[{"@type":"ListItem","position":1,"name":"Portada","item":"https:\/\/www.copealcoy.es\/es\/"},{"@type":"ListItem","position":2,"name":"Incendio de un cami\u00f3n de grandes dimensiones en la A7 a la altura de Castalla"}]},{"@type":"WebSite","@id":"https:\/\/www.copealcoy.es\/es\/#website","url":"https:\/\/www.copealcoy.es\/es\/","name":"COPE Alcoy","description":"Emisora COPE de radio local con emisi\u00f3n online. Pont de Sant Jordi 8-10 03803 Alcoy","potentialAction":[{"@type":"SearchAction","target":{"@type":"EntryPoint","urlTemplate":"https:\/\/www.copealcoy.es\/es\/?s={search_term_string}"},"query-input":{"@type":"PropertyValueSpecification","valueRequired":true,"valueName":"search_term_string"}}],"inLanguage":"es"},{"@type":"Person","@id":"https:\/\/www.copealcoy.es\/es\/#\/schema\/person\/e777c87fa024e57d40170af9df39882c","name":"Cope Alcoy","image":{"@type":"ImageObject","inLanguage":"es","@id":"https:\/\/secure.gravatar.com\/avatar\/bb65d0283347e303893ba14f0692005417c1e0e690a325a4c5d8bb2b3943ee14?s=96&d=mm&r=g","url":"https:\/\/secure.gravatar.com\/avatar\/bb65d0283347e303893ba14f0692005417c1e0e690a325a4c5d8bb2b3943ee14?s=96&d=mm&r=g","contentUrl":"https:\/\/secure.gravatar.com\/avatar\/bb65d0283347e303893ba14f0692005417c1e0e690a325a4c5d8bb2b3943ee14?s=96&d=mm&r=g","caption":"Cope Alcoy"}}]}},"_links":{"self":[{"href":"https:\/\/www.copealcoy.es\/es\/wp-json\/wp\/v2\/posts\/91179","targetHints":{"allow":["GET"]}}],"collection":[{"href":"https:\/\/www.copealcoy.es\/es\/wp-json\/wp\/v2\/posts"}],"about":[{"href":"https:\/\/www.copealcoy.es\/es\/wp-json\/wp\/v2\/types\/post"}],"author":[{"embeddable":true,"href":"https:\/\/www.copealcoy.es\/es\/wp-json\/wp\/v2\/users\/1"}],"replies":[{"embeddable":true,"href":"https:\/\/www.copealcoy.es\/es\/wp-json\/wp\/v2\/comments?post=91179"}],"version-history":[{"count":0,"href":"https:\/\/www.copealcoy.es\/es\/wp-json\/wp\/v2\/posts\/91179\/revisions"}],"wp:featuredmedia":[{"embeddable":true,"href":"https:\/\/www.copealcoy.es\/es\/wp-json\/wp\/v2\/media\/91198"}],"wp:attachment":[{"href":"https:\/\/www.copealcoy.es\/es\/wp-json\/wp\/v2\/media?parent=91179"}],"wp:term":[{"taxonomy":"category","embeddable":true,"href":"https:\/\/www.copealcoy.es\/es\/wp-json\/wp\/v2\/categories?post=91179"},{"taxonomy":"post_tag","embeddable":true,"href":"https:\/\/www.copealcoy.es\/es\/wp-json\/wp\/v2\/tags?post=91179"}],"curies":[{"name":"wp","href":"https:\/\/api.w.org\/{rel}","templated":true}]}}