{"id":91152,"date":"2022-09-05T16:36:12","date_gmt":"2022-09-05T15:36:12","guid":{"rendered":"https:\/\/www.copealcoy.es\/?p=91152"},"modified":"2022-09-10T21:59:03","modified_gmt":"2022-09-10T20:59:03","slug":"agres-volvio-a-aplaudir-la-tradicional-ambaixada-del-pastoret","status":"publish","type":"post","link":"https:\/\/www.copealcoy.es\/es\/agres-volvio-a-aplaudir-la-tradicional-ambaixada-del-pastoret\/","title":{"rendered":"Agres volvi\u00f3 a aplaudir la tradicional &#8216;Ambaixada del Pastoret&#8217;"},"content":{"rendered":"<p style=\"text-align: justify;\">El municipio de Agres <strong>ha estado inmerso este fin de semana en sus Fiestas Patronales<\/strong> en honor a la Mare de D\u00e9u. Los vecinos, y tambi\u00e9n numerosos visitantes de la comarca, <strong>han disfrutado de las iniciativas que se llevan a cabo en esta localidad del Comtat<\/strong> cada primeros de septiembre e incluso <strong>han tenido tiempo de venerar a una advocaci\u00f3n mariana a la que se le profesa enorme devoci\u00f3n<\/strong> en la comarca.<\/p>\n<p style=\"text-align: justify;\">Uno de los actos m\u00e1s destacados tuvo lugar a primera hora del s\u00e1bado ante la mirada atenta de centenares de personas. Se trata de <strong>la &#8216;Ambaixada del Pastoret&#8217;<\/strong>, en la cual <strong>se recuerda el momento de 1484 en el que el pastor Gaspar Tom\u00e1s baja al pueblo desde la Serra de Mariola<\/strong> para anunciar que <strong>se le ha aparecido la Virgen Mar\u00eda<\/strong>. La declamaci\u00f3n la protagoniz\u00f3 de nuevo <strong>Gabri Franc\u00e9s<\/strong> y el momento que despert\u00f3 los aplausos de los presentes fue <strong>cuando el propio &#8216;Pastoret&#8217; muestra el brazo del que estaba desprovisto y que le devuelve la Mare de D\u00e9u<\/strong>. As\u00ed termin\u00f3 la primera parte de la &#8216;Ambaixada&#8217;, que comenz\u00f3 en la plaza delante de la iglesia, y que <strong>culmin\u00f3 en el Santuario mostrando el pastor la talla de la patrona al pueblo<\/strong>. Seguidamente los habitantes de Agres, muchos incluso con l\u00e1grimas en los ojos, <strong>cantaron la Salve ante la Virgen<\/strong> poniendo fin a una ceremonia que va camino de ser Bien de Inter\u00e9s Cultural (BIC).<\/p>\n<p><iframe loading=\"lazy\" title=\"Ambaixada del Pastoret Agres 2022\" width=\"1200\" height=\"675\" src=\"https:\/\/www.youtube.com\/embed\/OEqHG3t0tM4?feature=oembed\" frameborder=\"0\" allow=\"accelerometer; autoplay; clipboard-write; encrypted-media; gyroscope; picture-in-picture\" allowfullscreen><\/iframe><\/p>\n<p><iframe loading=\"lazy\" title=\"Ambaixada del Pastoret Agres 2022\" width=\"1200\" height=\"675\" src=\"https:\/\/www.youtube.com\/embed\/nmjvr5giIVg?start=1&#038;feature=oembed\" frameborder=\"0\" allow=\"accelerometer; autoplay; clipboard-write; encrypted-media; gyroscope; picture-in-picture\" allowfullscreen><\/iframe><\/p>\n<p style=\"text-align: justify;\">La jornada avanz\u00f3 con <strong>la misa solemne<\/strong>, oficiada por el todav\u00eda Vicario Episcopal de nuestra zona Melchor Segu\u00ed, y <strong>el traslado de la Mare de D\u00e9u hasta la Parroquia de San Miguel Arc\u00e1ngel<\/strong> arropada por la casi totalidad de la poblaci\u00f3n. Ya por la tarde se llev\u00f3 a cabo<strong> la solemne procesi\u00f3n<\/strong> y el domingo, tras la misa de la ma\u00f1ana en el templo parroquial, f<strong>ue devuelta la patrona a su Santuario<\/strong> donde recibir\u00e1 a gran cantidad de peregrinos durante los domingos de septiembre.<\/p>\n<p style=\"text-align: justify;\">Se\u00f1alar que <strong>la Colla de Campaners del Comtat<\/strong> particip\u00f3 activamente en los actos del s\u00e1bado realizando volteos manuales desde la torre de la mencionada iglesia de San Miguel Arc\u00e1ngel. Tambi\u00e9n <strong>el Grup de Danses de Agres<\/strong> acompa\u00f1\u00f3 con bailes populares el momento en el que la Mare de D\u00e9u entr\u00f3 a la plaza en la ma\u00f1ana del s\u00e1bado.<\/p>\n<div id='gallery-1' class='gallery galleryid-91152 gallery-columns-2 gallery-size-full'><figure class='gallery-item'>\n\t\t\t<div class='gallery-icon landscape'>\n\t\t\t\t<a href='https:\/\/www.copealcoy.es\/es\/agres-volvio-a-aplaudir-la-tradicional-ambaixada-del-pastoret\/img-0742\/'><img loading=\"lazy\" decoding=\"async\" width=\"1440\" height=\"1080\" src=\"https:\/\/www.copealcoy.es\/wp-content\/uploads\/2022\/09\/IMG-0742-scaled.jpg\" class=\"attachment-full size-full\" alt=\"\" aria-describedby=\"gallery-1-91158\" srcset=\"https:\/\/www.copealcoy.es\/wp-content\/uploads\/2022\/09\/IMG-0742-scaled.jpg 1440w, https:\/\/www.copealcoy.es\/wp-content\/uploads\/2022\/09\/IMG-0742-768x576.jpg 768w, https:\/\/www.copealcoy.es\/wp-content\/uploads\/2022\/09\/IMG-0742-1536x1152.jpg 1536w, https:\/\/www.copealcoy.es\/wp-content\/uploads\/2022\/09\/IMG-0742-2048x1536.jpg 2048w\" sizes=\"auto, (max-width: 1440px) 100vw, 1440px\" \/><\/a>\n\t\t\t<\/div>\n\t\t\t\t<figcaption class='wp-caption-text gallery-caption' id='gallery-1-91158'>\n\t\t\t\tAmbaixada Pastoret Agres\n\t\t\t\t<\/figcaption><\/figure><figure class='gallery-item'>\n\t\t\t<div class='gallery-icon landscape'>\n\t\t\t\t<a href='https:\/\/www.copealcoy.es\/es\/agres-volvio-a-aplaudir-la-tradicional-ambaixada-del-pastoret\/img-0751\/'><img loading=\"lazy\" decoding=\"async\" width=\"1440\" height=\"1080\" src=\"https:\/\/www.copealcoy.es\/wp-content\/uploads\/2022\/09\/IMG-0751-scaled.jpg\" class=\"attachment-full size-full\" alt=\"\" aria-describedby=\"gallery-1-91159\" srcset=\"https:\/\/www.copealcoy.es\/wp-content\/uploads\/2022\/09\/IMG-0751-scaled.jpg 1440w, https:\/\/www.copealcoy.es\/wp-content\/uploads\/2022\/09\/IMG-0751-768x576.jpg 768w, https:\/\/www.copealcoy.es\/wp-content\/uploads\/2022\/09\/IMG-0751-1536x1152.jpg 1536w, https:\/\/www.copealcoy.es\/wp-content\/uploads\/2022\/09\/IMG-0751-2048x1536.jpg 2048w\" sizes=\"auto, (max-width: 1440px) 100vw, 1440px\" \/><\/a>\n\t\t\t<\/div>\n\t\t\t\t<figcaption class='wp-caption-text gallery-caption' id='gallery-1-91159'>\n\t\t\t\tAmbaixada Pastoret Agres\n\t\t\t\t<\/figcaption><\/figure><figure class='gallery-item'>\n\t\t\t<div class='gallery-icon landscape'>\n\t\t\t\t<a href='https:\/\/www.copealcoy.es\/es\/agres-volvio-a-aplaudir-la-tradicional-ambaixada-del-pastoret\/img-0760\/'><img loading=\"lazy\" decoding=\"async\" width=\"1440\" height=\"1080\" src=\"https:\/\/www.copealcoy.es\/wp-content\/uploads\/2022\/09\/IMG-0760-scaled.jpg\" class=\"attachment-full size-full\" alt=\"\" aria-describedby=\"gallery-1-91160\" srcset=\"https:\/\/www.copealcoy.es\/wp-content\/uploads\/2022\/09\/IMG-0760-scaled.jpg 1440w, https:\/\/www.copealcoy.es\/wp-content\/uploads\/2022\/09\/IMG-0760-768x576.jpg 768w, https:\/\/www.copealcoy.es\/wp-content\/uploads\/2022\/09\/IMG-0760-1536x1152.jpg 1536w, https:\/\/www.copealcoy.es\/wp-content\/uploads\/2022\/09\/IMG-0760-2048x1536.jpg 2048w\" sizes=\"auto, (max-width: 1440px) 100vw, 1440px\" \/><\/a>\n\t\t\t<\/div>\n\t\t\t\t<figcaption class='wp-caption-text gallery-caption' id='gallery-1-91160'>\n\t\t\t\tAmbaixada Pastoret Agres\n\t\t\t\t<\/figcaption><\/figure><figure class='gallery-item'>\n\t\t\t<div class='gallery-icon landscape'>\n\t\t\t\t<a href='https:\/\/www.copealcoy.es\/es\/agres-volvio-a-aplaudir-la-tradicional-ambaixada-del-pastoret\/img-0768\/'><img loading=\"lazy\" decoding=\"async\" width=\"1440\" height=\"1080\" src=\"https:\/\/www.copealcoy.es\/wp-content\/uploads\/2022\/09\/IMG-0768-scaled.jpg\" class=\"attachment-full size-full\" alt=\"\" aria-describedby=\"gallery-1-91161\" srcset=\"https:\/\/www.copealcoy.es\/wp-content\/uploads\/2022\/09\/IMG-0768-scaled.jpg 1440w, https:\/\/www.copealcoy.es\/wp-content\/uploads\/2022\/09\/IMG-0768-768x576.jpg 768w, https:\/\/www.copealcoy.es\/wp-content\/uploads\/2022\/09\/IMG-0768-1536x1152.jpg 1536w, https:\/\/www.copealcoy.es\/wp-content\/uploads\/2022\/09\/IMG-0768-2048x1536.jpg 2048w\" sizes=\"auto, (max-width: 1440px) 100vw, 1440px\" \/><\/a>\n\t\t\t<\/div>\n\t\t\t\t<figcaption class='wp-caption-text gallery-caption' id='gallery-1-91161'>\n\t\t\t\tAmbaixada Pastoret Agres\n\t\t\t\t<\/figcaption><\/figure><figure class='gallery-item'>\n\t\t\t<div class='gallery-icon landscape'>\n\t\t\t\t<a href='https:\/\/www.copealcoy.es\/es\/agres-volvio-a-aplaudir-la-tradicional-ambaixada-del-pastoret\/img-0803\/'><img loading=\"lazy\" decoding=\"async\" width=\"1440\" height=\"1080\" src=\"https:\/\/www.copealcoy.es\/wp-content\/uploads\/2022\/09\/IMG-0803-scaled.jpg\" class=\"attachment-full size-full\" alt=\"\" aria-describedby=\"gallery-1-91163\" srcset=\"https:\/\/www.copealcoy.es\/wp-content\/uploads\/2022\/09\/IMG-0803-scaled.jpg 1440w, https:\/\/www.copealcoy.es\/wp-content\/uploads\/2022\/09\/IMG-0803-768x576.jpg 768w, https:\/\/www.copealcoy.es\/wp-content\/uploads\/2022\/09\/IMG-0803-1536x1152.jpg 1536w, https:\/\/www.copealcoy.es\/wp-content\/uploads\/2022\/09\/IMG-0803-2048x1536.jpg 2048w\" sizes=\"auto, (max-width: 1440px) 100vw, 1440px\" \/><\/a>\n\t\t\t<\/div>\n\t\t\t\t<figcaption class='wp-caption-text gallery-caption' id='gallery-1-91163'>\n\t\t\t\tAmbaixada Pastoret Agres\n\t\t\t\t<\/figcaption><\/figure><figure class='gallery-item'>\n\t\t\t<div class='gallery-icon landscape'>\n\t\t\t\t<a href='https:\/\/www.copealcoy.es\/es\/agres-volvio-a-aplaudir-la-tradicional-ambaixada-del-pastoret\/img-0792\/'><img loading=\"lazy\" decoding=\"async\" width=\"1440\" height=\"1080\" src=\"https:\/\/www.copealcoy.es\/wp-content\/uploads\/2022\/09\/IMG-0792-scaled.jpg\" class=\"attachment-full size-full\" alt=\"\" aria-describedby=\"gallery-1-91162\" srcset=\"https:\/\/www.copealcoy.es\/wp-content\/uploads\/2022\/09\/IMG-0792-scaled.jpg 1440w, https:\/\/www.copealcoy.es\/wp-content\/uploads\/2022\/09\/IMG-0792-768x576.jpg 768w, https:\/\/www.copealcoy.es\/wp-content\/uploads\/2022\/09\/IMG-0792-1536x1152.jpg 1536w, https:\/\/www.copealcoy.es\/wp-content\/uploads\/2022\/09\/IMG-0792-2048x1536.jpg 2048w\" sizes=\"auto, (max-width: 1440px) 100vw, 1440px\" \/><\/a>\n\t\t\t<\/div>\n\t\t\t\t<figcaption class='wp-caption-text gallery-caption' id='gallery-1-91162'>\n\t\t\t\tAmbaixada Pastoret Agres\n\t\t\t\t<\/figcaption><\/figure>\n\t\t<\/div>\n\n<p>&nbsp;<\/p>\n","protected":false},"excerpt":{"rendered":"<p>El municipio de Agres ha estado inmerso este fin de semana en sus Fiestas Patronales en honor a la Mare&#8230;<\/p>\n","protected":false},"author":1,"featured_media":91153,"comment_status":"open","ping_status":"open","sticky":false,"template":"","format":"standard","meta":{"footnotes":""},"categories":[6909,98,75,3907],"tags":[11168,293,13081,565,13075],"class_list":["post-91152","post","type-post","status-publish","format-standard","has-post-thumbnail","hentry","category-actualidad","category-comarcas","category-noticias","category-videos","tag-11168","tag-agres","tag-ambaixada-del-pastoret","tag-fiestas","tag-mare-de-deu-dagres"],"yoast_head":"<!-- This site is optimized with the Yoast SEO plugin v27.3 - https:\/\/yoast.com\/product\/yoast-seo-wordpress\/ -->\n<title>Agres volvi\u00f3 a aplaudir la tradicional &#039;Ambaixada del Pastoret&#039; - COPE Alcoy<\/title>\n<meta name=\"robots\" content=\"index, follow, max-snippet:-1, max-image-preview:large, max-video-preview:-1\" \/>\n<link rel=\"canonical\" href=\"https:\/\/www.copealcoy.es\/es\/agres-volvio-a-aplaudir-la-tradicional-ambaixada-del-pastoret\/\" \/>\n<meta property=\"og:locale\" content=\"es_ES\" \/>\n<meta property=\"og:type\" content=\"article\" \/>\n<meta property=\"og:title\" content=\"Agres volvi\u00f3 a aplaudir la tradicional &#039;Ambaixada del Pastoret&#039; - COPE Alcoy\" \/>\n<meta property=\"og:description\" content=\"El municipio de Agres ha estado inmerso este fin de semana en sus Fiestas Patronales en honor a la Mare...\" \/>\n<meta property=\"og:url\" content=\"https:\/\/www.copealcoy.es\/es\/agres-volvio-a-aplaudir-la-tradicional-ambaixada-del-pastoret\/\" \/>\n<meta property=\"og:site_name\" content=\"COPE Alcoy\" \/>\n<meta property=\"article:published_time\" content=\"2022-09-05T15:36:12+00:00\" \/>\n<meta property=\"article:modified_time\" content=\"2022-09-10T20:59:03+00:00\" \/>\n<meta property=\"og:image\" content=\"https:\/\/www.copealcoy.es\/wp-content\/uploads\/2022\/09\/unnamed-1-e1662392129211.jpg\" \/>\n\t<meta property=\"og:image:width\" content=\"640\" \/>\n\t<meta property=\"og:image:height\" content=\"381\" \/>\n\t<meta property=\"og:image:type\" content=\"image\/jpeg\" \/>\n<meta name=\"author\" content=\"Cope Alcoy\" \/>\n<meta name=\"twitter:label1\" content=\"Escrito por\" \/>\n\t<meta name=\"twitter:data1\" content=\"Cope Alcoy\" \/>\n\t<meta name=\"twitter:label2\" content=\"Tiempo de lectura\" \/>\n\t<meta name=\"twitter:data2\" content=\"2 minutos\" \/>\n<script type=\"application\/ld+json\" class=\"yoast-schema-graph\">{\"@context\":\"https:\\\/\\\/schema.org\",\"@graph\":[{\"@type\":\"Article\",\"@id\":\"https:\\\/\\\/www.copealcoy.es\\\/es\\\/agres-volvio-a-aplaudir-la-tradicional-ambaixada-del-pastoret\\\/#article\",\"isPartOf\":{\"@id\":\"https:\\\/\\\/www.copealcoy.es\\\/es\\\/agres-volvio-a-aplaudir-la-tradicional-ambaixada-del-pastoret\\\/\"},\"author\":{\"name\":\"Cope Alcoy\",\"@id\":\"https:\\\/\\\/www.copealcoy.es\\\/es\\\/#\\\/schema\\\/person\\\/e777c87fa024e57d40170af9df39882c\"},\"headline\":\"Agres volvi\u00f3 a aplaudir la tradicional &#8216;Ambaixada del Pastoret&#8217;\",\"datePublished\":\"2022-09-05T15:36:12+00:00\",\"dateModified\":\"2022-09-10T20:59:03+00:00\",\"mainEntityOfPage\":{\"@id\":\"https:\\\/\\\/www.copealcoy.es\\\/es\\\/agres-volvio-a-aplaudir-la-tradicional-ambaixada-del-pastoret\\\/\"},\"wordCount\":440,\"commentCount\":0,\"image\":{\"@id\":\"https:\\\/\\\/www.copealcoy.es\\\/es\\\/agres-volvio-a-aplaudir-la-tradicional-ambaixada-del-pastoret\\\/#primaryimage\"},\"thumbnailUrl\":\"https:\\\/\\\/www.copealcoy.es\\\/wp-content\\\/uploads\\\/2022\\\/09\\\/unnamed-1-e1662392129211.jpg\",\"keywords\":[\"2022\",\"Agres\",\"Ambaixada del Pastoret\",\"Fiestas\",\"Mare de D\u00e9u d'Agres\"],\"articleSection\":[\"Actualidad\",\"Comarcas\",\"Noticias\",\"V\u00eddeos\"],\"inLanguage\":\"es\"},{\"@type\":\"WebPage\",\"@id\":\"https:\\\/\\\/www.copealcoy.es\\\/es\\\/agres-volvio-a-aplaudir-la-tradicional-ambaixada-del-pastoret\\\/\",\"url\":\"https:\\\/\\\/www.copealcoy.es\\\/es\\\/agres-volvio-a-aplaudir-la-tradicional-ambaixada-del-pastoret\\\/\",\"name\":\"Agres volvi\u00f3 a aplaudir la tradicional 'Ambaixada del Pastoret' - COPE Alcoy\",\"isPartOf\":{\"@id\":\"https:\\\/\\\/www.copealcoy.es\\\/es\\\/#website\"},\"primaryImageOfPage\":{\"@id\":\"https:\\\/\\\/www.copealcoy.es\\\/es\\\/agres-volvio-a-aplaudir-la-tradicional-ambaixada-del-pastoret\\\/#primaryimage\"},\"image\":{\"@id\":\"https:\\\/\\\/www.copealcoy.es\\\/es\\\/agres-volvio-a-aplaudir-la-tradicional-ambaixada-del-pastoret\\\/#primaryimage\"},\"thumbnailUrl\":\"https:\\\/\\\/www.copealcoy.es\\\/wp-content\\\/uploads\\\/2022\\\/09\\\/unnamed-1-e1662392129211.jpg\",\"datePublished\":\"2022-09-05T15:36:12+00:00\",\"dateModified\":\"2022-09-10T20:59:03+00:00\",\"author\":{\"@id\":\"https:\\\/\\\/www.copealcoy.es\\\/es\\\/#\\\/schema\\\/person\\\/e777c87fa024e57d40170af9df39882c\"},\"breadcrumb\":{\"@id\":\"https:\\\/\\\/www.copealcoy.es\\\/es\\\/agres-volvio-a-aplaudir-la-tradicional-ambaixada-del-pastoret\\\/#breadcrumb\"},\"inLanguage\":\"es\",\"potentialAction\":[{\"@type\":\"ReadAction\",\"target\":[\"https:\\\/\\\/www.copealcoy.es\\\/es\\\/agres-volvio-a-aplaudir-la-tradicional-ambaixada-del-pastoret\\\/\"]}]},{\"@type\":\"ImageObject\",\"inLanguage\":\"es\",\"@id\":\"https:\\\/\\\/www.copealcoy.es\\\/es\\\/agres-volvio-a-aplaudir-la-tradicional-ambaixada-del-pastoret\\\/#primaryimage\",\"url\":\"https:\\\/\\\/www.copealcoy.es\\\/wp-content\\\/uploads\\\/2022\\\/09\\\/unnamed-1-e1662392129211.jpg\",\"contentUrl\":\"https:\\\/\\\/www.copealcoy.es\\\/wp-content\\\/uploads\\\/2022\\\/09\\\/unnamed-1-e1662392129211.jpg\",\"width\":640,\"height\":381},{\"@type\":\"BreadcrumbList\",\"@id\":\"https:\\\/\\\/www.copealcoy.es\\\/es\\\/agres-volvio-a-aplaudir-la-tradicional-ambaixada-del-pastoret\\\/#breadcrumb\",\"itemListElement\":[{\"@type\":\"ListItem\",\"position\":1,\"name\":\"Portada\",\"item\":\"https:\\\/\\\/www.copealcoy.es\\\/es\\\/\"},{\"@type\":\"ListItem\",\"position\":2,\"name\":\"Agres volvi\u00f3 a aplaudir la tradicional &#8216;Ambaixada del Pastoret&#8217;\"}]},{\"@type\":\"WebSite\",\"@id\":\"https:\\\/\\\/www.copealcoy.es\\\/es\\\/#website\",\"url\":\"https:\\\/\\\/www.copealcoy.es\\\/es\\\/\",\"name\":\"COPE Alcoy\",\"description\":\"Emisora COPE de radio local con emisi\u00f3n online. Pont de Sant Jordi 8-10 03803 Alcoy\",\"potentialAction\":[{\"@type\":\"SearchAction\",\"target\":{\"@type\":\"EntryPoint\",\"urlTemplate\":\"https:\\\/\\\/www.copealcoy.es\\\/es\\\/?s={search_term_string}\"},\"query-input\":{\"@type\":\"PropertyValueSpecification\",\"valueRequired\":true,\"valueName\":\"search_term_string\"}}],\"inLanguage\":\"es\"},{\"@type\":\"Person\",\"@id\":\"https:\\\/\\\/www.copealcoy.es\\\/es\\\/#\\\/schema\\\/person\\\/e777c87fa024e57d40170af9df39882c\",\"name\":\"Cope Alcoy\",\"image\":{\"@type\":\"ImageObject\",\"inLanguage\":\"es\",\"@id\":\"https:\\\/\\\/secure.gravatar.com\\\/avatar\\\/bb65d0283347e303893ba14f0692005417c1e0e690a325a4c5d8bb2b3943ee14?s=96&d=mm&r=g\",\"url\":\"https:\\\/\\\/secure.gravatar.com\\\/avatar\\\/bb65d0283347e303893ba14f0692005417c1e0e690a325a4c5d8bb2b3943ee14?s=96&d=mm&r=g\",\"contentUrl\":\"https:\\\/\\\/secure.gravatar.com\\\/avatar\\\/bb65d0283347e303893ba14f0692005417c1e0e690a325a4c5d8bb2b3943ee14?s=96&d=mm&r=g\",\"caption\":\"Cope Alcoy\"}}]}<\/script>\n<!-- \/ Yoast SEO plugin. -->","yoast_head_json":{"title":"Agres volvi\u00f3 a aplaudir la tradicional 'Ambaixada del Pastoret' - COPE Alcoy","robots":{"index":"index","follow":"follow","max-snippet":"max-snippet:-1","max-image-preview":"max-image-preview:large","max-video-preview":"max-video-preview:-1"},"canonical":"https:\/\/www.copealcoy.es\/es\/agres-volvio-a-aplaudir-la-tradicional-ambaixada-del-pastoret\/","og_locale":"es_ES","og_type":"article","og_title":"Agres volvi\u00f3 a aplaudir la tradicional 'Ambaixada del Pastoret' - COPE Alcoy","og_description":"El municipio de Agres ha estado inmerso este fin de semana en sus Fiestas Patronales en honor a la Mare...","og_url":"https:\/\/www.copealcoy.es\/es\/agres-volvio-a-aplaudir-la-tradicional-ambaixada-del-pastoret\/","og_site_name":"COPE Alcoy","article_published_time":"2022-09-05T15:36:12+00:00","article_modified_time":"2022-09-10T20:59:03+00:00","og_image":[{"width":640,"height":381,"url":"https:\/\/www.copealcoy.es\/wp-content\/uploads\/2022\/09\/unnamed-1-e1662392129211.jpg","type":"image\/jpeg"}],"author":"Cope Alcoy","twitter_misc":{"Escrito por":"Cope Alcoy","Tiempo de lectura":"2 minutos"},"schema":{"@context":"https:\/\/schema.org","@graph":[{"@type":"Article","@id":"https:\/\/www.copealcoy.es\/es\/agres-volvio-a-aplaudir-la-tradicional-ambaixada-del-pastoret\/#article","isPartOf":{"@id":"https:\/\/www.copealcoy.es\/es\/agres-volvio-a-aplaudir-la-tradicional-ambaixada-del-pastoret\/"},"author":{"name":"Cope Alcoy","@id":"https:\/\/www.copealcoy.es\/es\/#\/schema\/person\/e777c87fa024e57d40170af9df39882c"},"headline":"Agres volvi\u00f3 a aplaudir la tradicional &#8216;Ambaixada del Pastoret&#8217;","datePublished":"2022-09-05T15:36:12+00:00","dateModified":"2022-09-10T20:59:03+00:00","mainEntityOfPage":{"@id":"https:\/\/www.copealcoy.es\/es\/agres-volvio-a-aplaudir-la-tradicional-ambaixada-del-pastoret\/"},"wordCount":440,"commentCount":0,"image":{"@id":"https:\/\/www.copealcoy.es\/es\/agres-volvio-a-aplaudir-la-tradicional-ambaixada-del-pastoret\/#primaryimage"},"thumbnailUrl":"https:\/\/www.copealcoy.es\/wp-content\/uploads\/2022\/09\/unnamed-1-e1662392129211.jpg","keywords":["2022","Agres","Ambaixada del Pastoret","Fiestas","Mare de D\u00e9u d'Agres"],"articleSection":["Actualidad","Comarcas","Noticias","V\u00eddeos"],"inLanguage":"es"},{"@type":"WebPage","@id":"https:\/\/www.copealcoy.es\/es\/agres-volvio-a-aplaudir-la-tradicional-ambaixada-del-pastoret\/","url":"https:\/\/www.copealcoy.es\/es\/agres-volvio-a-aplaudir-la-tradicional-ambaixada-del-pastoret\/","name":"Agres volvi\u00f3 a aplaudir la tradicional 'Ambaixada del Pastoret' - COPE Alcoy","isPartOf":{"@id":"https:\/\/www.copealcoy.es\/es\/#website"},"primaryImageOfPage":{"@id":"https:\/\/www.copealcoy.es\/es\/agres-volvio-a-aplaudir-la-tradicional-ambaixada-del-pastoret\/#primaryimage"},"image":{"@id":"https:\/\/www.copealcoy.es\/es\/agres-volvio-a-aplaudir-la-tradicional-ambaixada-del-pastoret\/#primaryimage"},"thumbnailUrl":"https:\/\/www.copealcoy.es\/wp-content\/uploads\/2022\/09\/unnamed-1-e1662392129211.jpg","datePublished":"2022-09-05T15:36:12+00:00","dateModified":"2022-09-10T20:59:03+00:00","author":{"@id":"https:\/\/www.copealcoy.es\/es\/#\/schema\/person\/e777c87fa024e57d40170af9df39882c"},"breadcrumb":{"@id":"https:\/\/www.copealcoy.es\/es\/agres-volvio-a-aplaudir-la-tradicional-ambaixada-del-pastoret\/#breadcrumb"},"inLanguage":"es","potentialAction":[{"@type":"ReadAction","target":["https:\/\/www.copealcoy.es\/es\/agres-volvio-a-aplaudir-la-tradicional-ambaixada-del-pastoret\/"]}]},{"@type":"ImageObject","inLanguage":"es","@id":"https:\/\/www.copealcoy.es\/es\/agres-volvio-a-aplaudir-la-tradicional-ambaixada-del-pastoret\/#primaryimage","url":"https:\/\/www.copealcoy.es\/wp-content\/uploads\/2022\/09\/unnamed-1-e1662392129211.jpg","contentUrl":"https:\/\/www.copealcoy.es\/wp-content\/uploads\/2022\/09\/unnamed-1-e1662392129211.jpg","width":640,"height":381},{"@type":"BreadcrumbList","@id":"https:\/\/www.copealcoy.es\/es\/agres-volvio-a-aplaudir-la-tradicional-ambaixada-del-pastoret\/#breadcrumb","itemListElement":[{"@type":"ListItem","position":1,"name":"Portada","item":"https:\/\/www.copealcoy.es\/es\/"},{"@type":"ListItem","position":2,"name":"Agres volvi\u00f3 a aplaudir la tradicional &#8216;Ambaixada del Pastoret&#8217;"}]},{"@type":"WebSite","@id":"https:\/\/www.copealcoy.es\/es\/#website","url":"https:\/\/www.copealcoy.es\/es\/","name":"COPE Alcoy","description":"Emisora COPE de radio local con emisi\u00f3n online. Pont de Sant Jordi 8-10 03803 Alcoy","potentialAction":[{"@type":"SearchAction","target":{"@type":"EntryPoint","urlTemplate":"https:\/\/www.copealcoy.es\/es\/?s={search_term_string}"},"query-input":{"@type":"PropertyValueSpecification","valueRequired":true,"valueName":"search_term_string"}}],"inLanguage":"es"},{"@type":"Person","@id":"https:\/\/www.copealcoy.es\/es\/#\/schema\/person\/e777c87fa024e57d40170af9df39882c","name":"Cope Alcoy","image":{"@type":"ImageObject","inLanguage":"es","@id":"https:\/\/secure.gravatar.com\/avatar\/bb65d0283347e303893ba14f0692005417c1e0e690a325a4c5d8bb2b3943ee14?s=96&d=mm&r=g","url":"https:\/\/secure.gravatar.com\/avatar\/bb65d0283347e303893ba14f0692005417c1e0e690a325a4c5d8bb2b3943ee14?s=96&d=mm&r=g","contentUrl":"https:\/\/secure.gravatar.com\/avatar\/bb65d0283347e303893ba14f0692005417c1e0e690a325a4c5d8bb2b3943ee14?s=96&d=mm&r=g","caption":"Cope Alcoy"}}]}},"_links":{"self":[{"href":"https:\/\/www.copealcoy.es\/es\/wp-json\/wp\/v2\/posts\/91152","targetHints":{"allow":["GET"]}}],"collection":[{"href":"https:\/\/www.copealcoy.es\/es\/wp-json\/wp\/v2\/posts"}],"about":[{"href":"https:\/\/www.copealcoy.es\/es\/wp-json\/wp\/v2\/types\/post"}],"author":[{"embeddable":true,"href":"https:\/\/www.copealcoy.es\/es\/wp-json\/wp\/v2\/users\/1"}],"replies":[{"embeddable":true,"href":"https:\/\/www.copealcoy.es\/es\/wp-json\/wp\/v2\/comments?post=91152"}],"version-history":[{"count":0,"href":"https:\/\/www.copealcoy.es\/es\/wp-json\/wp\/v2\/posts\/91152\/revisions"}],"wp:featuredmedia":[{"embeddable":true,"href":"https:\/\/www.copealcoy.es\/es\/wp-json\/wp\/v2\/media\/91153"}],"wp:attachment":[{"href":"https:\/\/www.copealcoy.es\/es\/wp-json\/wp\/v2\/media?parent=91152"}],"wp:term":[{"taxonomy":"category","embeddable":true,"href":"https:\/\/www.copealcoy.es\/es\/wp-json\/wp\/v2\/categories?post=91152"},{"taxonomy":"post_tag","embeddable":true,"href":"https:\/\/www.copealcoy.es\/es\/wp-json\/wp\/v2\/tags?post=91152"}],"curies":[{"name":"wp","href":"https:\/\/api.w.org\/{rel}","templated":true}]}}