{"id":91131,"date":"2022-09-05T15:38:38","date_gmt":"2022-09-05T14:38:38","guid":{"rendered":"https:\/\/www.copealcoy.es\/?p=91131"},"modified":"2022-09-05T15:48:51","modified_gmt":"2022-09-05T14:48:51","slug":"el-grupo-scout-brownsea-de-alcoy-vuelve-a-participar-en-la-feria-modernista","status":"publish","type":"post","link":"https:\/\/www.copealcoy.es\/es\/el-grupo-scout-brownsea-de-alcoy-vuelve-a-participar-en-la-feria-modernista\/","title":{"rendered":"El Grupo Scout Brownsea de Alcoy vuelve a participar en la Feria Modernista"},"content":{"rendered":"<p style=\"text-align: justify;\">El <strong>Grupo Scout Brownsea de Alcoy<\/strong> participar\u00e1 en la Feria Modernista de este a\u00f1o con <strong>un amplio abanico de actividades<\/strong>. De esta forma <strong>recordar\u00e1n tambi\u00e9n su cincuenta aniversario<\/strong> y <strong>el auge que empezaron a tener\u00a0 los grupos scouts<\/strong> durante la \u00e9poca del Modernismo.<\/p>\n<p style=\"text-align: justify;\">La agrupaci\u00f3n ha optado por<strong> lucir vestidos de \u00e9poca<\/strong> durante el evento y tambi\u00e9n <strong>har\u00e1n un desfile<\/strong> en la tarde del s\u00e1bado 24 de septiembre desde la Plaza de Espa\u00f1a y hasta la Plaza de Ram\u00f3n y Cajal. El acto finalizar\u00e1 con c\u00e1nticos, la representaci\u00f3n de una asamblea y el izado de una bandera &#8220;<em>otros a\u00f1os hemos participado tambi\u00e9n y, en esta ocasi\u00f3n, realizaremos adem\u00e1s una serie de juegos infantiles, montaremos un stand y realizaremos talleres de morse y de nudos<\/em>&#8220;, explicaba al respecto <strong>Daniel Cabrera<\/strong>, Vicepresidente del colectivo.<\/p>\n<p style=\"text-align: justify;\">Al margen de esto, el domingo\u00a0 26 de septiembre,<strong> se llevar\u00e1n a cabo talleres <\/strong>e\u00a0<strong>iniciativas de identificaci\u00f3n de huellas de animales. <\/strong>A ello se le a\u00f1ade\u00a0<strong>un juego de pistas<\/strong> para fomentar la orientaci\u00f3n. En este \u00faltimo, seg\u00fan la informaci\u00f3n facilitada, <strong>los ni\u00f1os donde tendr\u00e1n que construir un plano de la glorieta<\/strong> para que encuentren un tesoro.<\/p>\n<p><iframe loading=\"lazy\" title=\"RP Grup Scout Brownsea Alcoi Setmana Modernista 2022\" width=\"1200\" height=\"675\" src=\"https:\/\/www.youtube.com\/embed\/uCJlrRLnH6Q?start=100&#038;feature=oembed\" frameborder=\"0\" allow=\"accelerometer; autoplay; clipboard-write; encrypted-media; gyroscope; picture-in-picture\" allowfullscreen><\/iframe><\/p>\n","protected":false},"excerpt":{"rendered":"<p>El Grupo Scout Brownsea de Alcoy participar\u00e1 en la Feria Modernista de este a\u00f1o con un amplio abanico de actividades&#8230;.<\/p>\n","protected":false},"author":1,"featured_media":91132,"comment_status":"open","ping_status":"open","sticky":false,"template":"","format":"standard","meta":{"footnotes":""},"categories":[6909,97,78,75],"tags":[442,1494,4643,13099],"class_list":["post-91131","post","type-post","status-publish","format-standard","has-post-thumbnail","hentry","category-actualidad","category-alcoy","category-fiestaycultura","category-noticias","tag-actividades","tag-alcoy","tag-feria-modernista","tag-grupo-scout-brownsea"],"yoast_head":"<!-- This site is optimized with the Yoast SEO plugin v27.3 - https:\/\/yoast.com\/product\/yoast-seo-wordpress\/ -->\n<title>El Grupo Scout Brownsea de Alcoy vuelve a participar en la Feria Modernista - COPE Alcoy<\/title>\n<meta name=\"robots\" content=\"index, follow, max-snippet:-1, max-image-preview:large, max-video-preview:-1\" \/>\n<link rel=\"canonical\" href=\"https:\/\/www.copealcoy.es\/es\/el-grupo-scout-brownsea-de-alcoy-vuelve-a-participar-en-la-feria-modernista\/\" \/>\n<meta property=\"og:locale\" content=\"es_ES\" \/>\n<meta property=\"og:type\" content=\"article\" \/>\n<meta property=\"og:title\" content=\"El Grupo Scout Brownsea de Alcoy vuelve a participar en la Feria Modernista - COPE Alcoy\" \/>\n<meta property=\"og:description\" content=\"El Grupo Scout Brownsea de Alcoy participar\u00e1 en la Feria Modernista de este a\u00f1o con un amplio abanico de actividades....\" \/>\n<meta property=\"og:url\" content=\"https:\/\/www.copealcoy.es\/es\/el-grupo-scout-brownsea-de-alcoy-vuelve-a-participar-en-la-feria-modernista\/\" \/>\n<meta property=\"og:site_name\" content=\"COPE Alcoy\" \/>\n<meta property=\"article:published_time\" content=\"2022-09-05T14:38:38+00:00\" \/>\n<meta property=\"article:modified_time\" content=\"2022-09-05T14:48:51+00:00\" \/>\n<meta property=\"og:image\" content=\"https:\/\/www.copealcoy.es\/wp-content\/uploads\/2022\/09\/Captura-de-pantalla-2022-07-14-a-las-11.24.20-640x359-1.png\" \/>\n\t<meta property=\"og:image:width\" content=\"640\" \/>\n\t<meta property=\"og:image:height\" content=\"359\" \/>\n\t<meta property=\"og:image:type\" content=\"image\/png\" \/>\n<meta name=\"author\" content=\"Cope Alcoy\" \/>\n<meta name=\"twitter:label1\" content=\"Escrito por\" \/>\n\t<meta name=\"twitter:data1\" content=\"Cope Alcoy\" \/>\n\t<meta name=\"twitter:label2\" content=\"Tiempo de lectura\" \/>\n\t<meta name=\"twitter:data2\" content=\"1 minuto\" \/>\n<script type=\"application\/ld+json\" class=\"yoast-schema-graph\">{\"@context\":\"https:\\\/\\\/schema.org\",\"@graph\":[{\"@type\":\"Article\",\"@id\":\"https:\\\/\\\/www.copealcoy.es\\\/es\\\/el-grupo-scout-brownsea-de-alcoy-vuelve-a-participar-en-la-feria-modernista\\\/#article\",\"isPartOf\":{\"@id\":\"https:\\\/\\\/www.copealcoy.es\\\/es\\\/el-grupo-scout-brownsea-de-alcoy-vuelve-a-participar-en-la-feria-modernista\\\/\"},\"author\":{\"name\":\"Cope Alcoy\",\"@id\":\"https:\\\/\\\/www.copealcoy.es\\\/es\\\/#\\\/schema\\\/person\\\/e777c87fa024e57d40170af9df39882c\"},\"headline\":\"El Grupo Scout Brownsea de Alcoy vuelve a participar en la Feria Modernista\",\"datePublished\":\"2022-09-05T14:38:38+00:00\",\"dateModified\":\"2022-09-05T14:48:51+00:00\",\"mainEntityOfPage\":{\"@id\":\"https:\\\/\\\/www.copealcoy.es\\\/es\\\/el-grupo-scout-brownsea-de-alcoy-vuelve-a-participar-en-la-feria-modernista\\\/\"},\"wordCount\":235,\"commentCount\":0,\"image\":{\"@id\":\"https:\\\/\\\/www.copealcoy.es\\\/es\\\/el-grupo-scout-brownsea-de-alcoy-vuelve-a-participar-en-la-feria-modernista\\\/#primaryimage\"},\"thumbnailUrl\":\"https:\\\/\\\/www.copealcoy.es\\\/wp-content\\\/uploads\\\/2022\\\/09\\\/Captura-de-pantalla-2022-07-14-a-las-11.24.20-640x359-1.png\",\"keywords\":[\"Actividades\",\"Alcoy\",\"Feria Modernista\",\"Grupo Scout Brownsea\"],\"articleSection\":[\"Actualidad\",\"Alcoy\",\"Fiesta y Cultura\",\"Noticias\"],\"inLanguage\":\"es\"},{\"@type\":\"WebPage\",\"@id\":\"https:\\\/\\\/www.copealcoy.es\\\/es\\\/el-grupo-scout-brownsea-de-alcoy-vuelve-a-participar-en-la-feria-modernista\\\/\",\"url\":\"https:\\\/\\\/www.copealcoy.es\\\/es\\\/el-grupo-scout-brownsea-de-alcoy-vuelve-a-participar-en-la-feria-modernista\\\/\",\"name\":\"El Grupo Scout Brownsea de Alcoy vuelve a participar en la Feria Modernista - COPE Alcoy\",\"isPartOf\":{\"@id\":\"https:\\\/\\\/www.copealcoy.es\\\/es\\\/#website\"},\"primaryImageOfPage\":{\"@id\":\"https:\\\/\\\/www.copealcoy.es\\\/es\\\/el-grupo-scout-brownsea-de-alcoy-vuelve-a-participar-en-la-feria-modernista\\\/#primaryimage\"},\"image\":{\"@id\":\"https:\\\/\\\/www.copealcoy.es\\\/es\\\/el-grupo-scout-brownsea-de-alcoy-vuelve-a-participar-en-la-feria-modernista\\\/#primaryimage\"},\"thumbnailUrl\":\"https:\\\/\\\/www.copealcoy.es\\\/wp-content\\\/uploads\\\/2022\\\/09\\\/Captura-de-pantalla-2022-07-14-a-las-11.24.20-640x359-1.png\",\"datePublished\":\"2022-09-05T14:38:38+00:00\",\"dateModified\":\"2022-09-05T14:48:51+00:00\",\"author\":{\"@id\":\"https:\\\/\\\/www.copealcoy.es\\\/es\\\/#\\\/schema\\\/person\\\/e777c87fa024e57d40170af9df39882c\"},\"breadcrumb\":{\"@id\":\"https:\\\/\\\/www.copealcoy.es\\\/es\\\/el-grupo-scout-brownsea-de-alcoy-vuelve-a-participar-en-la-feria-modernista\\\/#breadcrumb\"},\"inLanguage\":\"es\",\"potentialAction\":[{\"@type\":\"ReadAction\",\"target\":[\"https:\\\/\\\/www.copealcoy.es\\\/es\\\/el-grupo-scout-brownsea-de-alcoy-vuelve-a-participar-en-la-feria-modernista\\\/\"]}]},{\"@type\":\"ImageObject\",\"inLanguage\":\"es\",\"@id\":\"https:\\\/\\\/www.copealcoy.es\\\/es\\\/el-grupo-scout-brownsea-de-alcoy-vuelve-a-participar-en-la-feria-modernista\\\/#primaryimage\",\"url\":\"https:\\\/\\\/www.copealcoy.es\\\/wp-content\\\/uploads\\\/2022\\\/09\\\/Captura-de-pantalla-2022-07-14-a-las-11.24.20-640x359-1.png\",\"contentUrl\":\"https:\\\/\\\/www.copealcoy.es\\\/wp-content\\\/uploads\\\/2022\\\/09\\\/Captura-de-pantalla-2022-07-14-a-las-11.24.20-640x359-1.png\",\"width\":640,\"height\":359},{\"@type\":\"BreadcrumbList\",\"@id\":\"https:\\\/\\\/www.copealcoy.es\\\/es\\\/el-grupo-scout-brownsea-de-alcoy-vuelve-a-participar-en-la-feria-modernista\\\/#breadcrumb\",\"itemListElement\":[{\"@type\":\"ListItem\",\"position\":1,\"name\":\"Portada\",\"item\":\"https:\\\/\\\/www.copealcoy.es\\\/es\\\/\"},{\"@type\":\"ListItem\",\"position\":2,\"name\":\"El Grupo Scout Brownsea de Alcoy vuelve a participar en la Feria Modernista\"}]},{\"@type\":\"WebSite\",\"@id\":\"https:\\\/\\\/www.copealcoy.es\\\/es\\\/#website\",\"url\":\"https:\\\/\\\/www.copealcoy.es\\\/es\\\/\",\"name\":\"COPE Alcoy\",\"description\":\"Emisora COPE de radio local con emisi\u00f3n online. Pont de Sant Jordi 8-10 03803 Alcoy\",\"potentialAction\":[{\"@type\":\"SearchAction\",\"target\":{\"@type\":\"EntryPoint\",\"urlTemplate\":\"https:\\\/\\\/www.copealcoy.es\\\/es\\\/?s={search_term_string}\"},\"query-input\":{\"@type\":\"PropertyValueSpecification\",\"valueRequired\":true,\"valueName\":\"search_term_string\"}}],\"inLanguage\":\"es\"},{\"@type\":\"Person\",\"@id\":\"https:\\\/\\\/www.copealcoy.es\\\/es\\\/#\\\/schema\\\/person\\\/e777c87fa024e57d40170af9df39882c\",\"name\":\"Cope Alcoy\",\"image\":{\"@type\":\"ImageObject\",\"inLanguage\":\"es\",\"@id\":\"https:\\\/\\\/secure.gravatar.com\\\/avatar\\\/bb65d0283347e303893ba14f0692005417c1e0e690a325a4c5d8bb2b3943ee14?s=96&d=mm&r=g\",\"url\":\"https:\\\/\\\/secure.gravatar.com\\\/avatar\\\/bb65d0283347e303893ba14f0692005417c1e0e690a325a4c5d8bb2b3943ee14?s=96&d=mm&r=g\",\"contentUrl\":\"https:\\\/\\\/secure.gravatar.com\\\/avatar\\\/bb65d0283347e303893ba14f0692005417c1e0e690a325a4c5d8bb2b3943ee14?s=96&d=mm&r=g\",\"caption\":\"Cope Alcoy\"}}]}<\/script>\n<!-- \/ Yoast SEO plugin. -->","yoast_head_json":{"title":"El Grupo Scout Brownsea de Alcoy vuelve a participar en la Feria Modernista - COPE Alcoy","robots":{"index":"index","follow":"follow","max-snippet":"max-snippet:-1","max-image-preview":"max-image-preview:large","max-video-preview":"max-video-preview:-1"},"canonical":"https:\/\/www.copealcoy.es\/es\/el-grupo-scout-brownsea-de-alcoy-vuelve-a-participar-en-la-feria-modernista\/","og_locale":"es_ES","og_type":"article","og_title":"El Grupo Scout Brownsea de Alcoy vuelve a participar en la Feria Modernista - COPE Alcoy","og_description":"El Grupo Scout Brownsea de Alcoy participar\u00e1 en la Feria Modernista de este a\u00f1o con un amplio abanico de actividades....","og_url":"https:\/\/www.copealcoy.es\/es\/el-grupo-scout-brownsea-de-alcoy-vuelve-a-participar-en-la-feria-modernista\/","og_site_name":"COPE Alcoy","article_published_time":"2022-09-05T14:38:38+00:00","article_modified_time":"2022-09-05T14:48:51+00:00","og_image":[{"width":640,"height":359,"url":"https:\/\/www.copealcoy.es\/wp-content\/uploads\/2022\/09\/Captura-de-pantalla-2022-07-14-a-las-11.24.20-640x359-1.png","type":"image\/png"}],"author":"Cope Alcoy","twitter_misc":{"Escrito por":"Cope Alcoy","Tiempo de lectura":"1 minuto"},"schema":{"@context":"https:\/\/schema.org","@graph":[{"@type":"Article","@id":"https:\/\/www.copealcoy.es\/es\/el-grupo-scout-brownsea-de-alcoy-vuelve-a-participar-en-la-feria-modernista\/#article","isPartOf":{"@id":"https:\/\/www.copealcoy.es\/es\/el-grupo-scout-brownsea-de-alcoy-vuelve-a-participar-en-la-feria-modernista\/"},"author":{"name":"Cope Alcoy","@id":"https:\/\/www.copealcoy.es\/es\/#\/schema\/person\/e777c87fa024e57d40170af9df39882c"},"headline":"El Grupo Scout Brownsea de Alcoy vuelve a participar en la Feria Modernista","datePublished":"2022-09-05T14:38:38+00:00","dateModified":"2022-09-05T14:48:51+00:00","mainEntityOfPage":{"@id":"https:\/\/www.copealcoy.es\/es\/el-grupo-scout-brownsea-de-alcoy-vuelve-a-participar-en-la-feria-modernista\/"},"wordCount":235,"commentCount":0,"image":{"@id":"https:\/\/www.copealcoy.es\/es\/el-grupo-scout-brownsea-de-alcoy-vuelve-a-participar-en-la-feria-modernista\/#primaryimage"},"thumbnailUrl":"https:\/\/www.copealcoy.es\/wp-content\/uploads\/2022\/09\/Captura-de-pantalla-2022-07-14-a-las-11.24.20-640x359-1.png","keywords":["Actividades","Alcoy","Feria Modernista","Grupo Scout Brownsea"],"articleSection":["Actualidad","Alcoy","Fiesta y Cultura","Noticias"],"inLanguage":"es"},{"@type":"WebPage","@id":"https:\/\/www.copealcoy.es\/es\/el-grupo-scout-brownsea-de-alcoy-vuelve-a-participar-en-la-feria-modernista\/","url":"https:\/\/www.copealcoy.es\/es\/el-grupo-scout-brownsea-de-alcoy-vuelve-a-participar-en-la-feria-modernista\/","name":"El Grupo Scout Brownsea de Alcoy vuelve a participar en la Feria Modernista - COPE Alcoy","isPartOf":{"@id":"https:\/\/www.copealcoy.es\/es\/#website"},"primaryImageOfPage":{"@id":"https:\/\/www.copealcoy.es\/es\/el-grupo-scout-brownsea-de-alcoy-vuelve-a-participar-en-la-feria-modernista\/#primaryimage"},"image":{"@id":"https:\/\/www.copealcoy.es\/es\/el-grupo-scout-brownsea-de-alcoy-vuelve-a-participar-en-la-feria-modernista\/#primaryimage"},"thumbnailUrl":"https:\/\/www.copealcoy.es\/wp-content\/uploads\/2022\/09\/Captura-de-pantalla-2022-07-14-a-las-11.24.20-640x359-1.png","datePublished":"2022-09-05T14:38:38+00:00","dateModified":"2022-09-05T14:48:51+00:00","author":{"@id":"https:\/\/www.copealcoy.es\/es\/#\/schema\/person\/e777c87fa024e57d40170af9df39882c"},"breadcrumb":{"@id":"https:\/\/www.copealcoy.es\/es\/el-grupo-scout-brownsea-de-alcoy-vuelve-a-participar-en-la-feria-modernista\/#breadcrumb"},"inLanguage":"es","potentialAction":[{"@type":"ReadAction","target":["https:\/\/www.copealcoy.es\/es\/el-grupo-scout-brownsea-de-alcoy-vuelve-a-participar-en-la-feria-modernista\/"]}]},{"@type":"ImageObject","inLanguage":"es","@id":"https:\/\/www.copealcoy.es\/es\/el-grupo-scout-brownsea-de-alcoy-vuelve-a-participar-en-la-feria-modernista\/#primaryimage","url":"https:\/\/www.copealcoy.es\/wp-content\/uploads\/2022\/09\/Captura-de-pantalla-2022-07-14-a-las-11.24.20-640x359-1.png","contentUrl":"https:\/\/www.copealcoy.es\/wp-content\/uploads\/2022\/09\/Captura-de-pantalla-2022-07-14-a-las-11.24.20-640x359-1.png","width":640,"height":359},{"@type":"BreadcrumbList","@id":"https:\/\/www.copealcoy.es\/es\/el-grupo-scout-brownsea-de-alcoy-vuelve-a-participar-en-la-feria-modernista\/#breadcrumb","itemListElement":[{"@type":"ListItem","position":1,"name":"Portada","item":"https:\/\/www.copealcoy.es\/es\/"},{"@type":"ListItem","position":2,"name":"El Grupo Scout Brownsea de Alcoy vuelve a participar en la Feria Modernista"}]},{"@type":"WebSite","@id":"https:\/\/www.copealcoy.es\/es\/#website","url":"https:\/\/www.copealcoy.es\/es\/","name":"COPE Alcoy","description":"Emisora COPE de radio local con emisi\u00f3n online. Pont de Sant Jordi 8-10 03803 Alcoy","potentialAction":[{"@type":"SearchAction","target":{"@type":"EntryPoint","urlTemplate":"https:\/\/www.copealcoy.es\/es\/?s={search_term_string}"},"query-input":{"@type":"PropertyValueSpecification","valueRequired":true,"valueName":"search_term_string"}}],"inLanguage":"es"},{"@type":"Person","@id":"https:\/\/www.copealcoy.es\/es\/#\/schema\/person\/e777c87fa024e57d40170af9df39882c","name":"Cope Alcoy","image":{"@type":"ImageObject","inLanguage":"es","@id":"https:\/\/secure.gravatar.com\/avatar\/bb65d0283347e303893ba14f0692005417c1e0e690a325a4c5d8bb2b3943ee14?s=96&d=mm&r=g","url":"https:\/\/secure.gravatar.com\/avatar\/bb65d0283347e303893ba14f0692005417c1e0e690a325a4c5d8bb2b3943ee14?s=96&d=mm&r=g","contentUrl":"https:\/\/secure.gravatar.com\/avatar\/bb65d0283347e303893ba14f0692005417c1e0e690a325a4c5d8bb2b3943ee14?s=96&d=mm&r=g","caption":"Cope Alcoy"}}]}},"_links":{"self":[{"href":"https:\/\/www.copealcoy.es\/es\/wp-json\/wp\/v2\/posts\/91131","targetHints":{"allow":["GET"]}}],"collection":[{"href":"https:\/\/www.copealcoy.es\/es\/wp-json\/wp\/v2\/posts"}],"about":[{"href":"https:\/\/www.copealcoy.es\/es\/wp-json\/wp\/v2\/types\/post"}],"author":[{"embeddable":true,"href":"https:\/\/www.copealcoy.es\/es\/wp-json\/wp\/v2\/users\/1"}],"replies":[{"embeddable":true,"href":"https:\/\/www.copealcoy.es\/es\/wp-json\/wp\/v2\/comments?post=91131"}],"version-history":[{"count":0,"href":"https:\/\/www.copealcoy.es\/es\/wp-json\/wp\/v2\/posts\/91131\/revisions"}],"wp:featuredmedia":[{"embeddable":true,"href":"https:\/\/www.copealcoy.es\/es\/wp-json\/wp\/v2\/media\/91132"}],"wp:attachment":[{"href":"https:\/\/www.copealcoy.es\/es\/wp-json\/wp\/v2\/media?parent=91131"}],"wp:term":[{"taxonomy":"category","embeddable":true,"href":"https:\/\/www.copealcoy.es\/es\/wp-json\/wp\/v2\/categories?post=91131"},{"taxonomy":"post_tag","embeddable":true,"href":"https:\/\/www.copealcoy.es\/es\/wp-json\/wp\/v2\/tags?post=91131"}],"curies":[{"name":"wp","href":"https:\/\/api.w.org\/{rel}","templated":true}]}}