{"id":91096,"date":"2022-09-02T19:42:54","date_gmt":"2022-09-02T18:42:54","guid":{"rendered":"https:\/\/www.copealcoy.es\/?p=91096"},"modified":"2022-09-10T22:14:08","modified_gmt":"2022-09-10T21:14:08","slug":"carlos-gran-sorprende-a-alcoy-con-su-cartel-anunciador-de-la-romeria-a-la-font-roja","status":"publish","type":"post","link":"https:\/\/www.copealcoy.es\/es\/carlos-gran-sorprende-a-alcoy-con-su-cartel-anunciador-de-la-romeria-a-la-font-roja\/","title":{"rendered":"Carlos Gran sorprende a Alcoy con su cartel anunciador de la Romer\u00eda a la Font Roja"},"content":{"rendered":"<p style=\"text-align: justify;\">La Plaza de Espa\u00f1a de Alcoy ha acogido este viernes al anochecer <strong>el descubrimiento del cartel que anuncia las Fiestas en honor a la patrona de nuestra ciudad<\/strong>, la Virgen de los Lirios. Numerosas personas <strong>se han agolpado a las puertas del Ayuntamiento<\/strong> para presenciar el momento en el que se mostraba por primera vez <strong>la obra que ha creado Carlos Gran Llorca<\/strong> para proclamar una Romer\u00eda a la Font Roja que se celebrar\u00e1 el pr\u00f3ximo 19 de septiembre.<\/p>\n<p style=\"text-align: justify;\">El mencionado cartel <strong>destaca por su simbolismo<\/strong> y en la ilustraci\u00f3n <strong>aparecen los elementos que tanto identifican a estos festejos<\/strong>. En este sentido cabe mencionar que destaca <strong>la presencia de la Virgen de los Lirios y el santuario<\/strong> en la que veneramos a la image durante todo el a\u00f1o al mismo tiempo que <strong>podemos ver el Carrascal de la Font Roja<\/strong> junto a la gente que asciende al mismo en romer\u00eda. Todo ello se engloba con <strong>elementos vegetales<\/strong> e incluso <strong>la presencia de los lirios<\/strong> en cuyos bulbos apareci\u00f3 impresa la imagen de la Inmaculada Concepci\u00f3n en 1653 &#8220;<em>hoy cumplo un sue\u00f1o ya que, como alcoyano de pura cepa que soy, me siento muy orgulloso de haber aportado mi granito de arena a una de las tradiciones de nuestra ciudad<\/em>&#8220;, ha manifestado el protagonista. Tambi\u00e9n el alcalde ha recordado que con el descubrimiento de este cartel <strong>se da paso a una fiesta en honor a la patrona que recupera la plena normalidad<\/strong> &#8220;este a\u00f1o, si nada no lo impide, si que podremos disfrutar en la Font Roja como siempre lo hemos hecho despu\u00e9s de dejar atr\u00e1s una pandemia que tanto nos priv\u00f3 de nuestras costumbres&#8221;, ha manifestado <strong>Toni Franc\u00e9s<\/strong>. Por \u00faltimo desde la Archicofrad\u00eda de la Virgen de los Lirios han animado a todos a participar en la Romer\u00eda &#8220;<em>despu\u00e9s de tener que suspenderla por la lluvia o la pandemia, y hacerla con distancia social el a\u00f1o pasado, esta vez si que podremos acompa\u00f1ar a la peregrina en su ascenso al Carrascal as\u00ed que est\u00e1n todos invitados a venir<\/em>&#8220;, dijo la Presidenta; <strong>Reme Perell\u00f3<\/strong>.<\/p>\n<p style=\"text-align: justify;\">La puesta de largo del cartel ha estado acompa\u00f1ada de<strong> la m\u00fasica tradicional<\/strong> al mismo tiempo que se ha disparado un castillo de fuegos artificiales. A partir de hoy s<strong>e inicia un completo mes de actividades<\/strong> en la que la Mare de D\u00e9u dels Lliris ser\u00e1 la aut\u00e9ntica protagonista.<\/p>\n<div id='gallery-1' class='gallery galleryid-91096 gallery-columns-3 gallery-size-full'><figure class='gallery-item'>\n\t\t\t<div class='gallery-icon portrait'>\n\t\t\t\t<a href='https:\/\/www.copealcoy.es\/es\/carlos-gran-sorprende-a-alcoy-con-su-cartel-anunciador-de-la-romeria-a-la-font-roja\/f48afecb-5121-4044-8da6-d2e2a0121287\/'><img loading=\"lazy\" decoding=\"async\" width=\"878\" height=\"1080\" src=\"https:\/\/www.copealcoy.es\/wp-content\/uploads\/2022\/09\/F48AFECB-5121-4044-8DA6-D2E2A0121287.jpg\" class=\"attachment-full size-full\" alt=\"\" aria-describedby=\"gallery-1-91441\" srcset=\"https:\/\/www.copealcoy.es\/wp-content\/uploads\/2022\/09\/F48AFECB-5121-4044-8DA6-D2E2A0121287.jpg 878w, https:\/\/www.copealcoy.es\/wp-content\/uploads\/2022\/09\/F48AFECB-5121-4044-8DA6-D2E2A0121287-768x945.jpg 768w, https:\/\/www.copealcoy.es\/wp-content\/uploads\/2022\/09\/F48AFECB-5121-4044-8DA6-D2E2A0121287-1248x1536.jpg 1248w\" sizes=\"auto, (max-width: 878px) 100vw, 878px\" \/><\/a>\n\t\t\t<\/div>\n\t\t\t\t<figcaption class='wp-caption-text gallery-caption' id='gallery-1-91441'>\n\t\t\t\tCartel Romer\u00eda 2022\n\t\t\t\t<\/figcaption><\/figure><figure class='gallery-item'>\n\t\t\t<div class='gallery-icon portrait'>\n\t\t\t\t<a href='https:\/\/www.copealcoy.es\/es\/carlos-gran-sorprende-a-alcoy-con-su-cartel-anunciador-de-la-romeria-a-la-font-roja\/img-0707\/'><img loading=\"lazy\" decoding=\"async\" width=\"810\" height=\"1080\" src=\"https:\/\/www.copealcoy.es\/wp-content\/uploads\/2022\/09\/IMG-0707-scaled.jpg\" class=\"attachment-full size-full\" alt=\"\" aria-describedby=\"gallery-1-91443\" srcset=\"https:\/\/www.copealcoy.es\/wp-content\/uploads\/2022\/09\/IMG-0707-scaled.jpg 810w, https:\/\/www.copealcoy.es\/wp-content\/uploads\/2022\/09\/IMG-0707-768x1024.jpg 768w, https:\/\/www.copealcoy.es\/wp-content\/uploads\/2022\/09\/IMG-0707-1152x1536.jpg 1152w, https:\/\/www.copealcoy.es\/wp-content\/uploads\/2022\/09\/IMG-0707-1536x2048.jpg 1536w\" sizes=\"auto, (max-width: 810px) 100vw, 810px\" \/><\/a>\n\t\t\t<\/div>\n\t\t\t\t<figcaption class='wp-caption-text gallery-caption' id='gallery-1-91443'>\n\t\t\t\tCartel Romer\u00eda 2022\n\t\t\t\t<\/figcaption><\/figure><figure class='gallery-item'>\n\t\t\t<div class='gallery-icon portrait'>\n\t\t\t\t<a href='https:\/\/www.copealcoy.es\/es\/carlos-gran-sorprende-a-alcoy-con-su-cartel-anunciador-de-la-romeria-a-la-font-roja\/img-0715\/'><img loading=\"lazy\" decoding=\"async\" width=\"810\" height=\"1080\" src=\"https:\/\/www.copealcoy.es\/wp-content\/uploads\/2022\/09\/IMG-0715-scaled.jpg\" class=\"attachment-full size-full\" alt=\"\" aria-describedby=\"gallery-1-91444\" srcset=\"https:\/\/www.copealcoy.es\/wp-content\/uploads\/2022\/09\/IMG-0715-scaled.jpg 810w, https:\/\/www.copealcoy.es\/wp-content\/uploads\/2022\/09\/IMG-0715-768x1024.jpg 768w, https:\/\/www.copealcoy.es\/wp-content\/uploads\/2022\/09\/IMG-0715-1152x1536.jpg 1152w, https:\/\/www.copealcoy.es\/wp-content\/uploads\/2022\/09\/IMG-0715-1536x2048.jpg 1536w\" sizes=\"auto, (max-width: 810px) 100vw, 810px\" \/><\/a>\n\t\t\t<\/div>\n\t\t\t\t<figcaption class='wp-caption-text gallery-caption' id='gallery-1-91444'>\n\t\t\t\tCartel Romer\u00eda 2022\n\t\t\t\t<\/figcaption><\/figure><figure class='gallery-item'>\n\t\t\t<div class='gallery-icon landscape'>\n\t\t\t\t<a href='https:\/\/www.copealcoy.es\/es\/carlos-gran-sorprende-a-alcoy-con-su-cartel-anunciador-de-la-romeria-a-la-font-roja\/img-0717\/'><img loading=\"lazy\" decoding=\"async\" width=\"1440\" height=\"1080\" src=\"https:\/\/www.copealcoy.es\/wp-content\/uploads\/2022\/09\/IMG-0717-scaled.jpg\" class=\"attachment-full size-full\" alt=\"\" aria-describedby=\"gallery-1-91445\" srcset=\"https:\/\/www.copealcoy.es\/wp-content\/uploads\/2022\/09\/IMG-0717-scaled.jpg 1440w, https:\/\/www.copealcoy.es\/wp-content\/uploads\/2022\/09\/IMG-0717-768x576.jpg 768w, https:\/\/www.copealcoy.es\/wp-content\/uploads\/2022\/09\/IMG-0717-1536x1152.jpg 1536w, https:\/\/www.copealcoy.es\/wp-content\/uploads\/2022\/09\/IMG-0717-2048x1536.jpg 2048w\" sizes=\"auto, (max-width: 1440px) 100vw, 1440px\" \/><\/a>\n\t\t\t<\/div>\n\t\t\t\t<figcaption class='wp-caption-text gallery-caption' id='gallery-1-91445'>\n\t\t\t\tCartel Romer\u00eda 2022\n\t\t\t\t<\/figcaption><\/figure><figure class='gallery-item'>\n\t\t\t<div class='gallery-icon portrait'>\n\t\t\t\t<a href='https:\/\/www.copealcoy.es\/es\/carlos-gran-sorprende-a-alcoy-con-su-cartel-anunciador-de-la-romeria-a-la-font-roja\/img-0725\/'><img loading=\"lazy\" decoding=\"async\" width=\"810\" height=\"1080\" src=\"https:\/\/www.copealcoy.es\/wp-content\/uploads\/2022\/09\/IMG-0725-scaled.jpg\" class=\"attachment-full size-full\" alt=\"\" aria-describedby=\"gallery-1-91446\" srcset=\"https:\/\/www.copealcoy.es\/wp-content\/uploads\/2022\/09\/IMG-0725-scaled.jpg 810w, https:\/\/www.copealcoy.es\/wp-content\/uploads\/2022\/09\/IMG-0725-768x1024.jpg 768w, https:\/\/www.copealcoy.es\/wp-content\/uploads\/2022\/09\/IMG-0725-1152x1536.jpg 1152w, https:\/\/www.copealcoy.es\/wp-content\/uploads\/2022\/09\/IMG-0725-1536x2048.jpg 1536w\" sizes=\"auto, (max-width: 810px) 100vw, 810px\" \/><\/a>\n\t\t\t<\/div>\n\t\t\t\t<figcaption class='wp-caption-text gallery-caption' id='gallery-1-91446'>\n\t\t\t\tCartel Romer\u00eda 2022\n\t\t\t\t<\/figcaption><\/figure><figure class='gallery-item'>\n\t\t\t<div class='gallery-icon landscape'>\n\t\t\t\t<a href='https:\/\/www.copealcoy.es\/es\/carlos-gran-sorprende-a-alcoy-con-su-cartel-anunciador-de-la-romeria-a-la-font-roja\/img-0705\/'><img loading=\"lazy\" decoding=\"async\" width=\"1440\" height=\"1080\" src=\"https:\/\/www.copealcoy.es\/wp-content\/uploads\/2022\/09\/IMG-0705-scaled.jpg\" class=\"attachment-full size-full\" alt=\"\" aria-describedby=\"gallery-1-91442\" srcset=\"https:\/\/www.copealcoy.es\/wp-content\/uploads\/2022\/09\/IMG-0705-scaled.jpg 1440w, https:\/\/www.copealcoy.es\/wp-content\/uploads\/2022\/09\/IMG-0705-768x576.jpg 768w, https:\/\/www.copealcoy.es\/wp-content\/uploads\/2022\/09\/IMG-0705-1536x1152.jpg 1536w, https:\/\/www.copealcoy.es\/wp-content\/uploads\/2022\/09\/IMG-0705-2048x1536.jpg 2048w\" sizes=\"auto, (max-width: 1440px) 100vw, 1440px\" \/><\/a>\n\t\t\t<\/div>\n\t\t\t\t<figcaption class='wp-caption-text gallery-caption' id='gallery-1-91442'>\n\t\t\t\tCartel Romer\u00eda 2022\n\t\t\t\t<\/figcaption><\/figure>\n\t\t<\/div>\n\n","protected":false},"excerpt":{"rendered":"<p>La Plaza de Espa\u00f1a de Alcoy ha acogido este viernes al anochecer el descubrimiento del cartel que anuncia las Fiestas&#8230;<\/p>\n","protected":false},"author":1,"featured_media":91099,"comment_status":"open","ping_status":"open","sticky":false,"template":"","format":"standard","meta":{"footnotes":""},"categories":[6909,97,78,75,125],"tags":[1494,12027,2954,437,566,1347],"class_list":["post-91096","post","type-post","status-publish","format-standard","has-post-thumbnail","hentry","category-actualidad","category-alcoy","category-fiestaycultura","category-noticias","category-portada","tag-alcoy","tag-carlos-gran","tag-fiestas-patronales","tag-font-roja","tag-romeria","tag-virgen-de-los-lirios"],"yoast_head":"<!-- This site is optimized with the Yoast SEO plugin v27.3 - https:\/\/yoast.com\/product\/yoast-seo-wordpress\/ -->\n<title>Carlos Gran sorprende a Alcoy con su cartel anunciador de la Romer\u00eda a la Font Roja - COPE Alcoy<\/title>\n<meta name=\"robots\" content=\"index, follow, max-snippet:-1, max-image-preview:large, max-video-preview:-1\" \/>\n<link rel=\"canonical\" href=\"https:\/\/www.copealcoy.es\/es\/carlos-gran-sorprende-a-alcoy-con-su-cartel-anunciador-de-la-romeria-a-la-font-roja\/\" \/>\n<meta property=\"og:locale\" content=\"es_ES\" \/>\n<meta property=\"og:type\" content=\"article\" \/>\n<meta property=\"og:title\" content=\"Carlos Gran sorprende a Alcoy con su cartel anunciador de la Romer\u00eda a la Font Roja - COPE Alcoy\" \/>\n<meta property=\"og:description\" content=\"La Plaza de Espa\u00f1a de Alcoy ha acogido este viernes al anochecer el descubrimiento del cartel que anuncia las Fiestas...\" \/>\n<meta property=\"og:url\" content=\"https:\/\/www.copealcoy.es\/es\/carlos-gran-sorprende-a-alcoy-con-su-cartel-anunciador-de-la-romeria-a-la-font-roja\/\" \/>\n<meta property=\"og:site_name\" content=\"COPE Alcoy\" \/>\n<meta property=\"article:published_time\" content=\"2022-09-02T18:42:54+00:00\" \/>\n<meta property=\"article:modified_time\" content=\"2022-09-10T21:14:08+00:00\" \/>\n<meta property=\"og:image\" content=\"https:\/\/www.copealcoy.es\/wp-content\/uploads\/2022\/09\/3A8E4F15-4BEC-499A-9667-9B9035EE918D-scaled-e1662153060227.jpeg\" \/>\n\t<meta property=\"og:image:width\" content=\"640\" \/>\n\t<meta property=\"og:image:height\" content=\"427\" \/>\n\t<meta property=\"og:image:type\" content=\"image\/jpeg\" \/>\n<meta name=\"author\" content=\"Cope Alcoy\" \/>\n<meta name=\"twitter:label1\" content=\"Escrito por\" \/>\n\t<meta name=\"twitter:data1\" content=\"Cope Alcoy\" \/>\n\t<meta name=\"twitter:label2\" content=\"Tiempo de lectura\" \/>\n\t<meta name=\"twitter:data2\" content=\"2 minutos\" \/>\n<script type=\"application\/ld+json\" class=\"yoast-schema-graph\">{\"@context\":\"https:\\\/\\\/schema.org\",\"@graph\":[{\"@type\":\"Article\",\"@id\":\"https:\\\/\\\/www.copealcoy.es\\\/es\\\/carlos-gran-sorprende-a-alcoy-con-su-cartel-anunciador-de-la-romeria-a-la-font-roja\\\/#article\",\"isPartOf\":{\"@id\":\"https:\\\/\\\/www.copealcoy.es\\\/es\\\/carlos-gran-sorprende-a-alcoy-con-su-cartel-anunciador-de-la-romeria-a-la-font-roja\\\/\"},\"author\":{\"name\":\"Cope Alcoy\",\"@id\":\"https:\\\/\\\/www.copealcoy.es\\\/es\\\/#\\\/schema\\\/person\\\/e777c87fa024e57d40170af9df39882c\"},\"headline\":\"Carlos Gran sorprende a Alcoy con su cartel anunciador de la Romer\u00eda a la Font Roja\",\"datePublished\":\"2022-09-02T18:42:54+00:00\",\"dateModified\":\"2022-09-10T21:14:08+00:00\",\"mainEntityOfPage\":{\"@id\":\"https:\\\/\\\/www.copealcoy.es\\\/es\\\/carlos-gran-sorprende-a-alcoy-con-su-cartel-anunciador-de-la-romeria-a-la-font-roja\\\/\"},\"wordCount\":434,\"commentCount\":0,\"image\":{\"@id\":\"https:\\\/\\\/www.copealcoy.es\\\/es\\\/carlos-gran-sorprende-a-alcoy-con-su-cartel-anunciador-de-la-romeria-a-la-font-roja\\\/#primaryimage\"},\"thumbnailUrl\":\"https:\\\/\\\/www.copealcoy.es\\\/wp-content\\\/uploads\\\/2022\\\/09\\\/3A8E4F15-4BEC-499A-9667-9B9035EE918D-scaled-e1662153060227.jpeg\",\"keywords\":[\"Alcoy\",\"Carlos Gran\",\"fiestas patronales\",\"Font Roja\",\"Romer\u00eda\",\"Virgen de los Lirios\"],\"articleSection\":[\"Actualidad\",\"Alcoy\",\"Fiesta y Cultura\",\"Noticias\",\"Portada\"],\"inLanguage\":\"es\"},{\"@type\":\"WebPage\",\"@id\":\"https:\\\/\\\/www.copealcoy.es\\\/es\\\/carlos-gran-sorprende-a-alcoy-con-su-cartel-anunciador-de-la-romeria-a-la-font-roja\\\/\",\"url\":\"https:\\\/\\\/www.copealcoy.es\\\/es\\\/carlos-gran-sorprende-a-alcoy-con-su-cartel-anunciador-de-la-romeria-a-la-font-roja\\\/\",\"name\":\"Carlos Gran sorprende a Alcoy con su cartel anunciador de la Romer\u00eda a la Font Roja - COPE Alcoy\",\"isPartOf\":{\"@id\":\"https:\\\/\\\/www.copealcoy.es\\\/es\\\/#website\"},\"primaryImageOfPage\":{\"@id\":\"https:\\\/\\\/www.copealcoy.es\\\/es\\\/carlos-gran-sorprende-a-alcoy-con-su-cartel-anunciador-de-la-romeria-a-la-font-roja\\\/#primaryimage\"},\"image\":{\"@id\":\"https:\\\/\\\/www.copealcoy.es\\\/es\\\/carlos-gran-sorprende-a-alcoy-con-su-cartel-anunciador-de-la-romeria-a-la-font-roja\\\/#primaryimage\"},\"thumbnailUrl\":\"https:\\\/\\\/www.copealcoy.es\\\/wp-content\\\/uploads\\\/2022\\\/09\\\/3A8E4F15-4BEC-499A-9667-9B9035EE918D-scaled-e1662153060227.jpeg\",\"datePublished\":\"2022-09-02T18:42:54+00:00\",\"dateModified\":\"2022-09-10T21:14:08+00:00\",\"author\":{\"@id\":\"https:\\\/\\\/www.copealcoy.es\\\/es\\\/#\\\/schema\\\/person\\\/e777c87fa024e57d40170af9df39882c\"},\"breadcrumb\":{\"@id\":\"https:\\\/\\\/www.copealcoy.es\\\/es\\\/carlos-gran-sorprende-a-alcoy-con-su-cartel-anunciador-de-la-romeria-a-la-font-roja\\\/#breadcrumb\"},\"inLanguage\":\"es\",\"potentialAction\":[{\"@type\":\"ReadAction\",\"target\":[\"https:\\\/\\\/www.copealcoy.es\\\/es\\\/carlos-gran-sorprende-a-alcoy-con-su-cartel-anunciador-de-la-romeria-a-la-font-roja\\\/\"]}]},{\"@type\":\"ImageObject\",\"inLanguage\":\"es\",\"@id\":\"https:\\\/\\\/www.copealcoy.es\\\/es\\\/carlos-gran-sorprende-a-alcoy-con-su-cartel-anunciador-de-la-romeria-a-la-font-roja\\\/#primaryimage\",\"url\":\"https:\\\/\\\/www.copealcoy.es\\\/wp-content\\\/uploads\\\/2022\\\/09\\\/3A8E4F15-4BEC-499A-9667-9B9035EE918D-scaled-e1662153060227.jpeg\",\"contentUrl\":\"https:\\\/\\\/www.copealcoy.es\\\/wp-content\\\/uploads\\\/2022\\\/09\\\/3A8E4F15-4BEC-499A-9667-9B9035EE918D-scaled-e1662153060227.jpeg\",\"width\":640,\"height\":427},{\"@type\":\"BreadcrumbList\",\"@id\":\"https:\\\/\\\/www.copealcoy.es\\\/es\\\/carlos-gran-sorprende-a-alcoy-con-su-cartel-anunciador-de-la-romeria-a-la-font-roja\\\/#breadcrumb\",\"itemListElement\":[{\"@type\":\"ListItem\",\"position\":1,\"name\":\"Portada\",\"item\":\"https:\\\/\\\/www.copealcoy.es\\\/es\\\/\"},{\"@type\":\"ListItem\",\"position\":2,\"name\":\"Carlos Gran sorprende a Alcoy con su cartel anunciador de la Romer\u00eda a la Font Roja\"}]},{\"@type\":\"WebSite\",\"@id\":\"https:\\\/\\\/www.copealcoy.es\\\/es\\\/#website\",\"url\":\"https:\\\/\\\/www.copealcoy.es\\\/es\\\/\",\"name\":\"COPE Alcoy\",\"description\":\"Emisora COPE de radio local con emisi\u00f3n online. Pont de Sant Jordi 8-10 03803 Alcoy\",\"potentialAction\":[{\"@type\":\"SearchAction\",\"target\":{\"@type\":\"EntryPoint\",\"urlTemplate\":\"https:\\\/\\\/www.copealcoy.es\\\/es\\\/?s={search_term_string}\"},\"query-input\":{\"@type\":\"PropertyValueSpecification\",\"valueRequired\":true,\"valueName\":\"search_term_string\"}}],\"inLanguage\":\"es\"},{\"@type\":\"Person\",\"@id\":\"https:\\\/\\\/www.copealcoy.es\\\/es\\\/#\\\/schema\\\/person\\\/e777c87fa024e57d40170af9df39882c\",\"name\":\"Cope Alcoy\",\"image\":{\"@type\":\"ImageObject\",\"inLanguage\":\"es\",\"@id\":\"https:\\\/\\\/secure.gravatar.com\\\/avatar\\\/bb65d0283347e303893ba14f0692005417c1e0e690a325a4c5d8bb2b3943ee14?s=96&d=mm&r=g\",\"url\":\"https:\\\/\\\/secure.gravatar.com\\\/avatar\\\/bb65d0283347e303893ba14f0692005417c1e0e690a325a4c5d8bb2b3943ee14?s=96&d=mm&r=g\",\"contentUrl\":\"https:\\\/\\\/secure.gravatar.com\\\/avatar\\\/bb65d0283347e303893ba14f0692005417c1e0e690a325a4c5d8bb2b3943ee14?s=96&d=mm&r=g\",\"caption\":\"Cope Alcoy\"}}]}<\/script>\n<!-- \/ Yoast SEO plugin. -->","yoast_head_json":{"title":"Carlos Gran sorprende a Alcoy con su cartel anunciador de la Romer\u00eda a la Font Roja - COPE Alcoy","robots":{"index":"index","follow":"follow","max-snippet":"max-snippet:-1","max-image-preview":"max-image-preview:large","max-video-preview":"max-video-preview:-1"},"canonical":"https:\/\/www.copealcoy.es\/es\/carlos-gran-sorprende-a-alcoy-con-su-cartel-anunciador-de-la-romeria-a-la-font-roja\/","og_locale":"es_ES","og_type":"article","og_title":"Carlos Gran sorprende a Alcoy con su cartel anunciador de la Romer\u00eda a la Font Roja - COPE Alcoy","og_description":"La Plaza de Espa\u00f1a de Alcoy ha acogido este viernes al anochecer el descubrimiento del cartel que anuncia las Fiestas...","og_url":"https:\/\/www.copealcoy.es\/es\/carlos-gran-sorprende-a-alcoy-con-su-cartel-anunciador-de-la-romeria-a-la-font-roja\/","og_site_name":"COPE Alcoy","article_published_time":"2022-09-02T18:42:54+00:00","article_modified_time":"2022-09-10T21:14:08+00:00","og_image":[{"width":640,"height":427,"url":"https:\/\/www.copealcoy.es\/wp-content\/uploads\/2022\/09\/3A8E4F15-4BEC-499A-9667-9B9035EE918D-scaled-e1662153060227.jpeg","type":"image\/jpeg"}],"author":"Cope Alcoy","twitter_misc":{"Escrito por":"Cope Alcoy","Tiempo de lectura":"2 minutos"},"schema":{"@context":"https:\/\/schema.org","@graph":[{"@type":"Article","@id":"https:\/\/www.copealcoy.es\/es\/carlos-gran-sorprende-a-alcoy-con-su-cartel-anunciador-de-la-romeria-a-la-font-roja\/#article","isPartOf":{"@id":"https:\/\/www.copealcoy.es\/es\/carlos-gran-sorprende-a-alcoy-con-su-cartel-anunciador-de-la-romeria-a-la-font-roja\/"},"author":{"name":"Cope Alcoy","@id":"https:\/\/www.copealcoy.es\/es\/#\/schema\/person\/e777c87fa024e57d40170af9df39882c"},"headline":"Carlos Gran sorprende a Alcoy con su cartel anunciador de la Romer\u00eda a la Font Roja","datePublished":"2022-09-02T18:42:54+00:00","dateModified":"2022-09-10T21:14:08+00:00","mainEntityOfPage":{"@id":"https:\/\/www.copealcoy.es\/es\/carlos-gran-sorprende-a-alcoy-con-su-cartel-anunciador-de-la-romeria-a-la-font-roja\/"},"wordCount":434,"commentCount":0,"image":{"@id":"https:\/\/www.copealcoy.es\/es\/carlos-gran-sorprende-a-alcoy-con-su-cartel-anunciador-de-la-romeria-a-la-font-roja\/#primaryimage"},"thumbnailUrl":"https:\/\/www.copealcoy.es\/wp-content\/uploads\/2022\/09\/3A8E4F15-4BEC-499A-9667-9B9035EE918D-scaled-e1662153060227.jpeg","keywords":["Alcoy","Carlos Gran","fiestas patronales","Font Roja","Romer\u00eda","Virgen de los Lirios"],"articleSection":["Actualidad","Alcoy","Fiesta y Cultura","Noticias","Portada"],"inLanguage":"es"},{"@type":"WebPage","@id":"https:\/\/www.copealcoy.es\/es\/carlos-gran-sorprende-a-alcoy-con-su-cartel-anunciador-de-la-romeria-a-la-font-roja\/","url":"https:\/\/www.copealcoy.es\/es\/carlos-gran-sorprende-a-alcoy-con-su-cartel-anunciador-de-la-romeria-a-la-font-roja\/","name":"Carlos Gran sorprende a Alcoy con su cartel anunciador de la Romer\u00eda a la Font Roja - COPE Alcoy","isPartOf":{"@id":"https:\/\/www.copealcoy.es\/es\/#website"},"primaryImageOfPage":{"@id":"https:\/\/www.copealcoy.es\/es\/carlos-gran-sorprende-a-alcoy-con-su-cartel-anunciador-de-la-romeria-a-la-font-roja\/#primaryimage"},"image":{"@id":"https:\/\/www.copealcoy.es\/es\/carlos-gran-sorprende-a-alcoy-con-su-cartel-anunciador-de-la-romeria-a-la-font-roja\/#primaryimage"},"thumbnailUrl":"https:\/\/www.copealcoy.es\/wp-content\/uploads\/2022\/09\/3A8E4F15-4BEC-499A-9667-9B9035EE918D-scaled-e1662153060227.jpeg","datePublished":"2022-09-02T18:42:54+00:00","dateModified":"2022-09-10T21:14:08+00:00","author":{"@id":"https:\/\/www.copealcoy.es\/es\/#\/schema\/person\/e777c87fa024e57d40170af9df39882c"},"breadcrumb":{"@id":"https:\/\/www.copealcoy.es\/es\/carlos-gran-sorprende-a-alcoy-con-su-cartel-anunciador-de-la-romeria-a-la-font-roja\/#breadcrumb"},"inLanguage":"es","potentialAction":[{"@type":"ReadAction","target":["https:\/\/www.copealcoy.es\/es\/carlos-gran-sorprende-a-alcoy-con-su-cartel-anunciador-de-la-romeria-a-la-font-roja\/"]}]},{"@type":"ImageObject","inLanguage":"es","@id":"https:\/\/www.copealcoy.es\/es\/carlos-gran-sorprende-a-alcoy-con-su-cartel-anunciador-de-la-romeria-a-la-font-roja\/#primaryimage","url":"https:\/\/www.copealcoy.es\/wp-content\/uploads\/2022\/09\/3A8E4F15-4BEC-499A-9667-9B9035EE918D-scaled-e1662153060227.jpeg","contentUrl":"https:\/\/www.copealcoy.es\/wp-content\/uploads\/2022\/09\/3A8E4F15-4BEC-499A-9667-9B9035EE918D-scaled-e1662153060227.jpeg","width":640,"height":427},{"@type":"BreadcrumbList","@id":"https:\/\/www.copealcoy.es\/es\/carlos-gran-sorprende-a-alcoy-con-su-cartel-anunciador-de-la-romeria-a-la-font-roja\/#breadcrumb","itemListElement":[{"@type":"ListItem","position":1,"name":"Portada","item":"https:\/\/www.copealcoy.es\/es\/"},{"@type":"ListItem","position":2,"name":"Carlos Gran sorprende a Alcoy con su cartel anunciador de la Romer\u00eda a la Font Roja"}]},{"@type":"WebSite","@id":"https:\/\/www.copealcoy.es\/es\/#website","url":"https:\/\/www.copealcoy.es\/es\/","name":"COPE Alcoy","description":"Emisora COPE de radio local con emisi\u00f3n online. Pont de Sant Jordi 8-10 03803 Alcoy","potentialAction":[{"@type":"SearchAction","target":{"@type":"EntryPoint","urlTemplate":"https:\/\/www.copealcoy.es\/es\/?s={search_term_string}"},"query-input":{"@type":"PropertyValueSpecification","valueRequired":true,"valueName":"search_term_string"}}],"inLanguage":"es"},{"@type":"Person","@id":"https:\/\/www.copealcoy.es\/es\/#\/schema\/person\/e777c87fa024e57d40170af9df39882c","name":"Cope Alcoy","image":{"@type":"ImageObject","inLanguage":"es","@id":"https:\/\/secure.gravatar.com\/avatar\/bb65d0283347e303893ba14f0692005417c1e0e690a325a4c5d8bb2b3943ee14?s=96&d=mm&r=g","url":"https:\/\/secure.gravatar.com\/avatar\/bb65d0283347e303893ba14f0692005417c1e0e690a325a4c5d8bb2b3943ee14?s=96&d=mm&r=g","contentUrl":"https:\/\/secure.gravatar.com\/avatar\/bb65d0283347e303893ba14f0692005417c1e0e690a325a4c5d8bb2b3943ee14?s=96&d=mm&r=g","caption":"Cope Alcoy"}}]}},"_links":{"self":[{"href":"https:\/\/www.copealcoy.es\/es\/wp-json\/wp\/v2\/posts\/91096","targetHints":{"allow":["GET"]}}],"collection":[{"href":"https:\/\/www.copealcoy.es\/es\/wp-json\/wp\/v2\/posts"}],"about":[{"href":"https:\/\/www.copealcoy.es\/es\/wp-json\/wp\/v2\/types\/post"}],"author":[{"embeddable":true,"href":"https:\/\/www.copealcoy.es\/es\/wp-json\/wp\/v2\/users\/1"}],"replies":[{"embeddable":true,"href":"https:\/\/www.copealcoy.es\/es\/wp-json\/wp\/v2\/comments?post=91096"}],"version-history":[{"count":0,"href":"https:\/\/www.copealcoy.es\/es\/wp-json\/wp\/v2\/posts\/91096\/revisions"}],"wp:featuredmedia":[{"embeddable":true,"href":"https:\/\/www.copealcoy.es\/es\/wp-json\/wp\/v2\/media\/91099"}],"wp:attachment":[{"href":"https:\/\/www.copealcoy.es\/es\/wp-json\/wp\/v2\/media?parent=91096"}],"wp:term":[{"taxonomy":"category","embeddable":true,"href":"https:\/\/www.copealcoy.es\/es\/wp-json\/wp\/v2\/categories?post=91096"},{"taxonomy":"post_tag","embeddable":true,"href":"https:\/\/www.copealcoy.es\/es\/wp-json\/wp\/v2\/tags?post=91096"}],"curies":[{"name":"wp","href":"https:\/\/api.w.org\/{rel}","templated":true}]}}