{"id":90997,"date":"2022-09-01T16:40:07","date_gmt":"2022-09-01T15:40:07","guid":{"rendered":"https:\/\/www.copealcoy.es\/?p=90997"},"modified":"2022-09-01T16:42:03","modified_gmt":"2022-09-01T15:42:03","slug":"el-covid-deja-1-172-nuevos-casos-en-la-comunitat-valenciana-y-11-fallecidos","status":"publish","type":"post","link":"https:\/\/www.copealcoy.es\/es\/el-covid-deja-1-172-nuevos-casos-en-la-comunitat-valenciana-y-11-fallecidos\/","title":{"rendered":"El Covid deja 1.172 nuevos casos en la Comunitat Valenciana y 11 fallecidos"},"content":{"rendered":"<p style=\"text-align: justify;\">La <strong>Conselleria de Sanidad Universal y Salud P\u00fablica<\/strong> ha notificado un total de <strong>1.172 nuevos casos de Coronavirus<\/strong> confirmados por prueba PCR o a trav\u00e9s de test de ant\u00edgenos desde la \u00faltima actualizaci\u00f3n. Los nuevos casos por provincias son 201 en Castell\u00f3n (189.779 en total), <strong>298 en Alicante (525.143 en total)<\/strong> y 673 en Valencia (828.419 en total).<\/p>\n<p style=\"text-align: justify;\">De ellos, <strong>657 son de personas mayores de 60 a\u00f1os<\/strong>. Por provincias: 116 de Castell\u00f3n, <strong>166 de Alicante<\/strong> y 375 de Valencia.<\/p>\n<p style=\"text-align: justify;\">Los hospitales valencianos tienen actualmente <strong>432 personas ingresadas<\/strong>, <strong>17 de ellas en la UCI<\/strong>. Estos datos se corresponden con el nuevo sistema de contabilizaci\u00f3n aprobado por el Ministerio de Sanidad. Por un <strong>problema inform\u00e1tico<\/strong> en el cambio del modelo anterior al actual, no se han podido extraer los datos por provincias.<\/p>\n<p style=\"text-align: justify;\">Se han notificado <strong>11 fallecimientos por Coronavirus<\/strong> desde la \u00faltima actualizaci\u00f3n, todos con fecha de defunci\u00f3n en los \u00faltimos 14 d\u00edas excepto tres de finales de julio. Se trata de <strong>5 mujeres, de entre 74 y 94 a\u00f1os<\/strong>, y <strong>6 hombres, de entre 77 y 90 a\u00f1os<\/strong>. El total de decesos desde el inicio de la pandemia asciende a 9.980: 1.178 en la provincia de Castell\u00f3n, <strong>3.813 en la de Alicante<\/strong> y 4.989 en la de Valencia.<\/p>\n","protected":false},"excerpt":{"rendered":"<p>La Conselleria de Sanidad Universal y Salud P\u00fablica ha notificado un total de 1.172 nuevos casos de Coronavirus confirmados por&#8230;<\/p>\n","protected":false},"author":1,"featured_media":83773,"comment_status":"open","ping_status":"open","sticky":false,"template":"","format":"standard","meta":{"footnotes":""},"categories":[6909,75,79],"tags":[12687,1768,7317,7281,7477],"class_list":["post-90997","post","type-post","status-publish","format-standard","has-post-thumbnail","hentry","category-actualidad","category-noticias","category-politicayeconomia","tag-cifras","tag-comunitat-valenciana","tag-conselleria-de-sanitat","tag-coronavirus","tag-pandemia"],"yoast_head":"<!-- This site is optimized with the Yoast SEO plugin v27.3 - https:\/\/yoast.com\/product\/yoast-seo-wordpress\/ -->\n<title>El Covid deja 1.172 nuevos casos en la Comunitat Valenciana y 11 fallecidos - COPE Alcoy<\/title>\n<meta name=\"robots\" content=\"index, follow, max-snippet:-1, max-image-preview:large, max-video-preview:-1\" \/>\n<link rel=\"canonical\" href=\"https:\/\/www.copealcoy.es\/es\/el-covid-deja-1-172-nuevos-casos-en-la-comunitat-valenciana-y-11-fallecidos\/\" \/>\n<meta property=\"og:locale\" content=\"es_ES\" \/>\n<meta property=\"og:type\" content=\"article\" \/>\n<meta property=\"og:title\" content=\"El Covid deja 1.172 nuevos casos en la Comunitat Valenciana y 11 fallecidos - COPE Alcoy\" \/>\n<meta property=\"og:description\" content=\"La Conselleria de Sanidad Universal y Salud P\u00fablica ha notificado un total de 1.172 nuevos casos de Coronavirus confirmados por...\" \/>\n<meta property=\"og:url\" content=\"https:\/\/www.copealcoy.es\/es\/el-covid-deja-1-172-nuevos-casos-en-la-comunitat-valenciana-y-11-fallecidos\/\" \/>\n<meta property=\"og:site_name\" content=\"COPE Alcoy\" \/>\n<meta property=\"article:published_time\" content=\"2022-09-01T15:40:07+00:00\" \/>\n<meta property=\"article:modified_time\" content=\"2022-09-01T15:42:03+00:00\" \/>\n<meta property=\"og:image\" content=\"https:\/\/www.copealcoy.es\/wp-content\/uploads\/2022\/02\/1630671244402.jpg\" \/>\n\t<meta property=\"og:image:width\" content=\"976\" \/>\n\t<meta property=\"og:image:height\" content=\"546\" \/>\n\t<meta property=\"og:image:type\" content=\"image\/jpeg\" \/>\n<meta name=\"author\" content=\"Cope Alcoy\" \/>\n<meta name=\"twitter:label1\" content=\"Escrito por\" \/>\n\t<meta name=\"twitter:data1\" content=\"Cope Alcoy\" \/>\n\t<meta name=\"twitter:label2\" content=\"Tiempo de lectura\" \/>\n\t<meta name=\"twitter:data2\" content=\"1 minuto\" \/>\n<script type=\"application\/ld+json\" class=\"yoast-schema-graph\">{\"@context\":\"https:\\\/\\\/schema.org\",\"@graph\":[{\"@type\":\"Article\",\"@id\":\"https:\\\/\\\/www.copealcoy.es\\\/es\\\/el-covid-deja-1-172-nuevos-casos-en-la-comunitat-valenciana-y-11-fallecidos\\\/#article\",\"isPartOf\":{\"@id\":\"https:\\\/\\\/www.copealcoy.es\\\/es\\\/el-covid-deja-1-172-nuevos-casos-en-la-comunitat-valenciana-y-11-fallecidos\\\/\"},\"author\":{\"name\":\"Cope Alcoy\",\"@id\":\"https:\\\/\\\/www.copealcoy.es\\\/es\\\/#\\\/schema\\\/person\\\/e777c87fa024e57d40170af9df39882c\"},\"headline\":\"El Covid deja 1.172 nuevos casos en la Comunitat Valenciana y 11 fallecidos\",\"datePublished\":\"2022-09-01T15:40:07+00:00\",\"dateModified\":\"2022-09-01T15:42:03+00:00\",\"mainEntityOfPage\":{\"@id\":\"https:\\\/\\\/www.copealcoy.es\\\/es\\\/el-covid-deja-1-172-nuevos-casos-en-la-comunitat-valenciana-y-11-fallecidos\\\/\"},\"wordCount\":208,\"commentCount\":0,\"image\":{\"@id\":\"https:\\\/\\\/www.copealcoy.es\\\/es\\\/el-covid-deja-1-172-nuevos-casos-en-la-comunitat-valenciana-y-11-fallecidos\\\/#primaryimage\"},\"thumbnailUrl\":\"https:\\\/\\\/www.copealcoy.es\\\/wp-content\\\/uploads\\\/2022\\\/02\\\/1630671244402.jpg\",\"keywords\":[\"cifras\",\"Comunitat Valenciana\",\"Conselleria de Sanitat\",\"Coronavirus\",\"pandemia\"],\"articleSection\":[\"Actualidad\",\"Noticias\",\"Pol\u00edtica y Econom\u00eda\"],\"inLanguage\":\"es\"},{\"@type\":\"WebPage\",\"@id\":\"https:\\\/\\\/www.copealcoy.es\\\/es\\\/el-covid-deja-1-172-nuevos-casos-en-la-comunitat-valenciana-y-11-fallecidos\\\/\",\"url\":\"https:\\\/\\\/www.copealcoy.es\\\/es\\\/el-covid-deja-1-172-nuevos-casos-en-la-comunitat-valenciana-y-11-fallecidos\\\/\",\"name\":\"El Covid deja 1.172 nuevos casos en la Comunitat Valenciana y 11 fallecidos - COPE Alcoy\",\"isPartOf\":{\"@id\":\"https:\\\/\\\/www.copealcoy.es\\\/es\\\/#website\"},\"primaryImageOfPage\":{\"@id\":\"https:\\\/\\\/www.copealcoy.es\\\/es\\\/el-covid-deja-1-172-nuevos-casos-en-la-comunitat-valenciana-y-11-fallecidos\\\/#primaryimage\"},\"image\":{\"@id\":\"https:\\\/\\\/www.copealcoy.es\\\/es\\\/el-covid-deja-1-172-nuevos-casos-en-la-comunitat-valenciana-y-11-fallecidos\\\/#primaryimage\"},\"thumbnailUrl\":\"https:\\\/\\\/www.copealcoy.es\\\/wp-content\\\/uploads\\\/2022\\\/02\\\/1630671244402.jpg\",\"datePublished\":\"2022-09-01T15:40:07+00:00\",\"dateModified\":\"2022-09-01T15:42:03+00:00\",\"author\":{\"@id\":\"https:\\\/\\\/www.copealcoy.es\\\/es\\\/#\\\/schema\\\/person\\\/e777c87fa024e57d40170af9df39882c\"},\"breadcrumb\":{\"@id\":\"https:\\\/\\\/www.copealcoy.es\\\/es\\\/el-covid-deja-1-172-nuevos-casos-en-la-comunitat-valenciana-y-11-fallecidos\\\/#breadcrumb\"},\"inLanguage\":\"es\",\"potentialAction\":[{\"@type\":\"ReadAction\",\"target\":[\"https:\\\/\\\/www.copealcoy.es\\\/es\\\/el-covid-deja-1-172-nuevos-casos-en-la-comunitat-valenciana-y-11-fallecidos\\\/\"]}]},{\"@type\":\"ImageObject\",\"inLanguage\":\"es\",\"@id\":\"https:\\\/\\\/www.copealcoy.es\\\/es\\\/el-covid-deja-1-172-nuevos-casos-en-la-comunitat-valenciana-y-11-fallecidos\\\/#primaryimage\",\"url\":\"https:\\\/\\\/www.copealcoy.es\\\/wp-content\\\/uploads\\\/2022\\\/02\\\/1630671244402.jpg\",\"contentUrl\":\"https:\\\/\\\/www.copealcoy.es\\\/wp-content\\\/uploads\\\/2022\\\/02\\\/1630671244402.jpg\",\"width\":976,\"height\":546},{\"@type\":\"BreadcrumbList\",\"@id\":\"https:\\\/\\\/www.copealcoy.es\\\/es\\\/el-covid-deja-1-172-nuevos-casos-en-la-comunitat-valenciana-y-11-fallecidos\\\/#breadcrumb\",\"itemListElement\":[{\"@type\":\"ListItem\",\"position\":1,\"name\":\"Portada\",\"item\":\"https:\\\/\\\/www.copealcoy.es\\\/es\\\/\"},{\"@type\":\"ListItem\",\"position\":2,\"name\":\"El Covid deja 1.172 nuevos casos en la Comunitat Valenciana y 11 fallecidos\"}]},{\"@type\":\"WebSite\",\"@id\":\"https:\\\/\\\/www.copealcoy.es\\\/es\\\/#website\",\"url\":\"https:\\\/\\\/www.copealcoy.es\\\/es\\\/\",\"name\":\"COPE Alcoy\",\"description\":\"Emisora COPE de radio local con emisi\u00f3n online. Pont de Sant Jordi 8-10 03803 Alcoy\",\"potentialAction\":[{\"@type\":\"SearchAction\",\"target\":{\"@type\":\"EntryPoint\",\"urlTemplate\":\"https:\\\/\\\/www.copealcoy.es\\\/es\\\/?s={search_term_string}\"},\"query-input\":{\"@type\":\"PropertyValueSpecification\",\"valueRequired\":true,\"valueName\":\"search_term_string\"}}],\"inLanguage\":\"es\"},{\"@type\":\"Person\",\"@id\":\"https:\\\/\\\/www.copealcoy.es\\\/es\\\/#\\\/schema\\\/person\\\/e777c87fa024e57d40170af9df39882c\",\"name\":\"Cope Alcoy\",\"image\":{\"@type\":\"ImageObject\",\"inLanguage\":\"es\",\"@id\":\"https:\\\/\\\/secure.gravatar.com\\\/avatar\\\/bb65d0283347e303893ba14f0692005417c1e0e690a325a4c5d8bb2b3943ee14?s=96&d=mm&r=g\",\"url\":\"https:\\\/\\\/secure.gravatar.com\\\/avatar\\\/bb65d0283347e303893ba14f0692005417c1e0e690a325a4c5d8bb2b3943ee14?s=96&d=mm&r=g\",\"contentUrl\":\"https:\\\/\\\/secure.gravatar.com\\\/avatar\\\/bb65d0283347e303893ba14f0692005417c1e0e690a325a4c5d8bb2b3943ee14?s=96&d=mm&r=g\",\"caption\":\"Cope Alcoy\"}}]}<\/script>\n<!-- \/ Yoast SEO plugin. -->","yoast_head_json":{"title":"El Covid deja 1.172 nuevos casos en la Comunitat Valenciana y 11 fallecidos - COPE Alcoy","robots":{"index":"index","follow":"follow","max-snippet":"max-snippet:-1","max-image-preview":"max-image-preview:large","max-video-preview":"max-video-preview:-1"},"canonical":"https:\/\/www.copealcoy.es\/es\/el-covid-deja-1-172-nuevos-casos-en-la-comunitat-valenciana-y-11-fallecidos\/","og_locale":"es_ES","og_type":"article","og_title":"El Covid deja 1.172 nuevos casos en la Comunitat Valenciana y 11 fallecidos - COPE Alcoy","og_description":"La Conselleria de Sanidad Universal y Salud P\u00fablica ha notificado un total de 1.172 nuevos casos de Coronavirus confirmados por...","og_url":"https:\/\/www.copealcoy.es\/es\/el-covid-deja-1-172-nuevos-casos-en-la-comunitat-valenciana-y-11-fallecidos\/","og_site_name":"COPE Alcoy","article_published_time":"2022-09-01T15:40:07+00:00","article_modified_time":"2022-09-01T15:42:03+00:00","og_image":[{"width":976,"height":546,"url":"https:\/\/www.copealcoy.es\/wp-content\/uploads\/2022\/02\/1630671244402.jpg","type":"image\/jpeg"}],"author":"Cope Alcoy","twitter_misc":{"Escrito por":"Cope Alcoy","Tiempo de lectura":"1 minuto"},"schema":{"@context":"https:\/\/schema.org","@graph":[{"@type":"Article","@id":"https:\/\/www.copealcoy.es\/es\/el-covid-deja-1-172-nuevos-casos-en-la-comunitat-valenciana-y-11-fallecidos\/#article","isPartOf":{"@id":"https:\/\/www.copealcoy.es\/es\/el-covid-deja-1-172-nuevos-casos-en-la-comunitat-valenciana-y-11-fallecidos\/"},"author":{"name":"Cope Alcoy","@id":"https:\/\/www.copealcoy.es\/es\/#\/schema\/person\/e777c87fa024e57d40170af9df39882c"},"headline":"El Covid deja 1.172 nuevos casos en la Comunitat Valenciana y 11 fallecidos","datePublished":"2022-09-01T15:40:07+00:00","dateModified":"2022-09-01T15:42:03+00:00","mainEntityOfPage":{"@id":"https:\/\/www.copealcoy.es\/es\/el-covid-deja-1-172-nuevos-casos-en-la-comunitat-valenciana-y-11-fallecidos\/"},"wordCount":208,"commentCount":0,"image":{"@id":"https:\/\/www.copealcoy.es\/es\/el-covid-deja-1-172-nuevos-casos-en-la-comunitat-valenciana-y-11-fallecidos\/#primaryimage"},"thumbnailUrl":"https:\/\/www.copealcoy.es\/wp-content\/uploads\/2022\/02\/1630671244402.jpg","keywords":["cifras","Comunitat Valenciana","Conselleria de Sanitat","Coronavirus","pandemia"],"articleSection":["Actualidad","Noticias","Pol\u00edtica y Econom\u00eda"],"inLanguage":"es"},{"@type":"WebPage","@id":"https:\/\/www.copealcoy.es\/es\/el-covid-deja-1-172-nuevos-casos-en-la-comunitat-valenciana-y-11-fallecidos\/","url":"https:\/\/www.copealcoy.es\/es\/el-covid-deja-1-172-nuevos-casos-en-la-comunitat-valenciana-y-11-fallecidos\/","name":"El Covid deja 1.172 nuevos casos en la Comunitat Valenciana y 11 fallecidos - COPE Alcoy","isPartOf":{"@id":"https:\/\/www.copealcoy.es\/es\/#website"},"primaryImageOfPage":{"@id":"https:\/\/www.copealcoy.es\/es\/el-covid-deja-1-172-nuevos-casos-en-la-comunitat-valenciana-y-11-fallecidos\/#primaryimage"},"image":{"@id":"https:\/\/www.copealcoy.es\/es\/el-covid-deja-1-172-nuevos-casos-en-la-comunitat-valenciana-y-11-fallecidos\/#primaryimage"},"thumbnailUrl":"https:\/\/www.copealcoy.es\/wp-content\/uploads\/2022\/02\/1630671244402.jpg","datePublished":"2022-09-01T15:40:07+00:00","dateModified":"2022-09-01T15:42:03+00:00","author":{"@id":"https:\/\/www.copealcoy.es\/es\/#\/schema\/person\/e777c87fa024e57d40170af9df39882c"},"breadcrumb":{"@id":"https:\/\/www.copealcoy.es\/es\/el-covid-deja-1-172-nuevos-casos-en-la-comunitat-valenciana-y-11-fallecidos\/#breadcrumb"},"inLanguage":"es","potentialAction":[{"@type":"ReadAction","target":["https:\/\/www.copealcoy.es\/es\/el-covid-deja-1-172-nuevos-casos-en-la-comunitat-valenciana-y-11-fallecidos\/"]}]},{"@type":"ImageObject","inLanguage":"es","@id":"https:\/\/www.copealcoy.es\/es\/el-covid-deja-1-172-nuevos-casos-en-la-comunitat-valenciana-y-11-fallecidos\/#primaryimage","url":"https:\/\/www.copealcoy.es\/wp-content\/uploads\/2022\/02\/1630671244402.jpg","contentUrl":"https:\/\/www.copealcoy.es\/wp-content\/uploads\/2022\/02\/1630671244402.jpg","width":976,"height":546},{"@type":"BreadcrumbList","@id":"https:\/\/www.copealcoy.es\/es\/el-covid-deja-1-172-nuevos-casos-en-la-comunitat-valenciana-y-11-fallecidos\/#breadcrumb","itemListElement":[{"@type":"ListItem","position":1,"name":"Portada","item":"https:\/\/www.copealcoy.es\/es\/"},{"@type":"ListItem","position":2,"name":"El Covid deja 1.172 nuevos casos en la Comunitat Valenciana y 11 fallecidos"}]},{"@type":"WebSite","@id":"https:\/\/www.copealcoy.es\/es\/#website","url":"https:\/\/www.copealcoy.es\/es\/","name":"COPE Alcoy","description":"Emisora COPE de radio local con emisi\u00f3n online. Pont de Sant Jordi 8-10 03803 Alcoy","potentialAction":[{"@type":"SearchAction","target":{"@type":"EntryPoint","urlTemplate":"https:\/\/www.copealcoy.es\/es\/?s={search_term_string}"},"query-input":{"@type":"PropertyValueSpecification","valueRequired":true,"valueName":"search_term_string"}}],"inLanguage":"es"},{"@type":"Person","@id":"https:\/\/www.copealcoy.es\/es\/#\/schema\/person\/e777c87fa024e57d40170af9df39882c","name":"Cope Alcoy","image":{"@type":"ImageObject","inLanguage":"es","@id":"https:\/\/secure.gravatar.com\/avatar\/bb65d0283347e303893ba14f0692005417c1e0e690a325a4c5d8bb2b3943ee14?s=96&d=mm&r=g","url":"https:\/\/secure.gravatar.com\/avatar\/bb65d0283347e303893ba14f0692005417c1e0e690a325a4c5d8bb2b3943ee14?s=96&d=mm&r=g","contentUrl":"https:\/\/secure.gravatar.com\/avatar\/bb65d0283347e303893ba14f0692005417c1e0e690a325a4c5d8bb2b3943ee14?s=96&d=mm&r=g","caption":"Cope Alcoy"}}]}},"_links":{"self":[{"href":"https:\/\/www.copealcoy.es\/es\/wp-json\/wp\/v2\/posts\/90997","targetHints":{"allow":["GET"]}}],"collection":[{"href":"https:\/\/www.copealcoy.es\/es\/wp-json\/wp\/v2\/posts"}],"about":[{"href":"https:\/\/www.copealcoy.es\/es\/wp-json\/wp\/v2\/types\/post"}],"author":[{"embeddable":true,"href":"https:\/\/www.copealcoy.es\/es\/wp-json\/wp\/v2\/users\/1"}],"replies":[{"embeddable":true,"href":"https:\/\/www.copealcoy.es\/es\/wp-json\/wp\/v2\/comments?post=90997"}],"version-history":[{"count":0,"href":"https:\/\/www.copealcoy.es\/es\/wp-json\/wp\/v2\/posts\/90997\/revisions"}],"wp:featuredmedia":[{"embeddable":true,"href":"https:\/\/www.copealcoy.es\/es\/wp-json\/wp\/v2\/media\/83773"}],"wp:attachment":[{"href":"https:\/\/www.copealcoy.es\/es\/wp-json\/wp\/v2\/media?parent=90997"}],"wp:term":[{"taxonomy":"category","embeddable":true,"href":"https:\/\/www.copealcoy.es\/es\/wp-json\/wp\/v2\/categories?post=90997"},{"taxonomy":"post_tag","embeddable":true,"href":"https:\/\/www.copealcoy.es\/es\/wp-json\/wp\/v2\/tags?post=90997"}],"curies":[{"name":"wp","href":"https:\/\/api.w.org\/{rel}","templated":true}]}}