{"id":90957,"date":"2022-08-30T08:15:41","date_gmt":"2022-08-30T07:15:41","guid":{"rendered":"https:\/\/www.copealcoy.es\/?p=90957"},"modified":"2022-08-30T08:19:57","modified_gmt":"2022-08-30T07:19:57","slug":"nuevos-hallazgos-en-la-cova-de-lor-de-beniarres","status":"publish","type":"post","link":"https:\/\/www.copealcoy.es\/es\/nuevos-hallazgos-en-la-cova-de-lor-de-beniarres\/","title":{"rendered":"Nuevos hallazgos en la Cova de l&#8217;Or de Beniarr\u00e9s"},"content":{"rendered":"<p style=\"text-align: justify;\">La segunda campa\u00f1a de excavaciones del <strong>MARQ<\/strong> en la <strong>Cova de l\u2019Or de Beniarr\u00e9s<\/strong> han sacado a la luz importantes <strong>cer\u00e1micas del Neol\u00edtico con representaciones del astro sol<\/strong>. Arque\u00f3logos y especialistas han trabajado durante el mes de julio junto a estudiantes en r\u00e9gimen de voluntariado procedentes de diferentes universidades.<\/p>\n<p style=\"text-align: justify;\"><strong>Julia Parra<\/strong>, Vicepresidenta y Diputada de Cultura, ha celebrado los progresos que se est\u00e1n produciendo en todas las exploraciones del Plan de Excavaciones del Museo Arqueol\u00f3gico, dotado con un presupuesto de <strong>130.000 euros<\/strong> <strong>y con la participaci\u00f3n de m\u00e1s de setenta arque\u00f3logos del MARQ<\/strong> <strong>y voluntarios<\/strong>. Asimismo, Parra ha asegurado que \u201c<em>este a\u00f1o de nuevo se est\u00e1n cumpliendo los ambiciosos objetivos marcados para avanzar en la investigaci\u00f3n en un enclave tan relevante como es la Cova d\u2019Or, ejemplo del esfuerzo que se est\u00e1 llevado a cabo desde el MARQ para ahondar en el conocimiento de nuestra historia<\/em>\u201d, afirma.<\/p>\n<p style=\"text-align: justify;\">La Cova de l\u2019Or <strong>es uno de los yacimientos m\u00e1s representativos de la Comunitat Valenciana<\/strong>, clave para la investigaci\u00f3n del Neol\u00edtico en la Pen\u00ednsula Ib\u00e9rica, con una secuencia que abarca desde el 5.600 al 2.800 a.C. La puesta en valor de este enclave patrimonial, llevada a cabo por la Diputaci\u00f3n de Alicante a trav\u00e9s del \u00c1rea de Arquitectura y del MARQ, culmin\u00f3 con su <strong>apertura al p\u00fablico en junio de 2021<\/strong>, mediante visitas guiadas gestionadas desde la Fundaci\u00f3n MARQ en colaboraci\u00f3n con el Ayuntamiento del municipio.<\/p>\n<p style=\"text-align: justify;\">Investigada en distintos momentos del siglo XX, la cavidad est\u00e1 considerada como un santuario del que se valieron los primeros agricultores y pastores en el VI milenio a.C. Bajo la direcci\u00f3n de <strong>Consuelo Roca de Togores<\/strong>, <strong>Carlos Ferrer<\/strong> y <strong>Jorge A. Soler<\/strong>, este a\u00f1o se ha procedido a excavar una estrecha grieta abierta al exterior, cuyo registro ha aportado <strong>fragmentos cer\u00e1micos de vasos grandes y otros con decoraciones<\/strong>, entre los que se determinan representaciones astrales que confirman la vinculaci\u00f3n religiosa. Ese registro advierte de la vida en el exterior de la cavidad y apunta a que en la explanada de acceso a la Cueva pudieron practicarse ritos vinculados la producci\u00f3n.<\/p>\n<p style=\"text-align: justify;\">La campa\u00f1a de este a\u00f1o ha resultado muy satisfactoria al documentar niveles m\u00e1s recientes del uso de la cueva correspondientes a la <strong>\u00e9poca moderna (siglos XVII-XVIII)<\/strong>. Adem\u00e1s de material cer\u00e1mico como ollas, cazuelas y lebrillos, se han hallado restos de fauna y de combusti\u00f3n que se ha interpretado como zonas de corral para el cierre del ganado dom\u00e9stico dentro de la cueva. Tambi\u00e9n se han documentado niveles puntuales de la <strong>\u00e9poca romana e ib\u00e9rica<\/strong>.<\/p>\n<p style=\"text-align: justify;\">En otro de los perfiles la excavaci\u00f3n ha permitido ahondar en la investigaci\u00f3n de los momentos finales del Neol\u00edtico, en los que el registro de restos humanos y elementos como vasos cer\u00e1micos, adornos como colgantes elaborados en concha y en piedra, objetos realizados con huesos de animal, como punzones y otros realizados en piedra de s\u00edlex, como laminitas, confirman el <strong>uso funerario de la cavidad<\/strong>.<\/p>\n","protected":false},"excerpt":{"rendered":"<p>La segunda campa\u00f1a de excavaciones del MARQ en la Cova de l\u2019Or de Beniarr\u00e9s han sacado a la luz importantes&#8230;<\/p>\n","protected":false},"author":1,"featured_media":90958,"comment_status":"open","ping_status":"open","sticky":false,"template":"","format":"standard","meta":{"footnotes":""},"categories":[6909,98,75,125],"tags":[851,3211,13079,947,13078],"class_list":["post-90957","post","type-post","status-publish","format-standard","has-post-thumbnail","hentry","category-actualidad","category-comarcas","category-noticias","category-portada","tag-beniarres","tag-cova-de-lor","tag-descubrimientos","tag-diputacion-de-alicante","tag-nuevos-hallazgos"],"yoast_head":"<!-- This site is optimized with the Yoast SEO plugin v27.3 - https:\/\/yoast.com\/product\/yoast-seo-wordpress\/ -->\n<title>Nuevos hallazgos en la Cova de l&#039;Or de Beniarr\u00e9s - COPE Alcoy<\/title>\n<meta name=\"robots\" content=\"index, follow, max-snippet:-1, max-image-preview:large, max-video-preview:-1\" \/>\n<link rel=\"canonical\" href=\"https:\/\/www.copealcoy.es\/es\/nuevos-hallazgos-en-la-cova-de-lor-de-beniarres\/\" \/>\n<meta property=\"og:locale\" content=\"es_ES\" \/>\n<meta property=\"og:type\" content=\"article\" \/>\n<meta property=\"og:title\" content=\"Nuevos hallazgos en la Cova de l&#039;Or de Beniarr\u00e9s - COPE Alcoy\" \/>\n<meta property=\"og:description\" content=\"La segunda campa\u00f1a de excavaciones del MARQ en la Cova de l\u2019Or de Beniarr\u00e9s han sacado a la luz importantes...\" \/>\n<meta property=\"og:url\" content=\"https:\/\/www.copealcoy.es\/es\/nuevos-hallazgos-en-la-cova-de-lor-de-beniarres\/\" \/>\n<meta property=\"og:site_name\" content=\"COPE Alcoy\" \/>\n<meta property=\"article:published_time\" content=\"2022-08-30T07:15:41+00:00\" \/>\n<meta property=\"article:modified_time\" content=\"2022-08-30T07:19:57+00:00\" \/>\n<meta property=\"og:image\" content=\"https:\/\/www.copealcoy.es\/wp-content\/uploads\/2022\/08\/grieta-OR-scaled.jpg\" \/>\n\t<meta property=\"og:image:width\" content=\"810\" \/>\n\t<meta property=\"og:image:height\" content=\"1080\" \/>\n\t<meta property=\"og:image:type\" content=\"image\/jpeg\" \/>\n<meta name=\"author\" content=\"Cope Alcoy\" \/>\n<meta name=\"twitter:label1\" content=\"Escrito por\" \/>\n\t<meta name=\"twitter:data1\" content=\"Cope Alcoy\" \/>\n\t<meta name=\"twitter:label2\" content=\"Tiempo de lectura\" \/>\n\t<meta name=\"twitter:data2\" content=\"3 minutos\" \/>\n<script type=\"application\/ld+json\" class=\"yoast-schema-graph\">{\"@context\":\"https:\\\/\\\/schema.org\",\"@graph\":[{\"@type\":\"Article\",\"@id\":\"https:\\\/\\\/www.copealcoy.es\\\/es\\\/nuevos-hallazgos-en-la-cova-de-lor-de-beniarres\\\/#article\",\"isPartOf\":{\"@id\":\"https:\\\/\\\/www.copealcoy.es\\\/es\\\/nuevos-hallazgos-en-la-cova-de-lor-de-beniarres\\\/\"},\"author\":{\"name\":\"Cope Alcoy\",\"@id\":\"https:\\\/\\\/www.copealcoy.es\\\/es\\\/#\\\/schema\\\/person\\\/e777c87fa024e57d40170af9df39882c\"},\"headline\":\"Nuevos hallazgos en la Cova de l&#8217;Or de Beniarr\u00e9s\",\"datePublished\":\"2022-08-30T07:15:41+00:00\",\"dateModified\":\"2022-08-30T07:19:57+00:00\",\"mainEntityOfPage\":{\"@id\":\"https:\\\/\\\/www.copealcoy.es\\\/es\\\/nuevos-hallazgos-en-la-cova-de-lor-de-beniarres\\\/\"},\"wordCount\":537,\"commentCount\":0,\"image\":{\"@id\":\"https:\\\/\\\/www.copealcoy.es\\\/es\\\/nuevos-hallazgos-en-la-cova-de-lor-de-beniarres\\\/#primaryimage\"},\"thumbnailUrl\":\"https:\\\/\\\/www.copealcoy.es\\\/wp-content\\\/uploads\\\/2022\\\/08\\\/grieta-OR-scaled.jpg\",\"keywords\":[\"Beniarres\",\"Cova de l\u00b4Or\",\"descubrimientos\",\"Diputaci\u00f3n de Alicante\",\"nuevos hallazgos\"],\"articleSection\":[\"Actualidad\",\"Comarcas\",\"Noticias\",\"Portada\"],\"inLanguage\":\"es\"},{\"@type\":\"WebPage\",\"@id\":\"https:\\\/\\\/www.copealcoy.es\\\/es\\\/nuevos-hallazgos-en-la-cova-de-lor-de-beniarres\\\/\",\"url\":\"https:\\\/\\\/www.copealcoy.es\\\/es\\\/nuevos-hallazgos-en-la-cova-de-lor-de-beniarres\\\/\",\"name\":\"Nuevos hallazgos en la Cova de l'Or de Beniarr\u00e9s - COPE Alcoy\",\"isPartOf\":{\"@id\":\"https:\\\/\\\/www.copealcoy.es\\\/es\\\/#website\"},\"primaryImageOfPage\":{\"@id\":\"https:\\\/\\\/www.copealcoy.es\\\/es\\\/nuevos-hallazgos-en-la-cova-de-lor-de-beniarres\\\/#primaryimage\"},\"image\":{\"@id\":\"https:\\\/\\\/www.copealcoy.es\\\/es\\\/nuevos-hallazgos-en-la-cova-de-lor-de-beniarres\\\/#primaryimage\"},\"thumbnailUrl\":\"https:\\\/\\\/www.copealcoy.es\\\/wp-content\\\/uploads\\\/2022\\\/08\\\/grieta-OR-scaled.jpg\",\"datePublished\":\"2022-08-30T07:15:41+00:00\",\"dateModified\":\"2022-08-30T07:19:57+00:00\",\"author\":{\"@id\":\"https:\\\/\\\/www.copealcoy.es\\\/es\\\/#\\\/schema\\\/person\\\/e777c87fa024e57d40170af9df39882c\"},\"breadcrumb\":{\"@id\":\"https:\\\/\\\/www.copealcoy.es\\\/es\\\/nuevos-hallazgos-en-la-cova-de-lor-de-beniarres\\\/#breadcrumb\"},\"inLanguage\":\"es\",\"potentialAction\":[{\"@type\":\"ReadAction\",\"target\":[\"https:\\\/\\\/www.copealcoy.es\\\/es\\\/nuevos-hallazgos-en-la-cova-de-lor-de-beniarres\\\/\"]}]},{\"@type\":\"ImageObject\",\"inLanguage\":\"es\",\"@id\":\"https:\\\/\\\/www.copealcoy.es\\\/es\\\/nuevos-hallazgos-en-la-cova-de-lor-de-beniarres\\\/#primaryimage\",\"url\":\"https:\\\/\\\/www.copealcoy.es\\\/wp-content\\\/uploads\\\/2022\\\/08\\\/grieta-OR-scaled.jpg\",\"contentUrl\":\"https:\\\/\\\/www.copealcoy.es\\\/wp-content\\\/uploads\\\/2022\\\/08\\\/grieta-OR-scaled.jpg\",\"width\":810,\"height\":1080},{\"@type\":\"BreadcrumbList\",\"@id\":\"https:\\\/\\\/www.copealcoy.es\\\/es\\\/nuevos-hallazgos-en-la-cova-de-lor-de-beniarres\\\/#breadcrumb\",\"itemListElement\":[{\"@type\":\"ListItem\",\"position\":1,\"name\":\"Portada\",\"item\":\"https:\\\/\\\/www.copealcoy.es\\\/es\\\/\"},{\"@type\":\"ListItem\",\"position\":2,\"name\":\"Nuevos hallazgos en la Cova de l&#8217;Or de Beniarr\u00e9s\"}]},{\"@type\":\"WebSite\",\"@id\":\"https:\\\/\\\/www.copealcoy.es\\\/es\\\/#website\",\"url\":\"https:\\\/\\\/www.copealcoy.es\\\/es\\\/\",\"name\":\"COPE Alcoy\",\"description\":\"Emisora COPE de radio local con emisi\u00f3n online. Pont de Sant Jordi 8-10 03803 Alcoy\",\"potentialAction\":[{\"@type\":\"SearchAction\",\"target\":{\"@type\":\"EntryPoint\",\"urlTemplate\":\"https:\\\/\\\/www.copealcoy.es\\\/es\\\/?s={search_term_string}\"},\"query-input\":{\"@type\":\"PropertyValueSpecification\",\"valueRequired\":true,\"valueName\":\"search_term_string\"}}],\"inLanguage\":\"es\"},{\"@type\":\"Person\",\"@id\":\"https:\\\/\\\/www.copealcoy.es\\\/es\\\/#\\\/schema\\\/person\\\/e777c87fa024e57d40170af9df39882c\",\"name\":\"Cope Alcoy\",\"image\":{\"@type\":\"ImageObject\",\"inLanguage\":\"es\",\"@id\":\"https:\\\/\\\/secure.gravatar.com\\\/avatar\\\/bb65d0283347e303893ba14f0692005417c1e0e690a325a4c5d8bb2b3943ee14?s=96&d=mm&r=g\",\"url\":\"https:\\\/\\\/secure.gravatar.com\\\/avatar\\\/bb65d0283347e303893ba14f0692005417c1e0e690a325a4c5d8bb2b3943ee14?s=96&d=mm&r=g\",\"contentUrl\":\"https:\\\/\\\/secure.gravatar.com\\\/avatar\\\/bb65d0283347e303893ba14f0692005417c1e0e690a325a4c5d8bb2b3943ee14?s=96&d=mm&r=g\",\"caption\":\"Cope Alcoy\"}}]}<\/script>\n<!-- \/ Yoast SEO plugin. -->","yoast_head_json":{"title":"Nuevos hallazgos en la Cova de l'Or de Beniarr\u00e9s - COPE Alcoy","robots":{"index":"index","follow":"follow","max-snippet":"max-snippet:-1","max-image-preview":"max-image-preview:large","max-video-preview":"max-video-preview:-1"},"canonical":"https:\/\/www.copealcoy.es\/es\/nuevos-hallazgos-en-la-cova-de-lor-de-beniarres\/","og_locale":"es_ES","og_type":"article","og_title":"Nuevos hallazgos en la Cova de l'Or de Beniarr\u00e9s - COPE Alcoy","og_description":"La segunda campa\u00f1a de excavaciones del MARQ en la Cova de l\u2019Or de Beniarr\u00e9s han sacado a la luz importantes...","og_url":"https:\/\/www.copealcoy.es\/es\/nuevos-hallazgos-en-la-cova-de-lor-de-beniarres\/","og_site_name":"COPE Alcoy","article_published_time":"2022-08-30T07:15:41+00:00","article_modified_time":"2022-08-30T07:19:57+00:00","og_image":[{"width":810,"height":1080,"url":"https:\/\/www.copealcoy.es\/wp-content\/uploads\/2022\/08\/grieta-OR-scaled.jpg","type":"image\/jpeg"}],"author":"Cope Alcoy","twitter_misc":{"Escrito por":"Cope Alcoy","Tiempo de lectura":"3 minutos"},"schema":{"@context":"https:\/\/schema.org","@graph":[{"@type":"Article","@id":"https:\/\/www.copealcoy.es\/es\/nuevos-hallazgos-en-la-cova-de-lor-de-beniarres\/#article","isPartOf":{"@id":"https:\/\/www.copealcoy.es\/es\/nuevos-hallazgos-en-la-cova-de-lor-de-beniarres\/"},"author":{"name":"Cope Alcoy","@id":"https:\/\/www.copealcoy.es\/es\/#\/schema\/person\/e777c87fa024e57d40170af9df39882c"},"headline":"Nuevos hallazgos en la Cova de l&#8217;Or de Beniarr\u00e9s","datePublished":"2022-08-30T07:15:41+00:00","dateModified":"2022-08-30T07:19:57+00:00","mainEntityOfPage":{"@id":"https:\/\/www.copealcoy.es\/es\/nuevos-hallazgos-en-la-cova-de-lor-de-beniarres\/"},"wordCount":537,"commentCount":0,"image":{"@id":"https:\/\/www.copealcoy.es\/es\/nuevos-hallazgos-en-la-cova-de-lor-de-beniarres\/#primaryimage"},"thumbnailUrl":"https:\/\/www.copealcoy.es\/wp-content\/uploads\/2022\/08\/grieta-OR-scaled.jpg","keywords":["Beniarres","Cova de l\u00b4Or","descubrimientos","Diputaci\u00f3n de Alicante","nuevos hallazgos"],"articleSection":["Actualidad","Comarcas","Noticias","Portada"],"inLanguage":"es"},{"@type":"WebPage","@id":"https:\/\/www.copealcoy.es\/es\/nuevos-hallazgos-en-la-cova-de-lor-de-beniarres\/","url":"https:\/\/www.copealcoy.es\/es\/nuevos-hallazgos-en-la-cova-de-lor-de-beniarres\/","name":"Nuevos hallazgos en la Cova de l'Or de Beniarr\u00e9s - COPE Alcoy","isPartOf":{"@id":"https:\/\/www.copealcoy.es\/es\/#website"},"primaryImageOfPage":{"@id":"https:\/\/www.copealcoy.es\/es\/nuevos-hallazgos-en-la-cova-de-lor-de-beniarres\/#primaryimage"},"image":{"@id":"https:\/\/www.copealcoy.es\/es\/nuevos-hallazgos-en-la-cova-de-lor-de-beniarres\/#primaryimage"},"thumbnailUrl":"https:\/\/www.copealcoy.es\/wp-content\/uploads\/2022\/08\/grieta-OR-scaled.jpg","datePublished":"2022-08-30T07:15:41+00:00","dateModified":"2022-08-30T07:19:57+00:00","author":{"@id":"https:\/\/www.copealcoy.es\/es\/#\/schema\/person\/e777c87fa024e57d40170af9df39882c"},"breadcrumb":{"@id":"https:\/\/www.copealcoy.es\/es\/nuevos-hallazgos-en-la-cova-de-lor-de-beniarres\/#breadcrumb"},"inLanguage":"es","potentialAction":[{"@type":"ReadAction","target":["https:\/\/www.copealcoy.es\/es\/nuevos-hallazgos-en-la-cova-de-lor-de-beniarres\/"]}]},{"@type":"ImageObject","inLanguage":"es","@id":"https:\/\/www.copealcoy.es\/es\/nuevos-hallazgos-en-la-cova-de-lor-de-beniarres\/#primaryimage","url":"https:\/\/www.copealcoy.es\/wp-content\/uploads\/2022\/08\/grieta-OR-scaled.jpg","contentUrl":"https:\/\/www.copealcoy.es\/wp-content\/uploads\/2022\/08\/grieta-OR-scaled.jpg","width":810,"height":1080},{"@type":"BreadcrumbList","@id":"https:\/\/www.copealcoy.es\/es\/nuevos-hallazgos-en-la-cova-de-lor-de-beniarres\/#breadcrumb","itemListElement":[{"@type":"ListItem","position":1,"name":"Portada","item":"https:\/\/www.copealcoy.es\/es\/"},{"@type":"ListItem","position":2,"name":"Nuevos hallazgos en la Cova de l&#8217;Or de Beniarr\u00e9s"}]},{"@type":"WebSite","@id":"https:\/\/www.copealcoy.es\/es\/#website","url":"https:\/\/www.copealcoy.es\/es\/","name":"COPE Alcoy","description":"Emisora COPE de radio local con emisi\u00f3n online. Pont de Sant Jordi 8-10 03803 Alcoy","potentialAction":[{"@type":"SearchAction","target":{"@type":"EntryPoint","urlTemplate":"https:\/\/www.copealcoy.es\/es\/?s={search_term_string}"},"query-input":{"@type":"PropertyValueSpecification","valueRequired":true,"valueName":"search_term_string"}}],"inLanguage":"es"},{"@type":"Person","@id":"https:\/\/www.copealcoy.es\/es\/#\/schema\/person\/e777c87fa024e57d40170af9df39882c","name":"Cope Alcoy","image":{"@type":"ImageObject","inLanguage":"es","@id":"https:\/\/secure.gravatar.com\/avatar\/bb65d0283347e303893ba14f0692005417c1e0e690a325a4c5d8bb2b3943ee14?s=96&d=mm&r=g","url":"https:\/\/secure.gravatar.com\/avatar\/bb65d0283347e303893ba14f0692005417c1e0e690a325a4c5d8bb2b3943ee14?s=96&d=mm&r=g","contentUrl":"https:\/\/secure.gravatar.com\/avatar\/bb65d0283347e303893ba14f0692005417c1e0e690a325a4c5d8bb2b3943ee14?s=96&d=mm&r=g","caption":"Cope Alcoy"}}]}},"_links":{"self":[{"href":"https:\/\/www.copealcoy.es\/es\/wp-json\/wp\/v2\/posts\/90957","targetHints":{"allow":["GET"]}}],"collection":[{"href":"https:\/\/www.copealcoy.es\/es\/wp-json\/wp\/v2\/posts"}],"about":[{"href":"https:\/\/www.copealcoy.es\/es\/wp-json\/wp\/v2\/types\/post"}],"author":[{"embeddable":true,"href":"https:\/\/www.copealcoy.es\/es\/wp-json\/wp\/v2\/users\/1"}],"replies":[{"embeddable":true,"href":"https:\/\/www.copealcoy.es\/es\/wp-json\/wp\/v2\/comments?post=90957"}],"version-history":[{"count":0,"href":"https:\/\/www.copealcoy.es\/es\/wp-json\/wp\/v2\/posts\/90957\/revisions"}],"wp:featuredmedia":[{"embeddable":true,"href":"https:\/\/www.copealcoy.es\/es\/wp-json\/wp\/v2\/media\/90958"}],"wp:attachment":[{"href":"https:\/\/www.copealcoy.es\/es\/wp-json\/wp\/v2\/media?parent=90957"}],"wp:term":[{"taxonomy":"category","embeddable":true,"href":"https:\/\/www.copealcoy.es\/es\/wp-json\/wp\/v2\/categories?post=90957"},{"taxonomy":"post_tag","embeddable":true,"href":"https:\/\/www.copealcoy.es\/es\/wp-json\/wp\/v2\/tags?post=90957"}],"curies":[{"name":"wp","href":"https:\/\/api.w.org\/{rel}","templated":true}]}}