{"id":9085,"date":"2014-12-15T16:56:30","date_gmt":"2014-12-15T16:56:30","guid":{"rendered":"http:\/\/copealcoi.es\/new\/?p=9085"},"modified":"2014-12-15T16:57:08","modified_gmt":"2014-12-15T16:57:08","slug":"conluyen-las-asambleas-de-presupuestos-participativos","status":"publish","type":"post","link":"https:\/\/www.copealcoy.es\/es\/conluyen-las-asambleas-de-presupuestos-participativos\/","title":{"rendered":"Concluyen las asambleas de Presupuestos Participativos"},"content":{"rendered":"<p style=\"text-align: justify;\">Las Asambleas de Presupuestos Participativos concluyeron\u00a0el pasado jueves con una asistencia irregular de alcoyanos dependiendo de las barriadas de la ciudad. En el proyecto, para el que se han reservado 400.000 euros dentro de las cuentas locales del 2015, ha conseguido recopilar quince propuestas de entre las que en el mes de febrero se escoger\u00e1n las elegidas y que finalmente ser\u00e1n incluidas dentro de esa partida del presupuesto municipal. Adem\u00e1s a estas se sumar\u00e1n 3 que se elegir\u00e1n de las 20 presentadas a trav\u00e9s de Internet por medio de la plataforma digital habilitada para tal efecto.<\/p>\n<p style=\"text-align: justify;\">La mayor\u00eda de las reivindicaciones se han centrado en el mantenimiento de la ciudad, aunque tambi\u00e9n destaca la petici\u00f3n para adecuar un centro de conciertos que realiz\u00f3 un grupo de m\u00fasicos, o el acondicionamiento del antiguo dep\u00f3sito de agua de la Zona Alta para uso polivalente que reclam\u00f3 el AMPA del Colegio San Vicente. Adem\u00e1s Batoy tambi\u00e9n ha pedido habilitar una nave para uso cultural y la mayor\u00eda de barrios han coincidido en que se apliquen medidas para regular el tr\u00e1fico, la mejora de la limpieza o el cuidado de los parques, especialmente los de la Zona Norte y Cantagallet.<\/p>\n<p style=\"text-align: justify;\">La edil de Participaci\u00f3n, Estefan\u00eda Blanes, ha se\u00f1alado que &#8220;hay muchas iniciativas trabajadas que los vecinos han planteado y que se van a estudiar detenidamente&#8221;, explica. Por \u00faltimo respecto a la asistencia de alcoyanos reconoce que no ha sido elevada &#8220;ha dependido de barrios y hemos visto como desde el principio hasta el final ha ido aumentando la presencia. Quiz\u00e1s hace falta una mayor concienciaci\u00f3n y demostrar que lo que ellos plantean aqu\u00ed no cae en saco roto ni en el debate pol\u00edtico sino que se ejecuta tal cual han pedido&#8221;, manifiesta.<\/p>\n<p style=\"text-align: justify;\">\n","protected":false},"excerpt":{"rendered":"<p>Las Asambleas de Presupuestos Participativos concluyeron\u00a0el pasado jueves con una asistencia irregular de alcoyanos dependiendo de las barriadas de la&#8230;<\/p>\n","protected":false},"author":1,"featured_media":8700,"comment_status":"open","ping_status":"open","sticky":false,"template":"","format":"standard","meta":{"footnotes":""},"categories":[97,75,125],"tags":[1494,390,283,415,316],"class_list":["post-9085","post","type-post","status-publish","format-standard","has-post-thumbnail","hentry","category-alcoy","category-noticias","category-portada","tag-alcoy","tag-economia","tag-oficina","tag-participacion","tag-presupuestos"],"yoast_head":"<!-- This site is optimized with the Yoast SEO plugin v27.3 - https:\/\/yoast.com\/product\/yoast-seo-wordpress\/ -->\n<title>Concluyen las asambleas de Presupuestos Participativos  - COPE Alcoy<\/title>\n<meta name=\"robots\" content=\"index, follow, max-snippet:-1, max-image-preview:large, max-video-preview:-1\" \/>\n<link rel=\"canonical\" href=\"https:\/\/www.copealcoy.es\/es\/conluyen-las-asambleas-de-presupuestos-participativos\/\" \/>\n<meta property=\"og:locale\" content=\"es_ES\" \/>\n<meta property=\"og:type\" content=\"article\" \/>\n<meta property=\"og:title\" content=\"Concluyen las asambleas de Presupuestos Participativos  - COPE Alcoy\" \/>\n<meta property=\"og:description\" content=\"Las Asambleas de Presupuestos Participativos concluyeron\u00a0el pasado jueves con una asistencia irregular de alcoyanos dependiendo de las barriadas de la...\" \/>\n<meta property=\"og:url\" content=\"https:\/\/www.copealcoy.es\/es\/conluyen-las-asambleas-de-presupuestos-participativos\/\" \/>\n<meta property=\"og:site_name\" content=\"COPE Alcoy\" \/>\n<meta property=\"article:published_time\" content=\"2014-12-15T16:56:30+00:00\" \/>\n<meta property=\"article:modified_time\" content=\"2014-12-15T16:57:08+00:00\" \/>\n<meta property=\"og:image\" content=\"https:\/\/www.copealcoy.es\/wp-content\/uploads\/2014\/12\/image2.jpg\" \/>\n\t<meta property=\"og:image:width\" content=\"960\" \/>\n\t<meta property=\"og:image:height\" content=\"720\" \/>\n\t<meta property=\"og:image:type\" content=\"image\/jpeg\" \/>\n<meta name=\"author\" content=\"Cope Alcoy\" \/>\n<meta name=\"twitter:label1\" content=\"Escrito por\" \/>\n\t<meta name=\"twitter:data1\" content=\"Cope Alcoy\" \/>\n\t<meta name=\"twitter:label2\" content=\"Tiempo de lectura\" \/>\n\t<meta name=\"twitter:data2\" content=\"2 minutos\" \/>\n<script type=\"application\/ld+json\" class=\"yoast-schema-graph\">{\"@context\":\"https:\\\/\\\/schema.org\",\"@graph\":[{\"@type\":\"Article\",\"@id\":\"https:\\\/\\\/www.copealcoy.es\\\/es\\\/conluyen-las-asambleas-de-presupuestos-participativos\\\/#article\",\"isPartOf\":{\"@id\":\"https:\\\/\\\/www.copealcoy.es\\\/es\\\/conluyen-las-asambleas-de-presupuestos-participativos\\\/\"},\"author\":{\"name\":\"Cope Alcoy\",\"@id\":\"https:\\\/\\\/www.copealcoy.es\\\/es\\\/#\\\/schema\\\/person\\\/e777c87fa024e57d40170af9df39882c\"},\"headline\":\"Concluyen las asambleas de Presupuestos Participativos\",\"datePublished\":\"2014-12-15T16:56:30+00:00\",\"dateModified\":\"2014-12-15T16:57:08+00:00\",\"mainEntityOfPage\":{\"@id\":\"https:\\\/\\\/www.copealcoy.es\\\/es\\\/conluyen-las-asambleas-de-presupuestos-participativos\\\/\"},\"wordCount\":312,\"commentCount\":0,\"image\":{\"@id\":\"https:\\\/\\\/www.copealcoy.es\\\/es\\\/conluyen-las-asambleas-de-presupuestos-participativos\\\/#primaryimage\"},\"thumbnailUrl\":\"https:\\\/\\\/www.copealcoy.es\\\/wp-content\\\/uploads\\\/2014\\\/12\\\/image2.jpg\",\"keywords\":[\"Alcoy\",\"Econom\u00eda\",\"Oficina\",\"Participaci\u00f3n\",\"Presupuestos\"],\"articleSection\":[\"Alcoy\",\"Noticias\",\"Portada\"],\"inLanguage\":\"es\"},{\"@type\":\"WebPage\",\"@id\":\"https:\\\/\\\/www.copealcoy.es\\\/es\\\/conluyen-las-asambleas-de-presupuestos-participativos\\\/\",\"url\":\"https:\\\/\\\/www.copealcoy.es\\\/es\\\/conluyen-las-asambleas-de-presupuestos-participativos\\\/\",\"name\":\"Concluyen las asambleas de Presupuestos Participativos - COPE Alcoy\",\"isPartOf\":{\"@id\":\"https:\\\/\\\/www.copealcoy.es\\\/es\\\/#website\"},\"primaryImageOfPage\":{\"@id\":\"https:\\\/\\\/www.copealcoy.es\\\/es\\\/conluyen-las-asambleas-de-presupuestos-participativos\\\/#primaryimage\"},\"image\":{\"@id\":\"https:\\\/\\\/www.copealcoy.es\\\/es\\\/conluyen-las-asambleas-de-presupuestos-participativos\\\/#primaryimage\"},\"thumbnailUrl\":\"https:\\\/\\\/www.copealcoy.es\\\/wp-content\\\/uploads\\\/2014\\\/12\\\/image2.jpg\",\"datePublished\":\"2014-12-15T16:56:30+00:00\",\"dateModified\":\"2014-12-15T16:57:08+00:00\",\"author\":{\"@id\":\"https:\\\/\\\/www.copealcoy.es\\\/es\\\/#\\\/schema\\\/person\\\/e777c87fa024e57d40170af9df39882c\"},\"breadcrumb\":{\"@id\":\"https:\\\/\\\/www.copealcoy.es\\\/es\\\/conluyen-las-asambleas-de-presupuestos-participativos\\\/#breadcrumb\"},\"inLanguage\":\"es\",\"potentialAction\":[{\"@type\":\"ReadAction\",\"target\":[\"https:\\\/\\\/www.copealcoy.es\\\/es\\\/conluyen-las-asambleas-de-presupuestos-participativos\\\/\"]}]},{\"@type\":\"ImageObject\",\"inLanguage\":\"es\",\"@id\":\"https:\\\/\\\/www.copealcoy.es\\\/es\\\/conluyen-las-asambleas-de-presupuestos-participativos\\\/#primaryimage\",\"url\":\"https:\\\/\\\/www.copealcoy.es\\\/wp-content\\\/uploads\\\/2014\\\/12\\\/image2.jpg\",\"contentUrl\":\"https:\\\/\\\/www.copealcoy.es\\\/wp-content\\\/uploads\\\/2014\\\/12\\\/image2.jpg\",\"width\":960,\"height\":720},{\"@type\":\"BreadcrumbList\",\"@id\":\"https:\\\/\\\/www.copealcoy.es\\\/es\\\/conluyen-las-asambleas-de-presupuestos-participativos\\\/#breadcrumb\",\"itemListElement\":[{\"@type\":\"ListItem\",\"position\":1,\"name\":\"Portada\",\"item\":\"https:\\\/\\\/www.copealcoy.es\\\/es\\\/\"},{\"@type\":\"ListItem\",\"position\":2,\"name\":\"Concluyen las asambleas de Presupuestos Participativos\"}]},{\"@type\":\"WebSite\",\"@id\":\"https:\\\/\\\/www.copealcoy.es\\\/es\\\/#website\",\"url\":\"https:\\\/\\\/www.copealcoy.es\\\/es\\\/\",\"name\":\"COPE Alcoy\",\"description\":\"Emisora COPE de radio local con emisi\u00f3n online. Pont de Sant Jordi 8-10 03803 Alcoy\",\"potentialAction\":[{\"@type\":\"SearchAction\",\"target\":{\"@type\":\"EntryPoint\",\"urlTemplate\":\"https:\\\/\\\/www.copealcoy.es\\\/es\\\/?s={search_term_string}\"},\"query-input\":{\"@type\":\"PropertyValueSpecification\",\"valueRequired\":true,\"valueName\":\"search_term_string\"}}],\"inLanguage\":\"es\"},{\"@type\":\"Person\",\"@id\":\"https:\\\/\\\/www.copealcoy.es\\\/es\\\/#\\\/schema\\\/person\\\/e777c87fa024e57d40170af9df39882c\",\"name\":\"Cope Alcoy\",\"image\":{\"@type\":\"ImageObject\",\"inLanguage\":\"es\",\"@id\":\"https:\\\/\\\/secure.gravatar.com\\\/avatar\\\/bb65d0283347e303893ba14f0692005417c1e0e690a325a4c5d8bb2b3943ee14?s=96&d=mm&r=g\",\"url\":\"https:\\\/\\\/secure.gravatar.com\\\/avatar\\\/bb65d0283347e303893ba14f0692005417c1e0e690a325a4c5d8bb2b3943ee14?s=96&d=mm&r=g\",\"contentUrl\":\"https:\\\/\\\/secure.gravatar.com\\\/avatar\\\/bb65d0283347e303893ba14f0692005417c1e0e690a325a4c5d8bb2b3943ee14?s=96&d=mm&r=g\",\"caption\":\"Cope Alcoy\"}}]}<\/script>\n<!-- \/ Yoast SEO plugin. -->","yoast_head_json":{"title":"Concluyen las asambleas de Presupuestos Participativos  - COPE Alcoy","robots":{"index":"index","follow":"follow","max-snippet":"max-snippet:-1","max-image-preview":"max-image-preview:large","max-video-preview":"max-video-preview:-1"},"canonical":"https:\/\/www.copealcoy.es\/es\/conluyen-las-asambleas-de-presupuestos-participativos\/","og_locale":"es_ES","og_type":"article","og_title":"Concluyen las asambleas de Presupuestos Participativos  - COPE Alcoy","og_description":"Las Asambleas de Presupuestos Participativos concluyeron\u00a0el pasado jueves con una asistencia irregular de alcoyanos dependiendo de las barriadas de la...","og_url":"https:\/\/www.copealcoy.es\/es\/conluyen-las-asambleas-de-presupuestos-participativos\/","og_site_name":"COPE Alcoy","article_published_time":"2014-12-15T16:56:30+00:00","article_modified_time":"2014-12-15T16:57:08+00:00","og_image":[{"width":960,"height":720,"url":"https:\/\/www.copealcoy.es\/wp-content\/uploads\/2014\/12\/image2.jpg","type":"image\/jpeg"}],"author":"Cope Alcoy","twitter_misc":{"Escrito por":"Cope Alcoy","Tiempo de lectura":"2 minutos"},"schema":{"@context":"https:\/\/schema.org","@graph":[{"@type":"Article","@id":"https:\/\/www.copealcoy.es\/es\/conluyen-las-asambleas-de-presupuestos-participativos\/#article","isPartOf":{"@id":"https:\/\/www.copealcoy.es\/es\/conluyen-las-asambleas-de-presupuestos-participativos\/"},"author":{"name":"Cope Alcoy","@id":"https:\/\/www.copealcoy.es\/es\/#\/schema\/person\/e777c87fa024e57d40170af9df39882c"},"headline":"Concluyen las asambleas de Presupuestos Participativos","datePublished":"2014-12-15T16:56:30+00:00","dateModified":"2014-12-15T16:57:08+00:00","mainEntityOfPage":{"@id":"https:\/\/www.copealcoy.es\/es\/conluyen-las-asambleas-de-presupuestos-participativos\/"},"wordCount":312,"commentCount":0,"image":{"@id":"https:\/\/www.copealcoy.es\/es\/conluyen-las-asambleas-de-presupuestos-participativos\/#primaryimage"},"thumbnailUrl":"https:\/\/www.copealcoy.es\/wp-content\/uploads\/2014\/12\/image2.jpg","keywords":["Alcoy","Econom\u00eda","Oficina","Participaci\u00f3n","Presupuestos"],"articleSection":["Alcoy","Noticias","Portada"],"inLanguage":"es"},{"@type":"WebPage","@id":"https:\/\/www.copealcoy.es\/es\/conluyen-las-asambleas-de-presupuestos-participativos\/","url":"https:\/\/www.copealcoy.es\/es\/conluyen-las-asambleas-de-presupuestos-participativos\/","name":"Concluyen las asambleas de Presupuestos Participativos - COPE Alcoy","isPartOf":{"@id":"https:\/\/www.copealcoy.es\/es\/#website"},"primaryImageOfPage":{"@id":"https:\/\/www.copealcoy.es\/es\/conluyen-las-asambleas-de-presupuestos-participativos\/#primaryimage"},"image":{"@id":"https:\/\/www.copealcoy.es\/es\/conluyen-las-asambleas-de-presupuestos-participativos\/#primaryimage"},"thumbnailUrl":"https:\/\/www.copealcoy.es\/wp-content\/uploads\/2014\/12\/image2.jpg","datePublished":"2014-12-15T16:56:30+00:00","dateModified":"2014-12-15T16:57:08+00:00","author":{"@id":"https:\/\/www.copealcoy.es\/es\/#\/schema\/person\/e777c87fa024e57d40170af9df39882c"},"breadcrumb":{"@id":"https:\/\/www.copealcoy.es\/es\/conluyen-las-asambleas-de-presupuestos-participativos\/#breadcrumb"},"inLanguage":"es","potentialAction":[{"@type":"ReadAction","target":["https:\/\/www.copealcoy.es\/es\/conluyen-las-asambleas-de-presupuestos-participativos\/"]}]},{"@type":"ImageObject","inLanguage":"es","@id":"https:\/\/www.copealcoy.es\/es\/conluyen-las-asambleas-de-presupuestos-participativos\/#primaryimage","url":"https:\/\/www.copealcoy.es\/wp-content\/uploads\/2014\/12\/image2.jpg","contentUrl":"https:\/\/www.copealcoy.es\/wp-content\/uploads\/2014\/12\/image2.jpg","width":960,"height":720},{"@type":"BreadcrumbList","@id":"https:\/\/www.copealcoy.es\/es\/conluyen-las-asambleas-de-presupuestos-participativos\/#breadcrumb","itemListElement":[{"@type":"ListItem","position":1,"name":"Portada","item":"https:\/\/www.copealcoy.es\/es\/"},{"@type":"ListItem","position":2,"name":"Concluyen las asambleas de Presupuestos Participativos"}]},{"@type":"WebSite","@id":"https:\/\/www.copealcoy.es\/es\/#website","url":"https:\/\/www.copealcoy.es\/es\/","name":"COPE Alcoy","description":"Emisora COPE de radio local con emisi\u00f3n online. Pont de Sant Jordi 8-10 03803 Alcoy","potentialAction":[{"@type":"SearchAction","target":{"@type":"EntryPoint","urlTemplate":"https:\/\/www.copealcoy.es\/es\/?s={search_term_string}"},"query-input":{"@type":"PropertyValueSpecification","valueRequired":true,"valueName":"search_term_string"}}],"inLanguage":"es"},{"@type":"Person","@id":"https:\/\/www.copealcoy.es\/es\/#\/schema\/person\/e777c87fa024e57d40170af9df39882c","name":"Cope Alcoy","image":{"@type":"ImageObject","inLanguage":"es","@id":"https:\/\/secure.gravatar.com\/avatar\/bb65d0283347e303893ba14f0692005417c1e0e690a325a4c5d8bb2b3943ee14?s=96&d=mm&r=g","url":"https:\/\/secure.gravatar.com\/avatar\/bb65d0283347e303893ba14f0692005417c1e0e690a325a4c5d8bb2b3943ee14?s=96&d=mm&r=g","contentUrl":"https:\/\/secure.gravatar.com\/avatar\/bb65d0283347e303893ba14f0692005417c1e0e690a325a4c5d8bb2b3943ee14?s=96&d=mm&r=g","caption":"Cope Alcoy"}}]}},"_links":{"self":[{"href":"https:\/\/www.copealcoy.es\/es\/wp-json\/wp\/v2\/posts\/9085","targetHints":{"allow":["GET"]}}],"collection":[{"href":"https:\/\/www.copealcoy.es\/es\/wp-json\/wp\/v2\/posts"}],"about":[{"href":"https:\/\/www.copealcoy.es\/es\/wp-json\/wp\/v2\/types\/post"}],"author":[{"embeddable":true,"href":"https:\/\/www.copealcoy.es\/es\/wp-json\/wp\/v2\/users\/1"}],"replies":[{"embeddable":true,"href":"https:\/\/www.copealcoy.es\/es\/wp-json\/wp\/v2\/comments?post=9085"}],"version-history":[{"count":0,"href":"https:\/\/www.copealcoy.es\/es\/wp-json\/wp\/v2\/posts\/9085\/revisions"}],"wp:featuredmedia":[{"embeddable":true,"href":"https:\/\/www.copealcoy.es\/es\/wp-json\/wp\/v2\/media\/8700"}],"wp:attachment":[{"href":"https:\/\/www.copealcoy.es\/es\/wp-json\/wp\/v2\/media?parent=9085"}],"wp:term":[{"taxonomy":"category","embeddable":true,"href":"https:\/\/www.copealcoy.es\/es\/wp-json\/wp\/v2\/categories?post=9085"},{"taxonomy":"post_tag","embeddable":true,"href":"https:\/\/www.copealcoy.es\/es\/wp-json\/wp\/v2\/tags?post=9085"}],"curies":[{"name":"wp","href":"https:\/\/api.w.org\/{rel}","templated":true}]}}