{"id":90801,"date":"2022-08-23T06:53:38","date_gmt":"2022-08-23T05:53:38","guid":{"rendered":"https:\/\/www.copealcoy.es\/?p=90801"},"modified":"2022-08-24T17:23:58","modified_gmt":"2022-08-24T16:23:58","slug":"cocentaina-apuesta-por-recuperar-sus-murallas","status":"publish","type":"post","link":"https:\/\/www.copealcoy.es\/es\/cocentaina-apuesta-por-recuperar-sus-murallas\/","title":{"rendered":"Cocentaina apuesta por recuperar sus murallas"},"content":{"rendered":"<p class=\"s5\" style=\"text-align: justify;\"><span class=\"s4\">El <b>Ayuntamiento de <\/b><\/span><span class=\"s4\"><b>Cocentaina<\/b><\/span><span class=\"s4\"> prev\u00e9 <b>la recuperaci\u00f3n del antiguo trazado de la muralla<\/b> que circundaba el barrio cristiano de La Vila. <\/span><span class=\"s4\">Una de las primeras actuaciones que se contempla es <b>la consolidaci\u00f3n del llamado \u2018Portal de <\/b><\/span><span class=\"s4\"><b>l\u2019\u00c0ngel\u2018\u00a0<\/b><\/span><span class=\"s4\">y para ello el Consistorio ha solicitado <\/span><b><span class=\"s4\">las ayudas destinadas a promover la protecci\u00f3n, el fomento y el desarrollo del <\/span><span class=\"s4\">patrimonio<\/span> <\/b><span class=\"s4\">as\u00ed como<\/span><span class=\"s4\"> la <b>adecuaci\u00f3n y renovaci\u00f3n de bienes municipales <\/b>que se ofrecen desde Presidencia de la Generalitat Valenciana<\/span><span class=\"s4\">.<br \/>\n<\/span><\/p>\n<p class=\"s5\" style=\"text-align: justify;\"><span class=\"s4\">Desde el Gobierno Local contestano se\u00f1alan que este proyecto es muy ambicioso puesto que <b>contempla varias actuaciones como la demolici\u00f3n de las casas adheridas a la misma muralla seguido de la recuperaci\u00f3n de la misma y de la \u2018Torre<\/b><\/span><b><span class=\"s4\">\u00a0de <\/span><span class=\"s4\">l\u2019\u00c0ngel<\/span><\/b><span class=\"s4\">. Por \u00faltimo se quiere <\/span><span class=\"s4\"><b>reurbanizar<\/b><\/span><span class=\"s4\"><b> el entorno<\/b> e incluso se pretende modificar la delimitaci\u00f3n de las aceras de la parte norte de la calle Pintor <\/span><span class=\"s4\">Borr\u00e1s<\/span><span class=\"s4\"> para <b>facilitar en este punto el aparcamiento en bater\u00eda<\/b> <i>\u201c<\/i><\/span><i><span class=\"s6\">e<\/span><span class=\"s6\">l importe total solicitado a Generalitat Valenciana es de 668.847,66 \u20ac y con <\/span><span class=\"s6\">esta cantidad<\/span><span class=\"s6\">, aparte de acabar con un problema de seguridad, se conseguir\u00eda recuperar y poner en valor una parte de la muralla contestana, avanzando as\u00ed, al cumplimiento de una de las medidas previstas en el Plan Director de \u00e9sta<\/span><span class=\"s6\">. A<\/span><span class=\"s6\">unque se han hecho catas murar\u00edas para conocer el estado de la muralla y su continuidad, no ser\u00e1 hasta el momento en que se eliminen los elementos ajenos, cuando se determine si existen datos relevantes a tener en cuenta en el proyecto para la puesta en valor de este Bien de Inter\u00e9s Cultural<\/span><\/i><span class=\"s4\">\u201d, explica la edil de Urbanismo; <b>Eugenia Miguel. <\/b><\/span><\/p>\n<p class=\"s5\" style=\"text-align: justify;\"><span class=\"s4\">Indicar que e<\/span><span class=\"s4\">l tramo de muralla que se conserva en esta zona <b>todav\u00eda presenta el camino de ronda<\/b>, caracter\u00edstica que se ha perdido en buena parte de la muralla y por tanto <b>ser\u00e1 un elemento a conservar y restaurar<\/b> para que se pueda disfrutar de \u00e9l.<\/span><\/p>\n","protected":false},"excerpt":{"rendered":"<p>El Ayuntamiento de Cocentaina prev\u00e9 la recuperaci\u00f3n del antiguo trazado de la muralla que circundaba el barrio cristiano de La&#8230;<\/p>\n","protected":false},"author":1,"featured_media":90802,"comment_status":"open","ping_status":"open","sticky":false,"template":"","format":"standard","meta":{"footnotes":""},"categories":[6909,98,75],"tags":[132,7015,3286,13061,4810],"class_list":["post-90801","post","type-post","status-publish","format-standard","has-post-thumbnail","hentry","category-actualidad","category-comarcas","category-noticias","tag-cocentaina","tag-eugenia-miguel","tag-murallas","tag-portal-de-langel","tag-recuperacion"],"yoast_head":"<!-- This site is optimized with the Yoast SEO plugin v27.3 - https:\/\/yoast.com\/product\/yoast-seo-wordpress\/ -->\n<title>Cocentaina apuesta por recuperar sus murallas - COPE Alcoy<\/title>\n<meta name=\"robots\" content=\"index, follow, max-snippet:-1, max-image-preview:large, max-video-preview:-1\" \/>\n<link rel=\"canonical\" href=\"https:\/\/www.copealcoy.es\/es\/cocentaina-apuesta-por-recuperar-sus-murallas\/\" \/>\n<meta property=\"og:locale\" content=\"es_ES\" \/>\n<meta property=\"og:type\" content=\"article\" \/>\n<meta property=\"og:title\" content=\"Cocentaina apuesta por recuperar sus murallas - COPE Alcoy\" \/>\n<meta property=\"og:description\" content=\"El Ayuntamiento de Cocentaina prev\u00e9 la recuperaci\u00f3n del antiguo trazado de la muralla que circundaba el barrio cristiano de La...\" \/>\n<meta property=\"og:url\" content=\"https:\/\/www.copealcoy.es\/es\/cocentaina-apuesta-por-recuperar-sus-murallas\/\" \/>\n<meta property=\"og:site_name\" content=\"COPE Alcoy\" \/>\n<meta property=\"article:published_time\" content=\"2022-08-23T05:53:38+00:00\" \/>\n<meta property=\"article:modified_time\" content=\"2022-08-24T16:23:58+00:00\" \/>\n<meta property=\"og:image\" content=\"https:\/\/www.copealcoy.es\/wp-content\/uploads\/2022\/08\/207864FD-7011-4490-A2F6-A72B6F45875E.jpeg\" \/>\n\t<meta property=\"og:image:width\" content=\"600\" \/>\n\t<meta property=\"og:image:height\" content=\"401\" \/>\n\t<meta property=\"og:image:type\" content=\"image\/jpeg\" \/>\n<meta name=\"author\" content=\"Cope Alcoy\" \/>\n<meta name=\"twitter:label1\" content=\"Escrito por\" \/>\n\t<meta name=\"twitter:data1\" content=\"Cope Alcoy\" \/>\n\t<meta name=\"twitter:label2\" content=\"Tiempo de lectura\" \/>\n\t<meta name=\"twitter:data2\" content=\"2 minutos\" \/>\n<script type=\"application\/ld+json\" class=\"yoast-schema-graph\">{\"@context\":\"https:\\\/\\\/schema.org\",\"@graph\":[{\"@type\":\"Article\",\"@id\":\"https:\\\/\\\/www.copealcoy.es\\\/es\\\/cocentaina-apuesta-por-recuperar-sus-murallas\\\/#article\",\"isPartOf\":{\"@id\":\"https:\\\/\\\/www.copealcoy.es\\\/es\\\/cocentaina-apuesta-por-recuperar-sus-murallas\\\/\"},\"author\":{\"name\":\"Cope Alcoy\",\"@id\":\"https:\\\/\\\/www.copealcoy.es\\\/es\\\/#\\\/schema\\\/person\\\/e777c87fa024e57d40170af9df39882c\"},\"headline\":\"Cocentaina apuesta por recuperar sus murallas\",\"datePublished\":\"2022-08-23T05:53:38+00:00\",\"dateModified\":\"2022-08-24T16:23:58+00:00\",\"mainEntityOfPage\":{\"@id\":\"https:\\\/\\\/www.copealcoy.es\\\/es\\\/cocentaina-apuesta-por-recuperar-sus-murallas\\\/\"},\"wordCount\":335,\"commentCount\":0,\"image\":{\"@id\":\"https:\\\/\\\/www.copealcoy.es\\\/es\\\/cocentaina-apuesta-por-recuperar-sus-murallas\\\/#primaryimage\"},\"thumbnailUrl\":\"https:\\\/\\\/www.copealcoy.es\\\/wp-content\\\/uploads\\\/2022\\\/08\\\/207864FD-7011-4490-A2F6-A72B6F45875E.jpeg\",\"keywords\":[\"Cocentaina\",\"Eugenia Miguel\",\"murallas\",\"Portal de l'\u00c0ngel\",\"recuperaci\u00f3n\"],\"articleSection\":[\"Actualidad\",\"Comarcas\",\"Noticias\"],\"inLanguage\":\"es\"},{\"@type\":\"WebPage\",\"@id\":\"https:\\\/\\\/www.copealcoy.es\\\/es\\\/cocentaina-apuesta-por-recuperar-sus-murallas\\\/\",\"url\":\"https:\\\/\\\/www.copealcoy.es\\\/es\\\/cocentaina-apuesta-por-recuperar-sus-murallas\\\/\",\"name\":\"Cocentaina apuesta por recuperar sus murallas - COPE Alcoy\",\"isPartOf\":{\"@id\":\"https:\\\/\\\/www.copealcoy.es\\\/es\\\/#website\"},\"primaryImageOfPage\":{\"@id\":\"https:\\\/\\\/www.copealcoy.es\\\/es\\\/cocentaina-apuesta-por-recuperar-sus-murallas\\\/#primaryimage\"},\"image\":{\"@id\":\"https:\\\/\\\/www.copealcoy.es\\\/es\\\/cocentaina-apuesta-por-recuperar-sus-murallas\\\/#primaryimage\"},\"thumbnailUrl\":\"https:\\\/\\\/www.copealcoy.es\\\/wp-content\\\/uploads\\\/2022\\\/08\\\/207864FD-7011-4490-A2F6-A72B6F45875E.jpeg\",\"datePublished\":\"2022-08-23T05:53:38+00:00\",\"dateModified\":\"2022-08-24T16:23:58+00:00\",\"author\":{\"@id\":\"https:\\\/\\\/www.copealcoy.es\\\/es\\\/#\\\/schema\\\/person\\\/e777c87fa024e57d40170af9df39882c\"},\"breadcrumb\":{\"@id\":\"https:\\\/\\\/www.copealcoy.es\\\/es\\\/cocentaina-apuesta-por-recuperar-sus-murallas\\\/#breadcrumb\"},\"inLanguage\":\"es\",\"potentialAction\":[{\"@type\":\"ReadAction\",\"target\":[\"https:\\\/\\\/www.copealcoy.es\\\/es\\\/cocentaina-apuesta-por-recuperar-sus-murallas\\\/\"]}]},{\"@type\":\"ImageObject\",\"inLanguage\":\"es\",\"@id\":\"https:\\\/\\\/www.copealcoy.es\\\/es\\\/cocentaina-apuesta-por-recuperar-sus-murallas\\\/#primaryimage\",\"url\":\"https:\\\/\\\/www.copealcoy.es\\\/wp-content\\\/uploads\\\/2022\\\/08\\\/207864FD-7011-4490-A2F6-A72B6F45875E.jpeg\",\"contentUrl\":\"https:\\\/\\\/www.copealcoy.es\\\/wp-content\\\/uploads\\\/2022\\\/08\\\/207864FD-7011-4490-A2F6-A72B6F45875E.jpeg\",\"width\":600,\"height\":401},{\"@type\":\"BreadcrumbList\",\"@id\":\"https:\\\/\\\/www.copealcoy.es\\\/es\\\/cocentaina-apuesta-por-recuperar-sus-murallas\\\/#breadcrumb\",\"itemListElement\":[{\"@type\":\"ListItem\",\"position\":1,\"name\":\"Portada\",\"item\":\"https:\\\/\\\/www.copealcoy.es\\\/es\\\/\"},{\"@type\":\"ListItem\",\"position\":2,\"name\":\"Cocentaina apuesta por recuperar sus murallas\"}]},{\"@type\":\"WebSite\",\"@id\":\"https:\\\/\\\/www.copealcoy.es\\\/es\\\/#website\",\"url\":\"https:\\\/\\\/www.copealcoy.es\\\/es\\\/\",\"name\":\"COPE Alcoy\",\"description\":\"Emisora COPE de radio local con emisi\u00f3n online. Pont de Sant Jordi 8-10 03803 Alcoy\",\"potentialAction\":[{\"@type\":\"SearchAction\",\"target\":{\"@type\":\"EntryPoint\",\"urlTemplate\":\"https:\\\/\\\/www.copealcoy.es\\\/es\\\/?s={search_term_string}\"},\"query-input\":{\"@type\":\"PropertyValueSpecification\",\"valueRequired\":true,\"valueName\":\"search_term_string\"}}],\"inLanguage\":\"es\"},{\"@type\":\"Person\",\"@id\":\"https:\\\/\\\/www.copealcoy.es\\\/es\\\/#\\\/schema\\\/person\\\/e777c87fa024e57d40170af9df39882c\",\"name\":\"Cope Alcoy\",\"image\":{\"@type\":\"ImageObject\",\"inLanguage\":\"es\",\"@id\":\"https:\\\/\\\/secure.gravatar.com\\\/avatar\\\/bb65d0283347e303893ba14f0692005417c1e0e690a325a4c5d8bb2b3943ee14?s=96&d=mm&r=g\",\"url\":\"https:\\\/\\\/secure.gravatar.com\\\/avatar\\\/bb65d0283347e303893ba14f0692005417c1e0e690a325a4c5d8bb2b3943ee14?s=96&d=mm&r=g\",\"contentUrl\":\"https:\\\/\\\/secure.gravatar.com\\\/avatar\\\/bb65d0283347e303893ba14f0692005417c1e0e690a325a4c5d8bb2b3943ee14?s=96&d=mm&r=g\",\"caption\":\"Cope Alcoy\"}}]}<\/script>\n<!-- \/ Yoast SEO plugin. -->","yoast_head_json":{"title":"Cocentaina apuesta por recuperar sus murallas - COPE Alcoy","robots":{"index":"index","follow":"follow","max-snippet":"max-snippet:-1","max-image-preview":"max-image-preview:large","max-video-preview":"max-video-preview:-1"},"canonical":"https:\/\/www.copealcoy.es\/es\/cocentaina-apuesta-por-recuperar-sus-murallas\/","og_locale":"es_ES","og_type":"article","og_title":"Cocentaina apuesta por recuperar sus murallas - COPE Alcoy","og_description":"El Ayuntamiento de Cocentaina prev\u00e9 la recuperaci\u00f3n del antiguo trazado de la muralla que circundaba el barrio cristiano de La...","og_url":"https:\/\/www.copealcoy.es\/es\/cocentaina-apuesta-por-recuperar-sus-murallas\/","og_site_name":"COPE Alcoy","article_published_time":"2022-08-23T05:53:38+00:00","article_modified_time":"2022-08-24T16:23:58+00:00","og_image":[{"width":600,"height":401,"url":"https:\/\/www.copealcoy.es\/wp-content\/uploads\/2022\/08\/207864FD-7011-4490-A2F6-A72B6F45875E.jpeg","type":"image\/jpeg"}],"author":"Cope Alcoy","twitter_misc":{"Escrito por":"Cope Alcoy","Tiempo de lectura":"2 minutos"},"schema":{"@context":"https:\/\/schema.org","@graph":[{"@type":"Article","@id":"https:\/\/www.copealcoy.es\/es\/cocentaina-apuesta-por-recuperar-sus-murallas\/#article","isPartOf":{"@id":"https:\/\/www.copealcoy.es\/es\/cocentaina-apuesta-por-recuperar-sus-murallas\/"},"author":{"name":"Cope Alcoy","@id":"https:\/\/www.copealcoy.es\/es\/#\/schema\/person\/e777c87fa024e57d40170af9df39882c"},"headline":"Cocentaina apuesta por recuperar sus murallas","datePublished":"2022-08-23T05:53:38+00:00","dateModified":"2022-08-24T16:23:58+00:00","mainEntityOfPage":{"@id":"https:\/\/www.copealcoy.es\/es\/cocentaina-apuesta-por-recuperar-sus-murallas\/"},"wordCount":335,"commentCount":0,"image":{"@id":"https:\/\/www.copealcoy.es\/es\/cocentaina-apuesta-por-recuperar-sus-murallas\/#primaryimage"},"thumbnailUrl":"https:\/\/www.copealcoy.es\/wp-content\/uploads\/2022\/08\/207864FD-7011-4490-A2F6-A72B6F45875E.jpeg","keywords":["Cocentaina","Eugenia Miguel","murallas","Portal de l'\u00c0ngel","recuperaci\u00f3n"],"articleSection":["Actualidad","Comarcas","Noticias"],"inLanguage":"es"},{"@type":"WebPage","@id":"https:\/\/www.copealcoy.es\/es\/cocentaina-apuesta-por-recuperar-sus-murallas\/","url":"https:\/\/www.copealcoy.es\/es\/cocentaina-apuesta-por-recuperar-sus-murallas\/","name":"Cocentaina apuesta por recuperar sus murallas - COPE Alcoy","isPartOf":{"@id":"https:\/\/www.copealcoy.es\/es\/#website"},"primaryImageOfPage":{"@id":"https:\/\/www.copealcoy.es\/es\/cocentaina-apuesta-por-recuperar-sus-murallas\/#primaryimage"},"image":{"@id":"https:\/\/www.copealcoy.es\/es\/cocentaina-apuesta-por-recuperar-sus-murallas\/#primaryimage"},"thumbnailUrl":"https:\/\/www.copealcoy.es\/wp-content\/uploads\/2022\/08\/207864FD-7011-4490-A2F6-A72B6F45875E.jpeg","datePublished":"2022-08-23T05:53:38+00:00","dateModified":"2022-08-24T16:23:58+00:00","author":{"@id":"https:\/\/www.copealcoy.es\/es\/#\/schema\/person\/e777c87fa024e57d40170af9df39882c"},"breadcrumb":{"@id":"https:\/\/www.copealcoy.es\/es\/cocentaina-apuesta-por-recuperar-sus-murallas\/#breadcrumb"},"inLanguage":"es","potentialAction":[{"@type":"ReadAction","target":["https:\/\/www.copealcoy.es\/es\/cocentaina-apuesta-por-recuperar-sus-murallas\/"]}]},{"@type":"ImageObject","inLanguage":"es","@id":"https:\/\/www.copealcoy.es\/es\/cocentaina-apuesta-por-recuperar-sus-murallas\/#primaryimage","url":"https:\/\/www.copealcoy.es\/wp-content\/uploads\/2022\/08\/207864FD-7011-4490-A2F6-A72B6F45875E.jpeg","contentUrl":"https:\/\/www.copealcoy.es\/wp-content\/uploads\/2022\/08\/207864FD-7011-4490-A2F6-A72B6F45875E.jpeg","width":600,"height":401},{"@type":"BreadcrumbList","@id":"https:\/\/www.copealcoy.es\/es\/cocentaina-apuesta-por-recuperar-sus-murallas\/#breadcrumb","itemListElement":[{"@type":"ListItem","position":1,"name":"Portada","item":"https:\/\/www.copealcoy.es\/es\/"},{"@type":"ListItem","position":2,"name":"Cocentaina apuesta por recuperar sus murallas"}]},{"@type":"WebSite","@id":"https:\/\/www.copealcoy.es\/es\/#website","url":"https:\/\/www.copealcoy.es\/es\/","name":"COPE Alcoy","description":"Emisora COPE de radio local con emisi\u00f3n online. Pont de Sant Jordi 8-10 03803 Alcoy","potentialAction":[{"@type":"SearchAction","target":{"@type":"EntryPoint","urlTemplate":"https:\/\/www.copealcoy.es\/es\/?s={search_term_string}"},"query-input":{"@type":"PropertyValueSpecification","valueRequired":true,"valueName":"search_term_string"}}],"inLanguage":"es"},{"@type":"Person","@id":"https:\/\/www.copealcoy.es\/es\/#\/schema\/person\/e777c87fa024e57d40170af9df39882c","name":"Cope Alcoy","image":{"@type":"ImageObject","inLanguage":"es","@id":"https:\/\/secure.gravatar.com\/avatar\/bb65d0283347e303893ba14f0692005417c1e0e690a325a4c5d8bb2b3943ee14?s=96&d=mm&r=g","url":"https:\/\/secure.gravatar.com\/avatar\/bb65d0283347e303893ba14f0692005417c1e0e690a325a4c5d8bb2b3943ee14?s=96&d=mm&r=g","contentUrl":"https:\/\/secure.gravatar.com\/avatar\/bb65d0283347e303893ba14f0692005417c1e0e690a325a4c5d8bb2b3943ee14?s=96&d=mm&r=g","caption":"Cope Alcoy"}}]}},"_links":{"self":[{"href":"https:\/\/www.copealcoy.es\/es\/wp-json\/wp\/v2\/posts\/90801","targetHints":{"allow":["GET"]}}],"collection":[{"href":"https:\/\/www.copealcoy.es\/es\/wp-json\/wp\/v2\/posts"}],"about":[{"href":"https:\/\/www.copealcoy.es\/es\/wp-json\/wp\/v2\/types\/post"}],"author":[{"embeddable":true,"href":"https:\/\/www.copealcoy.es\/es\/wp-json\/wp\/v2\/users\/1"}],"replies":[{"embeddable":true,"href":"https:\/\/www.copealcoy.es\/es\/wp-json\/wp\/v2\/comments?post=90801"}],"version-history":[{"count":0,"href":"https:\/\/www.copealcoy.es\/es\/wp-json\/wp\/v2\/posts\/90801\/revisions"}],"wp:featuredmedia":[{"embeddable":true,"href":"https:\/\/www.copealcoy.es\/es\/wp-json\/wp\/v2\/media\/90802"}],"wp:attachment":[{"href":"https:\/\/www.copealcoy.es\/es\/wp-json\/wp\/v2\/media?parent=90801"}],"wp:term":[{"taxonomy":"category","embeddable":true,"href":"https:\/\/www.copealcoy.es\/es\/wp-json\/wp\/v2\/categories?post=90801"},{"taxonomy":"post_tag","embeddable":true,"href":"https:\/\/www.copealcoy.es\/es\/wp-json\/wp\/v2\/tags?post=90801"}],"curies":[{"name":"wp","href":"https:\/\/api.w.org\/{rel}","templated":true}]}}