{"id":90795,"date":"2022-08-22T17:46:36","date_gmt":"2022-08-22T16:46:36","guid":{"rendered":"https:\/\/www.copealcoy.es\/?p=90795"},"modified":"2022-09-10T21:40:41","modified_gmt":"2022-09-10T20:40:41","slug":"alcoy-homenajea-a-la-mare-de-deu-dels-lliris","status":"publish","type":"post","link":"https:\/\/www.copealcoy.es\/es\/alcoy-homenajea-a-la-mare-de-deu-dels-lliris\/","title":{"rendered":"Alcoy homenajea a la Mare de D\u00e9u dels Lliris"},"content":{"rendered":"<p style=\"text-align: justify;\">Alcoy<strong> vener\u00f3 ayer con todos los honores a la Virgen de los Lirios<\/strong> en el d\u00eda en el que se cumpl\u00edan <strong>369 a\u00f1os del hallazgo milagroso de los lirios en el Carrascal de la Font Roja<\/strong>. Precisamente este enclave <strong>no pudo acoger los actos en honor a la patrona<\/strong> puesto que la alerta m\u00e1xima por incendios forestales <strong>aconsejaba a descartar este tipo de actividades<\/strong> en el entorno del Parque Natural.<\/p>\n<p style=\"text-align: justify;\">Esta situaci\u00f3n <strong>oblig\u00f3 a trasladar los actos a la Parroquia de San Mauro y San Francisco<\/strong>, templo que acogi\u00f3 a partir de las siete de la tarde <strong>el rezo de la sabatina<\/strong> seguido de <strong>la misa solemne en honor a la Mare de D\u00e9u<\/strong> oficiada por Don\u00a0Salvador Gim\u00e9nez, Obispo de Lleida.<\/p>\n<p style=\"text-align: justify;\">Tras la eucarist\u00eda <strong>se llev\u00f3 a cabo una breve procesi\u00f3n por el entorno de La Glorieta<\/strong> con <strong>la imagen peregrina de la Virgen de los Lirios<\/strong>. Su salida de la Iglesia fue recibida con el ta\u00f1ido de las campanas del templo y <strong>numerosos fieles tomaron parte en una comitiva que encabezaron el alcalde<\/strong> (Antonio Franc\u00e9s) as\u00ed como <strong>la Presidenta de la Archicofrad\u00eda<\/strong> (Reme Perell\u00f3).<\/p>\n<p style=\"text-align: justify;\">Finalizada la procesi\u00f3n <strong>se pudo cantar el Himno de la Coronaci\u00f3n de la Mare de D\u00e9u<\/strong> dentro de San Mauro y San Francisco. Tambi\u00e9n qued\u00f3 suspendida <b>la cena habitual de sobaquillo <\/b>con la que termina esta festividad.<\/p>\n<div id='gallery-1' class='gallery galleryid-90795 gallery-columns-3 gallery-size-large'><figure class='gallery-item'>\n\t\t\t<div class='gallery-icon landscape'>\n\t\t\t\t<a href='https:\/\/www.copealcoy.es\/es\/alcoy-homenajea-a-la-mare-de-deu-dels-lliris\/300180253_8661440507215390_9021090411786310259_n\/'><img loading=\"lazy\" decoding=\"async\" width=\"980\" height=\"588\" src=\"https:\/\/www.copealcoy.es\/wp-content\/uploads\/2022\/08\/300180253_8661440507215390_9021090411786310259_n-980x588.jpg\" class=\"attachment-large size-large\" alt=\"\" aria-describedby=\"gallery-1-91431\" \/><\/a>\n\t\t\t<\/div>\n\t\t\t\t<figcaption class='wp-caption-text gallery-caption' id='gallery-1-91431'>\n\t\t\t\tFiesta Virgen de los Lirios 2022\n\t\t\t\t<\/figcaption><\/figure><figure class='gallery-item'>\n\t\t\t<div class='gallery-icon landscape'>\n\t\t\t\t<a href='https:\/\/www.copealcoy.es\/es\/alcoy-homenajea-a-la-mare-de-deu-dels-lliris\/300741694_8661440500548724_8586222049134486377_n\/'><img loading=\"lazy\" decoding=\"async\" width=\"980\" height=\"588\" src=\"https:\/\/www.copealcoy.es\/wp-content\/uploads\/2022\/08\/300741694_8661440500548724_8586222049134486377_n-980x588.jpg\" class=\"attachment-large size-large\" alt=\"\" aria-describedby=\"gallery-1-91432\" \/><\/a>\n\t\t\t<\/div>\n\t\t\t\t<figcaption class='wp-caption-text gallery-caption' id='gallery-1-91432'>\n\t\t\t\tFiesta Virgen de los Lirios 2022\n\t\t\t\t<\/figcaption><\/figure><figure class='gallery-item'>\n\t\t\t<div class='gallery-icon landscape'>\n\t\t\t\t<a href='https:\/\/www.copealcoy.es\/es\/alcoy-homenajea-a-la-mare-de-deu-dels-lliris\/300412027_8661440503882057_2118814165313003313_n\/'><img loading=\"lazy\" decoding=\"async\" width=\"980\" height=\"588\" src=\"https:\/\/www.copealcoy.es\/wp-content\/uploads\/2022\/08\/300412027_8661440503882057_2118814165313003313_n-980x588.jpg\" class=\"attachment-large size-large\" alt=\"\" aria-describedby=\"gallery-1-91433\" \/><\/a>\n\t\t\t<\/div>\n\t\t\t\t<figcaption class='wp-caption-text gallery-caption' id='gallery-1-91433'>\n\t\t\t\tFiesta Virgen de los Lirios 2022\n\t\t\t\t<\/figcaption><\/figure><figure class='gallery-item'>\n\t\t\t<div class='gallery-icon landscape'>\n\t\t\t\t<a href='https:\/\/www.copealcoy.es\/es\/alcoy-homenajea-a-la-mare-de-deu-dels-lliris\/300383552_8661440513882056_7821178143622391297_n\/'><img loading=\"lazy\" decoding=\"async\" width=\"980\" height=\"588\" src=\"https:\/\/www.copealcoy.es\/wp-content\/uploads\/2022\/08\/300383552_8661440513882056_7821178143622391297_n-980x588.jpg\" class=\"attachment-large size-large\" alt=\"\" aria-describedby=\"gallery-1-91434\" \/><\/a>\n\t\t\t<\/div>\n\t\t\t\t<figcaption class='wp-caption-text gallery-caption' id='gallery-1-91434'>\n\t\t\t\tFiesta Virgen de los Lirios 2022\n\t\t\t\t<\/figcaption><\/figure><figure class='gallery-item'>\n\t\t\t<div class='gallery-icon landscape'>\n\t\t\t\t<a href='https:\/\/www.copealcoy.es\/es\/alcoy-homenajea-a-la-mare-de-deu-dels-lliris\/300258515_8661440497215391_3077950636187964121_n\/'><img loading=\"lazy\" decoding=\"async\" width=\"980\" height=\"588\" src=\"https:\/\/www.copealcoy.es\/wp-content\/uploads\/2022\/08\/300258515_8661440497215391_3077950636187964121_n-980x588.jpg\" class=\"attachment-large size-large\" alt=\"\" aria-describedby=\"gallery-1-91435\" \/><\/a>\n\t\t\t<\/div>\n\t\t\t\t<figcaption class='wp-caption-text gallery-caption' id='gallery-1-91435'>\n\t\t\t\tFiesta Virgen de los Lirios 2022\n\t\t\t\t<\/figcaption><\/figure><figure class='gallery-item'>\n\t\t\t<div class='gallery-icon landscape'>\n\t\t\t\t<a href='https:\/\/www.copealcoy.es\/es\/alcoy-homenajea-a-la-mare-de-deu-dels-lliris\/3ba36e00-7d8d-4736-b308-077c84b80c6c\/'><img loading=\"lazy\" decoding=\"async\" width=\"911\" height=\"588\" src=\"https:\/\/www.copealcoy.es\/wp-content\/uploads\/2022\/08\/3BA36E00-7D8D-4736-B308-077C84B80C6C-911x588.jpeg\" class=\"attachment-large size-large\" alt=\"\" \/><\/a>\n\t\t\t<\/div><\/figure>\n\t\t<\/div>\n\n","protected":false},"excerpt":{"rendered":"<p>Alcoy vener\u00f3 ayer con todos los honores a la Virgen de los Lirios en el d\u00eda en el que se&#8230;<\/p>\n","protected":false},"author":1,"featured_media":90796,"comment_status":"open","ping_status":"open","sticky":false,"template":"","format":"standard","meta":{"footnotes":""},"categories":[6909,78,75,125],"tags":[2589,1494,543,1432,1347],"class_list":["post-90795","post","type-post","status-publish","format-standard","has-post-thumbnail","hentry","category-actualidad","category-fiestaycultura","category-noticias","category-portada","tag-21-de-agosto","tag-alcoy","tag-fiesta","tag-patrona","tag-virgen-de-los-lirios"],"yoast_head":"<!-- This site is optimized with the Yoast SEO plugin v27.3 - https:\/\/yoast.com\/product\/yoast-seo-wordpress\/ -->\n<title>Alcoy homenajea a la Mare de D\u00e9u dels Lliris - COPE Alcoy<\/title>\n<meta name=\"robots\" content=\"index, follow, max-snippet:-1, max-image-preview:large, max-video-preview:-1\" \/>\n<link rel=\"canonical\" href=\"https:\/\/www.copealcoy.es\/es\/alcoy-homenajea-a-la-mare-de-deu-dels-lliris\/\" \/>\n<meta property=\"og:locale\" content=\"es_ES\" \/>\n<meta property=\"og:type\" content=\"article\" \/>\n<meta property=\"og:title\" content=\"Alcoy homenajea a la Mare de D\u00e9u dels Lliris - COPE Alcoy\" \/>\n<meta property=\"og:description\" content=\"Alcoy vener\u00f3 ayer con todos los honores a la Virgen de los Lirios en el d\u00eda en el que se...\" \/>\n<meta property=\"og:url\" content=\"https:\/\/www.copealcoy.es\/es\/alcoy-homenajea-a-la-mare-de-deu-dels-lliris\/\" \/>\n<meta property=\"og:site_name\" content=\"COPE Alcoy\" \/>\n<meta property=\"article:published_time\" content=\"2022-08-22T16:46:36+00:00\" \/>\n<meta property=\"article:modified_time\" content=\"2022-09-10T20:40:41+00:00\" \/>\n<meta property=\"og:image\" content=\"https:\/\/www.copealcoy.es\/wp-content\/uploads\/2022\/08\/3BA36E00-7D8D-4736-B308-077C84B80C6C.jpeg\" \/>\n\t<meta property=\"og:image:width\" content=\"911\" \/>\n\t<meta property=\"og:image:height\" content=\"607\" \/>\n\t<meta property=\"og:image:type\" content=\"image\/jpeg\" \/>\n<meta name=\"author\" content=\"Cope Alcoy\" \/>\n<meta name=\"twitter:label1\" content=\"Escrito por\" \/>\n\t<meta name=\"twitter:data1\" content=\"Cope Alcoy\" \/>\n\t<meta name=\"twitter:label2\" content=\"Tiempo de lectura\" \/>\n\t<meta name=\"twitter:data2\" content=\"2 minutos\" \/>\n<script type=\"application\/ld+json\" class=\"yoast-schema-graph\">{\"@context\":\"https:\\\/\\\/schema.org\",\"@graph\":[{\"@type\":\"Article\",\"@id\":\"https:\\\/\\\/www.copealcoy.es\\\/es\\\/alcoy-homenajea-a-la-mare-de-deu-dels-lliris\\\/#article\",\"isPartOf\":{\"@id\":\"https:\\\/\\\/www.copealcoy.es\\\/es\\\/alcoy-homenajea-a-la-mare-de-deu-dels-lliris\\\/\"},\"author\":{\"name\":\"Cope Alcoy\",\"@id\":\"https:\\\/\\\/www.copealcoy.es\\\/es\\\/#\\\/schema\\\/person\\\/e777c87fa024e57d40170af9df39882c\"},\"headline\":\"Alcoy homenajea a la Mare de D\u00e9u dels Lliris\",\"datePublished\":\"2022-08-22T16:46:36+00:00\",\"dateModified\":\"2022-09-10T20:40:41+00:00\",\"mainEntityOfPage\":{\"@id\":\"https:\\\/\\\/www.copealcoy.es\\\/es\\\/alcoy-homenajea-a-la-mare-de-deu-dels-lliris\\\/\"},\"wordCount\":252,\"commentCount\":0,\"image\":{\"@id\":\"https:\\\/\\\/www.copealcoy.es\\\/es\\\/alcoy-homenajea-a-la-mare-de-deu-dels-lliris\\\/#primaryimage\"},\"thumbnailUrl\":\"https:\\\/\\\/www.copealcoy.es\\\/wp-content\\\/uploads\\\/2022\\\/08\\\/3BA36E00-7D8D-4736-B308-077C84B80C6C.jpeg\",\"keywords\":[\"21 de agosto\",\"Alcoy\",\"Fiesta\",\"patrona\",\"Virgen de los Lirios\"],\"articleSection\":[\"Actualidad\",\"Fiesta y Cultura\",\"Noticias\",\"Portada\"],\"inLanguage\":\"es\"},{\"@type\":\"WebPage\",\"@id\":\"https:\\\/\\\/www.copealcoy.es\\\/es\\\/alcoy-homenajea-a-la-mare-de-deu-dels-lliris\\\/\",\"url\":\"https:\\\/\\\/www.copealcoy.es\\\/es\\\/alcoy-homenajea-a-la-mare-de-deu-dels-lliris\\\/\",\"name\":\"Alcoy homenajea a la Mare de D\u00e9u dels Lliris - COPE Alcoy\",\"isPartOf\":{\"@id\":\"https:\\\/\\\/www.copealcoy.es\\\/es\\\/#website\"},\"primaryImageOfPage\":{\"@id\":\"https:\\\/\\\/www.copealcoy.es\\\/es\\\/alcoy-homenajea-a-la-mare-de-deu-dels-lliris\\\/#primaryimage\"},\"image\":{\"@id\":\"https:\\\/\\\/www.copealcoy.es\\\/es\\\/alcoy-homenajea-a-la-mare-de-deu-dels-lliris\\\/#primaryimage\"},\"thumbnailUrl\":\"https:\\\/\\\/www.copealcoy.es\\\/wp-content\\\/uploads\\\/2022\\\/08\\\/3BA36E00-7D8D-4736-B308-077C84B80C6C.jpeg\",\"datePublished\":\"2022-08-22T16:46:36+00:00\",\"dateModified\":\"2022-09-10T20:40:41+00:00\",\"author\":{\"@id\":\"https:\\\/\\\/www.copealcoy.es\\\/es\\\/#\\\/schema\\\/person\\\/e777c87fa024e57d40170af9df39882c\"},\"breadcrumb\":{\"@id\":\"https:\\\/\\\/www.copealcoy.es\\\/es\\\/alcoy-homenajea-a-la-mare-de-deu-dels-lliris\\\/#breadcrumb\"},\"inLanguage\":\"es\",\"potentialAction\":[{\"@type\":\"ReadAction\",\"target\":[\"https:\\\/\\\/www.copealcoy.es\\\/es\\\/alcoy-homenajea-a-la-mare-de-deu-dels-lliris\\\/\"]}]},{\"@type\":\"ImageObject\",\"inLanguage\":\"es\",\"@id\":\"https:\\\/\\\/www.copealcoy.es\\\/es\\\/alcoy-homenajea-a-la-mare-de-deu-dels-lliris\\\/#primaryimage\",\"url\":\"https:\\\/\\\/www.copealcoy.es\\\/wp-content\\\/uploads\\\/2022\\\/08\\\/3BA36E00-7D8D-4736-B308-077C84B80C6C.jpeg\",\"contentUrl\":\"https:\\\/\\\/www.copealcoy.es\\\/wp-content\\\/uploads\\\/2022\\\/08\\\/3BA36E00-7D8D-4736-B308-077C84B80C6C.jpeg\",\"width\":911,\"height\":607},{\"@type\":\"BreadcrumbList\",\"@id\":\"https:\\\/\\\/www.copealcoy.es\\\/es\\\/alcoy-homenajea-a-la-mare-de-deu-dels-lliris\\\/#breadcrumb\",\"itemListElement\":[{\"@type\":\"ListItem\",\"position\":1,\"name\":\"Portada\",\"item\":\"https:\\\/\\\/www.copealcoy.es\\\/es\\\/\"},{\"@type\":\"ListItem\",\"position\":2,\"name\":\"Alcoy homenajea a la Mare de D\u00e9u dels Lliris\"}]},{\"@type\":\"WebSite\",\"@id\":\"https:\\\/\\\/www.copealcoy.es\\\/es\\\/#website\",\"url\":\"https:\\\/\\\/www.copealcoy.es\\\/es\\\/\",\"name\":\"COPE Alcoy\",\"description\":\"Emisora COPE de radio local con emisi\u00f3n online. Pont de Sant Jordi 8-10 03803 Alcoy\",\"potentialAction\":[{\"@type\":\"SearchAction\",\"target\":{\"@type\":\"EntryPoint\",\"urlTemplate\":\"https:\\\/\\\/www.copealcoy.es\\\/es\\\/?s={search_term_string}\"},\"query-input\":{\"@type\":\"PropertyValueSpecification\",\"valueRequired\":true,\"valueName\":\"search_term_string\"}}],\"inLanguage\":\"es\"},{\"@type\":\"Person\",\"@id\":\"https:\\\/\\\/www.copealcoy.es\\\/es\\\/#\\\/schema\\\/person\\\/e777c87fa024e57d40170af9df39882c\",\"name\":\"Cope Alcoy\",\"image\":{\"@type\":\"ImageObject\",\"inLanguage\":\"es\",\"@id\":\"https:\\\/\\\/secure.gravatar.com\\\/avatar\\\/bb65d0283347e303893ba14f0692005417c1e0e690a325a4c5d8bb2b3943ee14?s=96&d=mm&r=g\",\"url\":\"https:\\\/\\\/secure.gravatar.com\\\/avatar\\\/bb65d0283347e303893ba14f0692005417c1e0e690a325a4c5d8bb2b3943ee14?s=96&d=mm&r=g\",\"contentUrl\":\"https:\\\/\\\/secure.gravatar.com\\\/avatar\\\/bb65d0283347e303893ba14f0692005417c1e0e690a325a4c5d8bb2b3943ee14?s=96&d=mm&r=g\",\"caption\":\"Cope Alcoy\"}}]}<\/script>\n<!-- \/ Yoast SEO plugin. -->","yoast_head_json":{"title":"Alcoy homenajea a la Mare de D\u00e9u dels Lliris - COPE Alcoy","robots":{"index":"index","follow":"follow","max-snippet":"max-snippet:-1","max-image-preview":"max-image-preview:large","max-video-preview":"max-video-preview:-1"},"canonical":"https:\/\/www.copealcoy.es\/es\/alcoy-homenajea-a-la-mare-de-deu-dels-lliris\/","og_locale":"es_ES","og_type":"article","og_title":"Alcoy homenajea a la Mare de D\u00e9u dels Lliris - COPE Alcoy","og_description":"Alcoy vener\u00f3 ayer con todos los honores a la Virgen de los Lirios en el d\u00eda en el que se...","og_url":"https:\/\/www.copealcoy.es\/es\/alcoy-homenajea-a-la-mare-de-deu-dels-lliris\/","og_site_name":"COPE Alcoy","article_published_time":"2022-08-22T16:46:36+00:00","article_modified_time":"2022-09-10T20:40:41+00:00","og_image":[{"width":911,"height":607,"url":"https:\/\/www.copealcoy.es\/wp-content\/uploads\/2022\/08\/3BA36E00-7D8D-4736-B308-077C84B80C6C.jpeg","type":"image\/jpeg"}],"author":"Cope Alcoy","twitter_misc":{"Escrito por":"Cope Alcoy","Tiempo de lectura":"2 minutos"},"schema":{"@context":"https:\/\/schema.org","@graph":[{"@type":"Article","@id":"https:\/\/www.copealcoy.es\/es\/alcoy-homenajea-a-la-mare-de-deu-dels-lliris\/#article","isPartOf":{"@id":"https:\/\/www.copealcoy.es\/es\/alcoy-homenajea-a-la-mare-de-deu-dels-lliris\/"},"author":{"name":"Cope Alcoy","@id":"https:\/\/www.copealcoy.es\/es\/#\/schema\/person\/e777c87fa024e57d40170af9df39882c"},"headline":"Alcoy homenajea a la Mare de D\u00e9u dels Lliris","datePublished":"2022-08-22T16:46:36+00:00","dateModified":"2022-09-10T20:40:41+00:00","mainEntityOfPage":{"@id":"https:\/\/www.copealcoy.es\/es\/alcoy-homenajea-a-la-mare-de-deu-dels-lliris\/"},"wordCount":252,"commentCount":0,"image":{"@id":"https:\/\/www.copealcoy.es\/es\/alcoy-homenajea-a-la-mare-de-deu-dels-lliris\/#primaryimage"},"thumbnailUrl":"https:\/\/www.copealcoy.es\/wp-content\/uploads\/2022\/08\/3BA36E00-7D8D-4736-B308-077C84B80C6C.jpeg","keywords":["21 de agosto","Alcoy","Fiesta","patrona","Virgen de los Lirios"],"articleSection":["Actualidad","Fiesta y Cultura","Noticias","Portada"],"inLanguage":"es"},{"@type":"WebPage","@id":"https:\/\/www.copealcoy.es\/es\/alcoy-homenajea-a-la-mare-de-deu-dels-lliris\/","url":"https:\/\/www.copealcoy.es\/es\/alcoy-homenajea-a-la-mare-de-deu-dels-lliris\/","name":"Alcoy homenajea a la Mare de D\u00e9u dels Lliris - COPE Alcoy","isPartOf":{"@id":"https:\/\/www.copealcoy.es\/es\/#website"},"primaryImageOfPage":{"@id":"https:\/\/www.copealcoy.es\/es\/alcoy-homenajea-a-la-mare-de-deu-dels-lliris\/#primaryimage"},"image":{"@id":"https:\/\/www.copealcoy.es\/es\/alcoy-homenajea-a-la-mare-de-deu-dels-lliris\/#primaryimage"},"thumbnailUrl":"https:\/\/www.copealcoy.es\/wp-content\/uploads\/2022\/08\/3BA36E00-7D8D-4736-B308-077C84B80C6C.jpeg","datePublished":"2022-08-22T16:46:36+00:00","dateModified":"2022-09-10T20:40:41+00:00","author":{"@id":"https:\/\/www.copealcoy.es\/es\/#\/schema\/person\/e777c87fa024e57d40170af9df39882c"},"breadcrumb":{"@id":"https:\/\/www.copealcoy.es\/es\/alcoy-homenajea-a-la-mare-de-deu-dels-lliris\/#breadcrumb"},"inLanguage":"es","potentialAction":[{"@type":"ReadAction","target":["https:\/\/www.copealcoy.es\/es\/alcoy-homenajea-a-la-mare-de-deu-dels-lliris\/"]}]},{"@type":"ImageObject","inLanguage":"es","@id":"https:\/\/www.copealcoy.es\/es\/alcoy-homenajea-a-la-mare-de-deu-dels-lliris\/#primaryimage","url":"https:\/\/www.copealcoy.es\/wp-content\/uploads\/2022\/08\/3BA36E00-7D8D-4736-B308-077C84B80C6C.jpeg","contentUrl":"https:\/\/www.copealcoy.es\/wp-content\/uploads\/2022\/08\/3BA36E00-7D8D-4736-B308-077C84B80C6C.jpeg","width":911,"height":607},{"@type":"BreadcrumbList","@id":"https:\/\/www.copealcoy.es\/es\/alcoy-homenajea-a-la-mare-de-deu-dels-lliris\/#breadcrumb","itemListElement":[{"@type":"ListItem","position":1,"name":"Portada","item":"https:\/\/www.copealcoy.es\/es\/"},{"@type":"ListItem","position":2,"name":"Alcoy homenajea a la Mare de D\u00e9u dels Lliris"}]},{"@type":"WebSite","@id":"https:\/\/www.copealcoy.es\/es\/#website","url":"https:\/\/www.copealcoy.es\/es\/","name":"COPE Alcoy","description":"Emisora COPE de radio local con emisi\u00f3n online. Pont de Sant Jordi 8-10 03803 Alcoy","potentialAction":[{"@type":"SearchAction","target":{"@type":"EntryPoint","urlTemplate":"https:\/\/www.copealcoy.es\/es\/?s={search_term_string}"},"query-input":{"@type":"PropertyValueSpecification","valueRequired":true,"valueName":"search_term_string"}}],"inLanguage":"es"},{"@type":"Person","@id":"https:\/\/www.copealcoy.es\/es\/#\/schema\/person\/e777c87fa024e57d40170af9df39882c","name":"Cope Alcoy","image":{"@type":"ImageObject","inLanguage":"es","@id":"https:\/\/secure.gravatar.com\/avatar\/bb65d0283347e303893ba14f0692005417c1e0e690a325a4c5d8bb2b3943ee14?s=96&d=mm&r=g","url":"https:\/\/secure.gravatar.com\/avatar\/bb65d0283347e303893ba14f0692005417c1e0e690a325a4c5d8bb2b3943ee14?s=96&d=mm&r=g","contentUrl":"https:\/\/secure.gravatar.com\/avatar\/bb65d0283347e303893ba14f0692005417c1e0e690a325a4c5d8bb2b3943ee14?s=96&d=mm&r=g","caption":"Cope Alcoy"}}]}},"_links":{"self":[{"href":"https:\/\/www.copealcoy.es\/es\/wp-json\/wp\/v2\/posts\/90795","targetHints":{"allow":["GET"]}}],"collection":[{"href":"https:\/\/www.copealcoy.es\/es\/wp-json\/wp\/v2\/posts"}],"about":[{"href":"https:\/\/www.copealcoy.es\/es\/wp-json\/wp\/v2\/types\/post"}],"author":[{"embeddable":true,"href":"https:\/\/www.copealcoy.es\/es\/wp-json\/wp\/v2\/users\/1"}],"replies":[{"embeddable":true,"href":"https:\/\/www.copealcoy.es\/es\/wp-json\/wp\/v2\/comments?post=90795"}],"version-history":[{"count":0,"href":"https:\/\/www.copealcoy.es\/es\/wp-json\/wp\/v2\/posts\/90795\/revisions"}],"wp:featuredmedia":[{"embeddable":true,"href":"https:\/\/www.copealcoy.es\/es\/wp-json\/wp\/v2\/media\/90796"}],"wp:attachment":[{"href":"https:\/\/www.copealcoy.es\/es\/wp-json\/wp\/v2\/media?parent=90795"}],"wp:term":[{"taxonomy":"category","embeddable":true,"href":"https:\/\/www.copealcoy.es\/es\/wp-json\/wp\/v2\/categories?post=90795"},{"taxonomy":"post_tag","embeddable":true,"href":"https:\/\/www.copealcoy.es\/es\/wp-json\/wp\/v2\/tags?post=90795"}],"curies":[{"name":"wp","href":"https:\/\/api.w.org\/{rel}","templated":true}]}}