{"id":90744,"date":"2022-08-16T06:28:27","date_gmt":"2022-08-16T05:28:27","guid":{"rendered":"https:\/\/www.copealcoy.es\/?p=90744"},"modified":"2022-08-17T06:38:36","modified_gmt":"2022-08-17T05:38:36","slug":"balance-positivo-en-cocentaina-para-las-fiestas-del-reencuentro","status":"publish","type":"post","link":"https:\/\/www.copealcoy.es\/es\/balance-positivo-en-cocentaina-para-las-fiestas-del-reencuentro\/","title":{"rendered":"Balance positivo en Cocentaina para las Fiestas del reencuentro"},"content":{"rendered":"<p style=\"text-align: justify;\">Cocentaina <strong>despidi\u00f3 anoche sus Fiestas de Moros y Cristianos en honor a San Hip\u00f3lito M\u00e1rtir<\/strong>, unos festejos que <strong>han recuperado la normalidad tras la pandemia<\/strong> y que han estado marcados por <strong>una gran participaci\u00f3n<\/strong> en todos los actos. Una <strong>gran cena de hermandad<\/strong> de todas las Filaes en la Pla\u00e7a del Mercat, con <strong>la asistencia de m\u00e1s de 1500 comensales<\/strong>, puso fin a tres intensas jornadas en las que <strong>m\u00fasica festera y buen ambiente<\/strong> se han fusionado por las calles de la Villa Condal.<\/p>\n<p style=\"text-align: justify;\">Para <strong>la alcaldesa de la Villa Condal<\/strong> han sido unos d\u00edas de bullicio que <strong>han supuesto adem\u00e1s un ansiado reencuentro<\/strong> \u201c<em>hemos vuelto a compartir momentos con amigos, familiares o personas que siempre nos visitan en estos d\u00edas y la verdad es que la trilog\u00eda nos deja unas buenas sensaciones. Todas las Filaes han disfrutado al m\u00e1ximo y los cuatro cargos nos ofrecieron un gran espect\u00e1culo en las Entradas. Nuestra m\u00e1s sincera enhorabuena, desde el Ayuntamiento, por haber hecho realidad este sue\u00f1o tras tanto tiempo de espera<\/em>\u201d, manifest\u00f3 <strong>Mireia Estepa<\/strong> al acabar el Alardo. Tambi\u00e9n el <strong>Concejal de Fiestas<\/strong> remarcaba que los d\u00edas festivos en honor a San Hip\u00f3lito M\u00e1rtir <strong>hab\u00edan transcurrido sin apenas incidentes rese\u00f1ables<\/strong> \u201c<em>no ha habido ning\u00fan altercado en las verbenas nocturnas y todos los actos se han desarrollado sin complicaciones. El calor, la lluvia o el viento no han condicionado demasiado salvo en momentos como la Diana, donde las fuertes rachas afectaron a la Fil\u00e0 Manta Roja a la salida del Ayuntamiento. Los festeros aguantaron estoicamente y supieron hacer frente al vendaval con gran valent\u00eda efectuando una brillante arranc\u00e0<\/em>\u201d, concluy\u00f3 <strong>Octavio Cerd\u00e0<\/strong>. Finalmente, <strong>el Presidente de la Junta de Festes<\/strong> agradec\u00eda la labor realizada por todos los que le han acompa\u00f1ado en su trienio al frente de la entidad \u201c<em>despu\u00e9s de dos a\u00f1os duros de espera hemos vuelto y se ha hecho un gran trabajo para que todo saliera seg\u00fan lo previsto as\u00ed como sin retrasos en cuestiones como horarios. Nos despedimos satisfechos por haber estado a la altura de lo que demanda la organizaci\u00f3n de unas Fiestas como las de Cocentaina<\/em>\u201d, apostill\u00f3 <strong>Juan Francisco Masanet<\/strong>.<\/p>\n<p style=\"text-align: justify;\">Una vez finalizada la trilog\u00eda del retorno, <strong>la cuenta atr\u00e1s ya se ha activado con el horizonte puesto en el pr\u00f3ximo 24 de junio<\/strong>. Ese d\u00eda, en el que se celebrar\u00e1 San Juan, marcar\u00e1 el comienzo de la Fiesta del 2023 con una nueva Publicaci\u00f3.<\/p>\n","protected":false},"excerpt":{"rendered":"<p>Cocentaina despidi\u00f3 anoche sus Fiestas de Moros y Cristianos en honor a San Hip\u00f3lito M\u00e1rtir, unos festejos que han recuperado&#8230;<\/p>\n","protected":false},"author":1,"featured_media":90745,"comment_status":"open","ping_status":"open","sticky":false,"template":"","format":"standard","meta":{"footnotes":""},"categories":[98,75],"tags":[430,132,565,609,4488],"class_list":["post-90744","post","type-post","status-publish","format-standard","has-post-thumbnail","hentry","category-comarcas","category-noticias","tag-balance","tag-cocentaina","tag-fiestas","tag-moros-y-cristianos","tag-san-hipolito-martir"],"yoast_head":"<!-- This site is optimized with the Yoast SEO plugin v27.3 - https:\/\/yoast.com\/product\/yoast-seo-wordpress\/ -->\n<title>Balance positivo en Cocentaina para las Fiestas del reencuentro - COPE Alcoy<\/title>\n<meta name=\"robots\" content=\"index, follow, max-snippet:-1, max-image-preview:large, max-video-preview:-1\" \/>\n<link rel=\"canonical\" href=\"https:\/\/www.copealcoy.es\/es\/balance-positivo-en-cocentaina-para-las-fiestas-del-reencuentro\/\" \/>\n<meta property=\"og:locale\" content=\"es_ES\" \/>\n<meta property=\"og:type\" content=\"article\" \/>\n<meta property=\"og:title\" content=\"Balance positivo en Cocentaina para las Fiestas del reencuentro - COPE Alcoy\" \/>\n<meta property=\"og:description\" content=\"Cocentaina despidi\u00f3 anoche sus Fiestas de Moros y Cristianos en honor a San Hip\u00f3lito M\u00e1rtir, unos festejos que han recuperado...\" \/>\n<meta property=\"og:url\" content=\"https:\/\/www.copealcoy.es\/es\/balance-positivo-en-cocentaina-para-las-fiestas-del-reencuentro\/\" \/>\n<meta property=\"og:site_name\" content=\"COPE Alcoy\" \/>\n<meta property=\"article:published_time\" content=\"2022-08-16T05:28:27+00:00\" \/>\n<meta property=\"article:modified_time\" content=\"2022-08-17T05:38:36+00:00\" \/>\n<meta property=\"og:image\" content=\"https:\/\/www.copealcoy.es\/wp-content\/uploads\/2022\/08\/6-Aspecto-que-presentaba-la-Plac\u0327a-del-Mercat-en-la-cena-de-fin-de-fiestas-Foto-Quique-Camallonga.jpg\" \/>\n\t<meta property=\"og:image:width\" content=\"960\" \/>\n\t<meta property=\"og:image:height\" content=\"720\" \/>\n\t<meta property=\"og:image:type\" content=\"image\/jpeg\" \/>\n<meta name=\"author\" content=\"Cope Alcoy\" \/>\n<meta name=\"twitter:label1\" content=\"Escrito por\" \/>\n\t<meta name=\"twitter:data1\" content=\"Cope Alcoy\" \/>\n\t<meta name=\"twitter:label2\" content=\"Tiempo de lectura\" \/>\n\t<meta name=\"twitter:data2\" content=\"2 minutos\" \/>\n<script type=\"application\/ld+json\" class=\"yoast-schema-graph\">{\"@context\":\"https:\\\/\\\/schema.org\",\"@graph\":[{\"@type\":\"Article\",\"@id\":\"https:\\\/\\\/www.copealcoy.es\\\/es\\\/balance-positivo-en-cocentaina-para-las-fiestas-del-reencuentro\\\/#article\",\"isPartOf\":{\"@id\":\"https:\\\/\\\/www.copealcoy.es\\\/es\\\/balance-positivo-en-cocentaina-para-las-fiestas-del-reencuentro\\\/\"},\"author\":{\"name\":\"Cope Alcoy\",\"@id\":\"https:\\\/\\\/www.copealcoy.es\\\/es\\\/#\\\/schema\\\/person\\\/e777c87fa024e57d40170af9df39882c\"},\"headline\":\"Balance positivo en Cocentaina para las Fiestas del reencuentro\",\"datePublished\":\"2022-08-16T05:28:27+00:00\",\"dateModified\":\"2022-08-17T05:38:36+00:00\",\"mainEntityOfPage\":{\"@id\":\"https:\\\/\\\/www.copealcoy.es\\\/es\\\/balance-positivo-en-cocentaina-para-las-fiestas-del-reencuentro\\\/\"},\"wordCount\":436,\"commentCount\":0,\"image\":{\"@id\":\"https:\\\/\\\/www.copealcoy.es\\\/es\\\/balance-positivo-en-cocentaina-para-las-fiestas-del-reencuentro\\\/#primaryimage\"},\"thumbnailUrl\":\"https:\\\/\\\/www.copealcoy.es\\\/wp-content\\\/uploads\\\/2022\\\/08\\\/6-Aspecto-que-presentaba-la-Plac\u0327a-del-Mercat-en-la-cena-de-fin-de-fiestas-Foto-Quique-Camallonga.jpg\",\"keywords\":[\"Balance\",\"Cocentaina\",\"Fiestas\",\"Moros Y Cristianos\",\"San Hip\u00f3lito M\u00e1rtir\"],\"articleSection\":[\"Comarcas\",\"Noticias\"],\"inLanguage\":\"es\"},{\"@type\":\"WebPage\",\"@id\":\"https:\\\/\\\/www.copealcoy.es\\\/es\\\/balance-positivo-en-cocentaina-para-las-fiestas-del-reencuentro\\\/\",\"url\":\"https:\\\/\\\/www.copealcoy.es\\\/es\\\/balance-positivo-en-cocentaina-para-las-fiestas-del-reencuentro\\\/\",\"name\":\"Balance positivo en Cocentaina para las Fiestas del reencuentro - COPE Alcoy\",\"isPartOf\":{\"@id\":\"https:\\\/\\\/www.copealcoy.es\\\/es\\\/#website\"},\"primaryImageOfPage\":{\"@id\":\"https:\\\/\\\/www.copealcoy.es\\\/es\\\/balance-positivo-en-cocentaina-para-las-fiestas-del-reencuentro\\\/#primaryimage\"},\"image\":{\"@id\":\"https:\\\/\\\/www.copealcoy.es\\\/es\\\/balance-positivo-en-cocentaina-para-las-fiestas-del-reencuentro\\\/#primaryimage\"},\"thumbnailUrl\":\"https:\\\/\\\/www.copealcoy.es\\\/wp-content\\\/uploads\\\/2022\\\/08\\\/6-Aspecto-que-presentaba-la-Plac\u0327a-del-Mercat-en-la-cena-de-fin-de-fiestas-Foto-Quique-Camallonga.jpg\",\"datePublished\":\"2022-08-16T05:28:27+00:00\",\"dateModified\":\"2022-08-17T05:38:36+00:00\",\"author\":{\"@id\":\"https:\\\/\\\/www.copealcoy.es\\\/es\\\/#\\\/schema\\\/person\\\/e777c87fa024e57d40170af9df39882c\"},\"breadcrumb\":{\"@id\":\"https:\\\/\\\/www.copealcoy.es\\\/es\\\/balance-positivo-en-cocentaina-para-las-fiestas-del-reencuentro\\\/#breadcrumb\"},\"inLanguage\":\"es\",\"potentialAction\":[{\"@type\":\"ReadAction\",\"target\":[\"https:\\\/\\\/www.copealcoy.es\\\/es\\\/balance-positivo-en-cocentaina-para-las-fiestas-del-reencuentro\\\/\"]}]},{\"@type\":\"ImageObject\",\"inLanguage\":\"es\",\"@id\":\"https:\\\/\\\/www.copealcoy.es\\\/es\\\/balance-positivo-en-cocentaina-para-las-fiestas-del-reencuentro\\\/#primaryimage\",\"url\":\"https:\\\/\\\/www.copealcoy.es\\\/wp-content\\\/uploads\\\/2022\\\/08\\\/6-Aspecto-que-presentaba-la-Plac\u0327a-del-Mercat-en-la-cena-de-fin-de-fiestas-Foto-Quique-Camallonga.jpg\",\"contentUrl\":\"https:\\\/\\\/www.copealcoy.es\\\/wp-content\\\/uploads\\\/2022\\\/08\\\/6-Aspecto-que-presentaba-la-Plac\u0327a-del-Mercat-en-la-cena-de-fin-de-fiestas-Foto-Quique-Camallonga.jpg\",\"width\":960,\"height\":720},{\"@type\":\"BreadcrumbList\",\"@id\":\"https:\\\/\\\/www.copealcoy.es\\\/es\\\/balance-positivo-en-cocentaina-para-las-fiestas-del-reencuentro\\\/#breadcrumb\",\"itemListElement\":[{\"@type\":\"ListItem\",\"position\":1,\"name\":\"Portada\",\"item\":\"https:\\\/\\\/www.copealcoy.es\\\/es\\\/\"},{\"@type\":\"ListItem\",\"position\":2,\"name\":\"Balance positivo en Cocentaina para las Fiestas del reencuentro\"}]},{\"@type\":\"WebSite\",\"@id\":\"https:\\\/\\\/www.copealcoy.es\\\/es\\\/#website\",\"url\":\"https:\\\/\\\/www.copealcoy.es\\\/es\\\/\",\"name\":\"COPE Alcoy\",\"description\":\"Emisora COPE de radio local con emisi\u00f3n online. Pont de Sant Jordi 8-10 03803 Alcoy\",\"potentialAction\":[{\"@type\":\"SearchAction\",\"target\":{\"@type\":\"EntryPoint\",\"urlTemplate\":\"https:\\\/\\\/www.copealcoy.es\\\/es\\\/?s={search_term_string}\"},\"query-input\":{\"@type\":\"PropertyValueSpecification\",\"valueRequired\":true,\"valueName\":\"search_term_string\"}}],\"inLanguage\":\"es\"},{\"@type\":\"Person\",\"@id\":\"https:\\\/\\\/www.copealcoy.es\\\/es\\\/#\\\/schema\\\/person\\\/e777c87fa024e57d40170af9df39882c\",\"name\":\"Cope Alcoy\",\"image\":{\"@type\":\"ImageObject\",\"inLanguage\":\"es\",\"@id\":\"https:\\\/\\\/secure.gravatar.com\\\/avatar\\\/bb65d0283347e303893ba14f0692005417c1e0e690a325a4c5d8bb2b3943ee14?s=96&d=mm&r=g\",\"url\":\"https:\\\/\\\/secure.gravatar.com\\\/avatar\\\/bb65d0283347e303893ba14f0692005417c1e0e690a325a4c5d8bb2b3943ee14?s=96&d=mm&r=g\",\"contentUrl\":\"https:\\\/\\\/secure.gravatar.com\\\/avatar\\\/bb65d0283347e303893ba14f0692005417c1e0e690a325a4c5d8bb2b3943ee14?s=96&d=mm&r=g\",\"caption\":\"Cope Alcoy\"}}]}<\/script>\n<!-- \/ Yoast SEO plugin. -->","yoast_head_json":{"title":"Balance positivo en Cocentaina para las Fiestas del reencuentro - COPE Alcoy","robots":{"index":"index","follow":"follow","max-snippet":"max-snippet:-1","max-image-preview":"max-image-preview:large","max-video-preview":"max-video-preview:-1"},"canonical":"https:\/\/www.copealcoy.es\/es\/balance-positivo-en-cocentaina-para-las-fiestas-del-reencuentro\/","og_locale":"es_ES","og_type":"article","og_title":"Balance positivo en Cocentaina para las Fiestas del reencuentro - COPE Alcoy","og_description":"Cocentaina despidi\u00f3 anoche sus Fiestas de Moros y Cristianos en honor a San Hip\u00f3lito M\u00e1rtir, unos festejos que han recuperado...","og_url":"https:\/\/www.copealcoy.es\/es\/balance-positivo-en-cocentaina-para-las-fiestas-del-reencuentro\/","og_site_name":"COPE Alcoy","article_published_time":"2022-08-16T05:28:27+00:00","article_modified_time":"2022-08-17T05:38:36+00:00","og_image":[{"width":960,"height":720,"url":"https:\/\/www.copealcoy.es\/wp-content\/uploads\/2022\/08\/6-Aspecto-que-presentaba-la-Plac\u0327a-del-Mercat-en-la-cena-de-fin-de-fiestas-Foto-Quique-Camallonga.jpg","type":"image\/jpeg"}],"author":"Cope Alcoy","twitter_misc":{"Escrito por":"Cope Alcoy","Tiempo de lectura":"2 minutos"},"schema":{"@context":"https:\/\/schema.org","@graph":[{"@type":"Article","@id":"https:\/\/www.copealcoy.es\/es\/balance-positivo-en-cocentaina-para-las-fiestas-del-reencuentro\/#article","isPartOf":{"@id":"https:\/\/www.copealcoy.es\/es\/balance-positivo-en-cocentaina-para-las-fiestas-del-reencuentro\/"},"author":{"name":"Cope Alcoy","@id":"https:\/\/www.copealcoy.es\/es\/#\/schema\/person\/e777c87fa024e57d40170af9df39882c"},"headline":"Balance positivo en Cocentaina para las Fiestas del reencuentro","datePublished":"2022-08-16T05:28:27+00:00","dateModified":"2022-08-17T05:38:36+00:00","mainEntityOfPage":{"@id":"https:\/\/www.copealcoy.es\/es\/balance-positivo-en-cocentaina-para-las-fiestas-del-reencuentro\/"},"wordCount":436,"commentCount":0,"image":{"@id":"https:\/\/www.copealcoy.es\/es\/balance-positivo-en-cocentaina-para-las-fiestas-del-reencuentro\/#primaryimage"},"thumbnailUrl":"https:\/\/www.copealcoy.es\/wp-content\/uploads\/2022\/08\/6-Aspecto-que-presentaba-la-Plac\u0327a-del-Mercat-en-la-cena-de-fin-de-fiestas-Foto-Quique-Camallonga.jpg","keywords":["Balance","Cocentaina","Fiestas","Moros Y Cristianos","San Hip\u00f3lito M\u00e1rtir"],"articleSection":["Comarcas","Noticias"],"inLanguage":"es"},{"@type":"WebPage","@id":"https:\/\/www.copealcoy.es\/es\/balance-positivo-en-cocentaina-para-las-fiestas-del-reencuentro\/","url":"https:\/\/www.copealcoy.es\/es\/balance-positivo-en-cocentaina-para-las-fiestas-del-reencuentro\/","name":"Balance positivo en Cocentaina para las Fiestas del reencuentro - COPE Alcoy","isPartOf":{"@id":"https:\/\/www.copealcoy.es\/es\/#website"},"primaryImageOfPage":{"@id":"https:\/\/www.copealcoy.es\/es\/balance-positivo-en-cocentaina-para-las-fiestas-del-reencuentro\/#primaryimage"},"image":{"@id":"https:\/\/www.copealcoy.es\/es\/balance-positivo-en-cocentaina-para-las-fiestas-del-reencuentro\/#primaryimage"},"thumbnailUrl":"https:\/\/www.copealcoy.es\/wp-content\/uploads\/2022\/08\/6-Aspecto-que-presentaba-la-Plac\u0327a-del-Mercat-en-la-cena-de-fin-de-fiestas-Foto-Quique-Camallonga.jpg","datePublished":"2022-08-16T05:28:27+00:00","dateModified":"2022-08-17T05:38:36+00:00","author":{"@id":"https:\/\/www.copealcoy.es\/es\/#\/schema\/person\/e777c87fa024e57d40170af9df39882c"},"breadcrumb":{"@id":"https:\/\/www.copealcoy.es\/es\/balance-positivo-en-cocentaina-para-las-fiestas-del-reencuentro\/#breadcrumb"},"inLanguage":"es","potentialAction":[{"@type":"ReadAction","target":["https:\/\/www.copealcoy.es\/es\/balance-positivo-en-cocentaina-para-las-fiestas-del-reencuentro\/"]}]},{"@type":"ImageObject","inLanguage":"es","@id":"https:\/\/www.copealcoy.es\/es\/balance-positivo-en-cocentaina-para-las-fiestas-del-reencuentro\/#primaryimage","url":"https:\/\/www.copealcoy.es\/wp-content\/uploads\/2022\/08\/6-Aspecto-que-presentaba-la-Plac\u0327a-del-Mercat-en-la-cena-de-fin-de-fiestas-Foto-Quique-Camallonga.jpg","contentUrl":"https:\/\/www.copealcoy.es\/wp-content\/uploads\/2022\/08\/6-Aspecto-que-presentaba-la-Plac\u0327a-del-Mercat-en-la-cena-de-fin-de-fiestas-Foto-Quique-Camallonga.jpg","width":960,"height":720},{"@type":"BreadcrumbList","@id":"https:\/\/www.copealcoy.es\/es\/balance-positivo-en-cocentaina-para-las-fiestas-del-reencuentro\/#breadcrumb","itemListElement":[{"@type":"ListItem","position":1,"name":"Portada","item":"https:\/\/www.copealcoy.es\/es\/"},{"@type":"ListItem","position":2,"name":"Balance positivo en Cocentaina para las Fiestas del reencuentro"}]},{"@type":"WebSite","@id":"https:\/\/www.copealcoy.es\/es\/#website","url":"https:\/\/www.copealcoy.es\/es\/","name":"COPE Alcoy","description":"Emisora COPE de radio local con emisi\u00f3n online. Pont de Sant Jordi 8-10 03803 Alcoy","potentialAction":[{"@type":"SearchAction","target":{"@type":"EntryPoint","urlTemplate":"https:\/\/www.copealcoy.es\/es\/?s={search_term_string}"},"query-input":{"@type":"PropertyValueSpecification","valueRequired":true,"valueName":"search_term_string"}}],"inLanguage":"es"},{"@type":"Person","@id":"https:\/\/www.copealcoy.es\/es\/#\/schema\/person\/e777c87fa024e57d40170af9df39882c","name":"Cope Alcoy","image":{"@type":"ImageObject","inLanguage":"es","@id":"https:\/\/secure.gravatar.com\/avatar\/bb65d0283347e303893ba14f0692005417c1e0e690a325a4c5d8bb2b3943ee14?s=96&d=mm&r=g","url":"https:\/\/secure.gravatar.com\/avatar\/bb65d0283347e303893ba14f0692005417c1e0e690a325a4c5d8bb2b3943ee14?s=96&d=mm&r=g","contentUrl":"https:\/\/secure.gravatar.com\/avatar\/bb65d0283347e303893ba14f0692005417c1e0e690a325a4c5d8bb2b3943ee14?s=96&d=mm&r=g","caption":"Cope Alcoy"}}]}},"_links":{"self":[{"href":"https:\/\/www.copealcoy.es\/es\/wp-json\/wp\/v2\/posts\/90744","targetHints":{"allow":["GET"]}}],"collection":[{"href":"https:\/\/www.copealcoy.es\/es\/wp-json\/wp\/v2\/posts"}],"about":[{"href":"https:\/\/www.copealcoy.es\/es\/wp-json\/wp\/v2\/types\/post"}],"author":[{"embeddable":true,"href":"https:\/\/www.copealcoy.es\/es\/wp-json\/wp\/v2\/users\/1"}],"replies":[{"embeddable":true,"href":"https:\/\/www.copealcoy.es\/es\/wp-json\/wp\/v2\/comments?post=90744"}],"version-history":[{"count":0,"href":"https:\/\/www.copealcoy.es\/es\/wp-json\/wp\/v2\/posts\/90744\/revisions"}],"wp:featuredmedia":[{"embeddable":true,"href":"https:\/\/www.copealcoy.es\/es\/wp-json\/wp\/v2\/media\/90745"}],"wp:attachment":[{"href":"https:\/\/www.copealcoy.es\/es\/wp-json\/wp\/v2\/media?parent=90744"}],"wp:term":[{"taxonomy":"category","embeddable":true,"href":"https:\/\/www.copealcoy.es\/es\/wp-json\/wp\/v2\/categories?post=90744"},{"taxonomy":"post_tag","embeddable":true,"href":"https:\/\/www.copealcoy.es\/es\/wp-json\/wp\/v2\/tags?post=90744"}],"curies":[{"name":"wp","href":"https:\/\/api.w.org\/{rel}","templated":true}]}}