{"id":90700,"date":"2022-08-15T17:03:34","date_gmt":"2022-08-15T16:03:34","guid":{"rendered":"https:\/\/www.copealcoy.es\/?p=90700"},"modified":"2022-08-26T19:49:32","modified_gmt":"2022-08-26T18:49:32","slug":"los-moros-toman-cocentaina-y-ordenan-incendiar-la-villa","status":"publish","type":"post","link":"https:\/\/www.copealcoy.es\/es\/los-moros-toman-cocentaina-y-ordenan-incendiar-la-villa\/","title":{"rendered":"Los moros toman Cocentaina y ordenan incendiar la Villa"},"content":{"rendered":"<p style=\"text-align: justify;\">Cocentaina <strong>despide hoy sus Fiestas de Moros y Cristianos en honor a San Hip\u00f3lito M\u00e1rtir<\/strong> recreando <strong>la hist\u00f3rica batalla entre las tropas de la cruz y de la media luna<\/strong> que dio origen a estos festejos. La jornada ha comenzado\u00a0<em>a trenc d&#8217;alba\u00a0<\/em>con <strong>las guerrillas as\u00ed como las primeras escaramuzas de los arcabuces<\/strong> a las faldas de la Serra de Mariola hasta llegar al casco antiguo.<\/p>\n<p style=\"text-align: justify;\">Pasadas las once de la ma\u00f1ana <strong>ha llegado el Estafeta Moro a la Plaza del Pla<\/strong> para pedir por carta la rendici\u00f3n de las tropas de la cruz y la entrega de la Villa a manos \u00e1rabes. Los cristianos <strong>no han aceptado la misiva<\/strong> y el jinete <strong>ha emprendido una veloz carrera<\/strong> para dar cuenta de ello al Embajador Moro. Este \u00faltimo, <strong>papel encarnado por Lu\u00eds Reche<\/strong>, ha llegado ante el Palau Comtal <strong>dispuesto a entablar un di\u00e1logo que convenciera a los de Roger de Ll\u00faria<\/strong> de que hab\u00eda llegado el momento de <strong>entregar la poblaci\u00f3n<\/strong>. La conversaci\u00f3n <strong>tambi\u00e9n ha fracasado<\/strong> y en ese instante los moros <strong>han ordenado incendiar las murallas contestanas<\/strong> &#8220;<em>Al\u00e0 ho vol, per tossud, infidel i insolent hu\u00ed veur\u00e1s cremar la Vila de Cocentaina. Soldats, per Mahoma, incendieu el Castell\u201d,<\/em> reza en el texto de las Embajadas que se ha declamado y que <strong>escribi\u00f3 en 2006 Iv\u00e1n Carbonell Iglesias<\/strong>.\u00a0De esta forma<strong>\u00a0se ha simulado el incendio del municipio<\/strong>\u00a0por parte de las tropas sarracenas, un hecho\u00a0<strong>ocurrido en el a\u00f1o 1304<\/strong>\u00a0y por el que los contestanos son conocidos con\u00a0<strong>el sobrenombre de \u201cSocarrats\u201d<\/strong>.<\/p>\n<p style=\"text-align: justify;\">La calurosa ma\u00f1ana del 15 de agosto,<strong> festividad de Nuestra Se\u00f1ora de La Asunci\u00f3n<\/strong>, ha avanzado con <strong>la batalla de arcabucer\u00eda entre las tropas de la cruz y de la media luna<\/strong>; un simulacro de combate que ha llenado de\u00a0<strong>sonido y p\u00f3lvora<\/strong>\u00a0las calles de la localidad. Este ha dado paso a\u00a0<strong>la lucha armada entre los Embajadores y los cargos festeros<\/strong>, a los pies del castillo, y la guerra ha terminado con\u00a0<strong>la victoria de los moros<\/strong>; un hecho hist\u00f3rico que se ha inmortalizado<strong>\u00a0iz\u00e1ndose la bandera de la media luna<\/strong>\u00a0en la torre m\u00e1s alta de la fortaleza.<\/p>\n<p>&nbsp;<\/p>\n<div id='gallery-1' class='gallery galleryid-90700 gallery-columns-2 gallery-size-large'><figure class='gallery-item'>\n\t\t\t<div class='gallery-icon landscape'>\n\t\t\t\t<a href='https:\/\/www.copealcoy.es\/es\/los-moros-toman-cocentaina-y-ordenan-incendiar-la-villa\/6-luis-reche-desempen%cc%83o-este-an%cc%83o-el-papel-de-embajador-moro-foto-gabriel-pascual\/'><img loading=\"lazy\" decoding=\"async\" width=\"980\" height=\"588\" src=\"https:\/\/www.copealcoy.es\/wp-content\/uploads\/2022\/08\/6-Lui\u0301s-Reche-desempen\u0303o\u0301-este-an\u0303o-el-papel-de-Embajador-Moro-Foto-Gabriel-Pascual-980x588.jpg\" class=\"attachment-large size-large\" alt=\"\" aria-describedby=\"gallery-1-90890\" \/><\/a>\n\t\t\t<\/div>\n\t\t\t\t<figcaption class='wp-caption-text gallery-caption' id='gallery-1-90890'>\n\t\t\t\tAlardo Matinal Cocentaina\n\t\t\t\t<\/figcaption><\/figure><figure class='gallery-item'>\n\t\t\t<div class='gallery-icon landscape'>\n\t\t\t\t<a href='https:\/\/www.copealcoy.es\/es\/los-moros-toman-cocentaina-y-ordenan-incendiar-la-villa\/img-9450\/'><img loading=\"lazy\" decoding=\"async\" width=\"980\" height=\"588\" src=\"https:\/\/www.copealcoy.es\/wp-content\/uploads\/2022\/08\/IMG-9450-980x588.jpg\" class=\"attachment-large size-large\" alt=\"\" aria-describedby=\"gallery-1-90889\" \/><\/a>\n\t\t\t<\/div>\n\t\t\t\t<figcaption class='wp-caption-text gallery-caption' id='gallery-1-90889'>\n\t\t\t\tAlardo Matinal Cocentaina\n\t\t\t\t<\/figcaption><\/figure><figure class='gallery-item'>\n\t\t\t<div class='gallery-icon landscape'>\n\t\t\t\t<a href='https:\/\/www.copealcoy.es\/es\/los-moros-toman-cocentaina-y-ordenan-incendiar-la-villa\/img-9442\/'><img loading=\"lazy\" decoding=\"async\" width=\"980\" height=\"588\" src=\"https:\/\/www.copealcoy.es\/wp-content\/uploads\/2022\/08\/IMG-9442-980x588.jpg\" class=\"attachment-large size-large\" alt=\"\" aria-describedby=\"gallery-1-90887\" \/><\/a>\n\t\t\t<\/div>\n\t\t\t\t<figcaption class='wp-caption-text gallery-caption' id='gallery-1-90887'>\n\t\t\t\tAlardo Matinal Cocentaina\n\t\t\t\t<\/figcaption><\/figure><figure class='gallery-item'>\n\t\t\t<div class='gallery-icon landscape'>\n\t\t\t\t<a href='https:\/\/www.copealcoy.es\/es\/los-moros-toman-cocentaina-y-ordenan-incendiar-la-villa\/img-9445\/'><img loading=\"lazy\" decoding=\"async\" width=\"980\" height=\"588\" src=\"https:\/\/www.copealcoy.es\/wp-content\/uploads\/2022\/08\/IMG-9445-980x588.jpg\" class=\"attachment-large size-large\" alt=\"\" aria-describedby=\"gallery-1-90888\" \/><\/a>\n\t\t\t<\/div>\n\t\t\t\t<figcaption class='wp-caption-text gallery-caption' id='gallery-1-90888'>\n\t\t\t\tAlardo Matinal Cocentaina\n\t\t\t\t<\/figcaption><\/figure>\n\t\t<\/div>\n\n","protected":false},"excerpt":{"rendered":"<p>Cocentaina despide hoy sus Fiestas de Moros y Cristianos en honor a San Hip\u00f3lito M\u00e1rtir recreando la hist\u00f3rica batalla entre&#8230;<\/p>\n","protected":false},"author":1,"featured_media":90706,"comment_status":"open","ping_status":"open","sticky":false,"template":"","format":"standard","meta":{"footnotes":""},"categories":[6909,98,75],"tags":[132,2162,565,612,13057,609,3286],"class_list":["post-90700","post","type-post","status-publish","format-standard","has-post-thumbnail","hentry","category-actualidad","category-comarcas","category-noticias","tag-cocentaina","tag-embajada-mora","tag-fiestas","tag-incendio","tag-luis-reche","tag-moros-y-cristianos","tag-murallas"],"yoast_head":"<!-- This site is optimized with the Yoast SEO plugin v27.3 - https:\/\/yoast.com\/product\/yoast-seo-wordpress\/ -->\n<title>Los moros toman Cocentaina y ordenan incendiar la Villa - COPE Alcoy<\/title>\n<meta name=\"robots\" content=\"index, follow, max-snippet:-1, max-image-preview:large, max-video-preview:-1\" \/>\n<link rel=\"canonical\" href=\"https:\/\/www.copealcoy.es\/es\/los-moros-toman-cocentaina-y-ordenan-incendiar-la-villa\/\" \/>\n<meta property=\"og:locale\" content=\"es_ES\" \/>\n<meta property=\"og:type\" content=\"article\" \/>\n<meta property=\"og:title\" content=\"Los moros toman Cocentaina y ordenan incendiar la Villa - COPE Alcoy\" \/>\n<meta property=\"og:description\" content=\"Cocentaina despide hoy sus Fiestas de Moros y Cristianos en honor a San Hip\u00f3lito M\u00e1rtir recreando la hist\u00f3rica batalla entre...\" \/>\n<meta property=\"og:url\" content=\"https:\/\/www.copealcoy.es\/es\/los-moros-toman-cocentaina-y-ordenan-incendiar-la-villa\/\" \/>\n<meta property=\"og:site_name\" content=\"COPE Alcoy\" \/>\n<meta property=\"article:published_time\" content=\"2022-08-15T16:03:34+00:00\" \/>\n<meta property=\"article:modified_time\" content=\"2022-08-26T18:49:32+00:00\" \/>\n<meta property=\"og:image\" content=\"https:\/\/www.copealcoy.es\/wp-content\/uploads\/2022\/08\/unnamed-17.jpg\" \/>\n\t<meta property=\"og:image:width\" content=\"690\" \/>\n\t<meta property=\"og:image:height\" content=\"410\" \/>\n\t<meta property=\"og:image:type\" content=\"image\/jpeg\" \/>\n<meta name=\"author\" content=\"Cope Alcoy\" \/>\n<meta name=\"twitter:label1\" content=\"Escrito por\" \/>\n\t<meta name=\"twitter:data1\" content=\"Cope Alcoy\" \/>\n\t<meta name=\"twitter:label2\" content=\"Tiempo de lectura\" \/>\n\t<meta name=\"twitter:data2\" content=\"2 minutos\" \/>\n<script type=\"application\/ld+json\" class=\"yoast-schema-graph\">{\"@context\":\"https:\\\/\\\/schema.org\",\"@graph\":[{\"@type\":\"Article\",\"@id\":\"https:\\\/\\\/www.copealcoy.es\\\/es\\\/los-moros-toman-cocentaina-y-ordenan-incendiar-la-villa\\\/#article\",\"isPartOf\":{\"@id\":\"https:\\\/\\\/www.copealcoy.es\\\/es\\\/los-moros-toman-cocentaina-y-ordenan-incendiar-la-villa\\\/\"},\"author\":{\"name\":\"Cope Alcoy\",\"@id\":\"https:\\\/\\\/www.copealcoy.es\\\/es\\\/#\\\/schema\\\/person\\\/e777c87fa024e57d40170af9df39882c\"},\"headline\":\"Los moros toman Cocentaina y ordenan incendiar la Villa\",\"datePublished\":\"2022-08-15T16:03:34+00:00\",\"dateModified\":\"2022-08-26T18:49:32+00:00\",\"mainEntityOfPage\":{\"@id\":\"https:\\\/\\\/www.copealcoy.es\\\/es\\\/los-moros-toman-cocentaina-y-ordenan-incendiar-la-villa\\\/\"},\"wordCount\":393,\"commentCount\":0,\"image\":{\"@id\":\"https:\\\/\\\/www.copealcoy.es\\\/es\\\/los-moros-toman-cocentaina-y-ordenan-incendiar-la-villa\\\/#primaryimage\"},\"thumbnailUrl\":\"https:\\\/\\\/www.copealcoy.es\\\/wp-content\\\/uploads\\\/2022\\\/08\\\/unnamed-17.jpg\",\"keywords\":[\"Cocentaina\",\"embajada mora\",\"Fiestas\",\"Incendio\",\"Lu\u00eds Reche\",\"Moros Y Cristianos\",\"murallas\"],\"articleSection\":[\"Actualidad\",\"Comarcas\",\"Noticias\"],\"inLanguage\":\"es\"},{\"@type\":\"WebPage\",\"@id\":\"https:\\\/\\\/www.copealcoy.es\\\/es\\\/los-moros-toman-cocentaina-y-ordenan-incendiar-la-villa\\\/\",\"url\":\"https:\\\/\\\/www.copealcoy.es\\\/es\\\/los-moros-toman-cocentaina-y-ordenan-incendiar-la-villa\\\/\",\"name\":\"Los moros toman Cocentaina y ordenan incendiar la Villa - COPE Alcoy\",\"isPartOf\":{\"@id\":\"https:\\\/\\\/www.copealcoy.es\\\/es\\\/#website\"},\"primaryImageOfPage\":{\"@id\":\"https:\\\/\\\/www.copealcoy.es\\\/es\\\/los-moros-toman-cocentaina-y-ordenan-incendiar-la-villa\\\/#primaryimage\"},\"image\":{\"@id\":\"https:\\\/\\\/www.copealcoy.es\\\/es\\\/los-moros-toman-cocentaina-y-ordenan-incendiar-la-villa\\\/#primaryimage\"},\"thumbnailUrl\":\"https:\\\/\\\/www.copealcoy.es\\\/wp-content\\\/uploads\\\/2022\\\/08\\\/unnamed-17.jpg\",\"datePublished\":\"2022-08-15T16:03:34+00:00\",\"dateModified\":\"2022-08-26T18:49:32+00:00\",\"author\":{\"@id\":\"https:\\\/\\\/www.copealcoy.es\\\/es\\\/#\\\/schema\\\/person\\\/e777c87fa024e57d40170af9df39882c\"},\"breadcrumb\":{\"@id\":\"https:\\\/\\\/www.copealcoy.es\\\/es\\\/los-moros-toman-cocentaina-y-ordenan-incendiar-la-villa\\\/#breadcrumb\"},\"inLanguage\":\"es\",\"potentialAction\":[{\"@type\":\"ReadAction\",\"target\":[\"https:\\\/\\\/www.copealcoy.es\\\/es\\\/los-moros-toman-cocentaina-y-ordenan-incendiar-la-villa\\\/\"]}]},{\"@type\":\"ImageObject\",\"inLanguage\":\"es\",\"@id\":\"https:\\\/\\\/www.copealcoy.es\\\/es\\\/los-moros-toman-cocentaina-y-ordenan-incendiar-la-villa\\\/#primaryimage\",\"url\":\"https:\\\/\\\/www.copealcoy.es\\\/wp-content\\\/uploads\\\/2022\\\/08\\\/unnamed-17.jpg\",\"contentUrl\":\"https:\\\/\\\/www.copealcoy.es\\\/wp-content\\\/uploads\\\/2022\\\/08\\\/unnamed-17.jpg\",\"width\":690,\"height\":410},{\"@type\":\"BreadcrumbList\",\"@id\":\"https:\\\/\\\/www.copealcoy.es\\\/es\\\/los-moros-toman-cocentaina-y-ordenan-incendiar-la-villa\\\/#breadcrumb\",\"itemListElement\":[{\"@type\":\"ListItem\",\"position\":1,\"name\":\"Portada\",\"item\":\"https:\\\/\\\/www.copealcoy.es\\\/es\\\/\"},{\"@type\":\"ListItem\",\"position\":2,\"name\":\"Los moros toman Cocentaina y ordenan incendiar la Villa\"}]},{\"@type\":\"WebSite\",\"@id\":\"https:\\\/\\\/www.copealcoy.es\\\/es\\\/#website\",\"url\":\"https:\\\/\\\/www.copealcoy.es\\\/es\\\/\",\"name\":\"COPE Alcoy\",\"description\":\"Emisora COPE de radio local con emisi\u00f3n online. Pont de Sant Jordi 8-10 03803 Alcoy\",\"potentialAction\":[{\"@type\":\"SearchAction\",\"target\":{\"@type\":\"EntryPoint\",\"urlTemplate\":\"https:\\\/\\\/www.copealcoy.es\\\/es\\\/?s={search_term_string}\"},\"query-input\":{\"@type\":\"PropertyValueSpecification\",\"valueRequired\":true,\"valueName\":\"search_term_string\"}}],\"inLanguage\":\"es\"},{\"@type\":\"Person\",\"@id\":\"https:\\\/\\\/www.copealcoy.es\\\/es\\\/#\\\/schema\\\/person\\\/e777c87fa024e57d40170af9df39882c\",\"name\":\"Cope Alcoy\",\"image\":{\"@type\":\"ImageObject\",\"inLanguage\":\"es\",\"@id\":\"https:\\\/\\\/secure.gravatar.com\\\/avatar\\\/bb65d0283347e303893ba14f0692005417c1e0e690a325a4c5d8bb2b3943ee14?s=96&d=mm&r=g\",\"url\":\"https:\\\/\\\/secure.gravatar.com\\\/avatar\\\/bb65d0283347e303893ba14f0692005417c1e0e690a325a4c5d8bb2b3943ee14?s=96&d=mm&r=g\",\"contentUrl\":\"https:\\\/\\\/secure.gravatar.com\\\/avatar\\\/bb65d0283347e303893ba14f0692005417c1e0e690a325a4c5d8bb2b3943ee14?s=96&d=mm&r=g\",\"caption\":\"Cope Alcoy\"}}]}<\/script>\n<!-- \/ Yoast SEO plugin. -->","yoast_head_json":{"title":"Los moros toman Cocentaina y ordenan incendiar la Villa - COPE Alcoy","robots":{"index":"index","follow":"follow","max-snippet":"max-snippet:-1","max-image-preview":"max-image-preview:large","max-video-preview":"max-video-preview:-1"},"canonical":"https:\/\/www.copealcoy.es\/es\/los-moros-toman-cocentaina-y-ordenan-incendiar-la-villa\/","og_locale":"es_ES","og_type":"article","og_title":"Los moros toman Cocentaina y ordenan incendiar la Villa - COPE Alcoy","og_description":"Cocentaina despide hoy sus Fiestas de Moros y Cristianos en honor a San Hip\u00f3lito M\u00e1rtir recreando la hist\u00f3rica batalla entre...","og_url":"https:\/\/www.copealcoy.es\/es\/los-moros-toman-cocentaina-y-ordenan-incendiar-la-villa\/","og_site_name":"COPE Alcoy","article_published_time":"2022-08-15T16:03:34+00:00","article_modified_time":"2022-08-26T18:49:32+00:00","og_image":[{"width":690,"height":410,"url":"https:\/\/www.copealcoy.es\/wp-content\/uploads\/2022\/08\/unnamed-17.jpg","type":"image\/jpeg"}],"author":"Cope Alcoy","twitter_misc":{"Escrito por":"Cope Alcoy","Tiempo de lectura":"2 minutos"},"schema":{"@context":"https:\/\/schema.org","@graph":[{"@type":"Article","@id":"https:\/\/www.copealcoy.es\/es\/los-moros-toman-cocentaina-y-ordenan-incendiar-la-villa\/#article","isPartOf":{"@id":"https:\/\/www.copealcoy.es\/es\/los-moros-toman-cocentaina-y-ordenan-incendiar-la-villa\/"},"author":{"name":"Cope Alcoy","@id":"https:\/\/www.copealcoy.es\/es\/#\/schema\/person\/e777c87fa024e57d40170af9df39882c"},"headline":"Los moros toman Cocentaina y ordenan incendiar la Villa","datePublished":"2022-08-15T16:03:34+00:00","dateModified":"2022-08-26T18:49:32+00:00","mainEntityOfPage":{"@id":"https:\/\/www.copealcoy.es\/es\/los-moros-toman-cocentaina-y-ordenan-incendiar-la-villa\/"},"wordCount":393,"commentCount":0,"image":{"@id":"https:\/\/www.copealcoy.es\/es\/los-moros-toman-cocentaina-y-ordenan-incendiar-la-villa\/#primaryimage"},"thumbnailUrl":"https:\/\/www.copealcoy.es\/wp-content\/uploads\/2022\/08\/unnamed-17.jpg","keywords":["Cocentaina","embajada mora","Fiestas","Incendio","Lu\u00eds Reche","Moros Y Cristianos","murallas"],"articleSection":["Actualidad","Comarcas","Noticias"],"inLanguage":"es"},{"@type":"WebPage","@id":"https:\/\/www.copealcoy.es\/es\/los-moros-toman-cocentaina-y-ordenan-incendiar-la-villa\/","url":"https:\/\/www.copealcoy.es\/es\/los-moros-toman-cocentaina-y-ordenan-incendiar-la-villa\/","name":"Los moros toman Cocentaina y ordenan incendiar la Villa - COPE Alcoy","isPartOf":{"@id":"https:\/\/www.copealcoy.es\/es\/#website"},"primaryImageOfPage":{"@id":"https:\/\/www.copealcoy.es\/es\/los-moros-toman-cocentaina-y-ordenan-incendiar-la-villa\/#primaryimage"},"image":{"@id":"https:\/\/www.copealcoy.es\/es\/los-moros-toman-cocentaina-y-ordenan-incendiar-la-villa\/#primaryimage"},"thumbnailUrl":"https:\/\/www.copealcoy.es\/wp-content\/uploads\/2022\/08\/unnamed-17.jpg","datePublished":"2022-08-15T16:03:34+00:00","dateModified":"2022-08-26T18:49:32+00:00","author":{"@id":"https:\/\/www.copealcoy.es\/es\/#\/schema\/person\/e777c87fa024e57d40170af9df39882c"},"breadcrumb":{"@id":"https:\/\/www.copealcoy.es\/es\/los-moros-toman-cocentaina-y-ordenan-incendiar-la-villa\/#breadcrumb"},"inLanguage":"es","potentialAction":[{"@type":"ReadAction","target":["https:\/\/www.copealcoy.es\/es\/los-moros-toman-cocentaina-y-ordenan-incendiar-la-villa\/"]}]},{"@type":"ImageObject","inLanguage":"es","@id":"https:\/\/www.copealcoy.es\/es\/los-moros-toman-cocentaina-y-ordenan-incendiar-la-villa\/#primaryimage","url":"https:\/\/www.copealcoy.es\/wp-content\/uploads\/2022\/08\/unnamed-17.jpg","contentUrl":"https:\/\/www.copealcoy.es\/wp-content\/uploads\/2022\/08\/unnamed-17.jpg","width":690,"height":410},{"@type":"BreadcrumbList","@id":"https:\/\/www.copealcoy.es\/es\/los-moros-toman-cocentaina-y-ordenan-incendiar-la-villa\/#breadcrumb","itemListElement":[{"@type":"ListItem","position":1,"name":"Portada","item":"https:\/\/www.copealcoy.es\/es\/"},{"@type":"ListItem","position":2,"name":"Los moros toman Cocentaina y ordenan incendiar la Villa"}]},{"@type":"WebSite","@id":"https:\/\/www.copealcoy.es\/es\/#website","url":"https:\/\/www.copealcoy.es\/es\/","name":"COPE Alcoy","description":"Emisora COPE de radio local con emisi\u00f3n online. Pont de Sant Jordi 8-10 03803 Alcoy","potentialAction":[{"@type":"SearchAction","target":{"@type":"EntryPoint","urlTemplate":"https:\/\/www.copealcoy.es\/es\/?s={search_term_string}"},"query-input":{"@type":"PropertyValueSpecification","valueRequired":true,"valueName":"search_term_string"}}],"inLanguage":"es"},{"@type":"Person","@id":"https:\/\/www.copealcoy.es\/es\/#\/schema\/person\/e777c87fa024e57d40170af9df39882c","name":"Cope Alcoy","image":{"@type":"ImageObject","inLanguage":"es","@id":"https:\/\/secure.gravatar.com\/avatar\/bb65d0283347e303893ba14f0692005417c1e0e690a325a4c5d8bb2b3943ee14?s=96&d=mm&r=g","url":"https:\/\/secure.gravatar.com\/avatar\/bb65d0283347e303893ba14f0692005417c1e0e690a325a4c5d8bb2b3943ee14?s=96&d=mm&r=g","contentUrl":"https:\/\/secure.gravatar.com\/avatar\/bb65d0283347e303893ba14f0692005417c1e0e690a325a4c5d8bb2b3943ee14?s=96&d=mm&r=g","caption":"Cope Alcoy"}}]}},"_links":{"self":[{"href":"https:\/\/www.copealcoy.es\/es\/wp-json\/wp\/v2\/posts\/90700","targetHints":{"allow":["GET"]}}],"collection":[{"href":"https:\/\/www.copealcoy.es\/es\/wp-json\/wp\/v2\/posts"}],"about":[{"href":"https:\/\/www.copealcoy.es\/es\/wp-json\/wp\/v2\/types\/post"}],"author":[{"embeddable":true,"href":"https:\/\/www.copealcoy.es\/es\/wp-json\/wp\/v2\/users\/1"}],"replies":[{"embeddable":true,"href":"https:\/\/www.copealcoy.es\/es\/wp-json\/wp\/v2\/comments?post=90700"}],"version-history":[{"count":0,"href":"https:\/\/www.copealcoy.es\/es\/wp-json\/wp\/v2\/posts\/90700\/revisions"}],"wp:featuredmedia":[{"embeddable":true,"href":"https:\/\/www.copealcoy.es\/es\/wp-json\/wp\/v2\/media\/90706"}],"wp:attachment":[{"href":"https:\/\/www.copealcoy.es\/es\/wp-json\/wp\/v2\/media?parent=90700"}],"wp:term":[{"taxonomy":"category","embeddable":true,"href":"https:\/\/www.copealcoy.es\/es\/wp-json\/wp\/v2\/categories?post=90700"},{"taxonomy":"post_tag","embeddable":true,"href":"https:\/\/www.copealcoy.es\/es\/wp-json\/wp\/v2\/tags?post=90700"}],"curies":[{"name":"wp","href":"https:\/\/api.w.org\/{rel}","templated":true}]}}