{"id":90687,"date":"2022-08-15T09:33:07","date_gmt":"2022-08-15T08:33:07","guid":{"rendered":"https:\/\/www.copealcoy.es\/?p=90687"},"modified":"2022-08-15T09:35:40","modified_gmt":"2022-08-15T08:35:40","slug":"el-fuego-se-ceba-con-la-vall-debo","status":"publish","type":"post","link":"https:\/\/www.copealcoy.es\/es\/el-fuego-se-ceba-con-la-vall-debo\/","title":{"rendered":"El fuego se ceba con la Vall d&#8217;Ebo"},"content":{"rendered":"<p style=\"text-align: justify;\">El incendio forestal declarado s\u00e1bado en la Vall d&#8217;Ebo (Marina Alta), <strong>a causa de un rayo<\/strong>, contin\u00faa activo y sin control este lunes; <strong>despu\u00e9s de haber devastado ya 3.500 hect\u00e1reas de terreno<\/strong> y haber obligado al <strong>desalojo preventivo<\/strong> de cerca de un millar de vecinos y vecinas de varias poblaciones de la zona. Durante la noche, adem\u00e1s, <strong>las llamas han continuado avanzando<\/strong> y ya <strong>asedian de cerca la poblaci\u00f3n de l&#8217;Atz\u00fabia y el entorno de la Vall de Laguar;<\/strong> ha confirmado en declaraciones en \u00c0 Punt <strong>Josep Maria \u00c0ngel<\/strong>, secretario auton\u00f3mico de Emergencias.<\/p>\n<p style=\"text-align: justify;\">Espoleado por las condiciones meteorol\u00f3gicas adversas del fin de semana \u2014<strong>temperaturas extremas, viento fuerte y humedad escasa<\/strong>\u2014, el de la Vall d&#8217;Ebo es ya el incendio m\u00e1s grave de este verano y pr\u00e1cticamente de los \u00faltimos diez a\u00f1os.<\/p>\n<p style=\"text-align: justify;\">Ciertamente, <strong>la evoluci\u00f3n del fuego preocupa a las autoridades<\/strong>, porque en el paraje existe <strong>una gran disponibilidad de combustible<\/strong>. Esto, combinado con<strong> la compleja orograf\u00eda<\/strong> que caracteriza al terreno y las altas temperaturas, dificultan hasta el extremo <strong>los trabajos de extinci\u00f3n<\/strong>. Ya se ha devastado <strong>una zona de gran valor ecol\u00f3gico y paisaj\u00edstico<\/strong>, el pulm\u00f3n de la Marina, que va a costar mucho de recuperar.<\/p>\n<p style=\"text-align: justify;\">Las llamas <strong>avanzan en tres frentes diferentes<\/strong> y sobre el terreno <strong>el dispositivo antiincendios trabaja totalmente condicionado por el viento<\/strong>, que es muy err\u00e1tico. Uno de los<strong> tres flancos<\/strong> es el que amenaza <strong>el Valle de Laguar<\/strong>, municipio muy cercano a la conocida ruta senderista del &#8216;<strong>Barranc de l&#8217;Infern<\/strong>&#8216;. Evitar que entre ah\u00ed el fuego es el gran objetivo de <strong>los esfuerzos del operativo este lunes<\/strong>.<\/p>\n","protected":false},"excerpt":{"rendered":"<p>El incendio forestal declarado s\u00e1bado en la Vall d&#8217;Ebo (Marina Alta), a causa de un rayo, contin\u00faa activo y sin&#8230;<\/p>\n","protected":false},"author":1,"featured_media":90688,"comment_status":"open","ping_status":"open","sticky":false,"template":"","format":"standard","meta":{"footnotes":""},"categories":[6909,75,125],"tags":[615,764,612,12777,13056],"class_list":["post-90687","post","type-post","status-publish","format-standard","has-post-thumbnail","hentry","category-actualidad","category-noticias","category-portada","tag-bomberos","tag-fuego","tag-incendio","tag-incendio-forestal","tag-vall-debo"],"yoast_head":"<!-- This site is optimized with the Yoast SEO plugin v27.3 - https:\/\/yoast.com\/product\/yoast-seo-wordpress\/ -->\n<title>El fuego se ceba con la Vall d&#039;Ebo - COPE Alcoy<\/title>\n<meta name=\"robots\" content=\"index, follow, max-snippet:-1, max-image-preview:large, max-video-preview:-1\" \/>\n<link rel=\"canonical\" href=\"https:\/\/www.copealcoy.es\/es\/el-fuego-se-ceba-con-la-vall-debo\/\" \/>\n<meta property=\"og:locale\" content=\"es_ES\" \/>\n<meta property=\"og:type\" content=\"article\" \/>\n<meta property=\"og:title\" content=\"El fuego se ceba con la Vall d&#039;Ebo - COPE Alcoy\" \/>\n<meta property=\"og:description\" content=\"El incendio forestal declarado s\u00e1bado en la Vall d&#8217;Ebo (Marina Alta), a causa de un rayo, contin\u00faa activo y sin...\" \/>\n<meta property=\"og:url\" content=\"https:\/\/www.copealcoy.es\/es\/el-fuego-se-ceba-con-la-vall-debo\/\" \/>\n<meta property=\"og:site_name\" content=\"COPE Alcoy\" \/>\n<meta property=\"article:published_time\" content=\"2022-08-15T08:33:07+00:00\" \/>\n<meta property=\"article:modified_time\" content=\"2022-08-15T08:35:40+00:00\" \/>\n<meta property=\"og:image\" content=\"https:\/\/www.copealcoy.es\/wp-content\/uploads\/2022\/08\/299546337_3518821505061674_675561939275763009_n.jpg\" \/>\n\t<meta property=\"og:image:width\" content=\"960\" \/>\n\t<meta property=\"og:image:height\" content=\"720\" \/>\n\t<meta property=\"og:image:type\" content=\"image\/jpeg\" \/>\n<meta name=\"author\" content=\"Cope Alcoy\" \/>\n<meta name=\"twitter:label1\" content=\"Escrito por\" \/>\n\t<meta name=\"twitter:data1\" content=\"Cope Alcoy\" \/>\n\t<meta name=\"twitter:label2\" content=\"Tiempo de lectura\" \/>\n\t<meta name=\"twitter:data2\" content=\"2 minutos\" \/>\n<script type=\"application\/ld+json\" class=\"yoast-schema-graph\">{\"@context\":\"https:\\\/\\\/schema.org\",\"@graph\":[{\"@type\":\"Article\",\"@id\":\"https:\\\/\\\/www.copealcoy.es\\\/es\\\/el-fuego-se-ceba-con-la-vall-debo\\\/#article\",\"isPartOf\":{\"@id\":\"https:\\\/\\\/www.copealcoy.es\\\/es\\\/el-fuego-se-ceba-con-la-vall-debo\\\/\"},\"author\":{\"name\":\"Cope Alcoy\",\"@id\":\"https:\\\/\\\/www.copealcoy.es\\\/es\\\/#\\\/schema\\\/person\\\/e777c87fa024e57d40170af9df39882c\"},\"headline\":\"El fuego se ceba con la Vall d&#8217;Ebo\",\"datePublished\":\"2022-08-15T08:33:07+00:00\",\"dateModified\":\"2022-08-15T08:35:40+00:00\",\"mainEntityOfPage\":{\"@id\":\"https:\\\/\\\/www.copealcoy.es\\\/es\\\/el-fuego-se-ceba-con-la-vall-debo\\\/\"},\"wordCount\":292,\"commentCount\":0,\"image\":{\"@id\":\"https:\\\/\\\/www.copealcoy.es\\\/es\\\/el-fuego-se-ceba-con-la-vall-debo\\\/#primaryimage\"},\"thumbnailUrl\":\"https:\\\/\\\/www.copealcoy.es\\\/wp-content\\\/uploads\\\/2022\\\/08\\\/299546337_3518821505061674_675561939275763009_n.jpg\",\"keywords\":[\"Bomberos\",\"Fuego\",\"Incendio\",\"incendio forestal\",\"Vall d'Ebo\"],\"articleSection\":[\"Actualidad\",\"Noticias\",\"Portada\"],\"inLanguage\":\"es\"},{\"@type\":\"WebPage\",\"@id\":\"https:\\\/\\\/www.copealcoy.es\\\/es\\\/el-fuego-se-ceba-con-la-vall-debo\\\/\",\"url\":\"https:\\\/\\\/www.copealcoy.es\\\/es\\\/el-fuego-se-ceba-con-la-vall-debo\\\/\",\"name\":\"El fuego se ceba con la Vall d'Ebo - COPE Alcoy\",\"isPartOf\":{\"@id\":\"https:\\\/\\\/www.copealcoy.es\\\/es\\\/#website\"},\"primaryImageOfPage\":{\"@id\":\"https:\\\/\\\/www.copealcoy.es\\\/es\\\/el-fuego-se-ceba-con-la-vall-debo\\\/#primaryimage\"},\"image\":{\"@id\":\"https:\\\/\\\/www.copealcoy.es\\\/es\\\/el-fuego-se-ceba-con-la-vall-debo\\\/#primaryimage\"},\"thumbnailUrl\":\"https:\\\/\\\/www.copealcoy.es\\\/wp-content\\\/uploads\\\/2022\\\/08\\\/299546337_3518821505061674_675561939275763009_n.jpg\",\"datePublished\":\"2022-08-15T08:33:07+00:00\",\"dateModified\":\"2022-08-15T08:35:40+00:00\",\"author\":{\"@id\":\"https:\\\/\\\/www.copealcoy.es\\\/es\\\/#\\\/schema\\\/person\\\/e777c87fa024e57d40170af9df39882c\"},\"breadcrumb\":{\"@id\":\"https:\\\/\\\/www.copealcoy.es\\\/es\\\/el-fuego-se-ceba-con-la-vall-debo\\\/#breadcrumb\"},\"inLanguage\":\"es\",\"potentialAction\":[{\"@type\":\"ReadAction\",\"target\":[\"https:\\\/\\\/www.copealcoy.es\\\/es\\\/el-fuego-se-ceba-con-la-vall-debo\\\/\"]}]},{\"@type\":\"ImageObject\",\"inLanguage\":\"es\",\"@id\":\"https:\\\/\\\/www.copealcoy.es\\\/es\\\/el-fuego-se-ceba-con-la-vall-debo\\\/#primaryimage\",\"url\":\"https:\\\/\\\/www.copealcoy.es\\\/wp-content\\\/uploads\\\/2022\\\/08\\\/299546337_3518821505061674_675561939275763009_n.jpg\",\"contentUrl\":\"https:\\\/\\\/www.copealcoy.es\\\/wp-content\\\/uploads\\\/2022\\\/08\\\/299546337_3518821505061674_675561939275763009_n.jpg\",\"width\":960,\"height\":720},{\"@type\":\"BreadcrumbList\",\"@id\":\"https:\\\/\\\/www.copealcoy.es\\\/es\\\/el-fuego-se-ceba-con-la-vall-debo\\\/#breadcrumb\",\"itemListElement\":[{\"@type\":\"ListItem\",\"position\":1,\"name\":\"Portada\",\"item\":\"https:\\\/\\\/www.copealcoy.es\\\/es\\\/\"},{\"@type\":\"ListItem\",\"position\":2,\"name\":\"El fuego se ceba con la Vall d&#8217;Ebo\"}]},{\"@type\":\"WebSite\",\"@id\":\"https:\\\/\\\/www.copealcoy.es\\\/es\\\/#website\",\"url\":\"https:\\\/\\\/www.copealcoy.es\\\/es\\\/\",\"name\":\"COPE Alcoy\",\"description\":\"Emisora COPE de radio local con emisi\u00f3n online. Pont de Sant Jordi 8-10 03803 Alcoy\",\"potentialAction\":[{\"@type\":\"SearchAction\",\"target\":{\"@type\":\"EntryPoint\",\"urlTemplate\":\"https:\\\/\\\/www.copealcoy.es\\\/es\\\/?s={search_term_string}\"},\"query-input\":{\"@type\":\"PropertyValueSpecification\",\"valueRequired\":true,\"valueName\":\"search_term_string\"}}],\"inLanguage\":\"es\"},{\"@type\":\"Person\",\"@id\":\"https:\\\/\\\/www.copealcoy.es\\\/es\\\/#\\\/schema\\\/person\\\/e777c87fa024e57d40170af9df39882c\",\"name\":\"Cope Alcoy\",\"image\":{\"@type\":\"ImageObject\",\"inLanguage\":\"es\",\"@id\":\"https:\\\/\\\/secure.gravatar.com\\\/avatar\\\/bb65d0283347e303893ba14f0692005417c1e0e690a325a4c5d8bb2b3943ee14?s=96&d=mm&r=g\",\"url\":\"https:\\\/\\\/secure.gravatar.com\\\/avatar\\\/bb65d0283347e303893ba14f0692005417c1e0e690a325a4c5d8bb2b3943ee14?s=96&d=mm&r=g\",\"contentUrl\":\"https:\\\/\\\/secure.gravatar.com\\\/avatar\\\/bb65d0283347e303893ba14f0692005417c1e0e690a325a4c5d8bb2b3943ee14?s=96&d=mm&r=g\",\"caption\":\"Cope Alcoy\"}}]}<\/script>\n<!-- \/ Yoast SEO plugin. -->","yoast_head_json":{"title":"El fuego se ceba con la Vall d'Ebo - COPE Alcoy","robots":{"index":"index","follow":"follow","max-snippet":"max-snippet:-1","max-image-preview":"max-image-preview:large","max-video-preview":"max-video-preview:-1"},"canonical":"https:\/\/www.copealcoy.es\/es\/el-fuego-se-ceba-con-la-vall-debo\/","og_locale":"es_ES","og_type":"article","og_title":"El fuego se ceba con la Vall d'Ebo - COPE Alcoy","og_description":"El incendio forestal declarado s\u00e1bado en la Vall d&#8217;Ebo (Marina Alta), a causa de un rayo, contin\u00faa activo y sin...","og_url":"https:\/\/www.copealcoy.es\/es\/el-fuego-se-ceba-con-la-vall-debo\/","og_site_name":"COPE Alcoy","article_published_time":"2022-08-15T08:33:07+00:00","article_modified_time":"2022-08-15T08:35:40+00:00","og_image":[{"width":960,"height":720,"url":"https:\/\/www.copealcoy.es\/wp-content\/uploads\/2022\/08\/299546337_3518821505061674_675561939275763009_n.jpg","type":"image\/jpeg"}],"author":"Cope Alcoy","twitter_misc":{"Escrito por":"Cope Alcoy","Tiempo de lectura":"2 minutos"},"schema":{"@context":"https:\/\/schema.org","@graph":[{"@type":"Article","@id":"https:\/\/www.copealcoy.es\/es\/el-fuego-se-ceba-con-la-vall-debo\/#article","isPartOf":{"@id":"https:\/\/www.copealcoy.es\/es\/el-fuego-se-ceba-con-la-vall-debo\/"},"author":{"name":"Cope Alcoy","@id":"https:\/\/www.copealcoy.es\/es\/#\/schema\/person\/e777c87fa024e57d40170af9df39882c"},"headline":"El fuego se ceba con la Vall d&#8217;Ebo","datePublished":"2022-08-15T08:33:07+00:00","dateModified":"2022-08-15T08:35:40+00:00","mainEntityOfPage":{"@id":"https:\/\/www.copealcoy.es\/es\/el-fuego-se-ceba-con-la-vall-debo\/"},"wordCount":292,"commentCount":0,"image":{"@id":"https:\/\/www.copealcoy.es\/es\/el-fuego-se-ceba-con-la-vall-debo\/#primaryimage"},"thumbnailUrl":"https:\/\/www.copealcoy.es\/wp-content\/uploads\/2022\/08\/299546337_3518821505061674_675561939275763009_n.jpg","keywords":["Bomberos","Fuego","Incendio","incendio forestal","Vall d'Ebo"],"articleSection":["Actualidad","Noticias","Portada"],"inLanguage":"es"},{"@type":"WebPage","@id":"https:\/\/www.copealcoy.es\/es\/el-fuego-se-ceba-con-la-vall-debo\/","url":"https:\/\/www.copealcoy.es\/es\/el-fuego-se-ceba-con-la-vall-debo\/","name":"El fuego se ceba con la Vall d'Ebo - COPE Alcoy","isPartOf":{"@id":"https:\/\/www.copealcoy.es\/es\/#website"},"primaryImageOfPage":{"@id":"https:\/\/www.copealcoy.es\/es\/el-fuego-se-ceba-con-la-vall-debo\/#primaryimage"},"image":{"@id":"https:\/\/www.copealcoy.es\/es\/el-fuego-se-ceba-con-la-vall-debo\/#primaryimage"},"thumbnailUrl":"https:\/\/www.copealcoy.es\/wp-content\/uploads\/2022\/08\/299546337_3518821505061674_675561939275763009_n.jpg","datePublished":"2022-08-15T08:33:07+00:00","dateModified":"2022-08-15T08:35:40+00:00","author":{"@id":"https:\/\/www.copealcoy.es\/es\/#\/schema\/person\/e777c87fa024e57d40170af9df39882c"},"breadcrumb":{"@id":"https:\/\/www.copealcoy.es\/es\/el-fuego-se-ceba-con-la-vall-debo\/#breadcrumb"},"inLanguage":"es","potentialAction":[{"@type":"ReadAction","target":["https:\/\/www.copealcoy.es\/es\/el-fuego-se-ceba-con-la-vall-debo\/"]}]},{"@type":"ImageObject","inLanguage":"es","@id":"https:\/\/www.copealcoy.es\/es\/el-fuego-se-ceba-con-la-vall-debo\/#primaryimage","url":"https:\/\/www.copealcoy.es\/wp-content\/uploads\/2022\/08\/299546337_3518821505061674_675561939275763009_n.jpg","contentUrl":"https:\/\/www.copealcoy.es\/wp-content\/uploads\/2022\/08\/299546337_3518821505061674_675561939275763009_n.jpg","width":960,"height":720},{"@type":"BreadcrumbList","@id":"https:\/\/www.copealcoy.es\/es\/el-fuego-se-ceba-con-la-vall-debo\/#breadcrumb","itemListElement":[{"@type":"ListItem","position":1,"name":"Portada","item":"https:\/\/www.copealcoy.es\/es\/"},{"@type":"ListItem","position":2,"name":"El fuego se ceba con la Vall d&#8217;Ebo"}]},{"@type":"WebSite","@id":"https:\/\/www.copealcoy.es\/es\/#website","url":"https:\/\/www.copealcoy.es\/es\/","name":"COPE Alcoy","description":"Emisora COPE de radio local con emisi\u00f3n online. Pont de Sant Jordi 8-10 03803 Alcoy","potentialAction":[{"@type":"SearchAction","target":{"@type":"EntryPoint","urlTemplate":"https:\/\/www.copealcoy.es\/es\/?s={search_term_string}"},"query-input":{"@type":"PropertyValueSpecification","valueRequired":true,"valueName":"search_term_string"}}],"inLanguage":"es"},{"@type":"Person","@id":"https:\/\/www.copealcoy.es\/es\/#\/schema\/person\/e777c87fa024e57d40170af9df39882c","name":"Cope Alcoy","image":{"@type":"ImageObject","inLanguage":"es","@id":"https:\/\/secure.gravatar.com\/avatar\/bb65d0283347e303893ba14f0692005417c1e0e690a325a4c5d8bb2b3943ee14?s=96&d=mm&r=g","url":"https:\/\/secure.gravatar.com\/avatar\/bb65d0283347e303893ba14f0692005417c1e0e690a325a4c5d8bb2b3943ee14?s=96&d=mm&r=g","contentUrl":"https:\/\/secure.gravatar.com\/avatar\/bb65d0283347e303893ba14f0692005417c1e0e690a325a4c5d8bb2b3943ee14?s=96&d=mm&r=g","caption":"Cope Alcoy"}}]}},"_links":{"self":[{"href":"https:\/\/www.copealcoy.es\/es\/wp-json\/wp\/v2\/posts\/90687","targetHints":{"allow":["GET"]}}],"collection":[{"href":"https:\/\/www.copealcoy.es\/es\/wp-json\/wp\/v2\/posts"}],"about":[{"href":"https:\/\/www.copealcoy.es\/es\/wp-json\/wp\/v2\/types\/post"}],"author":[{"embeddable":true,"href":"https:\/\/www.copealcoy.es\/es\/wp-json\/wp\/v2\/users\/1"}],"replies":[{"embeddable":true,"href":"https:\/\/www.copealcoy.es\/es\/wp-json\/wp\/v2\/comments?post=90687"}],"version-history":[{"count":0,"href":"https:\/\/www.copealcoy.es\/es\/wp-json\/wp\/v2\/posts\/90687\/revisions"}],"wp:featuredmedia":[{"embeddable":true,"href":"https:\/\/www.copealcoy.es\/es\/wp-json\/wp\/v2\/media\/90688"}],"wp:attachment":[{"href":"https:\/\/www.copealcoy.es\/es\/wp-json\/wp\/v2\/media?parent=90687"}],"wp:term":[{"taxonomy":"category","embeddable":true,"href":"https:\/\/www.copealcoy.es\/es\/wp-json\/wp\/v2\/categories?post=90687"},{"taxonomy":"post_tag","embeddable":true,"href":"https:\/\/www.copealcoy.es\/es\/wp-json\/wp\/v2\/tags?post=90687"}],"curies":[{"name":"wp","href":"https:\/\/api.w.org\/{rel}","templated":true}]}}