{"id":90663,"date":"2022-08-14T18:11:15","date_gmt":"2022-08-14T17:11:15","guid":{"rendered":"https:\/\/www.copealcoy.es\/?p=90663"},"modified":"2022-08-14T18:35:45","modified_gmt":"2022-08-14T17:35:45","slug":"cocentaina-aplaude-a-los-cargos-en-el-dia-del-patron","status":"publish","type":"post","link":"https:\/\/www.copealcoy.es\/es\/cocentaina-aplaude-a-los-cargos-en-el-dia-del-patron\/","title":{"rendered":"Cocentaina aplaude a los Cargos en el d\u00eda del patr\u00f3n"},"content":{"rendered":"<p style=\"text-align: justify;\">El d\u00eda dedicado a San Hip\u00f3lito M\u00e1rtir ha continuado, al filo del mediod\u00eda, con e<strong>l desfile de todas las Filaes hasta la Parroquia de Santa Mar\u00eda<\/strong> para realizar<strong> la ofrenda floral al patr\u00f3n<\/strong> dentro del templo. Algunas formaciones, como por ejemplo los Cruzados, han aprovechado tambi\u00e9n para <strong>llevar alimentos no perecederos<\/strong> que despu\u00e9s se han destinado a C\u00e1ritas local.<\/p>\n<p style=\"text-align: justify;\">Desde El Pla han partido tambi\u00e9n <strong>las cuatro Filaes de cargo<\/strong> acompa\u00f1adas por sus respectivas bandas de m\u00fasica as\u00ed como por sus respectivos boatos. Enormes aplausos han recibido a su paso por la estrecha Calle Mayor <strong>Vicent Torr\u00f3 Castell\u00f3<\/strong> (Abanderado Moro de la Fil\u00e0 Mud\u00e9jares), <strong>Mois\u00e9s Gil Igual<\/strong> (Abanderado Cristiano de la Fil\u00e0 Almog\u00e0vers), <strong>Miguel Palac\u00ed Linares<\/strong> (Capit\u00e1n Moro de la Fil\u00e0 Bequeteros) y <strong>Jos\u00e9 Rafael Llorens Montava &#8216;Peluca&#8217;<\/strong> (Capit\u00e1n Cristiano de los Contrabandistas). De esta forma festeros, y tambi\u00e9n p\u00fablico, <strong>les han reconocido el gran espect\u00e1culo ofrecido ayer durante las Entradas<\/strong> e incluso <strong>la larga espera de casi tres a\u00f1os<\/strong> para poder hacer realidad este sue\u00f1o, un m\u00e1gico instante que <strong>qued\u00f3 en suspenso<\/strong> debido a la pandemia del Coronavirus.<\/p>\n<p style=\"text-align: justify;\">Ya en la iglesia de Santa Mar\u00eda se ha oficiado <strong>la misa mayor en honor a San Hip\u00f3lito M\u00e1rtir<\/strong> a cargo este a\u00f1o de <strong>Fray Fernando Fuertes Garrig\u00f3s<\/strong>, nuevo Guardi\u00e1n del Convento de los Padres Franciscanos. Fray Fernando ha puesto el acento en <strong>la importancia del testimonio que con el martirio dej\u00f3 San Hip\u00f3lito<\/strong> para los cristianos y ha tenido tambi\u00e9n <strong>palabras de agradecimiento por volver a la Comunidad Franciscana de la Villa Condal<\/strong>, en la que ya estuvo cinco a\u00f1os hasta 2018. Junto a \u00e9l han estado otros sacerdotes como <strong>el P\u00e1rroco de Santa Mar\u00eda<\/strong> (Don Eduardo Rengel), <strong>el hasta ahora Guardi\u00e1n del Convento<\/strong> (Fray Juan Quesada), el contestano <strong>Don Rafael Valls<\/strong> y <strong>el anterior p\u00e1rroco del Salvador<\/strong> (Don Ram\u00f3n Mic\u00f3). Tambi\u00e9n ha estado <strong>Don Ernesto Brot\u00f3ns<\/strong>, sacerdote con fuerte vinculaci\u00f3n a Cocentaina, que a partir de oto\u00f1o <strong>pasar\u00e1 a ser nuevo Obispo de Plasencia<\/strong>.<\/p>\n<p style=\"text-align: justify;\">Tras la Eucarist\u00eda, <strong>las Filaes de cargo han desfilado hasta la Plaza del Ayuntamiento<\/strong> donde Capitanes y Abanderados se han situado a las puertas de la tribuna instalada junto a la Casa Consistorial. Desde all\u00ed <strong>han recibido el paso de los festeros y las festeras de las 16 Filaes<\/strong> en el singular acto, y \u00fanico de Cocentaina, conocido como <strong>la Presentaci\u00f3n de Armas<\/strong>. Al finalizar, y con temperaturas que superaban los 30 grados, <strong>ha sido el momento de retirarse a cada Fil\u00e0<\/strong> para disfrutar del esperado <em>Dinar de Sant Hip\u00f2lit<\/em>.<\/p>\n<div id='gallery-1' class='gallery galleryid-90663 gallery-columns-2 gallery-size-full'><figure class='gallery-item'>\n\t\t\t<div class='gallery-icon landscape'>\n\t\t\t\t<a href='https:\/\/www.copealcoy.es\/es\/cocentaina-aplaude-a-los-cargos-en-el-dia-del-patron\/unnamed-6-10\/'><img loading=\"lazy\" decoding=\"async\" width=\"1433\" height=\"1080\" src=\"https:\/\/www.copealcoy.es\/wp-content\/uploads\/2022\/08\/unnamed-6-1-scaled.jpg\" class=\"attachment-full size-full\" alt=\"\" aria-describedby=\"gallery-1-90668\" srcset=\"https:\/\/www.copealcoy.es\/wp-content\/uploads\/2022\/08\/unnamed-6-1-scaled.jpg 1433w, https:\/\/www.copealcoy.es\/wp-content\/uploads\/2022\/08\/unnamed-6-1-768x579.jpg 768w, https:\/\/www.copealcoy.es\/wp-content\/uploads\/2022\/08\/unnamed-6-1-1536x1158.jpg 1536w, https:\/\/www.copealcoy.es\/wp-content\/uploads\/2022\/08\/unnamed-6-1-2048x1544.jpg 2048w\" sizes=\"auto, (max-width: 1433px) 100vw, 1433px\" \/><\/a>\n\t\t\t<\/div>\n\t\t\t\t<figcaption class='wp-caption-text gallery-caption' id='gallery-1-90668'>\n\t\t\t\tVicent Torr\u00f3, el Abanderado Moro de los Mud\u00e9jares\n\t\t\t\t<\/figcaption><\/figure><figure class='gallery-item'>\n\t\t\t<div class='gallery-icon landscape'>\n\t\t\t\t<a href='https:\/\/www.copealcoy.es\/es\/cocentaina-aplaude-a-los-cargos-en-el-dia-del-patron\/unnamed-5-15\/'><img loading=\"lazy\" decoding=\"async\" width=\"1433\" height=\"1080\" src=\"https:\/\/www.copealcoy.es\/wp-content\/uploads\/2022\/08\/unnamed-5-1-scaled.jpg\" class=\"attachment-full size-full\" alt=\"\" aria-describedby=\"gallery-1-90669\" srcset=\"https:\/\/www.copealcoy.es\/wp-content\/uploads\/2022\/08\/unnamed-5-1-scaled.jpg 1433w, https:\/\/www.copealcoy.es\/wp-content\/uploads\/2022\/08\/unnamed-5-1-768x579.jpg 768w, https:\/\/www.copealcoy.es\/wp-content\/uploads\/2022\/08\/unnamed-5-1-1536x1158.jpg 1536w, https:\/\/www.copealcoy.es\/wp-content\/uploads\/2022\/08\/unnamed-5-1-2048x1544.jpg 2048w\" sizes=\"auto, (max-width: 1433px) 100vw, 1433px\" \/><\/a>\n\t\t\t<\/div>\n\t\t\t\t<figcaption class='wp-caption-text gallery-caption' id='gallery-1-90669'>\n\t\t\t\tMois\u00e9s Gil, Abanderado Cristiano de los Almog\u00e1vares\n\t\t\t\t<\/figcaption><\/figure><figure class='gallery-item'>\n\t\t\t<div class='gallery-icon landscape'>\n\t\t\t\t<a href='https:\/\/www.copealcoy.es\/es\/cocentaina-aplaude-a-los-cargos-en-el-dia-del-patron\/unnamed-4-22\/'><img loading=\"lazy\" decoding=\"async\" width=\"1158\" height=\"1080\" src=\"https:\/\/www.copealcoy.es\/wp-content\/uploads\/2022\/08\/unnamed-4-2-scaled.jpg\" class=\"attachment-full size-full\" alt=\"\" aria-describedby=\"gallery-1-90670\" srcset=\"https:\/\/www.copealcoy.es\/wp-content\/uploads\/2022\/08\/unnamed-4-2-scaled.jpg 1158w, https:\/\/www.copealcoy.es\/wp-content\/uploads\/2022\/08\/unnamed-4-2-768x716.jpg 768w, https:\/\/www.copealcoy.es\/wp-content\/uploads\/2022\/08\/unnamed-4-2-1536x1432.jpg 1536w, https:\/\/www.copealcoy.es\/wp-content\/uploads\/2022\/08\/unnamed-4-2-2048x1910.jpg 2048w\" sizes=\"auto, (max-width: 1158px) 100vw, 1158px\" \/><\/a>\n\t\t\t<\/div>\n\t\t\t\t<figcaption class='wp-caption-text gallery-caption' id='gallery-1-90670'>\n\t\t\t\tMiguel Palac\u00ed, Capit\u00e1n Moro de la Fil\u00e0 Bequeteros\n\t\t\t\t<\/figcaption><\/figure><figure class='gallery-item'>\n\t\t\t<div class='gallery-icon landscape'>\n\t\t\t\t<a href='https:\/\/www.copealcoy.es\/es\/cocentaina-aplaude-a-los-cargos-en-el-dia-del-patron\/unnamed-3-23\/'><img loading=\"lazy\" decoding=\"async\" width=\"1272\" height=\"1080\" src=\"https:\/\/www.copealcoy.es\/wp-content\/uploads\/2022\/08\/unnamed-3-1-scaled.jpg\" class=\"attachment-full size-full\" alt=\"\" aria-describedby=\"gallery-1-90671\" srcset=\"https:\/\/www.copealcoy.es\/wp-content\/uploads\/2022\/08\/unnamed-3-1-scaled.jpg 1272w, https:\/\/www.copealcoy.es\/wp-content\/uploads\/2022\/08\/unnamed-3-1-768x652.jpg 768w, https:\/\/www.copealcoy.es\/wp-content\/uploads\/2022\/08\/unnamed-3-1-1536x1305.jpg 1536w, https:\/\/www.copealcoy.es\/wp-content\/uploads\/2022\/08\/unnamed-3-1-2048x1739.jpg 2048w\" sizes=\"auto, (max-width: 1272px) 100vw, 1272px\" \/><\/a>\n\t\t\t<\/div>\n\t\t\t\t<figcaption class='wp-caption-text gallery-caption' id='gallery-1-90671'>\n\t\t\t\tJos\u00e9 Rafael Llorens, Capit\u00e1n Cristiano de los Contrabandistas\n\t\t\t\t<\/figcaption><\/figure><figure class='gallery-item'>\n\t\t\t<div class='gallery-icon landscape'>\n\t\t\t\t<a href='https:\/\/www.copealcoy.es\/es\/cocentaina-aplaude-a-los-cargos-en-el-dia-del-patron\/unnamed-2-29\/'><img loading=\"lazy\" decoding=\"async\" width=\"1506\" height=\"1080\" src=\"https:\/\/www.copealcoy.es\/wp-content\/uploads\/2022\/08\/unnamed-2-2-scaled.jpg\" class=\"attachment-full size-full\" alt=\"\" aria-describedby=\"gallery-1-90672\" srcset=\"https:\/\/www.copealcoy.es\/wp-content\/uploads\/2022\/08\/unnamed-2-2-scaled.jpg 1506w, https:\/\/www.copealcoy.es\/wp-content\/uploads\/2022\/08\/unnamed-2-2-768x551.jpg 768w, https:\/\/www.copealcoy.es\/wp-content\/uploads\/2022\/08\/unnamed-2-2-1536x1102.jpg 1536w, https:\/\/www.copealcoy.es\/wp-content\/uploads\/2022\/08\/unnamed-2-2-2048x1469.jpg 2048w\" sizes=\"auto, (max-width: 1506px) 100vw, 1506px\" \/><\/a>\n\t\t\t<\/div>\n\t\t\t\t<figcaption class='wp-caption-text gallery-caption' id='gallery-1-90672'>\n\t\t\t\tFray Fernando Fuertes ha oficiado la misa \n\t\t\t\t<\/figcaption><\/figure><figure class='gallery-item'>\n\t\t\t<div class='gallery-icon landscape'>\n\t\t\t\t<a href='https:\/\/www.copealcoy.es\/es\/cocentaina-aplaude-a-los-cargos-en-el-dia-del-patron\/unnamed-1-50\/'><img loading=\"lazy\" decoding=\"async\" width=\"1384\" height=\"1080\" src=\"https:\/\/www.copealcoy.es\/wp-content\/uploads\/2022\/08\/unnamed-1-3-scaled.jpg\" class=\"attachment-full size-full\" alt=\"\" aria-describedby=\"gallery-1-90673\" srcset=\"https:\/\/www.copealcoy.es\/wp-content\/uploads\/2022\/08\/unnamed-1-3-scaled.jpg 1384w, https:\/\/www.copealcoy.es\/wp-content\/uploads\/2022\/08\/unnamed-1-3-768x600.jpg 768w, https:\/\/www.copealcoy.es\/wp-content\/uploads\/2022\/08\/unnamed-1-3-1536x1199.jpg 1536w, https:\/\/www.copealcoy.es\/wp-content\/uploads\/2022\/08\/unnamed-1-3-2048x1599.jpg 2048w\" sizes=\"auto, (max-width: 1384px) 100vw, 1384px\" \/><\/a>\n\t\t\t<\/div>\n\t\t\t\t<figcaption class='wp-caption-text gallery-caption' id='gallery-1-90673'>\n\t\t\t\tUn instante de la Presentaci\u00f3n de Armas\n\t\t\t\t<\/figcaption><\/figure><figure class='gallery-item'>\n\t\t\t<div class='gallery-icon landscape'>\n\t\t\t\t<a href='https:\/\/www.copealcoy.es\/es\/cocentaina-aplaude-a-los-cargos-en-el-dia-del-patron\/unnamed-1-49\/'><img loading=\"lazy\" decoding=\"async\" width=\"640\" height=\"421\" src=\"https:\/\/www.copealcoy.es\/wp-content\/uploads\/2022\/08\/unnamed-1-2-scaled-e1660496411135.jpg\" class=\"attachment-full size-full\" alt=\"\" aria-describedby=\"gallery-1-90664\" \/><\/a>\n\t\t\t<\/div>\n\t\t\t\t<figcaption class='wp-caption-text gallery-caption' id='gallery-1-90664'>\n\t\t\t\tLos cargos a las puertas del Ayuntamiento\n\t\t\t\t<\/figcaption><\/figure><figure class='gallery-item'>\n\t\t\t<div class='gallery-icon landscape'>\n\t\t\t\t<a href='https:\/\/www.copealcoy.es\/es\/cocentaina-aplaude-a-los-cargos-en-el-dia-del-patron\/unnamed-391\/'><img loading=\"lazy\" decoding=\"async\" width=\"1368\" height=\"1080\" src=\"https:\/\/www.copealcoy.es\/wp-content\/uploads\/2022\/08\/unnamed-13-scaled.jpg\" class=\"attachment-full size-full\" alt=\"\" aria-describedby=\"gallery-1-90674\" srcset=\"https:\/\/www.copealcoy.es\/wp-content\/uploads\/2022\/08\/unnamed-13-scaled.jpg 1368w, https:\/\/www.copealcoy.es\/wp-content\/uploads\/2022\/08\/unnamed-13-768x606.jpg 768w, https:\/\/www.copealcoy.es\/wp-content\/uploads\/2022\/08\/unnamed-13-1536x1212.jpg 1536w, https:\/\/www.copealcoy.es\/wp-content\/uploads\/2022\/08\/unnamed-13-2048x1616.jpg 2048w\" sizes=\"auto, (max-width: 1368px) 100vw, 1368px\" \/><\/a>\n\t\t\t<\/div>\n\t\t\t\t<figcaption class='wp-caption-text gallery-caption' id='gallery-1-90674'>\n\t\t\t\tLos festeros han presentado armas ante los cargos\n\t\t\t\t<\/figcaption><\/figure>\n\t\t<\/div>\n\n","protected":false},"excerpt":{"rendered":"<p>El d\u00eda dedicado a San Hip\u00f3lito M\u00e1rtir ha continuado, al filo del mediod\u00eda, con el desfile de todas las Filaes&#8230;<\/p>\n","protected":false},"author":1,"featured_media":90664,"comment_status":"open","ping_status":"open","sticky":false,"template":"","format":"standard","meta":{"footnotes":""},"categories":[6909,98,75,125],"tags":[2780,132,565,4542,609,2937,4543,4488],"class_list":["post-90663","post","type-post","status-publish","format-standard","has-post-thumbnail","hentry","category-actualidad","category-comarcas","category-noticias","category-portada","tag-cargos-festeros","tag-cocentaina","tag-fiestas","tag-misa-mayor","tag-moros-y-cristianos","tag-ofrenda-floral","tag-presentacion-de-armas","tag-san-hipolito-martir"],"yoast_head":"<!-- This site is optimized with the Yoast SEO plugin v27.3 - https:\/\/yoast.com\/product\/yoast-seo-wordpress\/ -->\n<title>Cocentaina aplaude a los Cargos en el d\u00eda del patr\u00f3n - COPE Alcoy<\/title>\n<meta name=\"robots\" content=\"index, follow, max-snippet:-1, max-image-preview:large, max-video-preview:-1\" \/>\n<link rel=\"canonical\" href=\"https:\/\/www.copealcoy.es\/es\/cocentaina-aplaude-a-los-cargos-en-el-dia-del-patron\/\" \/>\n<meta property=\"og:locale\" content=\"es_ES\" \/>\n<meta property=\"og:type\" content=\"article\" \/>\n<meta property=\"og:title\" content=\"Cocentaina aplaude a los Cargos en el d\u00eda del patr\u00f3n - COPE Alcoy\" \/>\n<meta property=\"og:description\" content=\"El d\u00eda dedicado a San Hip\u00f3lito M\u00e1rtir ha continuado, al filo del mediod\u00eda, con el desfile de todas las Filaes...\" \/>\n<meta property=\"og:url\" content=\"https:\/\/www.copealcoy.es\/es\/cocentaina-aplaude-a-los-cargos-en-el-dia-del-patron\/\" \/>\n<meta property=\"og:site_name\" content=\"COPE Alcoy\" \/>\n<meta property=\"article:published_time\" content=\"2022-08-14T17:11:15+00:00\" \/>\n<meta property=\"article:modified_time\" content=\"2022-08-14T17:35:45+00:00\" \/>\n<meta property=\"og:image\" content=\"https:\/\/www.copealcoy.es\/wp-content\/uploads\/2022\/08\/unnamed-1-2-scaled-e1660496411135.jpg\" \/>\n\t<meta property=\"og:image:width\" content=\"640\" \/>\n\t<meta property=\"og:image:height\" content=\"421\" \/>\n\t<meta property=\"og:image:type\" content=\"image\/jpeg\" \/>\n<meta name=\"author\" content=\"Cope Alcoy\" \/>\n<meta name=\"twitter:label1\" content=\"Escrito por\" \/>\n\t<meta name=\"twitter:data1\" content=\"Cope Alcoy\" \/>\n\t<meta name=\"twitter:label2\" content=\"Tiempo de lectura\" \/>\n\t<meta name=\"twitter:data2\" content=\"2 minutos\" \/>\n<script type=\"application\/ld+json\" class=\"yoast-schema-graph\">{\"@context\":\"https:\\\/\\\/schema.org\",\"@graph\":[{\"@type\":\"Article\",\"@id\":\"https:\\\/\\\/www.copealcoy.es\\\/es\\\/cocentaina-aplaude-a-los-cargos-en-el-dia-del-patron\\\/#article\",\"isPartOf\":{\"@id\":\"https:\\\/\\\/www.copealcoy.es\\\/es\\\/cocentaina-aplaude-a-los-cargos-en-el-dia-del-patron\\\/\"},\"author\":{\"name\":\"Cope Alcoy\",\"@id\":\"https:\\\/\\\/www.copealcoy.es\\\/es\\\/#\\\/schema\\\/person\\\/e777c87fa024e57d40170af9df39882c\"},\"headline\":\"Cocentaina aplaude a los Cargos en el d\u00eda del patr\u00f3n\",\"datePublished\":\"2022-08-14T17:11:15+00:00\",\"dateModified\":\"2022-08-14T17:35:45+00:00\",\"mainEntityOfPage\":{\"@id\":\"https:\\\/\\\/www.copealcoy.es\\\/es\\\/cocentaina-aplaude-a-los-cargos-en-el-dia-del-patron\\\/\"},\"wordCount\":473,\"commentCount\":0,\"image\":{\"@id\":\"https:\\\/\\\/www.copealcoy.es\\\/es\\\/cocentaina-aplaude-a-los-cargos-en-el-dia-del-patron\\\/#primaryimage\"},\"thumbnailUrl\":\"https:\\\/\\\/www.copealcoy.es\\\/wp-content\\\/uploads\\\/2022\\\/08\\\/unnamed-1-2-scaled-e1660496411135.jpg\",\"keywords\":[\"cargos festeros\",\"Cocentaina\",\"Fiestas\",\"misa mayor\",\"Moros Y Cristianos\",\"ofrenda floral\",\"presentaci\u00f3n de armas\",\"San Hip\u00f3lito M\u00e1rtir\"],\"articleSection\":[\"Actualidad\",\"Comarcas\",\"Noticias\",\"Portada\"],\"inLanguage\":\"es\"},{\"@type\":\"WebPage\",\"@id\":\"https:\\\/\\\/www.copealcoy.es\\\/es\\\/cocentaina-aplaude-a-los-cargos-en-el-dia-del-patron\\\/\",\"url\":\"https:\\\/\\\/www.copealcoy.es\\\/es\\\/cocentaina-aplaude-a-los-cargos-en-el-dia-del-patron\\\/\",\"name\":\"Cocentaina aplaude a los Cargos en el d\u00eda del patr\u00f3n - COPE Alcoy\",\"isPartOf\":{\"@id\":\"https:\\\/\\\/www.copealcoy.es\\\/es\\\/#website\"},\"primaryImageOfPage\":{\"@id\":\"https:\\\/\\\/www.copealcoy.es\\\/es\\\/cocentaina-aplaude-a-los-cargos-en-el-dia-del-patron\\\/#primaryimage\"},\"image\":{\"@id\":\"https:\\\/\\\/www.copealcoy.es\\\/es\\\/cocentaina-aplaude-a-los-cargos-en-el-dia-del-patron\\\/#primaryimage\"},\"thumbnailUrl\":\"https:\\\/\\\/www.copealcoy.es\\\/wp-content\\\/uploads\\\/2022\\\/08\\\/unnamed-1-2-scaled-e1660496411135.jpg\",\"datePublished\":\"2022-08-14T17:11:15+00:00\",\"dateModified\":\"2022-08-14T17:35:45+00:00\",\"author\":{\"@id\":\"https:\\\/\\\/www.copealcoy.es\\\/es\\\/#\\\/schema\\\/person\\\/e777c87fa024e57d40170af9df39882c\"},\"breadcrumb\":{\"@id\":\"https:\\\/\\\/www.copealcoy.es\\\/es\\\/cocentaina-aplaude-a-los-cargos-en-el-dia-del-patron\\\/#breadcrumb\"},\"inLanguage\":\"es\",\"potentialAction\":[{\"@type\":\"ReadAction\",\"target\":[\"https:\\\/\\\/www.copealcoy.es\\\/es\\\/cocentaina-aplaude-a-los-cargos-en-el-dia-del-patron\\\/\"]}]},{\"@type\":\"ImageObject\",\"inLanguage\":\"es\",\"@id\":\"https:\\\/\\\/www.copealcoy.es\\\/es\\\/cocentaina-aplaude-a-los-cargos-en-el-dia-del-patron\\\/#primaryimage\",\"url\":\"https:\\\/\\\/www.copealcoy.es\\\/wp-content\\\/uploads\\\/2022\\\/08\\\/unnamed-1-2-scaled-e1660496411135.jpg\",\"contentUrl\":\"https:\\\/\\\/www.copealcoy.es\\\/wp-content\\\/uploads\\\/2022\\\/08\\\/unnamed-1-2-scaled-e1660496411135.jpg\",\"width\":640,\"height\":421,\"caption\":\"Los cargos a las puertas del Ayuntamiento\"},{\"@type\":\"BreadcrumbList\",\"@id\":\"https:\\\/\\\/www.copealcoy.es\\\/es\\\/cocentaina-aplaude-a-los-cargos-en-el-dia-del-patron\\\/#breadcrumb\",\"itemListElement\":[{\"@type\":\"ListItem\",\"position\":1,\"name\":\"Portada\",\"item\":\"https:\\\/\\\/www.copealcoy.es\\\/es\\\/\"},{\"@type\":\"ListItem\",\"position\":2,\"name\":\"Cocentaina aplaude a los Cargos en el d\u00eda del patr\u00f3n\"}]},{\"@type\":\"WebSite\",\"@id\":\"https:\\\/\\\/www.copealcoy.es\\\/es\\\/#website\",\"url\":\"https:\\\/\\\/www.copealcoy.es\\\/es\\\/\",\"name\":\"COPE Alcoy\",\"description\":\"Emisora COPE de radio local con emisi\u00f3n online. Pont de Sant Jordi 8-10 03803 Alcoy\",\"potentialAction\":[{\"@type\":\"SearchAction\",\"target\":{\"@type\":\"EntryPoint\",\"urlTemplate\":\"https:\\\/\\\/www.copealcoy.es\\\/es\\\/?s={search_term_string}\"},\"query-input\":{\"@type\":\"PropertyValueSpecification\",\"valueRequired\":true,\"valueName\":\"search_term_string\"}}],\"inLanguage\":\"es\"},{\"@type\":\"Person\",\"@id\":\"https:\\\/\\\/www.copealcoy.es\\\/es\\\/#\\\/schema\\\/person\\\/e777c87fa024e57d40170af9df39882c\",\"name\":\"Cope Alcoy\",\"image\":{\"@type\":\"ImageObject\",\"inLanguage\":\"es\",\"@id\":\"https:\\\/\\\/secure.gravatar.com\\\/avatar\\\/bb65d0283347e303893ba14f0692005417c1e0e690a325a4c5d8bb2b3943ee14?s=96&d=mm&r=g\",\"url\":\"https:\\\/\\\/secure.gravatar.com\\\/avatar\\\/bb65d0283347e303893ba14f0692005417c1e0e690a325a4c5d8bb2b3943ee14?s=96&d=mm&r=g\",\"contentUrl\":\"https:\\\/\\\/secure.gravatar.com\\\/avatar\\\/bb65d0283347e303893ba14f0692005417c1e0e690a325a4c5d8bb2b3943ee14?s=96&d=mm&r=g\",\"caption\":\"Cope Alcoy\"}}]}<\/script>\n<!-- \/ Yoast SEO plugin. -->","yoast_head_json":{"title":"Cocentaina aplaude a los Cargos en el d\u00eda del patr\u00f3n - COPE Alcoy","robots":{"index":"index","follow":"follow","max-snippet":"max-snippet:-1","max-image-preview":"max-image-preview:large","max-video-preview":"max-video-preview:-1"},"canonical":"https:\/\/www.copealcoy.es\/es\/cocentaina-aplaude-a-los-cargos-en-el-dia-del-patron\/","og_locale":"es_ES","og_type":"article","og_title":"Cocentaina aplaude a los Cargos en el d\u00eda del patr\u00f3n - COPE Alcoy","og_description":"El d\u00eda dedicado a San Hip\u00f3lito M\u00e1rtir ha continuado, al filo del mediod\u00eda, con el desfile de todas las Filaes...","og_url":"https:\/\/www.copealcoy.es\/es\/cocentaina-aplaude-a-los-cargos-en-el-dia-del-patron\/","og_site_name":"COPE Alcoy","article_published_time":"2022-08-14T17:11:15+00:00","article_modified_time":"2022-08-14T17:35:45+00:00","og_image":[{"width":640,"height":421,"url":"https:\/\/www.copealcoy.es\/wp-content\/uploads\/2022\/08\/unnamed-1-2-scaled-e1660496411135.jpg","type":"image\/jpeg"}],"author":"Cope Alcoy","twitter_misc":{"Escrito por":"Cope Alcoy","Tiempo de lectura":"2 minutos"},"schema":{"@context":"https:\/\/schema.org","@graph":[{"@type":"Article","@id":"https:\/\/www.copealcoy.es\/es\/cocentaina-aplaude-a-los-cargos-en-el-dia-del-patron\/#article","isPartOf":{"@id":"https:\/\/www.copealcoy.es\/es\/cocentaina-aplaude-a-los-cargos-en-el-dia-del-patron\/"},"author":{"name":"Cope Alcoy","@id":"https:\/\/www.copealcoy.es\/es\/#\/schema\/person\/e777c87fa024e57d40170af9df39882c"},"headline":"Cocentaina aplaude a los Cargos en el d\u00eda del patr\u00f3n","datePublished":"2022-08-14T17:11:15+00:00","dateModified":"2022-08-14T17:35:45+00:00","mainEntityOfPage":{"@id":"https:\/\/www.copealcoy.es\/es\/cocentaina-aplaude-a-los-cargos-en-el-dia-del-patron\/"},"wordCount":473,"commentCount":0,"image":{"@id":"https:\/\/www.copealcoy.es\/es\/cocentaina-aplaude-a-los-cargos-en-el-dia-del-patron\/#primaryimage"},"thumbnailUrl":"https:\/\/www.copealcoy.es\/wp-content\/uploads\/2022\/08\/unnamed-1-2-scaled-e1660496411135.jpg","keywords":["cargos festeros","Cocentaina","Fiestas","misa mayor","Moros Y Cristianos","ofrenda floral","presentaci\u00f3n de armas","San Hip\u00f3lito M\u00e1rtir"],"articleSection":["Actualidad","Comarcas","Noticias","Portada"],"inLanguage":"es"},{"@type":"WebPage","@id":"https:\/\/www.copealcoy.es\/es\/cocentaina-aplaude-a-los-cargos-en-el-dia-del-patron\/","url":"https:\/\/www.copealcoy.es\/es\/cocentaina-aplaude-a-los-cargos-en-el-dia-del-patron\/","name":"Cocentaina aplaude a los Cargos en el d\u00eda del patr\u00f3n - COPE Alcoy","isPartOf":{"@id":"https:\/\/www.copealcoy.es\/es\/#website"},"primaryImageOfPage":{"@id":"https:\/\/www.copealcoy.es\/es\/cocentaina-aplaude-a-los-cargos-en-el-dia-del-patron\/#primaryimage"},"image":{"@id":"https:\/\/www.copealcoy.es\/es\/cocentaina-aplaude-a-los-cargos-en-el-dia-del-patron\/#primaryimage"},"thumbnailUrl":"https:\/\/www.copealcoy.es\/wp-content\/uploads\/2022\/08\/unnamed-1-2-scaled-e1660496411135.jpg","datePublished":"2022-08-14T17:11:15+00:00","dateModified":"2022-08-14T17:35:45+00:00","author":{"@id":"https:\/\/www.copealcoy.es\/es\/#\/schema\/person\/e777c87fa024e57d40170af9df39882c"},"breadcrumb":{"@id":"https:\/\/www.copealcoy.es\/es\/cocentaina-aplaude-a-los-cargos-en-el-dia-del-patron\/#breadcrumb"},"inLanguage":"es","potentialAction":[{"@type":"ReadAction","target":["https:\/\/www.copealcoy.es\/es\/cocentaina-aplaude-a-los-cargos-en-el-dia-del-patron\/"]}]},{"@type":"ImageObject","inLanguage":"es","@id":"https:\/\/www.copealcoy.es\/es\/cocentaina-aplaude-a-los-cargos-en-el-dia-del-patron\/#primaryimage","url":"https:\/\/www.copealcoy.es\/wp-content\/uploads\/2022\/08\/unnamed-1-2-scaled-e1660496411135.jpg","contentUrl":"https:\/\/www.copealcoy.es\/wp-content\/uploads\/2022\/08\/unnamed-1-2-scaled-e1660496411135.jpg","width":640,"height":421,"caption":"Los cargos a las puertas del Ayuntamiento"},{"@type":"BreadcrumbList","@id":"https:\/\/www.copealcoy.es\/es\/cocentaina-aplaude-a-los-cargos-en-el-dia-del-patron\/#breadcrumb","itemListElement":[{"@type":"ListItem","position":1,"name":"Portada","item":"https:\/\/www.copealcoy.es\/es\/"},{"@type":"ListItem","position":2,"name":"Cocentaina aplaude a los Cargos en el d\u00eda del patr\u00f3n"}]},{"@type":"WebSite","@id":"https:\/\/www.copealcoy.es\/es\/#website","url":"https:\/\/www.copealcoy.es\/es\/","name":"COPE Alcoy","description":"Emisora COPE de radio local con emisi\u00f3n online. Pont de Sant Jordi 8-10 03803 Alcoy","potentialAction":[{"@type":"SearchAction","target":{"@type":"EntryPoint","urlTemplate":"https:\/\/www.copealcoy.es\/es\/?s={search_term_string}"},"query-input":{"@type":"PropertyValueSpecification","valueRequired":true,"valueName":"search_term_string"}}],"inLanguage":"es"},{"@type":"Person","@id":"https:\/\/www.copealcoy.es\/es\/#\/schema\/person\/e777c87fa024e57d40170af9df39882c","name":"Cope Alcoy","image":{"@type":"ImageObject","inLanguage":"es","@id":"https:\/\/secure.gravatar.com\/avatar\/bb65d0283347e303893ba14f0692005417c1e0e690a325a4c5d8bb2b3943ee14?s=96&d=mm&r=g","url":"https:\/\/secure.gravatar.com\/avatar\/bb65d0283347e303893ba14f0692005417c1e0e690a325a4c5d8bb2b3943ee14?s=96&d=mm&r=g","contentUrl":"https:\/\/secure.gravatar.com\/avatar\/bb65d0283347e303893ba14f0692005417c1e0e690a325a4c5d8bb2b3943ee14?s=96&d=mm&r=g","caption":"Cope Alcoy"}}]}},"_links":{"self":[{"href":"https:\/\/www.copealcoy.es\/es\/wp-json\/wp\/v2\/posts\/90663","targetHints":{"allow":["GET"]}}],"collection":[{"href":"https:\/\/www.copealcoy.es\/es\/wp-json\/wp\/v2\/posts"}],"about":[{"href":"https:\/\/www.copealcoy.es\/es\/wp-json\/wp\/v2\/types\/post"}],"author":[{"embeddable":true,"href":"https:\/\/www.copealcoy.es\/es\/wp-json\/wp\/v2\/users\/1"}],"replies":[{"embeddable":true,"href":"https:\/\/www.copealcoy.es\/es\/wp-json\/wp\/v2\/comments?post=90663"}],"version-history":[{"count":0,"href":"https:\/\/www.copealcoy.es\/es\/wp-json\/wp\/v2\/posts\/90663\/revisions"}],"wp:featuredmedia":[{"embeddable":true,"href":"https:\/\/www.copealcoy.es\/es\/wp-json\/wp\/v2\/media\/90664"}],"wp:attachment":[{"href":"https:\/\/www.copealcoy.es\/es\/wp-json\/wp\/v2\/media?parent=90663"}],"wp:term":[{"taxonomy":"category","embeddable":true,"href":"https:\/\/www.copealcoy.es\/es\/wp-json\/wp\/v2\/categories?post=90663"},{"taxonomy":"post_tag","embeddable":true,"href":"https:\/\/www.copealcoy.es\/es\/wp-json\/wp\/v2\/tags?post=90663"}],"curies":[{"name":"wp","href":"https:\/\/api.w.org\/{rel}","templated":true}]}}