{"id":90629,"date":"2022-08-13T22:00:47","date_gmt":"2022-08-13T21:00:47","guid":{"rendered":"https:\/\/www.copealcoy.es\/?p=90629"},"modified":"2022-08-26T19:39:13","modified_gmt":"2022-08-26T18:39:13","slug":"vicent-torro-un-abanderado-con-tradicion-en-la-festa-despide-la-entrada","status":"publish","type":"post","link":"https:\/\/www.copealcoy.es\/es\/vicent-torro-un-abanderado-con-tradicion-en-la-festa-despide-la-entrada\/","title":{"rendered":"Vicent Torr\u00f3, un abanderado con tradici\u00f3n en la Festa despide la Entrada"},"content":{"rendered":"<p style=\"text-align: justify;\">El colof\u00f3n a <strong>la espectacular Entrada de Moros y Cristianos<\/strong> lo ha puesto al filo de la medianoche <strong>el Abanderado de la Fil\u00e0 Mud\u00e9jares<\/strong>. <strong>Vicent Torr\u00f3<\/strong> ha desfilado arropado por toda su familia y amigos en un boato en el que <strong>la est\u00e9tica moruna<\/strong> ha sido la principal protagonistas.<\/p>\n<p style=\"text-align: justify;\"><strong>Danzas \u00e1rabes as\u00ed como africanas<\/strong>, junto al Embajador Lu\u00eds Reche y el portador de la bandera, dieron paso al Abanderado <strong>sentado sobre una se\u00f1orial carroza<\/strong>. El protagonista <strong>luci\u00f3 un dise\u00f1o de Ernesto Ferr\u00e1ndiz<\/strong> que destacaba por la elegancia y en el que los colores beige, amarillo o verde cobraban protagonismo en clara referencia al dise\u00f1o de los Mud\u00e9jares. Arroparon al cargo sus Rodellas, papel que asumieron sus nietos: <strong>Jana Grau Torr\u00f3, Marta Torr\u00f3 Torr\u00f3, Arnau Torr\u00f3 Llopis y Andreu Torr\u00f3 Llopis<\/strong>. Durante el desfile s<strong>e pudo escuchar la pieza \u2018Titanic\u2019<\/strong>, adaptada por Gaspar \u00c1ngel Tortosa e interpretada por la SIM de Benig\u00e0nim, en un gui\u00f1o a <strong>la misma composici\u00f3n que emple\u00f3 su hijo en el a\u00f1o 2000<\/strong> cuando hizo el Capit\u00e1n.<strong> La Escuadra de Negros<\/strong>, con sello de <strong>Roper\u00eda Xim<\/strong>o, despert\u00f3 enormes aplausos por un conjunto en el que sobresal\u00eda un gran tocado de plumas verdes y negras.<\/p>\n<p style=\"text-align: justify;\">El desfile de los moros tambi\u00e9n cont\u00f3 con la llegada de <strong>la Llana, los Mulad\u00eds, la Fil\u00e0 Manta Roja, la Guardia Jalifiana \u2018Sahorins\u2019, los Kabile\u00f1os y la Fil\u00e0 Berberes \u2018Els Borts\u2019<\/strong>. Con el paso del Abanderado Moro\u00a0finalizaron unas espectaculares Entradas, en las que <strong>la adversa climatolog\u00eda quiso hacerse presente<\/strong> en algunos momentos, pero que discurrieron con absoluta normalidad ante gran cantidad de p\u00fablico. Adem\u00e1s, presenciaron los desfiles desde las puertas del Palau Comtal <strong>una amplia representaci\u00f3n de alcaldes<\/strong>, as\u00ed como <strong>concejales<\/strong> de los municipios de las comarcas de l\u2019Alcoi\u00e0 y el Comtat.<\/p>\n<p style=\"text-align: center;\"><a href=\"https:\/\/www.copealcoy.es\/wp-content\/uploads\/2022\/08\/unnamed-25-scaled.jpg\"><img loading=\"lazy\" decoding=\"async\" class=\"alignnone size-large wp-image-90883\" src=\"https:\/\/www.copealcoy.es\/wp-content\/uploads\/2022\/08\/unnamed-25-980x588.jpg\" alt=\"\" width=\"980\" height=\"588\" \/><\/a><\/p>\n","protected":false},"excerpt":{"rendered":"<p>El colof\u00f3n a la espectacular Entrada de Moros y Cristianos lo ha puesto al filo de la medianoche el Abanderado&#8230;<\/p>\n","protected":false},"author":1,"featured_media":90648,"comment_status":"open","ping_status":"open","sticky":false,"template":"","format":"standard","meta":{"footnotes":""},"categories":[6909,98,75,125],"tags":[2745,132,1987,2001,4488,13025],"class_list":["post-90629","post","type-post","status-publish","format-standard","has-post-thumbnail","hentry","category-actualidad","category-comarcas","category-noticias","category-portada","tag-abanderado-moro","tag-cocentaina","tag-entrada","tag-fiestas-de-moros-y-cristianos","tag-san-hipolito-martir","tag-vicent-torro"],"yoast_head":"<!-- This site is optimized with the Yoast SEO plugin v27.3 - https:\/\/yoast.com\/product\/yoast-seo-wordpress\/ -->\n<title>Vicent Torr\u00f3, un abanderado con tradici\u00f3n en la Festa despide la Entrada - COPE Alcoy<\/title>\n<meta name=\"robots\" content=\"index, follow, max-snippet:-1, max-image-preview:large, max-video-preview:-1\" \/>\n<link rel=\"canonical\" href=\"https:\/\/www.copealcoy.es\/es\/vicent-torro-un-abanderado-con-tradicion-en-la-festa-despide-la-entrada\/\" \/>\n<meta property=\"og:locale\" content=\"es_ES\" \/>\n<meta property=\"og:type\" content=\"article\" \/>\n<meta property=\"og:title\" content=\"Vicent Torr\u00f3, un abanderado con tradici\u00f3n en la Festa despide la Entrada - COPE Alcoy\" \/>\n<meta property=\"og:description\" content=\"El colof\u00f3n a la espectacular Entrada de Moros y Cristianos lo ha puesto al filo de la medianoche el Abanderado...\" \/>\n<meta property=\"og:url\" content=\"https:\/\/www.copealcoy.es\/es\/vicent-torro-un-abanderado-con-tradicion-en-la-festa-despide-la-entrada\/\" \/>\n<meta property=\"og:site_name\" content=\"COPE Alcoy\" \/>\n<meta property=\"article:published_time\" content=\"2022-08-13T21:00:47+00:00\" \/>\n<meta property=\"article:modified_time\" content=\"2022-08-26T18:39:13+00:00\" \/>\n<meta property=\"og:image\" content=\"https:\/\/www.copealcoy.es\/wp-content\/uploads\/2022\/08\/94578F8E-CE63-4D8E-AC7B-8C5BF00E502D-scaled.jpeg\" \/>\n\t<meta property=\"og:image:width\" content=\"1440\" \/>\n\t<meta property=\"og:image:height\" content=\"1080\" \/>\n\t<meta property=\"og:image:type\" content=\"image\/jpeg\" \/>\n<meta name=\"author\" content=\"Cope Alcoy\" \/>\n<meta name=\"twitter:label1\" content=\"Escrito por\" \/>\n\t<meta name=\"twitter:data1\" content=\"Cope Alcoy\" \/>\n\t<meta name=\"twitter:label2\" content=\"Tiempo de lectura\" \/>\n\t<meta name=\"twitter:data2\" content=\"2 minutos\" \/>\n<script type=\"application\/ld+json\" class=\"yoast-schema-graph\">{\"@context\":\"https:\\\/\\\/schema.org\",\"@graph\":[{\"@type\":\"Article\",\"@id\":\"https:\\\/\\\/www.copealcoy.es\\\/es\\\/vicent-torro-un-abanderado-con-tradicion-en-la-festa-despide-la-entrada\\\/#article\",\"isPartOf\":{\"@id\":\"https:\\\/\\\/www.copealcoy.es\\\/es\\\/vicent-torro-un-abanderado-con-tradicion-en-la-festa-despide-la-entrada\\\/\"},\"author\":{\"name\":\"Cope Alcoy\",\"@id\":\"https:\\\/\\\/www.copealcoy.es\\\/es\\\/#\\\/schema\\\/person\\\/e777c87fa024e57d40170af9df39882c\"},\"headline\":\"Vicent Torr\u00f3, un abanderado con tradici\u00f3n en la Festa despide la Entrada\",\"datePublished\":\"2022-08-13T21:00:47+00:00\",\"dateModified\":\"2022-08-26T18:39:13+00:00\",\"mainEntityOfPage\":{\"@id\":\"https:\\\/\\\/www.copealcoy.es\\\/es\\\/vicent-torro-un-abanderado-con-tradicion-en-la-festa-despide-la-entrada\\\/\"},\"wordCount\":326,\"commentCount\":0,\"image\":{\"@id\":\"https:\\\/\\\/www.copealcoy.es\\\/es\\\/vicent-torro-un-abanderado-con-tradicion-en-la-festa-despide-la-entrada\\\/#primaryimage\"},\"thumbnailUrl\":\"https:\\\/\\\/www.copealcoy.es\\\/wp-content\\\/uploads\\\/2022\\\/08\\\/94578F8E-CE63-4D8E-AC7B-8C5BF00E502D-scaled.jpeg\",\"keywords\":[\"Abanderado Moro\",\"Cocentaina\",\"Entrada\",\"Fiestas de Moros y Cristianos\",\"San Hip\u00f3lito M\u00e1rtir\",\"Vicent Torr\u00f3\"],\"articleSection\":[\"Actualidad\",\"Comarcas\",\"Noticias\",\"Portada\"],\"inLanguage\":\"es\"},{\"@type\":\"WebPage\",\"@id\":\"https:\\\/\\\/www.copealcoy.es\\\/es\\\/vicent-torro-un-abanderado-con-tradicion-en-la-festa-despide-la-entrada\\\/\",\"url\":\"https:\\\/\\\/www.copealcoy.es\\\/es\\\/vicent-torro-un-abanderado-con-tradicion-en-la-festa-despide-la-entrada\\\/\",\"name\":\"Vicent Torr\u00f3, un abanderado con tradici\u00f3n en la Festa despide la Entrada - COPE Alcoy\",\"isPartOf\":{\"@id\":\"https:\\\/\\\/www.copealcoy.es\\\/es\\\/#website\"},\"primaryImageOfPage\":{\"@id\":\"https:\\\/\\\/www.copealcoy.es\\\/es\\\/vicent-torro-un-abanderado-con-tradicion-en-la-festa-despide-la-entrada\\\/#primaryimage\"},\"image\":{\"@id\":\"https:\\\/\\\/www.copealcoy.es\\\/es\\\/vicent-torro-un-abanderado-con-tradicion-en-la-festa-despide-la-entrada\\\/#primaryimage\"},\"thumbnailUrl\":\"https:\\\/\\\/www.copealcoy.es\\\/wp-content\\\/uploads\\\/2022\\\/08\\\/94578F8E-CE63-4D8E-AC7B-8C5BF00E502D-scaled.jpeg\",\"datePublished\":\"2022-08-13T21:00:47+00:00\",\"dateModified\":\"2022-08-26T18:39:13+00:00\",\"author\":{\"@id\":\"https:\\\/\\\/www.copealcoy.es\\\/es\\\/#\\\/schema\\\/person\\\/e777c87fa024e57d40170af9df39882c\"},\"breadcrumb\":{\"@id\":\"https:\\\/\\\/www.copealcoy.es\\\/es\\\/vicent-torro-un-abanderado-con-tradicion-en-la-festa-despide-la-entrada\\\/#breadcrumb\"},\"inLanguage\":\"es\",\"potentialAction\":[{\"@type\":\"ReadAction\",\"target\":[\"https:\\\/\\\/www.copealcoy.es\\\/es\\\/vicent-torro-un-abanderado-con-tradicion-en-la-festa-despide-la-entrada\\\/\"]}]},{\"@type\":\"ImageObject\",\"inLanguage\":\"es\",\"@id\":\"https:\\\/\\\/www.copealcoy.es\\\/es\\\/vicent-torro-un-abanderado-con-tradicion-en-la-festa-despide-la-entrada\\\/#primaryimage\",\"url\":\"https:\\\/\\\/www.copealcoy.es\\\/wp-content\\\/uploads\\\/2022\\\/08\\\/94578F8E-CE63-4D8E-AC7B-8C5BF00E502D-scaled.jpeg\",\"contentUrl\":\"https:\\\/\\\/www.copealcoy.es\\\/wp-content\\\/uploads\\\/2022\\\/08\\\/94578F8E-CE63-4D8E-AC7B-8C5BF00E502D-scaled.jpeg\",\"width\":1440,\"height\":1080},{\"@type\":\"BreadcrumbList\",\"@id\":\"https:\\\/\\\/www.copealcoy.es\\\/es\\\/vicent-torro-un-abanderado-con-tradicion-en-la-festa-despide-la-entrada\\\/#breadcrumb\",\"itemListElement\":[{\"@type\":\"ListItem\",\"position\":1,\"name\":\"Portada\",\"item\":\"https:\\\/\\\/www.copealcoy.es\\\/es\\\/\"},{\"@type\":\"ListItem\",\"position\":2,\"name\":\"Vicent Torr\u00f3, un abanderado con tradici\u00f3n en la Festa despide la Entrada\"}]},{\"@type\":\"WebSite\",\"@id\":\"https:\\\/\\\/www.copealcoy.es\\\/es\\\/#website\",\"url\":\"https:\\\/\\\/www.copealcoy.es\\\/es\\\/\",\"name\":\"COPE Alcoy\",\"description\":\"Emisora COPE de radio local con emisi\u00f3n online. Pont de Sant Jordi 8-10 03803 Alcoy\",\"potentialAction\":[{\"@type\":\"SearchAction\",\"target\":{\"@type\":\"EntryPoint\",\"urlTemplate\":\"https:\\\/\\\/www.copealcoy.es\\\/es\\\/?s={search_term_string}\"},\"query-input\":{\"@type\":\"PropertyValueSpecification\",\"valueRequired\":true,\"valueName\":\"search_term_string\"}}],\"inLanguage\":\"es\"},{\"@type\":\"Person\",\"@id\":\"https:\\\/\\\/www.copealcoy.es\\\/es\\\/#\\\/schema\\\/person\\\/e777c87fa024e57d40170af9df39882c\",\"name\":\"Cope Alcoy\",\"image\":{\"@type\":\"ImageObject\",\"inLanguage\":\"es\",\"@id\":\"https:\\\/\\\/secure.gravatar.com\\\/avatar\\\/bb65d0283347e303893ba14f0692005417c1e0e690a325a4c5d8bb2b3943ee14?s=96&d=mm&r=g\",\"url\":\"https:\\\/\\\/secure.gravatar.com\\\/avatar\\\/bb65d0283347e303893ba14f0692005417c1e0e690a325a4c5d8bb2b3943ee14?s=96&d=mm&r=g\",\"contentUrl\":\"https:\\\/\\\/secure.gravatar.com\\\/avatar\\\/bb65d0283347e303893ba14f0692005417c1e0e690a325a4c5d8bb2b3943ee14?s=96&d=mm&r=g\",\"caption\":\"Cope Alcoy\"}}]}<\/script>\n<!-- \/ Yoast SEO plugin. -->","yoast_head_json":{"title":"Vicent Torr\u00f3, un abanderado con tradici\u00f3n en la Festa despide la Entrada - COPE Alcoy","robots":{"index":"index","follow":"follow","max-snippet":"max-snippet:-1","max-image-preview":"max-image-preview:large","max-video-preview":"max-video-preview:-1"},"canonical":"https:\/\/www.copealcoy.es\/es\/vicent-torro-un-abanderado-con-tradicion-en-la-festa-despide-la-entrada\/","og_locale":"es_ES","og_type":"article","og_title":"Vicent Torr\u00f3, un abanderado con tradici\u00f3n en la Festa despide la Entrada - COPE Alcoy","og_description":"El colof\u00f3n a la espectacular Entrada de Moros y Cristianos lo ha puesto al filo de la medianoche el Abanderado...","og_url":"https:\/\/www.copealcoy.es\/es\/vicent-torro-un-abanderado-con-tradicion-en-la-festa-despide-la-entrada\/","og_site_name":"COPE Alcoy","article_published_time":"2022-08-13T21:00:47+00:00","article_modified_time":"2022-08-26T18:39:13+00:00","og_image":[{"width":1440,"height":1080,"url":"https:\/\/www.copealcoy.es\/wp-content\/uploads\/2022\/08\/94578F8E-CE63-4D8E-AC7B-8C5BF00E502D-scaled.jpeg","type":"image\/jpeg"}],"author":"Cope Alcoy","twitter_misc":{"Escrito por":"Cope Alcoy","Tiempo de lectura":"2 minutos"},"schema":{"@context":"https:\/\/schema.org","@graph":[{"@type":"Article","@id":"https:\/\/www.copealcoy.es\/es\/vicent-torro-un-abanderado-con-tradicion-en-la-festa-despide-la-entrada\/#article","isPartOf":{"@id":"https:\/\/www.copealcoy.es\/es\/vicent-torro-un-abanderado-con-tradicion-en-la-festa-despide-la-entrada\/"},"author":{"name":"Cope Alcoy","@id":"https:\/\/www.copealcoy.es\/es\/#\/schema\/person\/e777c87fa024e57d40170af9df39882c"},"headline":"Vicent Torr\u00f3, un abanderado con tradici\u00f3n en la Festa despide la Entrada","datePublished":"2022-08-13T21:00:47+00:00","dateModified":"2022-08-26T18:39:13+00:00","mainEntityOfPage":{"@id":"https:\/\/www.copealcoy.es\/es\/vicent-torro-un-abanderado-con-tradicion-en-la-festa-despide-la-entrada\/"},"wordCount":326,"commentCount":0,"image":{"@id":"https:\/\/www.copealcoy.es\/es\/vicent-torro-un-abanderado-con-tradicion-en-la-festa-despide-la-entrada\/#primaryimage"},"thumbnailUrl":"https:\/\/www.copealcoy.es\/wp-content\/uploads\/2022\/08\/94578F8E-CE63-4D8E-AC7B-8C5BF00E502D-scaled.jpeg","keywords":["Abanderado Moro","Cocentaina","Entrada","Fiestas de Moros y Cristianos","San Hip\u00f3lito M\u00e1rtir","Vicent Torr\u00f3"],"articleSection":["Actualidad","Comarcas","Noticias","Portada"],"inLanguage":"es"},{"@type":"WebPage","@id":"https:\/\/www.copealcoy.es\/es\/vicent-torro-un-abanderado-con-tradicion-en-la-festa-despide-la-entrada\/","url":"https:\/\/www.copealcoy.es\/es\/vicent-torro-un-abanderado-con-tradicion-en-la-festa-despide-la-entrada\/","name":"Vicent Torr\u00f3, un abanderado con tradici\u00f3n en la Festa despide la Entrada - COPE Alcoy","isPartOf":{"@id":"https:\/\/www.copealcoy.es\/es\/#website"},"primaryImageOfPage":{"@id":"https:\/\/www.copealcoy.es\/es\/vicent-torro-un-abanderado-con-tradicion-en-la-festa-despide-la-entrada\/#primaryimage"},"image":{"@id":"https:\/\/www.copealcoy.es\/es\/vicent-torro-un-abanderado-con-tradicion-en-la-festa-despide-la-entrada\/#primaryimage"},"thumbnailUrl":"https:\/\/www.copealcoy.es\/wp-content\/uploads\/2022\/08\/94578F8E-CE63-4D8E-AC7B-8C5BF00E502D-scaled.jpeg","datePublished":"2022-08-13T21:00:47+00:00","dateModified":"2022-08-26T18:39:13+00:00","author":{"@id":"https:\/\/www.copealcoy.es\/es\/#\/schema\/person\/e777c87fa024e57d40170af9df39882c"},"breadcrumb":{"@id":"https:\/\/www.copealcoy.es\/es\/vicent-torro-un-abanderado-con-tradicion-en-la-festa-despide-la-entrada\/#breadcrumb"},"inLanguage":"es","potentialAction":[{"@type":"ReadAction","target":["https:\/\/www.copealcoy.es\/es\/vicent-torro-un-abanderado-con-tradicion-en-la-festa-despide-la-entrada\/"]}]},{"@type":"ImageObject","inLanguage":"es","@id":"https:\/\/www.copealcoy.es\/es\/vicent-torro-un-abanderado-con-tradicion-en-la-festa-despide-la-entrada\/#primaryimage","url":"https:\/\/www.copealcoy.es\/wp-content\/uploads\/2022\/08\/94578F8E-CE63-4D8E-AC7B-8C5BF00E502D-scaled.jpeg","contentUrl":"https:\/\/www.copealcoy.es\/wp-content\/uploads\/2022\/08\/94578F8E-CE63-4D8E-AC7B-8C5BF00E502D-scaled.jpeg","width":1440,"height":1080},{"@type":"BreadcrumbList","@id":"https:\/\/www.copealcoy.es\/es\/vicent-torro-un-abanderado-con-tradicion-en-la-festa-despide-la-entrada\/#breadcrumb","itemListElement":[{"@type":"ListItem","position":1,"name":"Portada","item":"https:\/\/www.copealcoy.es\/es\/"},{"@type":"ListItem","position":2,"name":"Vicent Torr\u00f3, un abanderado con tradici\u00f3n en la Festa despide la Entrada"}]},{"@type":"WebSite","@id":"https:\/\/www.copealcoy.es\/es\/#website","url":"https:\/\/www.copealcoy.es\/es\/","name":"COPE Alcoy","description":"Emisora COPE de radio local con emisi\u00f3n online. Pont de Sant Jordi 8-10 03803 Alcoy","potentialAction":[{"@type":"SearchAction","target":{"@type":"EntryPoint","urlTemplate":"https:\/\/www.copealcoy.es\/es\/?s={search_term_string}"},"query-input":{"@type":"PropertyValueSpecification","valueRequired":true,"valueName":"search_term_string"}}],"inLanguage":"es"},{"@type":"Person","@id":"https:\/\/www.copealcoy.es\/es\/#\/schema\/person\/e777c87fa024e57d40170af9df39882c","name":"Cope Alcoy","image":{"@type":"ImageObject","inLanguage":"es","@id":"https:\/\/secure.gravatar.com\/avatar\/bb65d0283347e303893ba14f0692005417c1e0e690a325a4c5d8bb2b3943ee14?s=96&d=mm&r=g","url":"https:\/\/secure.gravatar.com\/avatar\/bb65d0283347e303893ba14f0692005417c1e0e690a325a4c5d8bb2b3943ee14?s=96&d=mm&r=g","contentUrl":"https:\/\/secure.gravatar.com\/avatar\/bb65d0283347e303893ba14f0692005417c1e0e690a325a4c5d8bb2b3943ee14?s=96&d=mm&r=g","caption":"Cope Alcoy"}}]}},"_links":{"self":[{"href":"https:\/\/www.copealcoy.es\/es\/wp-json\/wp\/v2\/posts\/90629","targetHints":{"allow":["GET"]}}],"collection":[{"href":"https:\/\/www.copealcoy.es\/es\/wp-json\/wp\/v2\/posts"}],"about":[{"href":"https:\/\/www.copealcoy.es\/es\/wp-json\/wp\/v2\/types\/post"}],"author":[{"embeddable":true,"href":"https:\/\/www.copealcoy.es\/es\/wp-json\/wp\/v2\/users\/1"}],"replies":[{"embeddable":true,"href":"https:\/\/www.copealcoy.es\/es\/wp-json\/wp\/v2\/comments?post=90629"}],"version-history":[{"count":0,"href":"https:\/\/www.copealcoy.es\/es\/wp-json\/wp\/v2\/posts\/90629\/revisions"}],"wp:featuredmedia":[{"embeddable":true,"href":"https:\/\/www.copealcoy.es\/es\/wp-json\/wp\/v2\/media\/90648"}],"wp:attachment":[{"href":"https:\/\/www.copealcoy.es\/es\/wp-json\/wp\/v2\/media?parent=90629"}],"wp:term":[{"taxonomy":"category","embeddable":true,"href":"https:\/\/www.copealcoy.es\/es\/wp-json\/wp\/v2\/categories?post=90629"},{"taxonomy":"post_tag","embeddable":true,"href":"https:\/\/www.copealcoy.es\/es\/wp-json\/wp\/v2\/tags?post=90629"}],"curies":[{"name":"wp","href":"https:\/\/api.w.org\/{rel}","templated":true}]}}