{"id":90622,"date":"2022-08-13T20:48:43","date_gmt":"2022-08-13T19:48:43","guid":{"rendered":"https:\/\/www.copealcoy.es\/?p=90622"},"modified":"2022-08-26T19:19:54","modified_gmt":"2022-08-26T18:19:54","slug":"miguel-palaci-recuerda-la-batalla-de-alarcos-en-la-capitania-de-los-bequeteros","status":"publish","type":"post","link":"https:\/\/www.copealcoy.es\/es\/miguel-palaci-recuerda-la-batalla-de-alarcos-en-la-capitania-de-los-bequeteros\/","title":{"rendered":"Miguel Palac\u00ed recuerda la Batalla de Alarcos en la Capitan\u00eda de los Bequeteros"},"content":{"rendered":"<p style=\"text-align: justify;\">Con la noche cerrada, y teniendo como tel\u00f3n de fondo <strong>la iluminaci\u00f3n extraordinaria de fiestas<\/strong> que ornamenta el Passeig del Comtat y El Pla, <strong>ha llegado el momento de dar la bienvenida a la Fil\u00e0 Bequeteros<\/strong> que en este 2022 ostenta <strong>el cargo de Capit\u00e1n Moro<\/strong>. El bander\u00edn de la formaci\u00f3n, junto a otras hist\u00f3ricas her\u00e1ldicas, <strong>han abierto una comitiva en la que no han faltado las danzas \u00e1rabes<\/strong> para advertir la llegada del m\u00e1ximo representante de las tropas de la cruz.<\/p>\n<p style=\"text-align: justify;\">Los Bequeteros <strong>quisieron recrear en esta ocasi\u00f3n la Batalla de Alarcos de 1195<\/strong> y el Capit\u00e1n, <strong>Miguel Palac\u00ed<\/strong>, represent\u00f3 <strong>la figura de Ibn Sanadid cruzando el Guadalquivir para entrar triunfalmente en Sevilla<\/strong> de cara a rendir la victoria a su Califa. En el acompa\u00f1amiento destacaron <strong>varios ballets<\/strong>, <strong>un ej\u00e9rcito almohade<\/strong> y <strong>la presencia del m\u00e1ximo representante de las fuerzas de la media luna sobre una carroza<\/strong> en la que tambi\u00e9n estaba su mujer,<strong> Ana Moncunill<\/strong>, como Favorita. Ambos lucieron <strong>un dise\u00f1o de Juan Climent<\/strong> en el que los tonos rojos y rosados fueron los predominantes mientras que estuvieron acompa\u00f1ados por <strong>Roser Cloquell, Mar Palac\u00ed y Biel Cloquell<\/strong> como Rodellas. Los compases de m\u00fasica festera los puso <strong>el Ateneu Musical<\/strong> con la pieza <strong>\u2018Pare Capit\u00e0\u2019<\/strong> creada para este momento por <strong>David Castell\u00f3 Silvestre<\/strong>.<\/p>\n<p style=\"text-align: justify;\">En la Entrada de los Bequeteros <strong>no faltaron sus escuadras dianeras<\/strong>, a los sones del cl\u00e1sico \u2018El Bequetero\u2019 de Gustavo Pascual Falc\u00f3, y ya al final de la puesta en escena el p\u00fablico <strong>disfrut\u00f3 del paso de una Escuadra de Negros de aspecto tribal<\/strong> fiel adem\u00e1s al dise\u00f1o de la Fil\u00e0. La <strong>Societat Uni\u00f3 Musical Art\u00edstica d&#8217;Ontinyent<\/strong> ha interpretado las marchas moras &#8216;Sakasik&#8217; y &#8216;Abenserraig&#8217; de Sa\u00fcl G\u00f3mez i Soler.<\/p>\n<p><a href=\"https:\/\/www.copealcoy.es\/wp-content\/uploads\/2022\/08\/unnamed-24-scaled.jpg\"><img loading=\"lazy\" decoding=\"async\" class=\"alignnone wp-image-90879 size-large\" src=\"https:\/\/www.copealcoy.es\/wp-content\/uploads\/2022\/08\/unnamed-24-980x588.jpg\" alt=\"\" width=\"980\" height=\"588\" \/><\/a><\/p>\n","protected":false},"excerpt":{"rendered":"<p>Con la noche cerrada, y teniendo como tel\u00f3n de fondo la iluminaci\u00f3n extraordinaria de fiestas que ornamenta el Passeig del&#8230;<\/p>\n","protected":false},"author":1,"featured_media":90646,"comment_status":"open","ping_status":"open","sticky":false,"template":"","format":"standard","meta":{"footnotes":""},"categories":[6909,98,75,125],"tags":[1313,132,1987,2001,13044,4488],"class_list":["post-90622","post","type-post","status-publish","format-standard","has-post-thumbnail","hentry","category-actualidad","category-comarcas","category-noticias","category-portada","tag-capitan-moro","tag-cocentaina","tag-entrada","tag-fiestas-de-moros-y-cristianos","tag-miguel-palaci-linares","tag-san-hipolito-martir"],"yoast_head":"<!-- This site is optimized with the Yoast SEO plugin v27.3 - https:\/\/yoast.com\/product\/yoast-seo-wordpress\/ -->\n<title>Miguel Palac\u00ed recuerda la Batalla de Alarcos en la Capitan\u00eda de los Bequeteros - COPE Alcoy<\/title>\n<meta name=\"robots\" content=\"index, follow, max-snippet:-1, max-image-preview:large, max-video-preview:-1\" \/>\n<link rel=\"canonical\" href=\"https:\/\/www.copealcoy.es\/es\/miguel-palaci-recuerda-la-batalla-de-alarcos-en-la-capitania-de-los-bequeteros\/\" \/>\n<meta property=\"og:locale\" content=\"es_ES\" \/>\n<meta property=\"og:type\" content=\"article\" \/>\n<meta property=\"og:title\" content=\"Miguel Palac\u00ed recuerda la Batalla de Alarcos en la Capitan\u00eda de los Bequeteros - COPE Alcoy\" \/>\n<meta property=\"og:description\" content=\"Con la noche cerrada, y teniendo como tel\u00f3n de fondo la iluminaci\u00f3n extraordinaria de fiestas que ornamenta el Passeig del...\" \/>\n<meta property=\"og:url\" content=\"https:\/\/www.copealcoy.es\/es\/miguel-palaci-recuerda-la-batalla-de-alarcos-en-la-capitania-de-los-bequeteros\/\" \/>\n<meta property=\"og:site_name\" content=\"COPE Alcoy\" \/>\n<meta property=\"article:published_time\" content=\"2022-08-13T19:48:43+00:00\" \/>\n<meta property=\"article:modified_time\" content=\"2022-08-26T18:19:54+00:00\" \/>\n<meta property=\"og:image\" content=\"https:\/\/www.copealcoy.es\/wp-content\/uploads\/2022\/08\/84AB9A87-3C6A-4FBE-A041-6CEC01AF696D-scaled.jpeg\" \/>\n\t<meta property=\"og:image:width\" content=\"1440\" \/>\n\t<meta property=\"og:image:height\" content=\"1080\" \/>\n\t<meta property=\"og:image:type\" content=\"image\/jpeg\" \/>\n<meta name=\"author\" content=\"Cope Alcoy\" \/>\n<meta name=\"twitter:label1\" content=\"Escrito por\" \/>\n\t<meta name=\"twitter:data1\" content=\"Cope Alcoy\" \/>\n\t<meta name=\"twitter:label2\" content=\"Tiempo de lectura\" \/>\n\t<meta name=\"twitter:data2\" content=\"2 minutos\" \/>\n<script type=\"application\/ld+json\" class=\"yoast-schema-graph\">{\"@context\":\"https:\\\/\\\/schema.org\",\"@graph\":[{\"@type\":\"Article\",\"@id\":\"https:\\\/\\\/www.copealcoy.es\\\/es\\\/miguel-palaci-recuerda-la-batalla-de-alarcos-en-la-capitania-de-los-bequeteros\\\/#article\",\"isPartOf\":{\"@id\":\"https:\\\/\\\/www.copealcoy.es\\\/es\\\/miguel-palaci-recuerda-la-batalla-de-alarcos-en-la-capitania-de-los-bequeteros\\\/\"},\"author\":{\"name\":\"Cope Alcoy\",\"@id\":\"https:\\\/\\\/www.copealcoy.es\\\/es\\\/#\\\/schema\\\/person\\\/e777c87fa024e57d40170af9df39882c\"},\"headline\":\"Miguel Palac\u00ed recuerda la Batalla de Alarcos en la Capitan\u00eda de los Bequeteros\",\"datePublished\":\"2022-08-13T19:48:43+00:00\",\"dateModified\":\"2022-08-26T18:19:54+00:00\",\"mainEntityOfPage\":{\"@id\":\"https:\\\/\\\/www.copealcoy.es\\\/es\\\/miguel-palaci-recuerda-la-batalla-de-alarcos-en-la-capitania-de-los-bequeteros\\\/\"},\"wordCount\":321,\"commentCount\":0,\"image\":{\"@id\":\"https:\\\/\\\/www.copealcoy.es\\\/es\\\/miguel-palaci-recuerda-la-batalla-de-alarcos-en-la-capitania-de-los-bequeteros\\\/#primaryimage\"},\"thumbnailUrl\":\"https:\\\/\\\/www.copealcoy.es\\\/wp-content\\\/uploads\\\/2022\\\/08\\\/84AB9A87-3C6A-4FBE-A041-6CEC01AF696D-scaled.jpeg\",\"keywords\":[\"capit\u00e1n moro\",\"Cocentaina\",\"Entrada\",\"Fiestas de Moros y Cristianos\",\"Miguel Palac\u00ed Linares\",\"San Hip\u00f3lito M\u00e1rtir\"],\"articleSection\":[\"Actualidad\",\"Comarcas\",\"Noticias\",\"Portada\"],\"inLanguage\":\"es\"},{\"@type\":\"WebPage\",\"@id\":\"https:\\\/\\\/www.copealcoy.es\\\/es\\\/miguel-palaci-recuerda-la-batalla-de-alarcos-en-la-capitania-de-los-bequeteros\\\/\",\"url\":\"https:\\\/\\\/www.copealcoy.es\\\/es\\\/miguel-palaci-recuerda-la-batalla-de-alarcos-en-la-capitania-de-los-bequeteros\\\/\",\"name\":\"Miguel Palac\u00ed recuerda la Batalla de Alarcos en la Capitan\u00eda de los Bequeteros - COPE Alcoy\",\"isPartOf\":{\"@id\":\"https:\\\/\\\/www.copealcoy.es\\\/es\\\/#website\"},\"primaryImageOfPage\":{\"@id\":\"https:\\\/\\\/www.copealcoy.es\\\/es\\\/miguel-palaci-recuerda-la-batalla-de-alarcos-en-la-capitania-de-los-bequeteros\\\/#primaryimage\"},\"image\":{\"@id\":\"https:\\\/\\\/www.copealcoy.es\\\/es\\\/miguel-palaci-recuerda-la-batalla-de-alarcos-en-la-capitania-de-los-bequeteros\\\/#primaryimage\"},\"thumbnailUrl\":\"https:\\\/\\\/www.copealcoy.es\\\/wp-content\\\/uploads\\\/2022\\\/08\\\/84AB9A87-3C6A-4FBE-A041-6CEC01AF696D-scaled.jpeg\",\"datePublished\":\"2022-08-13T19:48:43+00:00\",\"dateModified\":\"2022-08-26T18:19:54+00:00\",\"author\":{\"@id\":\"https:\\\/\\\/www.copealcoy.es\\\/es\\\/#\\\/schema\\\/person\\\/e777c87fa024e57d40170af9df39882c\"},\"breadcrumb\":{\"@id\":\"https:\\\/\\\/www.copealcoy.es\\\/es\\\/miguel-palaci-recuerda-la-batalla-de-alarcos-en-la-capitania-de-los-bequeteros\\\/#breadcrumb\"},\"inLanguage\":\"es\",\"potentialAction\":[{\"@type\":\"ReadAction\",\"target\":[\"https:\\\/\\\/www.copealcoy.es\\\/es\\\/miguel-palaci-recuerda-la-batalla-de-alarcos-en-la-capitania-de-los-bequeteros\\\/\"]}]},{\"@type\":\"ImageObject\",\"inLanguage\":\"es\",\"@id\":\"https:\\\/\\\/www.copealcoy.es\\\/es\\\/miguel-palaci-recuerda-la-batalla-de-alarcos-en-la-capitania-de-los-bequeteros\\\/#primaryimage\",\"url\":\"https:\\\/\\\/www.copealcoy.es\\\/wp-content\\\/uploads\\\/2022\\\/08\\\/84AB9A87-3C6A-4FBE-A041-6CEC01AF696D-scaled.jpeg\",\"contentUrl\":\"https:\\\/\\\/www.copealcoy.es\\\/wp-content\\\/uploads\\\/2022\\\/08\\\/84AB9A87-3C6A-4FBE-A041-6CEC01AF696D-scaled.jpeg\",\"width\":1440,\"height\":1080},{\"@type\":\"BreadcrumbList\",\"@id\":\"https:\\\/\\\/www.copealcoy.es\\\/es\\\/miguel-palaci-recuerda-la-batalla-de-alarcos-en-la-capitania-de-los-bequeteros\\\/#breadcrumb\",\"itemListElement\":[{\"@type\":\"ListItem\",\"position\":1,\"name\":\"Portada\",\"item\":\"https:\\\/\\\/www.copealcoy.es\\\/es\\\/\"},{\"@type\":\"ListItem\",\"position\":2,\"name\":\"Miguel Palac\u00ed recuerda la Batalla de Alarcos en la Capitan\u00eda de los Bequeteros\"}]},{\"@type\":\"WebSite\",\"@id\":\"https:\\\/\\\/www.copealcoy.es\\\/es\\\/#website\",\"url\":\"https:\\\/\\\/www.copealcoy.es\\\/es\\\/\",\"name\":\"COPE Alcoy\",\"description\":\"Emisora COPE de radio local con emisi\u00f3n online. Pont de Sant Jordi 8-10 03803 Alcoy\",\"potentialAction\":[{\"@type\":\"SearchAction\",\"target\":{\"@type\":\"EntryPoint\",\"urlTemplate\":\"https:\\\/\\\/www.copealcoy.es\\\/es\\\/?s={search_term_string}\"},\"query-input\":{\"@type\":\"PropertyValueSpecification\",\"valueRequired\":true,\"valueName\":\"search_term_string\"}}],\"inLanguage\":\"es\"},{\"@type\":\"Person\",\"@id\":\"https:\\\/\\\/www.copealcoy.es\\\/es\\\/#\\\/schema\\\/person\\\/e777c87fa024e57d40170af9df39882c\",\"name\":\"Cope Alcoy\",\"image\":{\"@type\":\"ImageObject\",\"inLanguage\":\"es\",\"@id\":\"https:\\\/\\\/secure.gravatar.com\\\/avatar\\\/bb65d0283347e303893ba14f0692005417c1e0e690a325a4c5d8bb2b3943ee14?s=96&d=mm&r=g\",\"url\":\"https:\\\/\\\/secure.gravatar.com\\\/avatar\\\/bb65d0283347e303893ba14f0692005417c1e0e690a325a4c5d8bb2b3943ee14?s=96&d=mm&r=g\",\"contentUrl\":\"https:\\\/\\\/secure.gravatar.com\\\/avatar\\\/bb65d0283347e303893ba14f0692005417c1e0e690a325a4c5d8bb2b3943ee14?s=96&d=mm&r=g\",\"caption\":\"Cope Alcoy\"}}]}<\/script>\n<!-- \/ Yoast SEO plugin. -->","yoast_head_json":{"title":"Miguel Palac\u00ed recuerda la Batalla de Alarcos en la Capitan\u00eda de los Bequeteros - COPE Alcoy","robots":{"index":"index","follow":"follow","max-snippet":"max-snippet:-1","max-image-preview":"max-image-preview:large","max-video-preview":"max-video-preview:-1"},"canonical":"https:\/\/www.copealcoy.es\/es\/miguel-palaci-recuerda-la-batalla-de-alarcos-en-la-capitania-de-los-bequeteros\/","og_locale":"es_ES","og_type":"article","og_title":"Miguel Palac\u00ed recuerda la Batalla de Alarcos en la Capitan\u00eda de los Bequeteros - COPE Alcoy","og_description":"Con la noche cerrada, y teniendo como tel\u00f3n de fondo la iluminaci\u00f3n extraordinaria de fiestas que ornamenta el Passeig del...","og_url":"https:\/\/www.copealcoy.es\/es\/miguel-palaci-recuerda-la-batalla-de-alarcos-en-la-capitania-de-los-bequeteros\/","og_site_name":"COPE Alcoy","article_published_time":"2022-08-13T19:48:43+00:00","article_modified_time":"2022-08-26T18:19:54+00:00","og_image":[{"width":1440,"height":1080,"url":"https:\/\/www.copealcoy.es\/wp-content\/uploads\/2022\/08\/84AB9A87-3C6A-4FBE-A041-6CEC01AF696D-scaled.jpeg","type":"image\/jpeg"}],"author":"Cope Alcoy","twitter_misc":{"Escrito por":"Cope Alcoy","Tiempo de lectura":"2 minutos"},"schema":{"@context":"https:\/\/schema.org","@graph":[{"@type":"Article","@id":"https:\/\/www.copealcoy.es\/es\/miguel-palaci-recuerda-la-batalla-de-alarcos-en-la-capitania-de-los-bequeteros\/#article","isPartOf":{"@id":"https:\/\/www.copealcoy.es\/es\/miguel-palaci-recuerda-la-batalla-de-alarcos-en-la-capitania-de-los-bequeteros\/"},"author":{"name":"Cope Alcoy","@id":"https:\/\/www.copealcoy.es\/es\/#\/schema\/person\/e777c87fa024e57d40170af9df39882c"},"headline":"Miguel Palac\u00ed recuerda la Batalla de Alarcos en la Capitan\u00eda de los Bequeteros","datePublished":"2022-08-13T19:48:43+00:00","dateModified":"2022-08-26T18:19:54+00:00","mainEntityOfPage":{"@id":"https:\/\/www.copealcoy.es\/es\/miguel-palaci-recuerda-la-batalla-de-alarcos-en-la-capitania-de-los-bequeteros\/"},"wordCount":321,"commentCount":0,"image":{"@id":"https:\/\/www.copealcoy.es\/es\/miguel-palaci-recuerda-la-batalla-de-alarcos-en-la-capitania-de-los-bequeteros\/#primaryimage"},"thumbnailUrl":"https:\/\/www.copealcoy.es\/wp-content\/uploads\/2022\/08\/84AB9A87-3C6A-4FBE-A041-6CEC01AF696D-scaled.jpeg","keywords":["capit\u00e1n moro","Cocentaina","Entrada","Fiestas de Moros y Cristianos","Miguel Palac\u00ed Linares","San Hip\u00f3lito M\u00e1rtir"],"articleSection":["Actualidad","Comarcas","Noticias","Portada"],"inLanguage":"es"},{"@type":"WebPage","@id":"https:\/\/www.copealcoy.es\/es\/miguel-palaci-recuerda-la-batalla-de-alarcos-en-la-capitania-de-los-bequeteros\/","url":"https:\/\/www.copealcoy.es\/es\/miguel-palaci-recuerda-la-batalla-de-alarcos-en-la-capitania-de-los-bequeteros\/","name":"Miguel Palac\u00ed recuerda la Batalla de Alarcos en la Capitan\u00eda de los Bequeteros - COPE Alcoy","isPartOf":{"@id":"https:\/\/www.copealcoy.es\/es\/#website"},"primaryImageOfPage":{"@id":"https:\/\/www.copealcoy.es\/es\/miguel-palaci-recuerda-la-batalla-de-alarcos-en-la-capitania-de-los-bequeteros\/#primaryimage"},"image":{"@id":"https:\/\/www.copealcoy.es\/es\/miguel-palaci-recuerda-la-batalla-de-alarcos-en-la-capitania-de-los-bequeteros\/#primaryimage"},"thumbnailUrl":"https:\/\/www.copealcoy.es\/wp-content\/uploads\/2022\/08\/84AB9A87-3C6A-4FBE-A041-6CEC01AF696D-scaled.jpeg","datePublished":"2022-08-13T19:48:43+00:00","dateModified":"2022-08-26T18:19:54+00:00","author":{"@id":"https:\/\/www.copealcoy.es\/es\/#\/schema\/person\/e777c87fa024e57d40170af9df39882c"},"breadcrumb":{"@id":"https:\/\/www.copealcoy.es\/es\/miguel-palaci-recuerda-la-batalla-de-alarcos-en-la-capitania-de-los-bequeteros\/#breadcrumb"},"inLanguage":"es","potentialAction":[{"@type":"ReadAction","target":["https:\/\/www.copealcoy.es\/es\/miguel-palaci-recuerda-la-batalla-de-alarcos-en-la-capitania-de-los-bequeteros\/"]}]},{"@type":"ImageObject","inLanguage":"es","@id":"https:\/\/www.copealcoy.es\/es\/miguel-palaci-recuerda-la-batalla-de-alarcos-en-la-capitania-de-los-bequeteros\/#primaryimage","url":"https:\/\/www.copealcoy.es\/wp-content\/uploads\/2022\/08\/84AB9A87-3C6A-4FBE-A041-6CEC01AF696D-scaled.jpeg","contentUrl":"https:\/\/www.copealcoy.es\/wp-content\/uploads\/2022\/08\/84AB9A87-3C6A-4FBE-A041-6CEC01AF696D-scaled.jpeg","width":1440,"height":1080},{"@type":"BreadcrumbList","@id":"https:\/\/www.copealcoy.es\/es\/miguel-palaci-recuerda-la-batalla-de-alarcos-en-la-capitania-de-los-bequeteros\/#breadcrumb","itemListElement":[{"@type":"ListItem","position":1,"name":"Portada","item":"https:\/\/www.copealcoy.es\/es\/"},{"@type":"ListItem","position":2,"name":"Miguel Palac\u00ed recuerda la Batalla de Alarcos en la Capitan\u00eda de los Bequeteros"}]},{"@type":"WebSite","@id":"https:\/\/www.copealcoy.es\/es\/#website","url":"https:\/\/www.copealcoy.es\/es\/","name":"COPE Alcoy","description":"Emisora COPE de radio local con emisi\u00f3n online. Pont de Sant Jordi 8-10 03803 Alcoy","potentialAction":[{"@type":"SearchAction","target":{"@type":"EntryPoint","urlTemplate":"https:\/\/www.copealcoy.es\/es\/?s={search_term_string}"},"query-input":{"@type":"PropertyValueSpecification","valueRequired":true,"valueName":"search_term_string"}}],"inLanguage":"es"},{"@type":"Person","@id":"https:\/\/www.copealcoy.es\/es\/#\/schema\/person\/e777c87fa024e57d40170af9df39882c","name":"Cope Alcoy","image":{"@type":"ImageObject","inLanguage":"es","@id":"https:\/\/secure.gravatar.com\/avatar\/bb65d0283347e303893ba14f0692005417c1e0e690a325a4c5d8bb2b3943ee14?s=96&d=mm&r=g","url":"https:\/\/secure.gravatar.com\/avatar\/bb65d0283347e303893ba14f0692005417c1e0e690a325a4c5d8bb2b3943ee14?s=96&d=mm&r=g","contentUrl":"https:\/\/secure.gravatar.com\/avatar\/bb65d0283347e303893ba14f0692005417c1e0e690a325a4c5d8bb2b3943ee14?s=96&d=mm&r=g","caption":"Cope Alcoy"}}]}},"_links":{"self":[{"href":"https:\/\/www.copealcoy.es\/es\/wp-json\/wp\/v2\/posts\/90622","targetHints":{"allow":["GET"]}}],"collection":[{"href":"https:\/\/www.copealcoy.es\/es\/wp-json\/wp\/v2\/posts"}],"about":[{"href":"https:\/\/www.copealcoy.es\/es\/wp-json\/wp\/v2\/types\/post"}],"author":[{"embeddable":true,"href":"https:\/\/www.copealcoy.es\/es\/wp-json\/wp\/v2\/users\/1"}],"replies":[{"embeddable":true,"href":"https:\/\/www.copealcoy.es\/es\/wp-json\/wp\/v2\/comments?post=90622"}],"version-history":[{"count":0,"href":"https:\/\/www.copealcoy.es\/es\/wp-json\/wp\/v2\/posts\/90622\/revisions"}],"wp:featuredmedia":[{"embeddable":true,"href":"https:\/\/www.copealcoy.es\/es\/wp-json\/wp\/v2\/media\/90646"}],"wp:attachment":[{"href":"https:\/\/www.copealcoy.es\/es\/wp-json\/wp\/v2\/media?parent=90622"}],"wp:term":[{"taxonomy":"category","embeddable":true,"href":"https:\/\/www.copealcoy.es\/es\/wp-json\/wp\/v2\/categories?post=90622"},{"taxonomy":"post_tag","embeddable":true,"href":"https:\/\/www.copealcoy.es\/es\/wp-json\/wp\/v2\/tags?post=90622"}],"curies":[{"name":"wp","href":"https:\/\/api.w.org\/{rel}","templated":true}]}}