{"id":90620,"date":"2022-08-13T19:00:28","date_gmt":"2022-08-13T18:00:28","guid":{"rendered":"https:\/\/www.copealcoy.es\/?p=90620"},"modified":"2022-08-26T18:48:13","modified_gmt":"2022-08-26T17:48:13","slug":"moises-gil-un-guerrero-abanderado-para-guiar-a-los-almogavares","status":"publish","type":"post","link":"https:\/\/www.copealcoy.es\/es\/moises-gil-un-guerrero-abanderado-para-guiar-a-los-almogavares\/","title":{"rendered":"Mois\u00e9s Gil, un guerrero abanderado para guiar a los Almog\u00e1vares"},"content":{"rendered":"<p style=\"text-align: justify;\">La <strong>Entrada Cristiana de Cocentaina<\/strong> ha llegado a su ecuador con <strong>el paso de la Fil\u00e0 Almog\u00e1vares<\/strong>, formaci\u00f3n que <strong>ostenta el cargo de Abanderado<\/strong> en <strong>la persona de Mois\u00e9s Gil Igual<\/strong>. El bander\u00edn de la Fil\u00e0 ha dado paso a <strong>la &#8216;Escuadra Salvajes&#8217; de Villena<\/strong>, la cual ha despertado enorme expectaci\u00f3n a su paso por el Passeig del Comtat materializ\u00e1ndose en fuertes aplausos durante el trayecto.<\/p>\n<p style=\"text-align: justify;\">El Embajador Cristiano, <strong>David Pascual Bonet<\/strong>, ha arropado al portador de la bandera y tras ellos vimos un boato el que los Almog\u00e1vares narraron el periodo de la historia en el que, gracias a sus gestas, <strong>consiguieron en torno a 1370 que la bandera con el \u00e1guila de la Corona de Arag\u00f3n ondeara en lo m\u00e1s alto del Parten\u00f3n de Atenas<\/strong>. <strong>Danzas, esculturas m\u00f3viles, caballeros y damas<\/strong> advirtieron la llegada de <strong>Mois\u00e9s Gil<\/strong>, el Abanderado Cristiano, luciendo <strong>un dise\u00f1o de tonos blancos y azules<\/strong> ideado por \u00e9l. Junto al protagonista, como Favorita, <strong>su esposa Rosanna Bernab\u00e9u<\/strong> as\u00ed como <strong>Anna Gil, Mois\u00e9s Gil y Alicia Lucas<\/strong> como Rodellas. La <strong>Escuadra de Negros<\/strong>, con cueros, metales y <strong>una referencia al emblema de Arag\u00f3n<\/strong> culminaron este acompa\u00f1amiento que fue recibido en El Pla con <strong>lluvia en forma de barro e incluso tormenta el\u00e9ctrica<\/strong>. Afortunadamente <strong>todo qued\u00f3 en un peque\u00f1o susto<\/strong>.<\/p>\n<p style=\"text-align: justify;\">En el desfile el p\u00fablico tambi\u00e9n <strong>aplaudi\u00f3 el paso del resto de las tropas cristianas<\/strong>: <strong>Cavalleria Ministerial, Maseros, Cruzados, Gentils, Cavallers de Ll\u00faria y Contestanos<\/strong>.<\/p>\n<p><a href=\"https:\/\/www.copealcoy.es\/wp-content\/uploads\/2022\/08\/unnamed-23-scaled.jpg\"><img loading=\"lazy\" decoding=\"async\" class=\"alignnone wp-image-90876 size-large\" src=\"https:\/\/www.copealcoy.es\/wp-content\/uploads\/2022\/08\/unnamed-23-980x588.jpg\" alt=\"\" width=\"980\" height=\"588\" \/><\/a><\/p>\n","protected":false},"excerpt":{"rendered":"<p>La Entrada Cristiana de Cocentaina ha llegado a su ecuador con el paso de la Fil\u00e0 Almog\u00e1vares, formaci\u00f3n que ostenta&#8230;<\/p>\n","protected":false},"author":1,"featured_media":90645,"comment_status":"open","ping_status":"open","sticky":false,"template":"","format":"standard","meta":{"footnotes":""},"categories":[6909,98,75,125,1],"tags":[13053,132,1987,2001,13054,4488],"class_list":["post-90620","post","type-post","status-publish","format-standard","has-post-thumbnail","hentry","category-actualidad","category-comarcas","category-noticias","category-portada","category-sin-categorizar","tag-abanderado-cristino","tag-cocentaina","tag-entrada","tag-fiestas-de-moros-y-cristianos","tag-moises-gil-igual","tag-san-hipolito-martir"],"yoast_head":"<!-- This site is optimized with the Yoast SEO plugin v27.3 - https:\/\/yoast.com\/product\/yoast-seo-wordpress\/ -->\n<title>Mois\u00e9s Gil, un guerrero abanderado para guiar a los Almog\u00e1vares - COPE Alcoy<\/title>\n<meta name=\"robots\" content=\"index, follow, max-snippet:-1, max-image-preview:large, max-video-preview:-1\" \/>\n<link rel=\"canonical\" href=\"https:\/\/www.copealcoy.es\/es\/moises-gil-un-guerrero-abanderado-para-guiar-a-los-almogavares\/\" \/>\n<meta property=\"og:locale\" content=\"es_ES\" \/>\n<meta property=\"og:type\" content=\"article\" \/>\n<meta property=\"og:title\" content=\"Mois\u00e9s Gil, un guerrero abanderado para guiar a los Almog\u00e1vares - COPE Alcoy\" \/>\n<meta property=\"og:description\" content=\"La Entrada Cristiana de Cocentaina ha llegado a su ecuador con el paso de la Fil\u00e0 Almog\u00e1vares, formaci\u00f3n que ostenta...\" \/>\n<meta property=\"og:url\" content=\"https:\/\/www.copealcoy.es\/es\/moises-gil-un-guerrero-abanderado-para-guiar-a-los-almogavares\/\" \/>\n<meta property=\"og:site_name\" content=\"COPE Alcoy\" \/>\n<meta property=\"article:published_time\" content=\"2022-08-13T18:00:28+00:00\" \/>\n<meta property=\"article:modified_time\" content=\"2022-08-26T17:48:13+00:00\" \/>\n<meta property=\"og:image\" content=\"https:\/\/www.copealcoy.es\/wp-content\/uploads\/2022\/08\/550F63D6-BA55-411A-9753-42D0076EFA27-scaled.jpeg\" \/>\n\t<meta property=\"og:image:width\" content=\"1570\" \/>\n\t<meta property=\"og:image:height\" content=\"1080\" \/>\n\t<meta property=\"og:image:type\" content=\"image\/jpeg\" \/>\n<meta name=\"author\" content=\"Cope Alcoy\" \/>\n<meta name=\"twitter:label1\" content=\"Escrito por\" \/>\n\t<meta name=\"twitter:data1\" content=\"Cope Alcoy\" \/>\n\t<meta name=\"twitter:label2\" content=\"Tiempo de lectura\" \/>\n\t<meta name=\"twitter:data2\" content=\"2 minutos\" \/>\n<script type=\"application\/ld+json\" class=\"yoast-schema-graph\">{\"@context\":\"https:\\\/\\\/schema.org\",\"@graph\":[{\"@type\":\"Article\",\"@id\":\"https:\\\/\\\/www.copealcoy.es\\\/es\\\/moises-gil-un-guerrero-abanderado-para-guiar-a-los-almogavares\\\/#article\",\"isPartOf\":{\"@id\":\"https:\\\/\\\/www.copealcoy.es\\\/es\\\/moises-gil-un-guerrero-abanderado-para-guiar-a-los-almogavares\\\/\"},\"author\":{\"name\":\"Cope Alcoy\",\"@id\":\"https:\\\/\\\/www.copealcoy.es\\\/es\\\/#\\\/schema\\\/person\\\/e777c87fa024e57d40170af9df39882c\"},\"headline\":\"Mois\u00e9s Gil, un guerrero abanderado para guiar a los Almog\u00e1vares\",\"datePublished\":\"2022-08-13T18:00:28+00:00\",\"dateModified\":\"2022-08-26T17:48:13+00:00\",\"mainEntityOfPage\":{\"@id\":\"https:\\\/\\\/www.copealcoy.es\\\/es\\\/moises-gil-un-guerrero-abanderado-para-guiar-a-los-almogavares\\\/\"},\"wordCount\":271,\"commentCount\":0,\"image\":{\"@id\":\"https:\\\/\\\/www.copealcoy.es\\\/es\\\/moises-gil-un-guerrero-abanderado-para-guiar-a-los-almogavares\\\/#primaryimage\"},\"thumbnailUrl\":\"https:\\\/\\\/www.copealcoy.es\\\/wp-content\\\/uploads\\\/2022\\\/08\\\/550F63D6-BA55-411A-9753-42D0076EFA27-scaled.jpeg\",\"keywords\":[\"Abanderado Cristino\",\"Cocentaina\",\"Entrada\",\"Fiestas de Moros y Cristianos\",\"Mois\u00e9s Gil Igual\",\"San Hip\u00f3lito M\u00e1rtir\"],\"articleSection\":[\"Actualidad\",\"Comarcas\",\"Noticias\",\"Portada\",\"Sin categorizar\"],\"inLanguage\":\"es\"},{\"@type\":\"WebPage\",\"@id\":\"https:\\\/\\\/www.copealcoy.es\\\/es\\\/moises-gil-un-guerrero-abanderado-para-guiar-a-los-almogavares\\\/\",\"url\":\"https:\\\/\\\/www.copealcoy.es\\\/es\\\/moises-gil-un-guerrero-abanderado-para-guiar-a-los-almogavares\\\/\",\"name\":\"Mois\u00e9s Gil, un guerrero abanderado para guiar a los Almog\u00e1vares - COPE Alcoy\",\"isPartOf\":{\"@id\":\"https:\\\/\\\/www.copealcoy.es\\\/es\\\/#website\"},\"primaryImageOfPage\":{\"@id\":\"https:\\\/\\\/www.copealcoy.es\\\/es\\\/moises-gil-un-guerrero-abanderado-para-guiar-a-los-almogavares\\\/#primaryimage\"},\"image\":{\"@id\":\"https:\\\/\\\/www.copealcoy.es\\\/es\\\/moises-gil-un-guerrero-abanderado-para-guiar-a-los-almogavares\\\/#primaryimage\"},\"thumbnailUrl\":\"https:\\\/\\\/www.copealcoy.es\\\/wp-content\\\/uploads\\\/2022\\\/08\\\/550F63D6-BA55-411A-9753-42D0076EFA27-scaled.jpeg\",\"datePublished\":\"2022-08-13T18:00:28+00:00\",\"dateModified\":\"2022-08-26T17:48:13+00:00\",\"author\":{\"@id\":\"https:\\\/\\\/www.copealcoy.es\\\/es\\\/#\\\/schema\\\/person\\\/e777c87fa024e57d40170af9df39882c\"},\"breadcrumb\":{\"@id\":\"https:\\\/\\\/www.copealcoy.es\\\/es\\\/moises-gil-un-guerrero-abanderado-para-guiar-a-los-almogavares\\\/#breadcrumb\"},\"inLanguage\":\"es\",\"potentialAction\":[{\"@type\":\"ReadAction\",\"target\":[\"https:\\\/\\\/www.copealcoy.es\\\/es\\\/moises-gil-un-guerrero-abanderado-para-guiar-a-los-almogavares\\\/\"]}]},{\"@type\":\"ImageObject\",\"inLanguage\":\"es\",\"@id\":\"https:\\\/\\\/www.copealcoy.es\\\/es\\\/moises-gil-un-guerrero-abanderado-para-guiar-a-los-almogavares\\\/#primaryimage\",\"url\":\"https:\\\/\\\/www.copealcoy.es\\\/wp-content\\\/uploads\\\/2022\\\/08\\\/550F63D6-BA55-411A-9753-42D0076EFA27-scaled.jpeg\",\"contentUrl\":\"https:\\\/\\\/www.copealcoy.es\\\/wp-content\\\/uploads\\\/2022\\\/08\\\/550F63D6-BA55-411A-9753-42D0076EFA27-scaled.jpeg\",\"width\":1570,\"height\":1080},{\"@type\":\"BreadcrumbList\",\"@id\":\"https:\\\/\\\/www.copealcoy.es\\\/es\\\/moises-gil-un-guerrero-abanderado-para-guiar-a-los-almogavares\\\/#breadcrumb\",\"itemListElement\":[{\"@type\":\"ListItem\",\"position\":1,\"name\":\"Portada\",\"item\":\"https:\\\/\\\/www.copealcoy.es\\\/es\\\/\"},{\"@type\":\"ListItem\",\"position\":2,\"name\":\"Mois\u00e9s Gil, un guerrero abanderado para guiar a los Almog\u00e1vares\"}]},{\"@type\":\"WebSite\",\"@id\":\"https:\\\/\\\/www.copealcoy.es\\\/es\\\/#website\",\"url\":\"https:\\\/\\\/www.copealcoy.es\\\/es\\\/\",\"name\":\"COPE Alcoy\",\"description\":\"Emisora COPE de radio local con emisi\u00f3n online. Pont de Sant Jordi 8-10 03803 Alcoy\",\"potentialAction\":[{\"@type\":\"SearchAction\",\"target\":{\"@type\":\"EntryPoint\",\"urlTemplate\":\"https:\\\/\\\/www.copealcoy.es\\\/es\\\/?s={search_term_string}\"},\"query-input\":{\"@type\":\"PropertyValueSpecification\",\"valueRequired\":true,\"valueName\":\"search_term_string\"}}],\"inLanguage\":\"es\"},{\"@type\":\"Person\",\"@id\":\"https:\\\/\\\/www.copealcoy.es\\\/es\\\/#\\\/schema\\\/person\\\/e777c87fa024e57d40170af9df39882c\",\"name\":\"Cope Alcoy\",\"image\":{\"@type\":\"ImageObject\",\"inLanguage\":\"es\",\"@id\":\"https:\\\/\\\/secure.gravatar.com\\\/avatar\\\/bb65d0283347e303893ba14f0692005417c1e0e690a325a4c5d8bb2b3943ee14?s=96&d=mm&r=g\",\"url\":\"https:\\\/\\\/secure.gravatar.com\\\/avatar\\\/bb65d0283347e303893ba14f0692005417c1e0e690a325a4c5d8bb2b3943ee14?s=96&d=mm&r=g\",\"contentUrl\":\"https:\\\/\\\/secure.gravatar.com\\\/avatar\\\/bb65d0283347e303893ba14f0692005417c1e0e690a325a4c5d8bb2b3943ee14?s=96&d=mm&r=g\",\"caption\":\"Cope Alcoy\"}}]}<\/script>\n<!-- \/ Yoast SEO plugin. -->","yoast_head_json":{"title":"Mois\u00e9s Gil, un guerrero abanderado para guiar a los Almog\u00e1vares - COPE Alcoy","robots":{"index":"index","follow":"follow","max-snippet":"max-snippet:-1","max-image-preview":"max-image-preview:large","max-video-preview":"max-video-preview:-1"},"canonical":"https:\/\/www.copealcoy.es\/es\/moises-gil-un-guerrero-abanderado-para-guiar-a-los-almogavares\/","og_locale":"es_ES","og_type":"article","og_title":"Mois\u00e9s Gil, un guerrero abanderado para guiar a los Almog\u00e1vares - COPE Alcoy","og_description":"La Entrada Cristiana de Cocentaina ha llegado a su ecuador con el paso de la Fil\u00e0 Almog\u00e1vares, formaci\u00f3n que ostenta...","og_url":"https:\/\/www.copealcoy.es\/es\/moises-gil-un-guerrero-abanderado-para-guiar-a-los-almogavares\/","og_site_name":"COPE Alcoy","article_published_time":"2022-08-13T18:00:28+00:00","article_modified_time":"2022-08-26T17:48:13+00:00","og_image":[{"width":1570,"height":1080,"url":"https:\/\/www.copealcoy.es\/wp-content\/uploads\/2022\/08\/550F63D6-BA55-411A-9753-42D0076EFA27-scaled.jpeg","type":"image\/jpeg"}],"author":"Cope Alcoy","twitter_misc":{"Escrito por":"Cope Alcoy","Tiempo de lectura":"2 minutos"},"schema":{"@context":"https:\/\/schema.org","@graph":[{"@type":"Article","@id":"https:\/\/www.copealcoy.es\/es\/moises-gil-un-guerrero-abanderado-para-guiar-a-los-almogavares\/#article","isPartOf":{"@id":"https:\/\/www.copealcoy.es\/es\/moises-gil-un-guerrero-abanderado-para-guiar-a-los-almogavares\/"},"author":{"name":"Cope Alcoy","@id":"https:\/\/www.copealcoy.es\/es\/#\/schema\/person\/e777c87fa024e57d40170af9df39882c"},"headline":"Mois\u00e9s Gil, un guerrero abanderado para guiar a los Almog\u00e1vares","datePublished":"2022-08-13T18:00:28+00:00","dateModified":"2022-08-26T17:48:13+00:00","mainEntityOfPage":{"@id":"https:\/\/www.copealcoy.es\/es\/moises-gil-un-guerrero-abanderado-para-guiar-a-los-almogavares\/"},"wordCount":271,"commentCount":0,"image":{"@id":"https:\/\/www.copealcoy.es\/es\/moises-gil-un-guerrero-abanderado-para-guiar-a-los-almogavares\/#primaryimage"},"thumbnailUrl":"https:\/\/www.copealcoy.es\/wp-content\/uploads\/2022\/08\/550F63D6-BA55-411A-9753-42D0076EFA27-scaled.jpeg","keywords":["Abanderado Cristino","Cocentaina","Entrada","Fiestas de Moros y Cristianos","Mois\u00e9s Gil Igual","San Hip\u00f3lito M\u00e1rtir"],"articleSection":["Actualidad","Comarcas","Noticias","Portada","Sin categorizar"],"inLanguage":"es"},{"@type":"WebPage","@id":"https:\/\/www.copealcoy.es\/es\/moises-gil-un-guerrero-abanderado-para-guiar-a-los-almogavares\/","url":"https:\/\/www.copealcoy.es\/es\/moises-gil-un-guerrero-abanderado-para-guiar-a-los-almogavares\/","name":"Mois\u00e9s Gil, un guerrero abanderado para guiar a los Almog\u00e1vares - COPE Alcoy","isPartOf":{"@id":"https:\/\/www.copealcoy.es\/es\/#website"},"primaryImageOfPage":{"@id":"https:\/\/www.copealcoy.es\/es\/moises-gil-un-guerrero-abanderado-para-guiar-a-los-almogavares\/#primaryimage"},"image":{"@id":"https:\/\/www.copealcoy.es\/es\/moises-gil-un-guerrero-abanderado-para-guiar-a-los-almogavares\/#primaryimage"},"thumbnailUrl":"https:\/\/www.copealcoy.es\/wp-content\/uploads\/2022\/08\/550F63D6-BA55-411A-9753-42D0076EFA27-scaled.jpeg","datePublished":"2022-08-13T18:00:28+00:00","dateModified":"2022-08-26T17:48:13+00:00","author":{"@id":"https:\/\/www.copealcoy.es\/es\/#\/schema\/person\/e777c87fa024e57d40170af9df39882c"},"breadcrumb":{"@id":"https:\/\/www.copealcoy.es\/es\/moises-gil-un-guerrero-abanderado-para-guiar-a-los-almogavares\/#breadcrumb"},"inLanguage":"es","potentialAction":[{"@type":"ReadAction","target":["https:\/\/www.copealcoy.es\/es\/moises-gil-un-guerrero-abanderado-para-guiar-a-los-almogavares\/"]}]},{"@type":"ImageObject","inLanguage":"es","@id":"https:\/\/www.copealcoy.es\/es\/moises-gil-un-guerrero-abanderado-para-guiar-a-los-almogavares\/#primaryimage","url":"https:\/\/www.copealcoy.es\/wp-content\/uploads\/2022\/08\/550F63D6-BA55-411A-9753-42D0076EFA27-scaled.jpeg","contentUrl":"https:\/\/www.copealcoy.es\/wp-content\/uploads\/2022\/08\/550F63D6-BA55-411A-9753-42D0076EFA27-scaled.jpeg","width":1570,"height":1080},{"@type":"BreadcrumbList","@id":"https:\/\/www.copealcoy.es\/es\/moises-gil-un-guerrero-abanderado-para-guiar-a-los-almogavares\/#breadcrumb","itemListElement":[{"@type":"ListItem","position":1,"name":"Portada","item":"https:\/\/www.copealcoy.es\/es\/"},{"@type":"ListItem","position":2,"name":"Mois\u00e9s Gil, un guerrero abanderado para guiar a los Almog\u00e1vares"}]},{"@type":"WebSite","@id":"https:\/\/www.copealcoy.es\/es\/#website","url":"https:\/\/www.copealcoy.es\/es\/","name":"COPE Alcoy","description":"Emisora COPE de radio local con emisi\u00f3n online. Pont de Sant Jordi 8-10 03803 Alcoy","potentialAction":[{"@type":"SearchAction","target":{"@type":"EntryPoint","urlTemplate":"https:\/\/www.copealcoy.es\/es\/?s={search_term_string}"},"query-input":{"@type":"PropertyValueSpecification","valueRequired":true,"valueName":"search_term_string"}}],"inLanguage":"es"},{"@type":"Person","@id":"https:\/\/www.copealcoy.es\/es\/#\/schema\/person\/e777c87fa024e57d40170af9df39882c","name":"Cope Alcoy","image":{"@type":"ImageObject","inLanguage":"es","@id":"https:\/\/secure.gravatar.com\/avatar\/bb65d0283347e303893ba14f0692005417c1e0e690a325a4c5d8bb2b3943ee14?s=96&d=mm&r=g","url":"https:\/\/secure.gravatar.com\/avatar\/bb65d0283347e303893ba14f0692005417c1e0e690a325a4c5d8bb2b3943ee14?s=96&d=mm&r=g","contentUrl":"https:\/\/secure.gravatar.com\/avatar\/bb65d0283347e303893ba14f0692005417c1e0e690a325a4c5d8bb2b3943ee14?s=96&d=mm&r=g","caption":"Cope Alcoy"}}]}},"_links":{"self":[{"href":"https:\/\/www.copealcoy.es\/es\/wp-json\/wp\/v2\/posts\/90620","targetHints":{"allow":["GET"]}}],"collection":[{"href":"https:\/\/www.copealcoy.es\/es\/wp-json\/wp\/v2\/posts"}],"about":[{"href":"https:\/\/www.copealcoy.es\/es\/wp-json\/wp\/v2\/types\/post"}],"author":[{"embeddable":true,"href":"https:\/\/www.copealcoy.es\/es\/wp-json\/wp\/v2\/users\/1"}],"replies":[{"embeddable":true,"href":"https:\/\/www.copealcoy.es\/es\/wp-json\/wp\/v2\/comments?post=90620"}],"version-history":[{"count":0,"href":"https:\/\/www.copealcoy.es\/es\/wp-json\/wp\/v2\/posts\/90620\/revisions"}],"wp:featuredmedia":[{"embeddable":true,"href":"https:\/\/www.copealcoy.es\/es\/wp-json\/wp\/v2\/media\/90645"}],"wp:attachment":[{"href":"https:\/\/www.copealcoy.es\/es\/wp-json\/wp\/v2\/media?parent=90620"}],"wp:term":[{"taxonomy":"category","embeddable":true,"href":"https:\/\/www.copealcoy.es\/es\/wp-json\/wp\/v2\/categories?post=90620"},{"taxonomy":"post_tag","embeddable":true,"href":"https:\/\/www.copealcoy.es\/es\/wp-json\/wp\/v2\/tags?post=90620"}],"curies":[{"name":"wp","href":"https:\/\/api.w.org\/{rel}","templated":true}]}}