{"id":90599,"date":"2022-08-12T20:58:55","date_gmt":"2022-08-12T19:58:55","guid":{"rendered":"https:\/\/www.copealcoy.es\/?p=90599"},"modified":"2022-09-10T21:57:27","modified_gmt":"2022-09-10T20:57:27","slug":"saul-gomez-i-soler-hace-vibrar-a-cocentaina-en-el-renacer-de-la-festa","status":"publish","type":"post","link":"https:\/\/www.copealcoy.es\/es\/saul-gomez-i-soler-hace-vibrar-a-cocentaina-en-el-renacer-de-la-festa\/","title":{"rendered":"Sa\u00fcl G\u00f3mez i Soler hace vibrar a Cocentaina en el renacer de la Festa"},"content":{"rendered":"<p style=\"text-align: justify;\">Cocentaina <strong>ya disfruta de sus esperadas Fiestas de Moros y Cristianos en honor a San Hip\u00f3lito M\u00e1rtir<\/strong> tras <strong>casi tres a\u00f1os de ausencia<\/strong> a causa de la pandemia de la Covid-19. La <strong>interpretaci\u00f3n del Himno de Fiestas<\/strong> ha marcado en la calurosa tarde de este viernes 12 de agosto <strong>el inicio de una trilog\u00eda que esperan con gran ilusi\u00f3n<\/strong> tanto los festeros como los vecinos de la capital del Comtat as\u00ed como visitantes.<\/p>\n<p style=\"text-align: justify;\">Pasadas las siete de la tarde <strong>comenzaron a desfilar todas las Filaes desde la parte alta del Passeig del Comtat<\/strong>, acompa\u00f1adas de sus respectivas bandas de m\u00fasica, hasta legar al Pla. All\u00ed el Presidente de la Junta de Festes, <strong>Juan Francisco Masanet<\/strong>, y la alcaldesa, <strong>Mireia Estepa<\/strong>; arengaron a p\u00fablico y festeros con <strong>unas palabras de motivaci\u00f3n<\/strong> en las que <strong>animaban a todo el pueblo a disfrutar de unas Fiestas de Moros y Cristianos que se han hecho esperar demasiado en el tiempo<\/strong>. Seguidamente <strong>hicieron entrega de la batuta al compositor y m\u00fasico d\u2019Ontinyent Sa\u00fcl G\u00f3mez i Soler<\/strong> para que desde a pie de plaza <strong>dirigiera un Himno cuya letra cre\u00f3 en su d\u00eda el poeta Gerard Mur i P\u00e9rez y a la que Jos\u00e9 Insa Mart\u00ednez le puso m\u00fasica<\/strong>. El ritual sigui\u00f3 su curso y el director, una vez situado sobre la tarima preparada para la ocasi\u00f3n, <strong>alz\u00f3 la batuta y comenz\u00f3 a guiar a las formaciones musicales que en este 2022 se encargaron de interpretar la pieza<\/strong>. Esta \u00faltima funci\u00f3n la desempe\u00f1aron <strong>la Colla Mal Passet y la Uni\u00f3n Musical Contestana<\/strong>\u00a0junto a las bandas que acompa\u00f1an a las cuatro Filaes de cargo: <strong>Banda Primitiva de Palomar (Fil\u00e0 Contrabandistas), Uni\u00f3 Musical Atzeneta d\u2019Albaida (Fil\u00e0 Almog\u00e0vers), Agrupaci\u00f3 Art\u00edstica Musical d\u2019Alcoi (Fil\u00e0 Bequeteros) y la SIM de Benig\u00e0nim (Fil\u00e0 Mud\u00e9jares)<\/strong>.<\/p>\n<p style=\"text-align: justify;\">Los compases finales se entremezclaron con <strong>enormes aplausos, el disparo de una sonora traca y la gran euforia que invadi\u00f3 los muros del hist\u00f3rico Palau Comtal<\/strong> \u201c<em>ha sido incre\u00edble porque para m\u00ed Cocentaina significa mucho. De aqu\u00ed procede la familia de mi madre y es tambi\u00e9n aqu\u00ed donde dirig\u00ed por primera una marcha mora como director invitado en un Concierto de Fiestas. Ahora he tenido oportunidad de guiar a esta gran coral y he sentido las ganas que ten\u00edamos todos de cantar o tocar el Himno porque supon\u00eda abrir las puertas de unas Fiestas que hemos estado esperando tres a\u00f1os a que llegaran. Estoy muy contento y doy las gracias a todos los que han hecho posible que dese<strong>mpe\u00f1ara esta responsabilidad, en la que es mi segunda casa<\/strong><\/em><strong>\u201d,<\/strong> manifest\u00f3 el propio Sa\u00fcl G\u00f3mez i Soler tras finalizar la interpretaci\u00f3n del Himno de Fiestas.<\/p>\n<p>As\u00ed <strong>ha sido el m\u00e1gico momento<\/strong> de la interpretaci\u00f3n del Himno de Fiestas:<\/p>\n<p><iframe loading=\"lazy\" title=\"Interpretaci\u00f3n del Himno de Fiestas de Cocentaina 2022 dirigido por Sa\u00fcl G\u00f3mez i Soler\" width=\"1200\" height=\"675\" src=\"https:\/\/www.youtube.com\/embed\/x9fSZO2RHR8?feature=oembed\" frameborder=\"0\" allow=\"accelerometer; autoplay; clipboard-write; encrypted-media; gyroscope; picture-in-picture\" allowfullscreen><\/iframe><\/p>\n<p style=\"text-align: justify;\">\nCOPE ALCOY tambi\u00e9n ha estado presente en <strong>el arranque de las Fiestas de Cocentaina<\/strong> y esto es lo que <strong>nos han contado <\/strong>la alcaldesa, el edil de Fiestas, el Presidente de la Junta de Festes, los cuatro cargos festeros y el propio Director del Himno:<\/p>\n<audio class=\"wp-audio-shortcode\" id=\"audio-90599-1\" preload=\"none\" style=\"width: 100%;\" controls=\"controls\"><source type=\"audio\/mpeg\" src=\"https:\/\/www.copealcoy.es\/wp-content\/uploads\/2022\/08\/AUDIO-ALCALDESA.mp3?_=1\" \/><a href=\"https:\/\/www.copealcoy.es\/wp-content\/uploads\/2022\/08\/AUDIO-ALCALDESA.mp3\">https:\/\/www.copealcoy.es\/wp-content\/uploads\/2022\/08\/AUDIO-ALCALDESA.mp3<\/a><\/audio>\n<audio class=\"wp-audio-shortcode\" id=\"audio-90599-2\" preload=\"none\" style=\"width: 100%;\" controls=\"controls\"><source type=\"audio\/mpeg\" src=\"https:\/\/www.copealcoy.es\/wp-content\/uploads\/2022\/08\/AUDIO-REGIDOR-DE-FESTES.mp3?_=2\" \/><a href=\"https:\/\/www.copealcoy.es\/wp-content\/uploads\/2022\/08\/AUDIO-REGIDOR-DE-FESTES.mp3\">https:\/\/www.copealcoy.es\/wp-content\/uploads\/2022\/08\/AUDIO-REGIDOR-DE-FESTES.mp3<\/a><\/audio>\n<audio class=\"wp-audio-shortcode\" id=\"audio-90599-3\" preload=\"none\" style=\"width: 100%;\" controls=\"controls\"><source type=\"audio\/mpeg\" src=\"https:\/\/www.copealcoy.es\/wp-content\/uploads\/2022\/08\/AUDIO-PRESIDENT-JUNTA-DE-FESTES.mp3?_=3\" \/><a href=\"https:\/\/www.copealcoy.es\/wp-content\/uploads\/2022\/08\/AUDIO-PRESIDENT-JUNTA-DE-FESTES.mp3\">https:\/\/www.copealcoy.es\/wp-content\/uploads\/2022\/08\/AUDIO-PRESIDENT-JUNTA-DE-FESTES.mp3<\/a><\/audio>\n<audio class=\"wp-audio-shortcode\" id=\"audio-90599-4\" preload=\"none\" style=\"width: 100%;\" controls=\"controls\"><source type=\"audio\/mpeg\" src=\"https:\/\/www.copealcoy.es\/wp-content\/uploads\/2022\/08\/AUDIO-CAPITA\u0300-CRISTIA\u0300.mp3?_=4\" \/><a href=\"https:\/\/www.copealcoy.es\/wp-content\/uploads\/2022\/08\/AUDIO-CAPITA\u0300-CRISTIA\u0300.mp3\">https:\/\/www.copealcoy.es\/wp-content\/uploads\/2022\/08\/AUDIO-CAPITA\u0300-CRISTIA\u0300.mp3<\/a><\/audio>\n<audio class=\"wp-audio-shortcode\" id=\"audio-90599-5\" preload=\"none\" style=\"width: 100%;\" controls=\"controls\"><source type=\"audio\/mpeg\" src=\"https:\/\/www.copealcoy.es\/wp-content\/uploads\/2022\/08\/AUDIO-ABANDERAT-CRISTIA\u0300.mp3?_=5\" \/><a href=\"https:\/\/www.copealcoy.es\/wp-content\/uploads\/2022\/08\/AUDIO-ABANDERAT-CRISTIA\u0300.mp3\">https:\/\/www.copealcoy.es\/wp-content\/uploads\/2022\/08\/AUDIO-ABANDERAT-CRISTIA\u0300.mp3<\/a><\/audio>\n<audio class=\"wp-audio-shortcode\" id=\"audio-90599-6\" preload=\"none\" style=\"width: 100%;\" controls=\"controls\"><source type=\"audio\/mpeg\" src=\"https:\/\/www.copealcoy.es\/wp-content\/uploads\/2022\/08\/AUDIO-CAPITA\u0300-MORO.mp3?_=6\" \/><a href=\"https:\/\/www.copealcoy.es\/wp-content\/uploads\/2022\/08\/AUDIO-CAPITA\u0300-MORO.mp3\">https:\/\/www.copealcoy.es\/wp-content\/uploads\/2022\/08\/AUDIO-CAPITA\u0300-MORO.mp3<\/a><\/audio>\n<audio class=\"wp-audio-shortcode\" id=\"audio-90599-7\" preload=\"none\" style=\"width: 100%;\" controls=\"controls\"><source type=\"audio\/mpeg\" src=\"https:\/\/www.copealcoy.es\/wp-content\/uploads\/2022\/08\/AUDIO-ABANDERAT-MORO.mp3?_=7\" \/><a href=\"https:\/\/www.copealcoy.es\/wp-content\/uploads\/2022\/08\/AUDIO-ABANDERAT-MORO.mp3\">https:\/\/www.copealcoy.es\/wp-content\/uploads\/2022\/08\/AUDIO-ABANDERAT-MORO.mp3<\/a><\/audio>\n<audio class=\"wp-audio-shortcode\" id=\"audio-90599-8\" preload=\"none\" style=\"width: 100%;\" controls=\"controls\"><source type=\"audio\/mpeg\" src=\"https:\/\/www.copealcoy.es\/wp-content\/uploads\/2022\/08\/AUDIO-DIRECTOR-HIMNE.mp3?_=8\" \/><a href=\"https:\/\/www.copealcoy.es\/wp-content\/uploads\/2022\/08\/AUDIO-DIRECTOR-HIMNE.mp3\">https:\/\/www.copealcoy.es\/wp-content\/uploads\/2022\/08\/AUDIO-DIRECTOR-HIMNE.mp3<\/a><\/audio>\n<p style=\"text-align: justify;\">La jornada de este viernes <strong>avanza con la \u2018Nit de l\u2019Olla\u2019<\/strong>, en la que los festeros <strong>degustan la t\u00edpica olleta contestana<\/strong> en las sedes de las Filaes, antes de desfilar por el Passeig del Comtat en <strong>las \u00faltimas \u2018Voltetes\u2019 del ciclo festero<\/strong>. Estas arrancar\u00e1n a las 22:40h con <strong>el siguiente orden<\/strong>: Kabilenyos, Mulad\u00eds, Cavallers de Ll\u00faria, Contestanos, Maseros, Almog\u00e0vers, Gentils, Creuats, Contrabandistes, Cavalleria Ministerial, Bereberes &#8216;Els Borts&#8217;, Manta Roja, Bequeteros, Llana, Mud\u00e8jars i Guardia Jalifiana &#8216;Sahorins&#8217;.<\/p>\n","protected":false},"excerpt":{"rendered":"<p>Cocentaina ya disfruta de sus esperadas Fiestas de Moros y Cristianos en honor a San Hip\u00f3lito M\u00e1rtir tras casi tres&#8230;<\/p>\n","protected":false},"author":1,"featured_media":90605,"comment_status":"open","ping_status":"open","sticky":false,"template":"","format":"standard","meta":{"footnotes":""},"categories":[6909,98,75,125,3907],"tags":[132,565,13051,609,13021],"class_list":["post-90599","post","type-post","status-publish","format-standard","has-post-thumbnail","hentry","category-actualidad","category-comarcas","category-noticias","category-portada","category-videos","tag-cocentaina","tag-fiestas","tag-interpretacion-del-himno","tag-moros-y-cristianos","tag-saul-gomez-i-soler"],"yoast_head":"<!-- This site is optimized with the Yoast SEO plugin v27.3 - https:\/\/yoast.com\/product\/yoast-seo-wordpress\/ -->\n<title>Sa\u00fcl G\u00f3mez i Soler hace vibrar a Cocentaina en el renacer de la Festa - COPE Alcoy<\/title>\n<meta name=\"robots\" content=\"index, follow, max-snippet:-1, max-image-preview:large, max-video-preview:-1\" \/>\n<link rel=\"canonical\" href=\"https:\/\/www.copealcoy.es\/es\/saul-gomez-i-soler-hace-vibrar-a-cocentaina-en-el-renacer-de-la-festa\/\" \/>\n<meta property=\"og:locale\" content=\"es_ES\" \/>\n<meta property=\"og:type\" content=\"article\" \/>\n<meta property=\"og:title\" content=\"Sa\u00fcl G\u00f3mez i Soler hace vibrar a Cocentaina en el renacer de la Festa - COPE Alcoy\" \/>\n<meta property=\"og:description\" content=\"Cocentaina ya disfruta de sus esperadas Fiestas de Moros y Cristianos en honor a San Hip\u00f3lito M\u00e1rtir tras casi tres...\" \/>\n<meta property=\"og:url\" content=\"https:\/\/www.copealcoy.es\/es\/saul-gomez-i-soler-hace-vibrar-a-cocentaina-en-el-renacer-de-la-festa\/\" \/>\n<meta property=\"og:site_name\" content=\"COPE Alcoy\" \/>\n<meta property=\"article:published_time\" content=\"2022-08-12T19:58:55+00:00\" \/>\n<meta property=\"article:modified_time\" content=\"2022-09-10T20:57:27+00:00\" \/>\n<meta property=\"og:image\" content=\"https:\/\/www.copealcoy.es\/wp-content\/uploads\/2022\/08\/unnamed-4-1.jpg\" \/>\n\t<meta property=\"og:image:width\" content=\"720\" \/>\n\t<meta property=\"og:image:height\" content=\"387\" \/>\n\t<meta property=\"og:image:type\" content=\"image\/jpeg\" \/>\n<meta name=\"author\" content=\"Cope Alcoy\" \/>\n<meta name=\"twitter:label1\" content=\"Escrito por\" \/>\n\t<meta name=\"twitter:data1\" content=\"Cope Alcoy\" \/>\n\t<meta name=\"twitter:label2\" content=\"Tiempo de lectura\" \/>\n\t<meta name=\"twitter:data2\" content=\"3 minutos\" \/>\n<script type=\"application\/ld+json\" class=\"yoast-schema-graph\">{\"@context\":\"https:\\\/\\\/schema.org\",\"@graph\":[{\"@type\":\"Article\",\"@id\":\"https:\\\/\\\/www.copealcoy.es\\\/es\\\/saul-gomez-i-soler-hace-vibrar-a-cocentaina-en-el-renacer-de-la-festa\\\/#article\",\"isPartOf\":{\"@id\":\"https:\\\/\\\/www.copealcoy.es\\\/es\\\/saul-gomez-i-soler-hace-vibrar-a-cocentaina-en-el-renacer-de-la-festa\\\/\"},\"author\":{\"name\":\"Cope Alcoy\",\"@id\":\"https:\\\/\\\/www.copealcoy.es\\\/es\\\/#\\\/schema\\\/person\\\/e777c87fa024e57d40170af9df39882c\"},\"headline\":\"Sa\u00fcl G\u00f3mez i Soler hace vibrar a Cocentaina en el renacer de la Festa\",\"datePublished\":\"2022-08-12T19:58:55+00:00\",\"dateModified\":\"2022-09-10T20:57:27+00:00\",\"mainEntityOfPage\":{\"@id\":\"https:\\\/\\\/www.copealcoy.es\\\/es\\\/saul-gomez-i-soler-hace-vibrar-a-cocentaina-en-el-renacer-de-la-festa\\\/\"},\"wordCount\":732,\"commentCount\":0,\"image\":{\"@id\":\"https:\\\/\\\/www.copealcoy.es\\\/es\\\/saul-gomez-i-soler-hace-vibrar-a-cocentaina-en-el-renacer-de-la-festa\\\/#primaryimage\"},\"thumbnailUrl\":\"https:\\\/\\\/www.copealcoy.es\\\/wp-content\\\/uploads\\\/2022\\\/08\\\/unnamed-4-1.jpg\",\"keywords\":[\"Cocentaina\",\"Fiestas\",\"Interpretaci\u00f3n del Himno\",\"Moros Y Cristianos\",\"Sa\u00fcl G\u00f3mez i Soler\"],\"articleSection\":[\"Actualidad\",\"Comarcas\",\"Noticias\",\"Portada\",\"V\u00eddeos\"],\"inLanguage\":\"es\"},{\"@type\":\"WebPage\",\"@id\":\"https:\\\/\\\/www.copealcoy.es\\\/es\\\/saul-gomez-i-soler-hace-vibrar-a-cocentaina-en-el-renacer-de-la-festa\\\/\",\"url\":\"https:\\\/\\\/www.copealcoy.es\\\/es\\\/saul-gomez-i-soler-hace-vibrar-a-cocentaina-en-el-renacer-de-la-festa\\\/\",\"name\":\"Sa\u00fcl G\u00f3mez i Soler hace vibrar a Cocentaina en el renacer de la Festa - COPE Alcoy\",\"isPartOf\":{\"@id\":\"https:\\\/\\\/www.copealcoy.es\\\/es\\\/#website\"},\"primaryImageOfPage\":{\"@id\":\"https:\\\/\\\/www.copealcoy.es\\\/es\\\/saul-gomez-i-soler-hace-vibrar-a-cocentaina-en-el-renacer-de-la-festa\\\/#primaryimage\"},\"image\":{\"@id\":\"https:\\\/\\\/www.copealcoy.es\\\/es\\\/saul-gomez-i-soler-hace-vibrar-a-cocentaina-en-el-renacer-de-la-festa\\\/#primaryimage\"},\"thumbnailUrl\":\"https:\\\/\\\/www.copealcoy.es\\\/wp-content\\\/uploads\\\/2022\\\/08\\\/unnamed-4-1.jpg\",\"datePublished\":\"2022-08-12T19:58:55+00:00\",\"dateModified\":\"2022-09-10T20:57:27+00:00\",\"author\":{\"@id\":\"https:\\\/\\\/www.copealcoy.es\\\/es\\\/#\\\/schema\\\/person\\\/e777c87fa024e57d40170af9df39882c\"},\"breadcrumb\":{\"@id\":\"https:\\\/\\\/www.copealcoy.es\\\/es\\\/saul-gomez-i-soler-hace-vibrar-a-cocentaina-en-el-renacer-de-la-festa\\\/#breadcrumb\"},\"inLanguage\":\"es\",\"potentialAction\":[{\"@type\":\"ReadAction\",\"target\":[\"https:\\\/\\\/www.copealcoy.es\\\/es\\\/saul-gomez-i-soler-hace-vibrar-a-cocentaina-en-el-renacer-de-la-festa\\\/\"]}]},{\"@type\":\"ImageObject\",\"inLanguage\":\"es\",\"@id\":\"https:\\\/\\\/www.copealcoy.es\\\/es\\\/saul-gomez-i-soler-hace-vibrar-a-cocentaina-en-el-renacer-de-la-festa\\\/#primaryimage\",\"url\":\"https:\\\/\\\/www.copealcoy.es\\\/wp-content\\\/uploads\\\/2022\\\/08\\\/unnamed-4-1.jpg\",\"contentUrl\":\"https:\\\/\\\/www.copealcoy.es\\\/wp-content\\\/uploads\\\/2022\\\/08\\\/unnamed-4-1.jpg\",\"width\":720,\"height\":387},{\"@type\":\"BreadcrumbList\",\"@id\":\"https:\\\/\\\/www.copealcoy.es\\\/es\\\/saul-gomez-i-soler-hace-vibrar-a-cocentaina-en-el-renacer-de-la-festa\\\/#breadcrumb\",\"itemListElement\":[{\"@type\":\"ListItem\",\"position\":1,\"name\":\"Portada\",\"item\":\"https:\\\/\\\/www.copealcoy.es\\\/es\\\/\"},{\"@type\":\"ListItem\",\"position\":2,\"name\":\"Sa\u00fcl G\u00f3mez i Soler hace vibrar a Cocentaina en el renacer de la Festa\"}]},{\"@type\":\"WebSite\",\"@id\":\"https:\\\/\\\/www.copealcoy.es\\\/es\\\/#website\",\"url\":\"https:\\\/\\\/www.copealcoy.es\\\/es\\\/\",\"name\":\"COPE Alcoy\",\"description\":\"Emisora COPE de radio local con emisi\u00f3n online. Pont de Sant Jordi 8-10 03803 Alcoy\",\"potentialAction\":[{\"@type\":\"SearchAction\",\"target\":{\"@type\":\"EntryPoint\",\"urlTemplate\":\"https:\\\/\\\/www.copealcoy.es\\\/es\\\/?s={search_term_string}\"},\"query-input\":{\"@type\":\"PropertyValueSpecification\",\"valueRequired\":true,\"valueName\":\"search_term_string\"}}],\"inLanguage\":\"es\"},{\"@type\":\"Person\",\"@id\":\"https:\\\/\\\/www.copealcoy.es\\\/es\\\/#\\\/schema\\\/person\\\/e777c87fa024e57d40170af9df39882c\",\"name\":\"Cope Alcoy\",\"image\":{\"@type\":\"ImageObject\",\"inLanguage\":\"es\",\"@id\":\"https:\\\/\\\/secure.gravatar.com\\\/avatar\\\/bb65d0283347e303893ba14f0692005417c1e0e690a325a4c5d8bb2b3943ee14?s=96&d=mm&r=g\",\"url\":\"https:\\\/\\\/secure.gravatar.com\\\/avatar\\\/bb65d0283347e303893ba14f0692005417c1e0e690a325a4c5d8bb2b3943ee14?s=96&d=mm&r=g\",\"contentUrl\":\"https:\\\/\\\/secure.gravatar.com\\\/avatar\\\/bb65d0283347e303893ba14f0692005417c1e0e690a325a4c5d8bb2b3943ee14?s=96&d=mm&r=g\",\"caption\":\"Cope Alcoy\"}}]}<\/script>\n<!-- \/ Yoast SEO plugin. -->","yoast_head_json":{"title":"Sa\u00fcl G\u00f3mez i Soler hace vibrar a Cocentaina en el renacer de la Festa - COPE Alcoy","robots":{"index":"index","follow":"follow","max-snippet":"max-snippet:-1","max-image-preview":"max-image-preview:large","max-video-preview":"max-video-preview:-1"},"canonical":"https:\/\/www.copealcoy.es\/es\/saul-gomez-i-soler-hace-vibrar-a-cocentaina-en-el-renacer-de-la-festa\/","og_locale":"es_ES","og_type":"article","og_title":"Sa\u00fcl G\u00f3mez i Soler hace vibrar a Cocentaina en el renacer de la Festa - COPE Alcoy","og_description":"Cocentaina ya disfruta de sus esperadas Fiestas de Moros y Cristianos en honor a San Hip\u00f3lito M\u00e1rtir tras casi tres...","og_url":"https:\/\/www.copealcoy.es\/es\/saul-gomez-i-soler-hace-vibrar-a-cocentaina-en-el-renacer-de-la-festa\/","og_site_name":"COPE Alcoy","article_published_time":"2022-08-12T19:58:55+00:00","article_modified_time":"2022-09-10T20:57:27+00:00","og_image":[{"width":720,"height":387,"url":"https:\/\/www.copealcoy.es\/wp-content\/uploads\/2022\/08\/unnamed-4-1.jpg","type":"image\/jpeg"}],"author":"Cope Alcoy","twitter_misc":{"Escrito por":"Cope Alcoy","Tiempo de lectura":"3 minutos"},"schema":{"@context":"https:\/\/schema.org","@graph":[{"@type":"Article","@id":"https:\/\/www.copealcoy.es\/es\/saul-gomez-i-soler-hace-vibrar-a-cocentaina-en-el-renacer-de-la-festa\/#article","isPartOf":{"@id":"https:\/\/www.copealcoy.es\/es\/saul-gomez-i-soler-hace-vibrar-a-cocentaina-en-el-renacer-de-la-festa\/"},"author":{"name":"Cope Alcoy","@id":"https:\/\/www.copealcoy.es\/es\/#\/schema\/person\/e777c87fa024e57d40170af9df39882c"},"headline":"Sa\u00fcl G\u00f3mez i Soler hace vibrar a Cocentaina en el renacer de la Festa","datePublished":"2022-08-12T19:58:55+00:00","dateModified":"2022-09-10T20:57:27+00:00","mainEntityOfPage":{"@id":"https:\/\/www.copealcoy.es\/es\/saul-gomez-i-soler-hace-vibrar-a-cocentaina-en-el-renacer-de-la-festa\/"},"wordCount":732,"commentCount":0,"image":{"@id":"https:\/\/www.copealcoy.es\/es\/saul-gomez-i-soler-hace-vibrar-a-cocentaina-en-el-renacer-de-la-festa\/#primaryimage"},"thumbnailUrl":"https:\/\/www.copealcoy.es\/wp-content\/uploads\/2022\/08\/unnamed-4-1.jpg","keywords":["Cocentaina","Fiestas","Interpretaci\u00f3n del Himno","Moros Y Cristianos","Sa\u00fcl G\u00f3mez i Soler"],"articleSection":["Actualidad","Comarcas","Noticias","Portada","V\u00eddeos"],"inLanguage":"es"},{"@type":"WebPage","@id":"https:\/\/www.copealcoy.es\/es\/saul-gomez-i-soler-hace-vibrar-a-cocentaina-en-el-renacer-de-la-festa\/","url":"https:\/\/www.copealcoy.es\/es\/saul-gomez-i-soler-hace-vibrar-a-cocentaina-en-el-renacer-de-la-festa\/","name":"Sa\u00fcl G\u00f3mez i Soler hace vibrar a Cocentaina en el renacer de la Festa - COPE Alcoy","isPartOf":{"@id":"https:\/\/www.copealcoy.es\/es\/#website"},"primaryImageOfPage":{"@id":"https:\/\/www.copealcoy.es\/es\/saul-gomez-i-soler-hace-vibrar-a-cocentaina-en-el-renacer-de-la-festa\/#primaryimage"},"image":{"@id":"https:\/\/www.copealcoy.es\/es\/saul-gomez-i-soler-hace-vibrar-a-cocentaina-en-el-renacer-de-la-festa\/#primaryimage"},"thumbnailUrl":"https:\/\/www.copealcoy.es\/wp-content\/uploads\/2022\/08\/unnamed-4-1.jpg","datePublished":"2022-08-12T19:58:55+00:00","dateModified":"2022-09-10T20:57:27+00:00","author":{"@id":"https:\/\/www.copealcoy.es\/es\/#\/schema\/person\/e777c87fa024e57d40170af9df39882c"},"breadcrumb":{"@id":"https:\/\/www.copealcoy.es\/es\/saul-gomez-i-soler-hace-vibrar-a-cocentaina-en-el-renacer-de-la-festa\/#breadcrumb"},"inLanguage":"es","potentialAction":[{"@type":"ReadAction","target":["https:\/\/www.copealcoy.es\/es\/saul-gomez-i-soler-hace-vibrar-a-cocentaina-en-el-renacer-de-la-festa\/"]}]},{"@type":"ImageObject","inLanguage":"es","@id":"https:\/\/www.copealcoy.es\/es\/saul-gomez-i-soler-hace-vibrar-a-cocentaina-en-el-renacer-de-la-festa\/#primaryimage","url":"https:\/\/www.copealcoy.es\/wp-content\/uploads\/2022\/08\/unnamed-4-1.jpg","contentUrl":"https:\/\/www.copealcoy.es\/wp-content\/uploads\/2022\/08\/unnamed-4-1.jpg","width":720,"height":387},{"@type":"BreadcrumbList","@id":"https:\/\/www.copealcoy.es\/es\/saul-gomez-i-soler-hace-vibrar-a-cocentaina-en-el-renacer-de-la-festa\/#breadcrumb","itemListElement":[{"@type":"ListItem","position":1,"name":"Portada","item":"https:\/\/www.copealcoy.es\/es\/"},{"@type":"ListItem","position":2,"name":"Sa\u00fcl G\u00f3mez i Soler hace vibrar a Cocentaina en el renacer de la Festa"}]},{"@type":"WebSite","@id":"https:\/\/www.copealcoy.es\/es\/#website","url":"https:\/\/www.copealcoy.es\/es\/","name":"COPE Alcoy","description":"Emisora COPE de radio local con emisi\u00f3n online. Pont de Sant Jordi 8-10 03803 Alcoy","potentialAction":[{"@type":"SearchAction","target":{"@type":"EntryPoint","urlTemplate":"https:\/\/www.copealcoy.es\/es\/?s={search_term_string}"},"query-input":{"@type":"PropertyValueSpecification","valueRequired":true,"valueName":"search_term_string"}}],"inLanguage":"es"},{"@type":"Person","@id":"https:\/\/www.copealcoy.es\/es\/#\/schema\/person\/e777c87fa024e57d40170af9df39882c","name":"Cope Alcoy","image":{"@type":"ImageObject","inLanguage":"es","@id":"https:\/\/secure.gravatar.com\/avatar\/bb65d0283347e303893ba14f0692005417c1e0e690a325a4c5d8bb2b3943ee14?s=96&d=mm&r=g","url":"https:\/\/secure.gravatar.com\/avatar\/bb65d0283347e303893ba14f0692005417c1e0e690a325a4c5d8bb2b3943ee14?s=96&d=mm&r=g","contentUrl":"https:\/\/secure.gravatar.com\/avatar\/bb65d0283347e303893ba14f0692005417c1e0e690a325a4c5d8bb2b3943ee14?s=96&d=mm&r=g","caption":"Cope Alcoy"}}]}},"_links":{"self":[{"href":"https:\/\/www.copealcoy.es\/es\/wp-json\/wp\/v2\/posts\/90599","targetHints":{"allow":["GET"]}}],"collection":[{"href":"https:\/\/www.copealcoy.es\/es\/wp-json\/wp\/v2\/posts"}],"about":[{"href":"https:\/\/www.copealcoy.es\/es\/wp-json\/wp\/v2\/types\/post"}],"author":[{"embeddable":true,"href":"https:\/\/www.copealcoy.es\/es\/wp-json\/wp\/v2\/users\/1"}],"replies":[{"embeddable":true,"href":"https:\/\/www.copealcoy.es\/es\/wp-json\/wp\/v2\/comments?post=90599"}],"version-history":[{"count":0,"href":"https:\/\/www.copealcoy.es\/es\/wp-json\/wp\/v2\/posts\/90599\/revisions"}],"wp:featuredmedia":[{"embeddable":true,"href":"https:\/\/www.copealcoy.es\/es\/wp-json\/wp\/v2\/media\/90605"}],"wp:attachment":[{"href":"https:\/\/www.copealcoy.es\/es\/wp-json\/wp\/v2\/media?parent=90599"}],"wp:term":[{"taxonomy":"category","embeddable":true,"href":"https:\/\/www.copealcoy.es\/es\/wp-json\/wp\/v2\/categories?post=90599"},{"taxonomy":"post_tag","embeddable":true,"href":"https:\/\/www.copealcoy.es\/es\/wp-json\/wp\/v2\/tags?post=90599"}],"curies":[{"name":"wp","href":"https:\/\/api.w.org\/{rel}","templated":true}]}}