{"id":90594,"date":"2022-08-08T10:55:03","date_gmt":"2022-08-08T09:55:03","guid":{"rendered":"https:\/\/www.copealcoy.es\/?p=90594"},"modified":"2022-08-12T11:02:22","modified_gmt":"2022-08-12T10:02:22","slug":"un-completo-dispositivo-vela-por-la-seguridad-de-las-fiestas-de-cocentaina","status":"publish","type":"post","link":"https:\/\/www.copealcoy.es\/es\/un-completo-dispositivo-vela-por-la-seguridad-de-las-fiestas-de-cocentaina\/","title":{"rendered":"Un completo dispositivo vela por la seguridad de las Fiestas de Cocentaina"},"content":{"rendered":"<p style=\"text-align: justify;\">El <strong>Ayuntamiento de Cocentaina<\/strong> refuerza tambi\u00e9n estos d\u00edas <strong>la seguridad<\/strong> con el fin de que las Fiestas de Moros y Cristianos <strong>transcurran con absoluta normalidad<\/strong>. El <strong>operativo especial<\/strong> comienza a funcionar<strong> a mediod\u00eda de este viernes 12 de agosto<\/strong> y <strong>estar\u00e1 en marcha hasta primera hora de la ma\u00f1ana del martes 16 de agosto<\/strong>.<\/p>\n<p style=\"text-align: justify;\">En esta ocasi\u00f3n, seg\u00fan la informaci\u00f3n facilitada, s<strong>e contemplan m\u00e1s agentes de Polic\u00eda Local, presencia de la Guardia Civil con vigilancia tambi\u00e9n en el extrarradio, efectivos de Protecci\u00f3n Civil para actos multitudinarios como las Entradas o servicio de ambulancia<\/strong>. Como novedad se ha habilitado <strong>doble direcci\u00f3n en la calle Dolores o la calle Convento<\/strong>, con <strong>sem\u00e1foro en la calle La Ver\u00f3nica<\/strong>, para facilitar las salidas o entradas al casco antiguo y la zona del Raval en los d\u00edas de Fiestas en los que estar\u00e1n cerrados al tr\u00e1fico v\u00edas como el Passeig del Comtat, El Pla , la calle Mayor\u00a0 o la Plaza Venerable Escuder.<\/p>\n<p style=\"text-align: justify;\">Por \u00faltimo <strong>el Consistorio ha lanzado varias campa\u00f1as para promover unas Fiestas de Moros y Cristianos libres, seguras y sostenibles<\/strong>. Hay que indicar que, por una parte, <strong>se le ha facilitado a la hosteler\u00eda vasos reutilizables, cubrevasos y servilletas tambi\u00e9n recicladas<\/strong>. Finalmente se ha editado <strong>la campa\u00f1a &#8216;Vocabulari amb trellat&#8217;<\/strong> que se puede seguir en Instagram y las marquesinas de la Villa Condal. Todo ello se ha completado con <strong>la entrega de servilletas de papel reciclado a la hosteler\u00eda contestana<\/strong> en las que se pueden ver sugerentes frases de empoderamiento e igualdad con el tel\u00e9fono de la Polic\u00eda Local y emergencias.<\/p>\n","protected":false},"excerpt":{"rendered":"<p>El Ayuntamiento de Cocentaina refuerza tambi\u00e9n estos d\u00edas la seguridad con el fin de que las Fiestas de Moros y&#8230;<\/p>\n","protected":false},"author":1,"featured_media":34360,"comment_status":"open","ping_status":"open","sticky":false,"template":"","format":"standard","meta":{"footnotes":""},"categories":[98,75],"tags":[132,13050,1987,7015,565,609],"class_list":["post-90594","post","type-post","status-publish","format-standard","has-post-thumbnail","hentry","category-comarcas","category-noticias","tag-cocentaina","tag-dispositivo-de-seguridad","tag-entrada","tag-eugenia-miguel","tag-fiestas","tag-moros-y-cristianos"],"yoast_head":"<!-- This site is optimized with the Yoast SEO plugin v27.3 - https:\/\/yoast.com\/product\/yoast-seo-wordpress\/ -->\n<title>Un completo dispositivo vela por la seguridad de las Fiestas de Cocentaina - COPE Alcoy<\/title>\n<meta name=\"robots\" content=\"index, follow, max-snippet:-1, max-image-preview:large, max-video-preview:-1\" \/>\n<link rel=\"canonical\" href=\"https:\/\/www.copealcoy.es\/es\/un-completo-dispositivo-vela-por-la-seguridad-de-las-fiestas-de-cocentaina\/\" \/>\n<meta property=\"og:locale\" content=\"es_ES\" \/>\n<meta property=\"og:type\" content=\"article\" \/>\n<meta property=\"og:title\" content=\"Un completo dispositivo vela por la seguridad de las Fiestas de Cocentaina - COPE Alcoy\" \/>\n<meta property=\"og:description\" content=\"El Ayuntamiento de Cocentaina refuerza tambi\u00e9n estos d\u00edas la seguridad con el fin de que las Fiestas de Moros y...\" \/>\n<meta property=\"og:url\" content=\"https:\/\/www.copealcoy.es\/es\/un-completo-dispositivo-vela-por-la-seguridad-de-las-fiestas-de-cocentaina\/\" \/>\n<meta property=\"og:site_name\" content=\"COPE Alcoy\" \/>\n<meta property=\"article:published_time\" content=\"2022-08-08T09:55:03+00:00\" \/>\n<meta property=\"article:modified_time\" content=\"2022-08-12T10:02:22+00:00\" \/>\n<meta property=\"og:image\" content=\"https:\/\/www.copealcoy.es\/wp-content\/uploads\/2017\/08\/IMG_0472-e1502531887679.jpg\" \/>\n\t<meta property=\"og:image:width\" content=\"1239\" \/>\n\t<meta property=\"og:image:height\" content=\"632\" \/>\n\t<meta property=\"og:image:type\" content=\"image\/jpeg\" \/>\n<meta name=\"author\" content=\"Cope Alcoy\" \/>\n<meta name=\"twitter:label1\" content=\"Escrito por\" \/>\n\t<meta name=\"twitter:data1\" content=\"Cope Alcoy\" \/>\n\t<meta name=\"twitter:label2\" content=\"Tiempo de lectura\" \/>\n\t<meta name=\"twitter:data2\" content=\"2 minutos\" \/>\n<script type=\"application\/ld+json\" class=\"yoast-schema-graph\">{\"@context\":\"https:\\\/\\\/schema.org\",\"@graph\":[{\"@type\":\"Article\",\"@id\":\"https:\\\/\\\/www.copealcoy.es\\\/es\\\/un-completo-dispositivo-vela-por-la-seguridad-de-las-fiestas-de-cocentaina\\\/#article\",\"isPartOf\":{\"@id\":\"https:\\\/\\\/www.copealcoy.es\\\/es\\\/un-completo-dispositivo-vela-por-la-seguridad-de-las-fiestas-de-cocentaina\\\/\"},\"author\":{\"name\":\"Cope Alcoy\",\"@id\":\"https:\\\/\\\/www.copealcoy.es\\\/es\\\/#\\\/schema\\\/person\\\/e777c87fa024e57d40170af9df39882c\"},\"headline\":\"Un completo dispositivo vela por la seguridad de las Fiestas de Cocentaina\",\"datePublished\":\"2022-08-08T09:55:03+00:00\",\"dateModified\":\"2022-08-12T10:02:22+00:00\",\"mainEntityOfPage\":{\"@id\":\"https:\\\/\\\/www.copealcoy.es\\\/es\\\/un-completo-dispositivo-vela-por-la-seguridad-de-las-fiestas-de-cocentaina\\\/\"},\"wordCount\":293,\"commentCount\":0,\"image\":{\"@id\":\"https:\\\/\\\/www.copealcoy.es\\\/es\\\/un-completo-dispositivo-vela-por-la-seguridad-de-las-fiestas-de-cocentaina\\\/#primaryimage\"},\"thumbnailUrl\":\"https:\\\/\\\/www.copealcoy.es\\\/wp-content\\\/uploads\\\/2017\\\/08\\\/IMG_0472-e1502531887679.jpg\",\"keywords\":[\"Cocentaina\",\"dispositivo de seguridad\",\"Entrada\",\"Eugenia Miguel\",\"Fiestas\",\"Moros Y Cristianos\"],\"articleSection\":[\"Comarcas\",\"Noticias\"],\"inLanguage\":\"es\"},{\"@type\":\"WebPage\",\"@id\":\"https:\\\/\\\/www.copealcoy.es\\\/es\\\/un-completo-dispositivo-vela-por-la-seguridad-de-las-fiestas-de-cocentaina\\\/\",\"url\":\"https:\\\/\\\/www.copealcoy.es\\\/es\\\/un-completo-dispositivo-vela-por-la-seguridad-de-las-fiestas-de-cocentaina\\\/\",\"name\":\"Un completo dispositivo vela por la seguridad de las Fiestas de Cocentaina - COPE Alcoy\",\"isPartOf\":{\"@id\":\"https:\\\/\\\/www.copealcoy.es\\\/es\\\/#website\"},\"primaryImageOfPage\":{\"@id\":\"https:\\\/\\\/www.copealcoy.es\\\/es\\\/un-completo-dispositivo-vela-por-la-seguridad-de-las-fiestas-de-cocentaina\\\/#primaryimage\"},\"image\":{\"@id\":\"https:\\\/\\\/www.copealcoy.es\\\/es\\\/un-completo-dispositivo-vela-por-la-seguridad-de-las-fiestas-de-cocentaina\\\/#primaryimage\"},\"thumbnailUrl\":\"https:\\\/\\\/www.copealcoy.es\\\/wp-content\\\/uploads\\\/2017\\\/08\\\/IMG_0472-e1502531887679.jpg\",\"datePublished\":\"2022-08-08T09:55:03+00:00\",\"dateModified\":\"2022-08-12T10:02:22+00:00\",\"author\":{\"@id\":\"https:\\\/\\\/www.copealcoy.es\\\/es\\\/#\\\/schema\\\/person\\\/e777c87fa024e57d40170af9df39882c\"},\"breadcrumb\":{\"@id\":\"https:\\\/\\\/www.copealcoy.es\\\/es\\\/un-completo-dispositivo-vela-por-la-seguridad-de-las-fiestas-de-cocentaina\\\/#breadcrumb\"},\"inLanguage\":\"es\",\"potentialAction\":[{\"@type\":\"ReadAction\",\"target\":[\"https:\\\/\\\/www.copealcoy.es\\\/es\\\/un-completo-dispositivo-vela-por-la-seguridad-de-las-fiestas-de-cocentaina\\\/\"]}]},{\"@type\":\"ImageObject\",\"inLanguage\":\"es\",\"@id\":\"https:\\\/\\\/www.copealcoy.es\\\/es\\\/un-completo-dispositivo-vela-por-la-seguridad-de-las-fiestas-de-cocentaina\\\/#primaryimage\",\"url\":\"https:\\\/\\\/www.copealcoy.es\\\/wp-content\\\/uploads\\\/2017\\\/08\\\/IMG_0472-e1502531887679.jpg\",\"contentUrl\":\"https:\\\/\\\/www.copealcoy.es\\\/wp-content\\\/uploads\\\/2017\\\/08\\\/IMG_0472-e1502531887679.jpg\",\"width\":1239,\"height\":632},{\"@type\":\"BreadcrumbList\",\"@id\":\"https:\\\/\\\/www.copealcoy.es\\\/es\\\/un-completo-dispositivo-vela-por-la-seguridad-de-las-fiestas-de-cocentaina\\\/#breadcrumb\",\"itemListElement\":[{\"@type\":\"ListItem\",\"position\":1,\"name\":\"Portada\",\"item\":\"https:\\\/\\\/www.copealcoy.es\\\/es\\\/\"},{\"@type\":\"ListItem\",\"position\":2,\"name\":\"Un completo dispositivo vela por la seguridad de las Fiestas de Cocentaina\"}]},{\"@type\":\"WebSite\",\"@id\":\"https:\\\/\\\/www.copealcoy.es\\\/es\\\/#website\",\"url\":\"https:\\\/\\\/www.copealcoy.es\\\/es\\\/\",\"name\":\"COPE Alcoy\",\"description\":\"Emisora COPE de radio local con emisi\u00f3n online. Pont de Sant Jordi 8-10 03803 Alcoy\",\"potentialAction\":[{\"@type\":\"SearchAction\",\"target\":{\"@type\":\"EntryPoint\",\"urlTemplate\":\"https:\\\/\\\/www.copealcoy.es\\\/es\\\/?s={search_term_string}\"},\"query-input\":{\"@type\":\"PropertyValueSpecification\",\"valueRequired\":true,\"valueName\":\"search_term_string\"}}],\"inLanguage\":\"es\"},{\"@type\":\"Person\",\"@id\":\"https:\\\/\\\/www.copealcoy.es\\\/es\\\/#\\\/schema\\\/person\\\/e777c87fa024e57d40170af9df39882c\",\"name\":\"Cope Alcoy\",\"image\":{\"@type\":\"ImageObject\",\"inLanguage\":\"es\",\"@id\":\"https:\\\/\\\/secure.gravatar.com\\\/avatar\\\/bb65d0283347e303893ba14f0692005417c1e0e690a325a4c5d8bb2b3943ee14?s=96&d=mm&r=g\",\"url\":\"https:\\\/\\\/secure.gravatar.com\\\/avatar\\\/bb65d0283347e303893ba14f0692005417c1e0e690a325a4c5d8bb2b3943ee14?s=96&d=mm&r=g\",\"contentUrl\":\"https:\\\/\\\/secure.gravatar.com\\\/avatar\\\/bb65d0283347e303893ba14f0692005417c1e0e690a325a4c5d8bb2b3943ee14?s=96&d=mm&r=g\",\"caption\":\"Cope Alcoy\"}}]}<\/script>\n<!-- \/ Yoast SEO plugin. -->","yoast_head_json":{"title":"Un completo dispositivo vela por la seguridad de las Fiestas de Cocentaina - COPE Alcoy","robots":{"index":"index","follow":"follow","max-snippet":"max-snippet:-1","max-image-preview":"max-image-preview:large","max-video-preview":"max-video-preview:-1"},"canonical":"https:\/\/www.copealcoy.es\/es\/un-completo-dispositivo-vela-por-la-seguridad-de-las-fiestas-de-cocentaina\/","og_locale":"es_ES","og_type":"article","og_title":"Un completo dispositivo vela por la seguridad de las Fiestas de Cocentaina - COPE Alcoy","og_description":"El Ayuntamiento de Cocentaina refuerza tambi\u00e9n estos d\u00edas la seguridad con el fin de que las Fiestas de Moros y...","og_url":"https:\/\/www.copealcoy.es\/es\/un-completo-dispositivo-vela-por-la-seguridad-de-las-fiestas-de-cocentaina\/","og_site_name":"COPE Alcoy","article_published_time":"2022-08-08T09:55:03+00:00","article_modified_time":"2022-08-12T10:02:22+00:00","og_image":[{"width":1239,"height":632,"url":"https:\/\/www.copealcoy.es\/wp-content\/uploads\/2017\/08\/IMG_0472-e1502531887679.jpg","type":"image\/jpeg"}],"author":"Cope Alcoy","twitter_misc":{"Escrito por":"Cope Alcoy","Tiempo de lectura":"2 minutos"},"schema":{"@context":"https:\/\/schema.org","@graph":[{"@type":"Article","@id":"https:\/\/www.copealcoy.es\/es\/un-completo-dispositivo-vela-por-la-seguridad-de-las-fiestas-de-cocentaina\/#article","isPartOf":{"@id":"https:\/\/www.copealcoy.es\/es\/un-completo-dispositivo-vela-por-la-seguridad-de-las-fiestas-de-cocentaina\/"},"author":{"name":"Cope Alcoy","@id":"https:\/\/www.copealcoy.es\/es\/#\/schema\/person\/e777c87fa024e57d40170af9df39882c"},"headline":"Un completo dispositivo vela por la seguridad de las Fiestas de Cocentaina","datePublished":"2022-08-08T09:55:03+00:00","dateModified":"2022-08-12T10:02:22+00:00","mainEntityOfPage":{"@id":"https:\/\/www.copealcoy.es\/es\/un-completo-dispositivo-vela-por-la-seguridad-de-las-fiestas-de-cocentaina\/"},"wordCount":293,"commentCount":0,"image":{"@id":"https:\/\/www.copealcoy.es\/es\/un-completo-dispositivo-vela-por-la-seguridad-de-las-fiestas-de-cocentaina\/#primaryimage"},"thumbnailUrl":"https:\/\/www.copealcoy.es\/wp-content\/uploads\/2017\/08\/IMG_0472-e1502531887679.jpg","keywords":["Cocentaina","dispositivo de seguridad","Entrada","Eugenia Miguel","Fiestas","Moros Y Cristianos"],"articleSection":["Comarcas","Noticias"],"inLanguage":"es"},{"@type":"WebPage","@id":"https:\/\/www.copealcoy.es\/es\/un-completo-dispositivo-vela-por-la-seguridad-de-las-fiestas-de-cocentaina\/","url":"https:\/\/www.copealcoy.es\/es\/un-completo-dispositivo-vela-por-la-seguridad-de-las-fiestas-de-cocentaina\/","name":"Un completo dispositivo vela por la seguridad de las Fiestas de Cocentaina - COPE Alcoy","isPartOf":{"@id":"https:\/\/www.copealcoy.es\/es\/#website"},"primaryImageOfPage":{"@id":"https:\/\/www.copealcoy.es\/es\/un-completo-dispositivo-vela-por-la-seguridad-de-las-fiestas-de-cocentaina\/#primaryimage"},"image":{"@id":"https:\/\/www.copealcoy.es\/es\/un-completo-dispositivo-vela-por-la-seguridad-de-las-fiestas-de-cocentaina\/#primaryimage"},"thumbnailUrl":"https:\/\/www.copealcoy.es\/wp-content\/uploads\/2017\/08\/IMG_0472-e1502531887679.jpg","datePublished":"2022-08-08T09:55:03+00:00","dateModified":"2022-08-12T10:02:22+00:00","author":{"@id":"https:\/\/www.copealcoy.es\/es\/#\/schema\/person\/e777c87fa024e57d40170af9df39882c"},"breadcrumb":{"@id":"https:\/\/www.copealcoy.es\/es\/un-completo-dispositivo-vela-por-la-seguridad-de-las-fiestas-de-cocentaina\/#breadcrumb"},"inLanguage":"es","potentialAction":[{"@type":"ReadAction","target":["https:\/\/www.copealcoy.es\/es\/un-completo-dispositivo-vela-por-la-seguridad-de-las-fiestas-de-cocentaina\/"]}]},{"@type":"ImageObject","inLanguage":"es","@id":"https:\/\/www.copealcoy.es\/es\/un-completo-dispositivo-vela-por-la-seguridad-de-las-fiestas-de-cocentaina\/#primaryimage","url":"https:\/\/www.copealcoy.es\/wp-content\/uploads\/2017\/08\/IMG_0472-e1502531887679.jpg","contentUrl":"https:\/\/www.copealcoy.es\/wp-content\/uploads\/2017\/08\/IMG_0472-e1502531887679.jpg","width":1239,"height":632},{"@type":"BreadcrumbList","@id":"https:\/\/www.copealcoy.es\/es\/un-completo-dispositivo-vela-por-la-seguridad-de-las-fiestas-de-cocentaina\/#breadcrumb","itemListElement":[{"@type":"ListItem","position":1,"name":"Portada","item":"https:\/\/www.copealcoy.es\/es\/"},{"@type":"ListItem","position":2,"name":"Un completo dispositivo vela por la seguridad de las Fiestas de Cocentaina"}]},{"@type":"WebSite","@id":"https:\/\/www.copealcoy.es\/es\/#website","url":"https:\/\/www.copealcoy.es\/es\/","name":"COPE Alcoy","description":"Emisora COPE de radio local con emisi\u00f3n online. Pont de Sant Jordi 8-10 03803 Alcoy","potentialAction":[{"@type":"SearchAction","target":{"@type":"EntryPoint","urlTemplate":"https:\/\/www.copealcoy.es\/es\/?s={search_term_string}"},"query-input":{"@type":"PropertyValueSpecification","valueRequired":true,"valueName":"search_term_string"}}],"inLanguage":"es"},{"@type":"Person","@id":"https:\/\/www.copealcoy.es\/es\/#\/schema\/person\/e777c87fa024e57d40170af9df39882c","name":"Cope Alcoy","image":{"@type":"ImageObject","inLanguage":"es","@id":"https:\/\/secure.gravatar.com\/avatar\/bb65d0283347e303893ba14f0692005417c1e0e690a325a4c5d8bb2b3943ee14?s=96&d=mm&r=g","url":"https:\/\/secure.gravatar.com\/avatar\/bb65d0283347e303893ba14f0692005417c1e0e690a325a4c5d8bb2b3943ee14?s=96&d=mm&r=g","contentUrl":"https:\/\/secure.gravatar.com\/avatar\/bb65d0283347e303893ba14f0692005417c1e0e690a325a4c5d8bb2b3943ee14?s=96&d=mm&r=g","caption":"Cope Alcoy"}}]}},"_links":{"self":[{"href":"https:\/\/www.copealcoy.es\/es\/wp-json\/wp\/v2\/posts\/90594","targetHints":{"allow":["GET"]}}],"collection":[{"href":"https:\/\/www.copealcoy.es\/es\/wp-json\/wp\/v2\/posts"}],"about":[{"href":"https:\/\/www.copealcoy.es\/es\/wp-json\/wp\/v2\/types\/post"}],"author":[{"embeddable":true,"href":"https:\/\/www.copealcoy.es\/es\/wp-json\/wp\/v2\/users\/1"}],"replies":[{"embeddable":true,"href":"https:\/\/www.copealcoy.es\/es\/wp-json\/wp\/v2\/comments?post=90594"}],"version-history":[{"count":0,"href":"https:\/\/www.copealcoy.es\/es\/wp-json\/wp\/v2\/posts\/90594\/revisions"}],"wp:featuredmedia":[{"embeddable":true,"href":"https:\/\/www.copealcoy.es\/es\/wp-json\/wp\/v2\/media\/34360"}],"wp:attachment":[{"href":"https:\/\/www.copealcoy.es\/es\/wp-json\/wp\/v2\/media?parent=90594"}],"wp:term":[{"taxonomy":"category","embeddable":true,"href":"https:\/\/www.copealcoy.es\/es\/wp-json\/wp\/v2\/categories?post=90594"},{"taxonomy":"post_tag","embeddable":true,"href":"https:\/\/www.copealcoy.es\/es\/wp-json\/wp\/v2\/tags?post=90594"}],"curies":[{"name":"wp","href":"https:\/\/api.w.org\/{rel}","templated":true}]}}