{"id":90575,"date":"2022-08-12T07:44:25","date_gmt":"2022-08-12T06:44:25","guid":{"rendered":"https:\/\/www.copealcoy.es\/?p=90575"},"modified":"2022-08-12T10:23:39","modified_gmt":"2022-08-12T09:23:39","slug":"el-concierto-de-fiestas-de-la-union-musical-contestana-cumple-50-anos","status":"publish","type":"post","link":"https:\/\/www.copealcoy.es\/es\/el-concierto-de-fiestas-de-la-union-musical-contestana-cumple-50-anos\/","title":{"rendered":"El Concierto de Fiestas de la Uni\u00f3n Musical Contestana cumple 50 a\u00f1os"},"content":{"rendered":"<p style=\"text-align: justify;\">La <strong>Semana Festera de Cocentaina<\/strong> lleg\u00f3 a su fin ayer jueves con <strong>el extraordinario Concierto de Fiestas que protagoniz\u00f3 la Uni\u00f3n Musical Contestana<\/strong>. La cita, que <strong>se desarroll\u00f3 en el patio de armas del Palau Comtal<\/strong> pasadas las 22:30h de la noche, alcanz\u00f3 en esta edici\u00f3n nada m\u00e1s y nada menos que <strong>cincuenta a\u00f1os<\/strong>; una efem\u00e9ride que se record\u00f3 a lo largo de toda la velada.<\/p>\n<p style=\"text-align: justify;\">Para la ocasi\u00f3n la banda, <strong>bajo la direcci\u00f3n de Ferran Sanchis<\/strong>, prepar\u00f3 <strong>un extraordinario repertorio dividido en dos partes<\/strong> e incluso cont\u00f3 con <strong>la inestimable colaboraci\u00f3n de los m\u00fasicos de La Xafig\u00e0 de Muro<\/strong>. Durante la primera parte, plagada de estrenos, el p\u00fablico pudo disfrutar del pasodoble <strong>&#8216;Noces d&#8217;Argent&#8217;<\/strong> de Jos\u00e9 P\u00e9rez Vilaplana, la marcha cristiana <strong>&#8216;Nemrac&#8217;<\/strong> de Felipe Galera, la marcha mora <strong>&#8216;Pare Capit\u00e0&#8217;<\/strong> de David Castell\u00f3 dedicada al Capit\u00e1n Moro de la Fil\u00e0 Bequeteros, el pasodoble <strong>&#8216;Nankurunaisa&#8217;<\/strong> de Anthony Pardo, la marcha mora <strong>&#8216;S\u00f3c Mud\u00e8jar&#8217;<\/strong> de Francisco Valor, el pasodoble <strong>&#8216;Verd\u00fa Dom\u00e9nech&#8217;<\/strong> de Marcos Verd\u00fa y el cl\u00e1sico <strong>&#8216;El Berebere&#8217;<\/strong> del recordado Gustavo Pascual Falc\u00f3.<\/p>\n<p style=\"text-align: justify;\">Tras un breve descanso, los m\u00fasicos de la Uni\u00f3n Musical <strong>retomaron el Concierto para interpretar una segunda parte<\/strong> en la que se rindi\u00f3 especial homenaje a <strong>los \u00faltimos directores<\/strong> que ha tenido la formaci\u00f3n musical. De esta forma son\u00f3 <strong>&#8216;Gentileza 72&#8217;<\/strong> del Mestre P\u00e9rez Vilaplana, la marcha cristiana <strong>&#8216;Santos, Poetas y Guerreros&#8217;<\/strong> de Enrique Igual Blasco, la marcha mora <strong>&#8216;A mons pares&#8217;<\/strong> tambi\u00e9n de P\u00e9rez Vilaplana, el pasodoble <strong>&#8216;Arrels d&#8217;un pensador&#8217;<\/strong> de Mario Roig, la marcha cristiana <strong>&#8216;Alc\u00e1zar de Elda&#8217;<\/strong> de Rafael Mullor, la marcha mora<strong> &#8216;Samarkanda&#8217;<\/strong> de Sa\u00fcl G\u00f3mez y la marcha cristiana <strong>&#8216;Nuberus&#8217;<\/strong> de Ferran Sanchis. Desde la Uni\u00f3n Musical quisieron reconocer precisamente<strong> la labor desempe\u00f1ada por los citados \u00faltimos directores<\/strong> que han pasado por la banda en los \u00faltimos a\u00f1os y entregaron <strong>un detalle conmemorativo<\/strong> a todos ellos.<\/p>\n<p style=\"text-align: justify;\">El L Concierto de M\u00fasica Festera, conducido por nuestra compa\u00f1era de Radio Cocentaina Mari Nieves Pascual, termin\u00f3 con las palabras de<strong> la Presidenta de la Uni\u00f3n Musical Contestana<\/strong> (Neli Jover) y <strong>del Presidente de la Junta de Festes<\/strong> (Juan Francisco Masanet). Por \u00faltimo <strong>son\u00f3 con fuerza el Himno de Fiestas<\/strong>, dirigido por Ferran Sanchis, a poco menos de 24 horas de que su interpretaci\u00f3n en El Pla <strong>marque el inicio de las esperadas Fiestas de Moros y Cristianos<\/strong> en honor a San Hip\u00f3lito M\u00e1rtir.<\/p>\n","protected":false},"excerpt":{"rendered":"<p>La Semana Festera de Cocentaina lleg\u00f3 a su fin ayer jueves con el extraordinario Concierto de Fiestas que protagoniz\u00f3 la&#8230;<\/p>\n","protected":false},"author":1,"featured_media":90576,"comment_status":"open","ping_status":"open","sticky":false,"template":"","format":"standard","meta":{"footnotes":""},"categories":[98,75],"tags":[132,701,565,609,2172],"class_list":["post-90575","post","type-post","status-publish","format-standard","has-post-thumbnail","hentry","category-comarcas","category-noticias","tag-cocentaina","tag-concierto","tag-fiestas","tag-moros-y-cristianos","tag-union-musical-contestana"],"yoast_head":"<!-- This site is optimized with the Yoast SEO plugin v27.3 - https:\/\/yoast.com\/product\/yoast-seo-wordpress\/ -->\n<title>El Concierto de Fiestas de la Uni\u00f3n Musical Contestana cumple 50 a\u00f1os - COPE Alcoy<\/title>\n<meta name=\"robots\" content=\"index, follow, max-snippet:-1, max-image-preview:large, max-video-preview:-1\" \/>\n<link rel=\"canonical\" href=\"https:\/\/www.copealcoy.es\/es\/el-concierto-de-fiestas-de-la-union-musical-contestana-cumple-50-anos\/\" \/>\n<meta property=\"og:locale\" content=\"es_ES\" \/>\n<meta property=\"og:type\" content=\"article\" \/>\n<meta property=\"og:title\" content=\"El Concierto de Fiestas de la Uni\u00f3n Musical Contestana cumple 50 a\u00f1os - COPE Alcoy\" \/>\n<meta property=\"og:description\" content=\"La Semana Festera de Cocentaina lleg\u00f3 a su fin ayer jueves con el extraordinario Concierto de Fiestas que protagoniz\u00f3 la...\" \/>\n<meta property=\"og:url\" content=\"https:\/\/www.copealcoy.es\/es\/el-concierto-de-fiestas-de-la-union-musical-contestana-cumple-50-anos\/\" \/>\n<meta property=\"og:site_name\" content=\"COPE Alcoy\" \/>\n<meta property=\"article:published_time\" content=\"2022-08-12T06:44:25+00:00\" \/>\n<meta property=\"article:modified_time\" content=\"2022-08-12T09:23:39+00:00\" \/>\n<meta property=\"og:image\" content=\"https:\/\/www.copealcoy.es\/wp-content\/uploads\/2022\/08\/unnamed-10-e1660285989229.jpg\" \/>\n\t<meta property=\"og:image:width\" content=\"640\" \/>\n\t<meta property=\"og:image:height\" content=\"415\" \/>\n\t<meta property=\"og:image:type\" content=\"image\/jpeg\" \/>\n<meta name=\"author\" content=\"Cope Alcoy\" \/>\n<meta name=\"twitter:label1\" content=\"Escrito por\" \/>\n\t<meta name=\"twitter:data1\" content=\"Cope Alcoy\" \/>\n\t<meta name=\"twitter:label2\" content=\"Tiempo de lectura\" \/>\n\t<meta name=\"twitter:data2\" content=\"2 minutos\" \/>\n<script type=\"application\/ld+json\" class=\"yoast-schema-graph\">{\"@context\":\"https:\\\/\\\/schema.org\",\"@graph\":[{\"@type\":\"Article\",\"@id\":\"https:\\\/\\\/www.copealcoy.es\\\/es\\\/el-concierto-de-fiestas-de-la-union-musical-contestana-cumple-50-anos\\\/#article\",\"isPartOf\":{\"@id\":\"https:\\\/\\\/www.copealcoy.es\\\/es\\\/el-concierto-de-fiestas-de-la-union-musical-contestana-cumple-50-anos\\\/\"},\"author\":{\"name\":\"Cope Alcoy\",\"@id\":\"https:\\\/\\\/www.copealcoy.es\\\/es\\\/#\\\/schema\\\/person\\\/e777c87fa024e57d40170af9df39882c\"},\"headline\":\"El Concierto de Fiestas de la Uni\u00f3n Musical Contestana cumple 50 a\u00f1os\",\"datePublished\":\"2022-08-12T06:44:25+00:00\",\"dateModified\":\"2022-08-12T09:23:39+00:00\",\"mainEntityOfPage\":{\"@id\":\"https:\\\/\\\/www.copealcoy.es\\\/es\\\/el-concierto-de-fiestas-de-la-union-musical-contestana-cumple-50-anos\\\/\"},\"wordCount\":435,\"commentCount\":0,\"image\":{\"@id\":\"https:\\\/\\\/www.copealcoy.es\\\/es\\\/el-concierto-de-fiestas-de-la-union-musical-contestana-cumple-50-anos\\\/#primaryimage\"},\"thumbnailUrl\":\"https:\\\/\\\/www.copealcoy.es\\\/wp-content\\\/uploads\\\/2022\\\/08\\\/unnamed-10-e1660285989229.jpg\",\"keywords\":[\"Cocentaina\",\"Concierto\",\"Fiestas\",\"Moros Y Cristianos\",\"Uni\u00f3n Musical Contestana\"],\"articleSection\":[\"Comarcas\",\"Noticias\"],\"inLanguage\":\"es\"},{\"@type\":\"WebPage\",\"@id\":\"https:\\\/\\\/www.copealcoy.es\\\/es\\\/el-concierto-de-fiestas-de-la-union-musical-contestana-cumple-50-anos\\\/\",\"url\":\"https:\\\/\\\/www.copealcoy.es\\\/es\\\/el-concierto-de-fiestas-de-la-union-musical-contestana-cumple-50-anos\\\/\",\"name\":\"El Concierto de Fiestas de la Uni\u00f3n Musical Contestana cumple 50 a\u00f1os - COPE Alcoy\",\"isPartOf\":{\"@id\":\"https:\\\/\\\/www.copealcoy.es\\\/es\\\/#website\"},\"primaryImageOfPage\":{\"@id\":\"https:\\\/\\\/www.copealcoy.es\\\/es\\\/el-concierto-de-fiestas-de-la-union-musical-contestana-cumple-50-anos\\\/#primaryimage\"},\"image\":{\"@id\":\"https:\\\/\\\/www.copealcoy.es\\\/es\\\/el-concierto-de-fiestas-de-la-union-musical-contestana-cumple-50-anos\\\/#primaryimage\"},\"thumbnailUrl\":\"https:\\\/\\\/www.copealcoy.es\\\/wp-content\\\/uploads\\\/2022\\\/08\\\/unnamed-10-e1660285989229.jpg\",\"datePublished\":\"2022-08-12T06:44:25+00:00\",\"dateModified\":\"2022-08-12T09:23:39+00:00\",\"author\":{\"@id\":\"https:\\\/\\\/www.copealcoy.es\\\/es\\\/#\\\/schema\\\/person\\\/e777c87fa024e57d40170af9df39882c\"},\"breadcrumb\":{\"@id\":\"https:\\\/\\\/www.copealcoy.es\\\/es\\\/el-concierto-de-fiestas-de-la-union-musical-contestana-cumple-50-anos\\\/#breadcrumb\"},\"inLanguage\":\"es\",\"potentialAction\":[{\"@type\":\"ReadAction\",\"target\":[\"https:\\\/\\\/www.copealcoy.es\\\/es\\\/el-concierto-de-fiestas-de-la-union-musical-contestana-cumple-50-anos\\\/\"]}]},{\"@type\":\"ImageObject\",\"inLanguage\":\"es\",\"@id\":\"https:\\\/\\\/www.copealcoy.es\\\/es\\\/el-concierto-de-fiestas-de-la-union-musical-contestana-cumple-50-anos\\\/#primaryimage\",\"url\":\"https:\\\/\\\/www.copealcoy.es\\\/wp-content\\\/uploads\\\/2022\\\/08\\\/unnamed-10-e1660285989229.jpg\",\"contentUrl\":\"https:\\\/\\\/www.copealcoy.es\\\/wp-content\\\/uploads\\\/2022\\\/08\\\/unnamed-10-e1660285989229.jpg\",\"width\":640,\"height\":415},{\"@type\":\"BreadcrumbList\",\"@id\":\"https:\\\/\\\/www.copealcoy.es\\\/es\\\/el-concierto-de-fiestas-de-la-union-musical-contestana-cumple-50-anos\\\/#breadcrumb\",\"itemListElement\":[{\"@type\":\"ListItem\",\"position\":1,\"name\":\"Portada\",\"item\":\"https:\\\/\\\/www.copealcoy.es\\\/es\\\/\"},{\"@type\":\"ListItem\",\"position\":2,\"name\":\"El Concierto de Fiestas de la Uni\u00f3n Musical Contestana cumple 50 a\u00f1os\"}]},{\"@type\":\"WebSite\",\"@id\":\"https:\\\/\\\/www.copealcoy.es\\\/es\\\/#website\",\"url\":\"https:\\\/\\\/www.copealcoy.es\\\/es\\\/\",\"name\":\"COPE Alcoy\",\"description\":\"Emisora COPE de radio local con emisi\u00f3n online. Pont de Sant Jordi 8-10 03803 Alcoy\",\"potentialAction\":[{\"@type\":\"SearchAction\",\"target\":{\"@type\":\"EntryPoint\",\"urlTemplate\":\"https:\\\/\\\/www.copealcoy.es\\\/es\\\/?s={search_term_string}\"},\"query-input\":{\"@type\":\"PropertyValueSpecification\",\"valueRequired\":true,\"valueName\":\"search_term_string\"}}],\"inLanguage\":\"es\"},{\"@type\":\"Person\",\"@id\":\"https:\\\/\\\/www.copealcoy.es\\\/es\\\/#\\\/schema\\\/person\\\/e777c87fa024e57d40170af9df39882c\",\"name\":\"Cope Alcoy\",\"image\":{\"@type\":\"ImageObject\",\"inLanguage\":\"es\",\"@id\":\"https:\\\/\\\/secure.gravatar.com\\\/avatar\\\/bb65d0283347e303893ba14f0692005417c1e0e690a325a4c5d8bb2b3943ee14?s=96&d=mm&r=g\",\"url\":\"https:\\\/\\\/secure.gravatar.com\\\/avatar\\\/bb65d0283347e303893ba14f0692005417c1e0e690a325a4c5d8bb2b3943ee14?s=96&d=mm&r=g\",\"contentUrl\":\"https:\\\/\\\/secure.gravatar.com\\\/avatar\\\/bb65d0283347e303893ba14f0692005417c1e0e690a325a4c5d8bb2b3943ee14?s=96&d=mm&r=g\",\"caption\":\"Cope Alcoy\"}}]}<\/script>\n<!-- \/ Yoast SEO plugin. -->","yoast_head_json":{"title":"El Concierto de Fiestas de la Uni\u00f3n Musical Contestana cumple 50 a\u00f1os - COPE Alcoy","robots":{"index":"index","follow":"follow","max-snippet":"max-snippet:-1","max-image-preview":"max-image-preview:large","max-video-preview":"max-video-preview:-1"},"canonical":"https:\/\/www.copealcoy.es\/es\/el-concierto-de-fiestas-de-la-union-musical-contestana-cumple-50-anos\/","og_locale":"es_ES","og_type":"article","og_title":"El Concierto de Fiestas de la Uni\u00f3n Musical Contestana cumple 50 a\u00f1os - COPE Alcoy","og_description":"La Semana Festera de Cocentaina lleg\u00f3 a su fin ayer jueves con el extraordinario Concierto de Fiestas que protagoniz\u00f3 la...","og_url":"https:\/\/www.copealcoy.es\/es\/el-concierto-de-fiestas-de-la-union-musical-contestana-cumple-50-anos\/","og_site_name":"COPE Alcoy","article_published_time":"2022-08-12T06:44:25+00:00","article_modified_time":"2022-08-12T09:23:39+00:00","og_image":[{"width":640,"height":415,"url":"https:\/\/www.copealcoy.es\/wp-content\/uploads\/2022\/08\/unnamed-10-e1660285989229.jpg","type":"image\/jpeg"}],"author":"Cope Alcoy","twitter_misc":{"Escrito por":"Cope Alcoy","Tiempo de lectura":"2 minutos"},"schema":{"@context":"https:\/\/schema.org","@graph":[{"@type":"Article","@id":"https:\/\/www.copealcoy.es\/es\/el-concierto-de-fiestas-de-la-union-musical-contestana-cumple-50-anos\/#article","isPartOf":{"@id":"https:\/\/www.copealcoy.es\/es\/el-concierto-de-fiestas-de-la-union-musical-contestana-cumple-50-anos\/"},"author":{"name":"Cope Alcoy","@id":"https:\/\/www.copealcoy.es\/es\/#\/schema\/person\/e777c87fa024e57d40170af9df39882c"},"headline":"El Concierto de Fiestas de la Uni\u00f3n Musical Contestana cumple 50 a\u00f1os","datePublished":"2022-08-12T06:44:25+00:00","dateModified":"2022-08-12T09:23:39+00:00","mainEntityOfPage":{"@id":"https:\/\/www.copealcoy.es\/es\/el-concierto-de-fiestas-de-la-union-musical-contestana-cumple-50-anos\/"},"wordCount":435,"commentCount":0,"image":{"@id":"https:\/\/www.copealcoy.es\/es\/el-concierto-de-fiestas-de-la-union-musical-contestana-cumple-50-anos\/#primaryimage"},"thumbnailUrl":"https:\/\/www.copealcoy.es\/wp-content\/uploads\/2022\/08\/unnamed-10-e1660285989229.jpg","keywords":["Cocentaina","Concierto","Fiestas","Moros Y Cristianos","Uni\u00f3n Musical Contestana"],"articleSection":["Comarcas","Noticias"],"inLanguage":"es"},{"@type":"WebPage","@id":"https:\/\/www.copealcoy.es\/es\/el-concierto-de-fiestas-de-la-union-musical-contestana-cumple-50-anos\/","url":"https:\/\/www.copealcoy.es\/es\/el-concierto-de-fiestas-de-la-union-musical-contestana-cumple-50-anos\/","name":"El Concierto de Fiestas de la Uni\u00f3n Musical Contestana cumple 50 a\u00f1os - COPE Alcoy","isPartOf":{"@id":"https:\/\/www.copealcoy.es\/es\/#website"},"primaryImageOfPage":{"@id":"https:\/\/www.copealcoy.es\/es\/el-concierto-de-fiestas-de-la-union-musical-contestana-cumple-50-anos\/#primaryimage"},"image":{"@id":"https:\/\/www.copealcoy.es\/es\/el-concierto-de-fiestas-de-la-union-musical-contestana-cumple-50-anos\/#primaryimage"},"thumbnailUrl":"https:\/\/www.copealcoy.es\/wp-content\/uploads\/2022\/08\/unnamed-10-e1660285989229.jpg","datePublished":"2022-08-12T06:44:25+00:00","dateModified":"2022-08-12T09:23:39+00:00","author":{"@id":"https:\/\/www.copealcoy.es\/es\/#\/schema\/person\/e777c87fa024e57d40170af9df39882c"},"breadcrumb":{"@id":"https:\/\/www.copealcoy.es\/es\/el-concierto-de-fiestas-de-la-union-musical-contestana-cumple-50-anos\/#breadcrumb"},"inLanguage":"es","potentialAction":[{"@type":"ReadAction","target":["https:\/\/www.copealcoy.es\/es\/el-concierto-de-fiestas-de-la-union-musical-contestana-cumple-50-anos\/"]}]},{"@type":"ImageObject","inLanguage":"es","@id":"https:\/\/www.copealcoy.es\/es\/el-concierto-de-fiestas-de-la-union-musical-contestana-cumple-50-anos\/#primaryimage","url":"https:\/\/www.copealcoy.es\/wp-content\/uploads\/2022\/08\/unnamed-10-e1660285989229.jpg","contentUrl":"https:\/\/www.copealcoy.es\/wp-content\/uploads\/2022\/08\/unnamed-10-e1660285989229.jpg","width":640,"height":415},{"@type":"BreadcrumbList","@id":"https:\/\/www.copealcoy.es\/es\/el-concierto-de-fiestas-de-la-union-musical-contestana-cumple-50-anos\/#breadcrumb","itemListElement":[{"@type":"ListItem","position":1,"name":"Portada","item":"https:\/\/www.copealcoy.es\/es\/"},{"@type":"ListItem","position":2,"name":"El Concierto de Fiestas de la Uni\u00f3n Musical Contestana cumple 50 a\u00f1os"}]},{"@type":"WebSite","@id":"https:\/\/www.copealcoy.es\/es\/#website","url":"https:\/\/www.copealcoy.es\/es\/","name":"COPE Alcoy","description":"Emisora COPE de radio local con emisi\u00f3n online. Pont de Sant Jordi 8-10 03803 Alcoy","potentialAction":[{"@type":"SearchAction","target":{"@type":"EntryPoint","urlTemplate":"https:\/\/www.copealcoy.es\/es\/?s={search_term_string}"},"query-input":{"@type":"PropertyValueSpecification","valueRequired":true,"valueName":"search_term_string"}}],"inLanguage":"es"},{"@type":"Person","@id":"https:\/\/www.copealcoy.es\/es\/#\/schema\/person\/e777c87fa024e57d40170af9df39882c","name":"Cope Alcoy","image":{"@type":"ImageObject","inLanguage":"es","@id":"https:\/\/secure.gravatar.com\/avatar\/bb65d0283347e303893ba14f0692005417c1e0e690a325a4c5d8bb2b3943ee14?s=96&d=mm&r=g","url":"https:\/\/secure.gravatar.com\/avatar\/bb65d0283347e303893ba14f0692005417c1e0e690a325a4c5d8bb2b3943ee14?s=96&d=mm&r=g","contentUrl":"https:\/\/secure.gravatar.com\/avatar\/bb65d0283347e303893ba14f0692005417c1e0e690a325a4c5d8bb2b3943ee14?s=96&d=mm&r=g","caption":"Cope Alcoy"}}]}},"_links":{"self":[{"href":"https:\/\/www.copealcoy.es\/es\/wp-json\/wp\/v2\/posts\/90575","targetHints":{"allow":["GET"]}}],"collection":[{"href":"https:\/\/www.copealcoy.es\/es\/wp-json\/wp\/v2\/posts"}],"about":[{"href":"https:\/\/www.copealcoy.es\/es\/wp-json\/wp\/v2\/types\/post"}],"author":[{"embeddable":true,"href":"https:\/\/www.copealcoy.es\/es\/wp-json\/wp\/v2\/users\/1"}],"replies":[{"embeddable":true,"href":"https:\/\/www.copealcoy.es\/es\/wp-json\/wp\/v2\/comments?post=90575"}],"version-history":[{"count":0,"href":"https:\/\/www.copealcoy.es\/es\/wp-json\/wp\/v2\/posts\/90575\/revisions"}],"wp:featuredmedia":[{"embeddable":true,"href":"https:\/\/www.copealcoy.es\/es\/wp-json\/wp\/v2\/media\/90576"}],"wp:attachment":[{"href":"https:\/\/www.copealcoy.es\/es\/wp-json\/wp\/v2\/media?parent=90575"}],"wp:term":[{"taxonomy":"category","embeddable":true,"href":"https:\/\/www.copealcoy.es\/es\/wp-json\/wp\/v2\/categories?post=90575"},{"taxonomy":"post_tag","embeddable":true,"href":"https:\/\/www.copealcoy.es\/es\/wp-json\/wp\/v2\/tags?post=90575"}],"curies":[{"name":"wp","href":"https:\/\/api.w.org\/{rel}","templated":true}]}}