{"id":90495,"date":"2022-08-08T19:42:58","date_gmt":"2022-08-08T18:42:58","guid":{"rendered":"https:\/\/www.copealcoy.es\/?p=90495"},"modified":"2022-08-08T20:04:10","modified_gmt":"2022-08-08T19:04:10","slug":"archivan-la-demanda-por-supuestas-irregularidades-en-las-multas-de-la-peatonalizacion-del-centro-de-alcoy","status":"publish","type":"post","link":"https:\/\/www.copealcoy.es\/es\/archivan-la-demanda-por-supuestas-irregularidades-en-las-multas-de-la-peatonalizacion-del-centro-de-alcoy\/","title":{"rendered":"Archivan la demanda por supuestas irregularidades en las multas de la peatonalizaci\u00f3n del Centro de Alcoy"},"content":{"rendered":"<p class=\"voc-paragraph\" style=\"text-align: justify;\">El <strong>Gobierno Local del PSOE<\/strong> comunicaba el pasado viernes que <strong>el Tribunal de Cuentas ha archivado la denuncia interpuesta en su d\u00eda por el Partido Popular<\/strong> referida a <strong>supuestas irregularidades en la aplicaci\u00f3n de multas derivadas de la entrada en vigor de la Ordenanza de Peatonalizaci\u00f3n del Centro<\/strong> de la ciudad en la primavera de 2021. Hay que recordar que los populares acusaban meses atr\u00e1s a los socialistas de <strong>haber incurrido en una supuesta malversaci\u00f3n en la administraci\u00f3n de los fondos p\u00fablicos<\/strong>, todo ello tras haber puesto solo 232 sanciones; a pesar de los 37.600 accesos registrados en los primeros seis meses desde la entrada en vigor de la peatonalizaci\u00f3n.<\/p>\n<p style=\"text-align: justify;\">Desde el PSOE <strong>valoran muy positivamente esta resoluci\u00f3n del Tribunal de Cuentas<\/strong> y aseguran que <strong>la denuncia del PP ha sido<\/strong> &#8220;<em>otro intento de manipular y tergiversar la realidad<\/em>&#8220;. Adem\u00e1s afirman que el seguimiento de la peatonalizaci\u00f3n del Centro <strong>no ten\u00eda como objetivo sancionar<\/strong>, sino m\u00e1s bien <strong>concienciar a la ciudadan\u00eda<\/strong> &#8220;<em>sin embargo parece que al Partido Popular solo le interesaba que se multara a cuanta m\u00e1s gente mejor, posiblemente buscando perjudicar a este Gobierno. La tendencia desproporcionada del PP de Alcoi a judicializar cuestiones municipales en lugar de tender la mano de forma sincera y aportar en beneficio de la ciudadan\u00eda<\/em>\u201d, destaca el vicealcalde de Alcoy, <strong>Jordi Mart\u00ednez<\/strong>.<\/p>\n<p>Finalmente desde el Partido Socialista <strong>han pedido al PP<\/strong> que centre sus esfuerzos en\u00a0 trabajar por los intereses reales de la ciudadan\u00eda.<\/p>\n","protected":false},"excerpt":{"rendered":"<p>El Gobierno Local del PSOE comunicaba el pasado viernes que el Tribunal de Cuentas ha archivado la denuncia interpuesta en&#8230;<\/p>\n","protected":false},"author":1,"featured_media":72446,"comment_status":"open","ping_status":"open","sticky":false,"template":"","format":"standard","meta":{"footnotes":""},"categories":[6909,97,75,79,125],"tags":[1494,295,1715,3991,448,294],"class_list":["post-90495","post","type-post","status-publish","format-standard","has-post-thumbnail","hentry","category-actualidad","category-alcoy","category-noticias","category-politicayeconomia","category-portada","tag-alcoy","tag-centro","tag-demanda","tag-multas","tag-partido-popular","tag-peatonalizacion"],"yoast_head":"<!-- This site is optimized with the Yoast SEO plugin v27.3 - https:\/\/yoast.com\/product\/yoast-seo-wordpress\/ -->\n<title>Archivan la demanda por supuestas irregularidades en las multas de la peatonalizaci\u00f3n del Centro de Alcoy - COPE Alcoy<\/title>\n<meta name=\"robots\" content=\"index, follow, max-snippet:-1, max-image-preview:large, max-video-preview:-1\" \/>\n<link rel=\"canonical\" href=\"https:\/\/www.copealcoy.es\/es\/archivan-la-demanda-por-supuestas-irregularidades-en-las-multas-de-la-peatonalizacion-del-centro-de-alcoy\/\" \/>\n<meta property=\"og:locale\" content=\"es_ES\" \/>\n<meta property=\"og:type\" content=\"article\" \/>\n<meta property=\"og:title\" content=\"Archivan la demanda por supuestas irregularidades en las multas de la peatonalizaci\u00f3n del Centro de Alcoy - COPE Alcoy\" \/>\n<meta property=\"og:description\" content=\"El Gobierno Local del PSOE comunicaba el pasado viernes que el Tribunal de Cuentas ha archivado la denuncia interpuesta en...\" \/>\n<meta property=\"og:url\" content=\"https:\/\/www.copealcoy.es\/es\/archivan-la-demanda-por-supuestas-irregularidades-en-las-multas-de-la-peatonalizacion-del-centro-de-alcoy\/\" \/>\n<meta property=\"og:site_name\" content=\"COPE Alcoy\" \/>\n<meta property=\"article:published_time\" content=\"2022-08-08T18:42:58+00:00\" \/>\n<meta property=\"article:modified_time\" content=\"2022-08-08T19:04:10+00:00\" \/>\n<meta property=\"og:image\" content=\"https:\/\/www.copealcoy.es\/wp-content\/uploads\/2021\/03\/unnamed-5-scaled.jpg\" \/>\n\t<meta property=\"og:image:width\" content=\"2560\" \/>\n\t<meta property=\"og:image:height\" content=\"1931\" \/>\n\t<meta property=\"og:image:type\" content=\"image\/jpeg\" \/>\n<meta name=\"author\" content=\"Cope Alcoy\" \/>\n<meta name=\"twitter:label1\" content=\"Escrito por\" \/>\n\t<meta name=\"twitter:data1\" content=\"Cope Alcoy\" \/>\n\t<meta name=\"twitter:label2\" content=\"Tiempo de lectura\" \/>\n\t<meta name=\"twitter:data2\" content=\"2 minutos\" \/>\n<script type=\"application\/ld+json\" class=\"yoast-schema-graph\">{\"@context\":\"https:\\\/\\\/schema.org\",\"@graph\":[{\"@type\":\"Article\",\"@id\":\"https:\\\/\\\/www.copealcoy.es\\\/es\\\/archivan-la-demanda-por-supuestas-irregularidades-en-las-multas-de-la-peatonalizacion-del-centro-de-alcoy\\\/#article\",\"isPartOf\":{\"@id\":\"https:\\\/\\\/www.copealcoy.es\\\/es\\\/archivan-la-demanda-por-supuestas-irregularidades-en-las-multas-de-la-peatonalizacion-del-centro-de-alcoy\\\/\"},\"author\":{\"name\":\"Cope Alcoy\",\"@id\":\"https:\\\/\\\/www.copealcoy.es\\\/es\\\/#\\\/schema\\\/person\\\/e777c87fa024e57d40170af9df39882c\"},\"headline\":\"Archivan la demanda por supuestas irregularidades en las multas de la peatonalizaci\u00f3n del Centro de Alcoy\",\"datePublished\":\"2022-08-08T18:42:58+00:00\",\"dateModified\":\"2022-08-08T19:04:10+00:00\",\"mainEntityOfPage\":{\"@id\":\"https:\\\/\\\/www.copealcoy.es\\\/es\\\/archivan-la-demanda-por-supuestas-irregularidades-en-las-multas-de-la-peatonalizacion-del-centro-de-alcoy\\\/\"},\"wordCount\":273,\"commentCount\":0,\"image\":{\"@id\":\"https:\\\/\\\/www.copealcoy.es\\\/es\\\/archivan-la-demanda-por-supuestas-irregularidades-en-las-multas-de-la-peatonalizacion-del-centro-de-alcoy\\\/#primaryimage\"},\"thumbnailUrl\":\"https:\\\/\\\/www.copealcoy.es\\\/wp-content\\\/uploads\\\/2021\\\/03\\\/unnamed-5-scaled.jpg\",\"keywords\":[\"Alcoy\",\"Centro\",\"Demanda\",\"multas\",\"Partido Popular\",\"Peatonalizaci\u00f3n\"],\"articleSection\":[\"Actualidad\",\"Alcoy\",\"Noticias\",\"Pol\u00edtica y Econom\u00eda\",\"Portada\"],\"inLanguage\":\"es\"},{\"@type\":\"WebPage\",\"@id\":\"https:\\\/\\\/www.copealcoy.es\\\/es\\\/archivan-la-demanda-por-supuestas-irregularidades-en-las-multas-de-la-peatonalizacion-del-centro-de-alcoy\\\/\",\"url\":\"https:\\\/\\\/www.copealcoy.es\\\/es\\\/archivan-la-demanda-por-supuestas-irregularidades-en-las-multas-de-la-peatonalizacion-del-centro-de-alcoy\\\/\",\"name\":\"Archivan la demanda por supuestas irregularidades en las multas de la peatonalizaci\u00f3n del Centro de Alcoy - COPE Alcoy\",\"isPartOf\":{\"@id\":\"https:\\\/\\\/www.copealcoy.es\\\/es\\\/#website\"},\"primaryImageOfPage\":{\"@id\":\"https:\\\/\\\/www.copealcoy.es\\\/es\\\/archivan-la-demanda-por-supuestas-irregularidades-en-las-multas-de-la-peatonalizacion-del-centro-de-alcoy\\\/#primaryimage\"},\"image\":{\"@id\":\"https:\\\/\\\/www.copealcoy.es\\\/es\\\/archivan-la-demanda-por-supuestas-irregularidades-en-las-multas-de-la-peatonalizacion-del-centro-de-alcoy\\\/#primaryimage\"},\"thumbnailUrl\":\"https:\\\/\\\/www.copealcoy.es\\\/wp-content\\\/uploads\\\/2021\\\/03\\\/unnamed-5-scaled.jpg\",\"datePublished\":\"2022-08-08T18:42:58+00:00\",\"dateModified\":\"2022-08-08T19:04:10+00:00\",\"author\":{\"@id\":\"https:\\\/\\\/www.copealcoy.es\\\/es\\\/#\\\/schema\\\/person\\\/e777c87fa024e57d40170af9df39882c\"},\"breadcrumb\":{\"@id\":\"https:\\\/\\\/www.copealcoy.es\\\/es\\\/archivan-la-demanda-por-supuestas-irregularidades-en-las-multas-de-la-peatonalizacion-del-centro-de-alcoy\\\/#breadcrumb\"},\"inLanguage\":\"es\",\"potentialAction\":[{\"@type\":\"ReadAction\",\"target\":[\"https:\\\/\\\/www.copealcoy.es\\\/es\\\/archivan-la-demanda-por-supuestas-irregularidades-en-las-multas-de-la-peatonalizacion-del-centro-de-alcoy\\\/\"]}]},{\"@type\":\"ImageObject\",\"inLanguage\":\"es\",\"@id\":\"https:\\\/\\\/www.copealcoy.es\\\/es\\\/archivan-la-demanda-por-supuestas-irregularidades-en-las-multas-de-la-peatonalizacion-del-centro-de-alcoy\\\/#primaryimage\",\"url\":\"https:\\\/\\\/www.copealcoy.es\\\/wp-content\\\/uploads\\\/2021\\\/03\\\/unnamed-5-scaled.jpg\",\"contentUrl\":\"https:\\\/\\\/www.copealcoy.es\\\/wp-content\\\/uploads\\\/2021\\\/03\\\/unnamed-5-scaled.jpg\",\"width\":2560,\"height\":1931},{\"@type\":\"BreadcrumbList\",\"@id\":\"https:\\\/\\\/www.copealcoy.es\\\/es\\\/archivan-la-demanda-por-supuestas-irregularidades-en-las-multas-de-la-peatonalizacion-del-centro-de-alcoy\\\/#breadcrumb\",\"itemListElement\":[{\"@type\":\"ListItem\",\"position\":1,\"name\":\"Portada\",\"item\":\"https:\\\/\\\/www.copealcoy.es\\\/es\\\/\"},{\"@type\":\"ListItem\",\"position\":2,\"name\":\"Archivan la demanda por supuestas irregularidades en las multas de la peatonalizaci\u00f3n del Centro de Alcoy\"}]},{\"@type\":\"WebSite\",\"@id\":\"https:\\\/\\\/www.copealcoy.es\\\/es\\\/#website\",\"url\":\"https:\\\/\\\/www.copealcoy.es\\\/es\\\/\",\"name\":\"COPE Alcoy\",\"description\":\"Emisora COPE de radio local con emisi\u00f3n online. Pont de Sant Jordi 8-10 03803 Alcoy\",\"potentialAction\":[{\"@type\":\"SearchAction\",\"target\":{\"@type\":\"EntryPoint\",\"urlTemplate\":\"https:\\\/\\\/www.copealcoy.es\\\/es\\\/?s={search_term_string}\"},\"query-input\":{\"@type\":\"PropertyValueSpecification\",\"valueRequired\":true,\"valueName\":\"search_term_string\"}}],\"inLanguage\":\"es\"},{\"@type\":\"Person\",\"@id\":\"https:\\\/\\\/www.copealcoy.es\\\/es\\\/#\\\/schema\\\/person\\\/e777c87fa024e57d40170af9df39882c\",\"name\":\"Cope Alcoy\",\"image\":{\"@type\":\"ImageObject\",\"inLanguage\":\"es\",\"@id\":\"https:\\\/\\\/secure.gravatar.com\\\/avatar\\\/bb65d0283347e303893ba14f0692005417c1e0e690a325a4c5d8bb2b3943ee14?s=96&d=mm&r=g\",\"url\":\"https:\\\/\\\/secure.gravatar.com\\\/avatar\\\/bb65d0283347e303893ba14f0692005417c1e0e690a325a4c5d8bb2b3943ee14?s=96&d=mm&r=g\",\"contentUrl\":\"https:\\\/\\\/secure.gravatar.com\\\/avatar\\\/bb65d0283347e303893ba14f0692005417c1e0e690a325a4c5d8bb2b3943ee14?s=96&d=mm&r=g\",\"caption\":\"Cope Alcoy\"}}]}<\/script>\n<!-- \/ Yoast SEO plugin. -->","yoast_head_json":{"title":"Archivan la demanda por supuestas irregularidades en las multas de la peatonalizaci\u00f3n del Centro de Alcoy - COPE Alcoy","robots":{"index":"index","follow":"follow","max-snippet":"max-snippet:-1","max-image-preview":"max-image-preview:large","max-video-preview":"max-video-preview:-1"},"canonical":"https:\/\/www.copealcoy.es\/es\/archivan-la-demanda-por-supuestas-irregularidades-en-las-multas-de-la-peatonalizacion-del-centro-de-alcoy\/","og_locale":"es_ES","og_type":"article","og_title":"Archivan la demanda por supuestas irregularidades en las multas de la peatonalizaci\u00f3n del Centro de Alcoy - COPE Alcoy","og_description":"El Gobierno Local del PSOE comunicaba el pasado viernes que el Tribunal de Cuentas ha archivado la denuncia interpuesta en...","og_url":"https:\/\/www.copealcoy.es\/es\/archivan-la-demanda-por-supuestas-irregularidades-en-las-multas-de-la-peatonalizacion-del-centro-de-alcoy\/","og_site_name":"COPE Alcoy","article_published_time":"2022-08-08T18:42:58+00:00","article_modified_time":"2022-08-08T19:04:10+00:00","og_image":[{"width":2560,"height":1931,"url":"https:\/\/www.copealcoy.es\/wp-content\/uploads\/2021\/03\/unnamed-5-scaled.jpg","type":"image\/jpeg"}],"author":"Cope Alcoy","twitter_misc":{"Escrito por":"Cope Alcoy","Tiempo de lectura":"2 minutos"},"schema":{"@context":"https:\/\/schema.org","@graph":[{"@type":"Article","@id":"https:\/\/www.copealcoy.es\/es\/archivan-la-demanda-por-supuestas-irregularidades-en-las-multas-de-la-peatonalizacion-del-centro-de-alcoy\/#article","isPartOf":{"@id":"https:\/\/www.copealcoy.es\/es\/archivan-la-demanda-por-supuestas-irregularidades-en-las-multas-de-la-peatonalizacion-del-centro-de-alcoy\/"},"author":{"name":"Cope Alcoy","@id":"https:\/\/www.copealcoy.es\/es\/#\/schema\/person\/e777c87fa024e57d40170af9df39882c"},"headline":"Archivan la demanda por supuestas irregularidades en las multas de la peatonalizaci\u00f3n del Centro de Alcoy","datePublished":"2022-08-08T18:42:58+00:00","dateModified":"2022-08-08T19:04:10+00:00","mainEntityOfPage":{"@id":"https:\/\/www.copealcoy.es\/es\/archivan-la-demanda-por-supuestas-irregularidades-en-las-multas-de-la-peatonalizacion-del-centro-de-alcoy\/"},"wordCount":273,"commentCount":0,"image":{"@id":"https:\/\/www.copealcoy.es\/es\/archivan-la-demanda-por-supuestas-irregularidades-en-las-multas-de-la-peatonalizacion-del-centro-de-alcoy\/#primaryimage"},"thumbnailUrl":"https:\/\/www.copealcoy.es\/wp-content\/uploads\/2021\/03\/unnamed-5-scaled.jpg","keywords":["Alcoy","Centro","Demanda","multas","Partido Popular","Peatonalizaci\u00f3n"],"articleSection":["Actualidad","Alcoy","Noticias","Pol\u00edtica y Econom\u00eda","Portada"],"inLanguage":"es"},{"@type":"WebPage","@id":"https:\/\/www.copealcoy.es\/es\/archivan-la-demanda-por-supuestas-irregularidades-en-las-multas-de-la-peatonalizacion-del-centro-de-alcoy\/","url":"https:\/\/www.copealcoy.es\/es\/archivan-la-demanda-por-supuestas-irregularidades-en-las-multas-de-la-peatonalizacion-del-centro-de-alcoy\/","name":"Archivan la demanda por supuestas irregularidades en las multas de la peatonalizaci\u00f3n del Centro de Alcoy - COPE Alcoy","isPartOf":{"@id":"https:\/\/www.copealcoy.es\/es\/#website"},"primaryImageOfPage":{"@id":"https:\/\/www.copealcoy.es\/es\/archivan-la-demanda-por-supuestas-irregularidades-en-las-multas-de-la-peatonalizacion-del-centro-de-alcoy\/#primaryimage"},"image":{"@id":"https:\/\/www.copealcoy.es\/es\/archivan-la-demanda-por-supuestas-irregularidades-en-las-multas-de-la-peatonalizacion-del-centro-de-alcoy\/#primaryimage"},"thumbnailUrl":"https:\/\/www.copealcoy.es\/wp-content\/uploads\/2021\/03\/unnamed-5-scaled.jpg","datePublished":"2022-08-08T18:42:58+00:00","dateModified":"2022-08-08T19:04:10+00:00","author":{"@id":"https:\/\/www.copealcoy.es\/es\/#\/schema\/person\/e777c87fa024e57d40170af9df39882c"},"breadcrumb":{"@id":"https:\/\/www.copealcoy.es\/es\/archivan-la-demanda-por-supuestas-irregularidades-en-las-multas-de-la-peatonalizacion-del-centro-de-alcoy\/#breadcrumb"},"inLanguage":"es","potentialAction":[{"@type":"ReadAction","target":["https:\/\/www.copealcoy.es\/es\/archivan-la-demanda-por-supuestas-irregularidades-en-las-multas-de-la-peatonalizacion-del-centro-de-alcoy\/"]}]},{"@type":"ImageObject","inLanguage":"es","@id":"https:\/\/www.copealcoy.es\/es\/archivan-la-demanda-por-supuestas-irregularidades-en-las-multas-de-la-peatonalizacion-del-centro-de-alcoy\/#primaryimage","url":"https:\/\/www.copealcoy.es\/wp-content\/uploads\/2021\/03\/unnamed-5-scaled.jpg","contentUrl":"https:\/\/www.copealcoy.es\/wp-content\/uploads\/2021\/03\/unnamed-5-scaled.jpg","width":2560,"height":1931},{"@type":"BreadcrumbList","@id":"https:\/\/www.copealcoy.es\/es\/archivan-la-demanda-por-supuestas-irregularidades-en-las-multas-de-la-peatonalizacion-del-centro-de-alcoy\/#breadcrumb","itemListElement":[{"@type":"ListItem","position":1,"name":"Portada","item":"https:\/\/www.copealcoy.es\/es\/"},{"@type":"ListItem","position":2,"name":"Archivan la demanda por supuestas irregularidades en las multas de la peatonalizaci\u00f3n del Centro de Alcoy"}]},{"@type":"WebSite","@id":"https:\/\/www.copealcoy.es\/es\/#website","url":"https:\/\/www.copealcoy.es\/es\/","name":"COPE Alcoy","description":"Emisora COPE de radio local con emisi\u00f3n online. Pont de Sant Jordi 8-10 03803 Alcoy","potentialAction":[{"@type":"SearchAction","target":{"@type":"EntryPoint","urlTemplate":"https:\/\/www.copealcoy.es\/es\/?s={search_term_string}"},"query-input":{"@type":"PropertyValueSpecification","valueRequired":true,"valueName":"search_term_string"}}],"inLanguage":"es"},{"@type":"Person","@id":"https:\/\/www.copealcoy.es\/es\/#\/schema\/person\/e777c87fa024e57d40170af9df39882c","name":"Cope Alcoy","image":{"@type":"ImageObject","inLanguage":"es","@id":"https:\/\/secure.gravatar.com\/avatar\/bb65d0283347e303893ba14f0692005417c1e0e690a325a4c5d8bb2b3943ee14?s=96&d=mm&r=g","url":"https:\/\/secure.gravatar.com\/avatar\/bb65d0283347e303893ba14f0692005417c1e0e690a325a4c5d8bb2b3943ee14?s=96&d=mm&r=g","contentUrl":"https:\/\/secure.gravatar.com\/avatar\/bb65d0283347e303893ba14f0692005417c1e0e690a325a4c5d8bb2b3943ee14?s=96&d=mm&r=g","caption":"Cope Alcoy"}}]}},"_links":{"self":[{"href":"https:\/\/www.copealcoy.es\/es\/wp-json\/wp\/v2\/posts\/90495","targetHints":{"allow":["GET"]}}],"collection":[{"href":"https:\/\/www.copealcoy.es\/es\/wp-json\/wp\/v2\/posts"}],"about":[{"href":"https:\/\/www.copealcoy.es\/es\/wp-json\/wp\/v2\/types\/post"}],"author":[{"embeddable":true,"href":"https:\/\/www.copealcoy.es\/es\/wp-json\/wp\/v2\/users\/1"}],"replies":[{"embeddable":true,"href":"https:\/\/www.copealcoy.es\/es\/wp-json\/wp\/v2\/comments?post=90495"}],"version-history":[{"count":0,"href":"https:\/\/www.copealcoy.es\/es\/wp-json\/wp\/v2\/posts\/90495\/revisions"}],"wp:featuredmedia":[{"embeddable":true,"href":"https:\/\/www.copealcoy.es\/es\/wp-json\/wp\/v2\/media\/72446"}],"wp:attachment":[{"href":"https:\/\/www.copealcoy.es\/es\/wp-json\/wp\/v2\/media?parent=90495"}],"wp:term":[{"taxonomy":"category","embeddable":true,"href":"https:\/\/www.copealcoy.es\/es\/wp-json\/wp\/v2\/categories?post=90495"},{"taxonomy":"post_tag","embeddable":true,"href":"https:\/\/www.copealcoy.es\/es\/wp-json\/wp\/v2\/tags?post=90495"}],"curies":[{"name":"wp","href":"https:\/\/api.w.org\/{rel}","templated":true}]}}