{"id":90489,"date":"2022-08-08T19:15:53","date_gmt":"2022-08-08T18:15:53","guid":{"rendered":"https:\/\/www.copealcoy.es\/?p=90489"},"modified":"2022-08-08T19:31:44","modified_gmt":"2022-08-08T18:31:44","slug":"la-colla-mal-passet-inicia-una-nueva-semana-festera-en-cocentaina","status":"publish","type":"post","link":"https:\/\/www.copealcoy.es\/es\/la-colla-mal-passet-inicia-una-nueva-semana-festera-en-cocentaina\/","title":{"rendered":"La Colla Mal Passet inicia una nueva Semana Festera en Cocentaina"},"content":{"rendered":"<p style=\"text-align: justify;\">La <strong>Colla de Dol\u00e7aines i Tabals Mal Passet de Cocentaina<\/strong> inici\u00f3 ayer la Semana Festera del municipio con <strong>la edici\u00f3n n\u00famero XIX de su tradicional concierto dedicado a las Fiestas de Moros y Cristianos<\/strong> en honor a San Hip\u00f3lito M\u00e1rtir. La cita tuvo lugar <strong>a partir de las nueve de la noche en el patio de armas del Palau Comtal<\/strong> y tuvo tambi\u00e9n <strong>un importante fin solidario<\/strong> puesto que lo recaudado <strong>ir\u00e1 destinado a C\u00e1ritas <\/strong>para la ayuda que la instituci\u00f3n est\u00e1 prestando a los refugiados de Ucrania.<\/p>\n<p style=\"text-align: justify;\">El citado concierto <strong>estuvo dividido en dos partes bajo la direcci\u00f3n de Francisco Valor<\/strong>. En la primera parte se pudieron escuchar piezas como el pasodoble <strong>&#8216;Andrea&#8217;<\/strong> de Sa\u00fcl G\u00f3mez i Soler, la marcha mora <strong>&#8216;Les Covetes Dels Moros&#8217;<\/strong> de Dami\u00e1n Molina y la marcha masera <strong>&#8216;El Catal\u00e0&#8217;<\/strong> del murero Jos\u00e9 Rafael Pascual Vilaplana. Tras un breve receso se retom\u00f3 la audici\u00f3n y en la segunda parte el p\u00fablico disfrut\u00f3 de piezas como el ballet cristiano <strong>&#8216;Unda et Sanguine Ioam&#8217;<\/strong> de Jos\u00e9 Rafael Pascual, el ballet moro <strong>&#8216;Ulugh Beg&#8217;<\/strong> de Sa\u00fcl G\u00f3mez i Soler y el paso masero <strong>&#8216;Cavall\u00f3&#8217;<\/strong> del contestano I\u00f1aki Lekumberri. Adem\u00e1s tambi\u00e9n sonaron la marcha mora <strong>&#8216;Alam Mud\u00e9jares&#8217;<\/strong> de Sa\u00fcl G\u00f3mez i Soler, el ballet <strong>&#8216;Alfonso Almog\u00e0ver&#8217;<\/strong> de Germ\u00e1n Esteve y el ballet cristiano<strong> &#8216;Din\u00e0mics&#8217;<\/strong> de Francisco Valor. Por \u00faltimo son\u00f3 <strong>el Himno de Fiestas<\/strong>, una pieza cuya m\u00fasica cre\u00f3 Jos\u00e9 Insa Mart\u00ednez y que cuenta con letra del poeta Gerard Mur i P\u00e9rez.<\/p>\n<p style=\"text-align: justify;\">Este primer concierto de m\u00fasica incluy\u00f3 tambi\u00e9n <strong>las palabras del Presidente del Mal Passet<\/strong> (Alfonso S\u00e1nchez) y del <strong>m\u00e1ximo dirigente de la Junta de Festes contestana<\/strong>; (Juan Francisco Masanet). Al margen de esto la agrupaci\u00f3n realiz\u00f3 el s\u00e1bado, coincidiendo con el &#8216;Dia dels Comptes&#8217; <strong>la tradicional &#8216;arrepleg\u00e0&#8217;<\/strong> en sus domicilios de los nuevos componentes que pasan a formar parte de la Colla. En esta ocasi\u00f3n los m\u00fasicos que reforzar\u00e1n la plantilla del Mal Passet son <strong>Natxo gerrnadiz, Marc oltra, Paula S\u00e1nchez i Salva Cort\u00e9s<\/strong>.<\/p>\n","protected":false},"excerpt":{"rendered":"<p>La Colla de Dol\u00e7aines i Tabals Mal Passet de Cocentaina inici\u00f3 ayer la Semana Festera del municipio con la edici\u00f3n&#8230;<\/p>\n","protected":false},"author":1,"featured_media":90490,"comment_status":"open","ping_status":"open","sticky":false,"template":"","format":"standard","meta":{"footnotes":""},"categories":[98,75],"tags":[132,701,2001,794,700,782],"class_list":["post-90489","post","type-post","status-publish","format-standard","has-post-thumbnail","hentry","category-comarcas","category-noticias","tag-cocentaina","tag-concierto","tag-fiestas-de-moros-y-cristianos","tag-mal-passet","tag-musica-festera","tag-palau-comtal"],"yoast_head":"<!-- This site is optimized with the Yoast SEO plugin v27.3 - https:\/\/yoast.com\/product\/yoast-seo-wordpress\/ -->\n<title>La Colla Mal Passet inicia una nueva Semana Festera en Cocentaina - COPE Alcoy<\/title>\n<meta name=\"robots\" content=\"index, follow, max-snippet:-1, max-image-preview:large, max-video-preview:-1\" \/>\n<link rel=\"canonical\" href=\"https:\/\/www.copealcoy.es\/es\/la-colla-mal-passet-inicia-una-nueva-semana-festera-en-cocentaina\/\" \/>\n<meta property=\"og:locale\" content=\"es_ES\" \/>\n<meta property=\"og:type\" content=\"article\" \/>\n<meta property=\"og:title\" content=\"La Colla Mal Passet inicia una nueva Semana Festera en Cocentaina - COPE Alcoy\" \/>\n<meta property=\"og:description\" content=\"La Colla de Dol\u00e7aines i Tabals Mal Passet de Cocentaina inici\u00f3 ayer la Semana Festera del municipio con la edici\u00f3n...\" \/>\n<meta property=\"og:url\" content=\"https:\/\/www.copealcoy.es\/es\/la-colla-mal-passet-inicia-una-nueva-semana-festera-en-cocentaina\/\" \/>\n<meta property=\"og:site_name\" content=\"COPE Alcoy\" \/>\n<meta property=\"article:published_time\" content=\"2022-08-08T18:15:53+00:00\" \/>\n<meta property=\"article:modified_time\" content=\"2022-08-08T18:31:44+00:00\" \/>\n<meta property=\"og:image\" content=\"https:\/\/www.copealcoy.es\/wp-content\/uploads\/2022\/08\/unnamed-4-e1659982516998.jpg\" \/>\n\t<meta property=\"og:image:width\" content=\"640\" \/>\n\t<meta property=\"og:image:height\" content=\"407\" \/>\n\t<meta property=\"og:image:type\" content=\"image\/jpeg\" \/>\n<meta name=\"author\" content=\"Cope Alcoy\" \/>\n<meta name=\"twitter:label1\" content=\"Escrito por\" \/>\n\t<meta name=\"twitter:data1\" content=\"Cope Alcoy\" \/>\n\t<meta name=\"twitter:label2\" content=\"Tiempo de lectura\" \/>\n\t<meta name=\"twitter:data2\" content=\"2 minutos\" \/>\n<script type=\"application\/ld+json\" class=\"yoast-schema-graph\">{\"@context\":\"https:\\\/\\\/schema.org\",\"@graph\":[{\"@type\":\"Article\",\"@id\":\"https:\\\/\\\/www.copealcoy.es\\\/es\\\/la-colla-mal-passet-inicia-una-nueva-semana-festera-en-cocentaina\\\/#article\",\"isPartOf\":{\"@id\":\"https:\\\/\\\/www.copealcoy.es\\\/es\\\/la-colla-mal-passet-inicia-una-nueva-semana-festera-en-cocentaina\\\/\"},\"author\":{\"name\":\"Cope Alcoy\",\"@id\":\"https:\\\/\\\/www.copealcoy.es\\\/es\\\/#\\\/schema\\\/person\\\/e777c87fa024e57d40170af9df39882c\"},\"headline\":\"La Colla Mal Passet inicia una nueva Semana Festera en Cocentaina\",\"datePublished\":\"2022-08-08T18:15:53+00:00\",\"dateModified\":\"2022-08-08T18:31:44+00:00\",\"mainEntityOfPage\":{\"@id\":\"https:\\\/\\\/www.copealcoy.es\\\/es\\\/la-colla-mal-passet-inicia-una-nueva-semana-festera-en-cocentaina\\\/\"},\"wordCount\":378,\"commentCount\":0,\"image\":{\"@id\":\"https:\\\/\\\/www.copealcoy.es\\\/es\\\/la-colla-mal-passet-inicia-una-nueva-semana-festera-en-cocentaina\\\/#primaryimage\"},\"thumbnailUrl\":\"https:\\\/\\\/www.copealcoy.es\\\/wp-content\\\/uploads\\\/2022\\\/08\\\/unnamed-4-e1659982516998.jpg\",\"keywords\":[\"Cocentaina\",\"Concierto\",\"Fiestas de Moros y Cristianos\",\"Mal Passet\",\"M\u00fasica Festera\",\"Palau Comtal\"],\"articleSection\":[\"Comarcas\",\"Noticias\"],\"inLanguage\":\"es\"},{\"@type\":\"WebPage\",\"@id\":\"https:\\\/\\\/www.copealcoy.es\\\/es\\\/la-colla-mal-passet-inicia-una-nueva-semana-festera-en-cocentaina\\\/\",\"url\":\"https:\\\/\\\/www.copealcoy.es\\\/es\\\/la-colla-mal-passet-inicia-una-nueva-semana-festera-en-cocentaina\\\/\",\"name\":\"La Colla Mal Passet inicia una nueva Semana Festera en Cocentaina - COPE Alcoy\",\"isPartOf\":{\"@id\":\"https:\\\/\\\/www.copealcoy.es\\\/es\\\/#website\"},\"primaryImageOfPage\":{\"@id\":\"https:\\\/\\\/www.copealcoy.es\\\/es\\\/la-colla-mal-passet-inicia-una-nueva-semana-festera-en-cocentaina\\\/#primaryimage\"},\"image\":{\"@id\":\"https:\\\/\\\/www.copealcoy.es\\\/es\\\/la-colla-mal-passet-inicia-una-nueva-semana-festera-en-cocentaina\\\/#primaryimage\"},\"thumbnailUrl\":\"https:\\\/\\\/www.copealcoy.es\\\/wp-content\\\/uploads\\\/2022\\\/08\\\/unnamed-4-e1659982516998.jpg\",\"datePublished\":\"2022-08-08T18:15:53+00:00\",\"dateModified\":\"2022-08-08T18:31:44+00:00\",\"author\":{\"@id\":\"https:\\\/\\\/www.copealcoy.es\\\/es\\\/#\\\/schema\\\/person\\\/e777c87fa024e57d40170af9df39882c\"},\"breadcrumb\":{\"@id\":\"https:\\\/\\\/www.copealcoy.es\\\/es\\\/la-colla-mal-passet-inicia-una-nueva-semana-festera-en-cocentaina\\\/#breadcrumb\"},\"inLanguage\":\"es\",\"potentialAction\":[{\"@type\":\"ReadAction\",\"target\":[\"https:\\\/\\\/www.copealcoy.es\\\/es\\\/la-colla-mal-passet-inicia-una-nueva-semana-festera-en-cocentaina\\\/\"]}]},{\"@type\":\"ImageObject\",\"inLanguage\":\"es\",\"@id\":\"https:\\\/\\\/www.copealcoy.es\\\/es\\\/la-colla-mal-passet-inicia-una-nueva-semana-festera-en-cocentaina\\\/#primaryimage\",\"url\":\"https:\\\/\\\/www.copealcoy.es\\\/wp-content\\\/uploads\\\/2022\\\/08\\\/unnamed-4-e1659982516998.jpg\",\"contentUrl\":\"https:\\\/\\\/www.copealcoy.es\\\/wp-content\\\/uploads\\\/2022\\\/08\\\/unnamed-4-e1659982516998.jpg\",\"width\":640,\"height\":407},{\"@type\":\"BreadcrumbList\",\"@id\":\"https:\\\/\\\/www.copealcoy.es\\\/es\\\/la-colla-mal-passet-inicia-una-nueva-semana-festera-en-cocentaina\\\/#breadcrumb\",\"itemListElement\":[{\"@type\":\"ListItem\",\"position\":1,\"name\":\"Portada\",\"item\":\"https:\\\/\\\/www.copealcoy.es\\\/es\\\/\"},{\"@type\":\"ListItem\",\"position\":2,\"name\":\"La Colla Mal Passet inicia una nueva Semana Festera en Cocentaina\"}]},{\"@type\":\"WebSite\",\"@id\":\"https:\\\/\\\/www.copealcoy.es\\\/es\\\/#website\",\"url\":\"https:\\\/\\\/www.copealcoy.es\\\/es\\\/\",\"name\":\"COPE Alcoy\",\"description\":\"Emisora COPE de radio local con emisi\u00f3n online. Pont de Sant Jordi 8-10 03803 Alcoy\",\"potentialAction\":[{\"@type\":\"SearchAction\",\"target\":{\"@type\":\"EntryPoint\",\"urlTemplate\":\"https:\\\/\\\/www.copealcoy.es\\\/es\\\/?s={search_term_string}\"},\"query-input\":{\"@type\":\"PropertyValueSpecification\",\"valueRequired\":true,\"valueName\":\"search_term_string\"}}],\"inLanguage\":\"es\"},{\"@type\":\"Person\",\"@id\":\"https:\\\/\\\/www.copealcoy.es\\\/es\\\/#\\\/schema\\\/person\\\/e777c87fa024e57d40170af9df39882c\",\"name\":\"Cope Alcoy\",\"image\":{\"@type\":\"ImageObject\",\"inLanguage\":\"es\",\"@id\":\"https:\\\/\\\/secure.gravatar.com\\\/avatar\\\/bb65d0283347e303893ba14f0692005417c1e0e690a325a4c5d8bb2b3943ee14?s=96&d=mm&r=g\",\"url\":\"https:\\\/\\\/secure.gravatar.com\\\/avatar\\\/bb65d0283347e303893ba14f0692005417c1e0e690a325a4c5d8bb2b3943ee14?s=96&d=mm&r=g\",\"contentUrl\":\"https:\\\/\\\/secure.gravatar.com\\\/avatar\\\/bb65d0283347e303893ba14f0692005417c1e0e690a325a4c5d8bb2b3943ee14?s=96&d=mm&r=g\",\"caption\":\"Cope Alcoy\"}}]}<\/script>\n<!-- \/ Yoast SEO plugin. -->","yoast_head_json":{"title":"La Colla Mal Passet inicia una nueva Semana Festera en Cocentaina - COPE Alcoy","robots":{"index":"index","follow":"follow","max-snippet":"max-snippet:-1","max-image-preview":"max-image-preview:large","max-video-preview":"max-video-preview:-1"},"canonical":"https:\/\/www.copealcoy.es\/es\/la-colla-mal-passet-inicia-una-nueva-semana-festera-en-cocentaina\/","og_locale":"es_ES","og_type":"article","og_title":"La Colla Mal Passet inicia una nueva Semana Festera en Cocentaina - COPE Alcoy","og_description":"La Colla de Dol\u00e7aines i Tabals Mal Passet de Cocentaina inici\u00f3 ayer la Semana Festera del municipio con la edici\u00f3n...","og_url":"https:\/\/www.copealcoy.es\/es\/la-colla-mal-passet-inicia-una-nueva-semana-festera-en-cocentaina\/","og_site_name":"COPE Alcoy","article_published_time":"2022-08-08T18:15:53+00:00","article_modified_time":"2022-08-08T18:31:44+00:00","og_image":[{"width":640,"height":407,"url":"https:\/\/www.copealcoy.es\/wp-content\/uploads\/2022\/08\/unnamed-4-e1659982516998.jpg","type":"image\/jpeg"}],"author":"Cope Alcoy","twitter_misc":{"Escrito por":"Cope Alcoy","Tiempo de lectura":"2 minutos"},"schema":{"@context":"https:\/\/schema.org","@graph":[{"@type":"Article","@id":"https:\/\/www.copealcoy.es\/es\/la-colla-mal-passet-inicia-una-nueva-semana-festera-en-cocentaina\/#article","isPartOf":{"@id":"https:\/\/www.copealcoy.es\/es\/la-colla-mal-passet-inicia-una-nueva-semana-festera-en-cocentaina\/"},"author":{"name":"Cope Alcoy","@id":"https:\/\/www.copealcoy.es\/es\/#\/schema\/person\/e777c87fa024e57d40170af9df39882c"},"headline":"La Colla Mal Passet inicia una nueva Semana Festera en Cocentaina","datePublished":"2022-08-08T18:15:53+00:00","dateModified":"2022-08-08T18:31:44+00:00","mainEntityOfPage":{"@id":"https:\/\/www.copealcoy.es\/es\/la-colla-mal-passet-inicia-una-nueva-semana-festera-en-cocentaina\/"},"wordCount":378,"commentCount":0,"image":{"@id":"https:\/\/www.copealcoy.es\/es\/la-colla-mal-passet-inicia-una-nueva-semana-festera-en-cocentaina\/#primaryimage"},"thumbnailUrl":"https:\/\/www.copealcoy.es\/wp-content\/uploads\/2022\/08\/unnamed-4-e1659982516998.jpg","keywords":["Cocentaina","Concierto","Fiestas de Moros y Cristianos","Mal Passet","M\u00fasica Festera","Palau Comtal"],"articleSection":["Comarcas","Noticias"],"inLanguage":"es"},{"@type":"WebPage","@id":"https:\/\/www.copealcoy.es\/es\/la-colla-mal-passet-inicia-una-nueva-semana-festera-en-cocentaina\/","url":"https:\/\/www.copealcoy.es\/es\/la-colla-mal-passet-inicia-una-nueva-semana-festera-en-cocentaina\/","name":"La Colla Mal Passet inicia una nueva Semana Festera en Cocentaina - COPE Alcoy","isPartOf":{"@id":"https:\/\/www.copealcoy.es\/es\/#website"},"primaryImageOfPage":{"@id":"https:\/\/www.copealcoy.es\/es\/la-colla-mal-passet-inicia-una-nueva-semana-festera-en-cocentaina\/#primaryimage"},"image":{"@id":"https:\/\/www.copealcoy.es\/es\/la-colla-mal-passet-inicia-una-nueva-semana-festera-en-cocentaina\/#primaryimage"},"thumbnailUrl":"https:\/\/www.copealcoy.es\/wp-content\/uploads\/2022\/08\/unnamed-4-e1659982516998.jpg","datePublished":"2022-08-08T18:15:53+00:00","dateModified":"2022-08-08T18:31:44+00:00","author":{"@id":"https:\/\/www.copealcoy.es\/es\/#\/schema\/person\/e777c87fa024e57d40170af9df39882c"},"breadcrumb":{"@id":"https:\/\/www.copealcoy.es\/es\/la-colla-mal-passet-inicia-una-nueva-semana-festera-en-cocentaina\/#breadcrumb"},"inLanguage":"es","potentialAction":[{"@type":"ReadAction","target":["https:\/\/www.copealcoy.es\/es\/la-colla-mal-passet-inicia-una-nueva-semana-festera-en-cocentaina\/"]}]},{"@type":"ImageObject","inLanguage":"es","@id":"https:\/\/www.copealcoy.es\/es\/la-colla-mal-passet-inicia-una-nueva-semana-festera-en-cocentaina\/#primaryimage","url":"https:\/\/www.copealcoy.es\/wp-content\/uploads\/2022\/08\/unnamed-4-e1659982516998.jpg","contentUrl":"https:\/\/www.copealcoy.es\/wp-content\/uploads\/2022\/08\/unnamed-4-e1659982516998.jpg","width":640,"height":407},{"@type":"BreadcrumbList","@id":"https:\/\/www.copealcoy.es\/es\/la-colla-mal-passet-inicia-una-nueva-semana-festera-en-cocentaina\/#breadcrumb","itemListElement":[{"@type":"ListItem","position":1,"name":"Portada","item":"https:\/\/www.copealcoy.es\/es\/"},{"@type":"ListItem","position":2,"name":"La Colla Mal Passet inicia una nueva Semana Festera en Cocentaina"}]},{"@type":"WebSite","@id":"https:\/\/www.copealcoy.es\/es\/#website","url":"https:\/\/www.copealcoy.es\/es\/","name":"COPE Alcoy","description":"Emisora COPE de radio local con emisi\u00f3n online. Pont de Sant Jordi 8-10 03803 Alcoy","potentialAction":[{"@type":"SearchAction","target":{"@type":"EntryPoint","urlTemplate":"https:\/\/www.copealcoy.es\/es\/?s={search_term_string}"},"query-input":{"@type":"PropertyValueSpecification","valueRequired":true,"valueName":"search_term_string"}}],"inLanguage":"es"},{"@type":"Person","@id":"https:\/\/www.copealcoy.es\/es\/#\/schema\/person\/e777c87fa024e57d40170af9df39882c","name":"Cope Alcoy","image":{"@type":"ImageObject","inLanguage":"es","@id":"https:\/\/secure.gravatar.com\/avatar\/bb65d0283347e303893ba14f0692005417c1e0e690a325a4c5d8bb2b3943ee14?s=96&d=mm&r=g","url":"https:\/\/secure.gravatar.com\/avatar\/bb65d0283347e303893ba14f0692005417c1e0e690a325a4c5d8bb2b3943ee14?s=96&d=mm&r=g","contentUrl":"https:\/\/secure.gravatar.com\/avatar\/bb65d0283347e303893ba14f0692005417c1e0e690a325a4c5d8bb2b3943ee14?s=96&d=mm&r=g","caption":"Cope Alcoy"}}]}},"_links":{"self":[{"href":"https:\/\/www.copealcoy.es\/es\/wp-json\/wp\/v2\/posts\/90489","targetHints":{"allow":["GET"]}}],"collection":[{"href":"https:\/\/www.copealcoy.es\/es\/wp-json\/wp\/v2\/posts"}],"about":[{"href":"https:\/\/www.copealcoy.es\/es\/wp-json\/wp\/v2\/types\/post"}],"author":[{"embeddable":true,"href":"https:\/\/www.copealcoy.es\/es\/wp-json\/wp\/v2\/users\/1"}],"replies":[{"embeddable":true,"href":"https:\/\/www.copealcoy.es\/es\/wp-json\/wp\/v2\/comments?post=90489"}],"version-history":[{"count":0,"href":"https:\/\/www.copealcoy.es\/es\/wp-json\/wp\/v2\/posts\/90489\/revisions"}],"wp:featuredmedia":[{"embeddable":true,"href":"https:\/\/www.copealcoy.es\/es\/wp-json\/wp\/v2\/media\/90490"}],"wp:attachment":[{"href":"https:\/\/www.copealcoy.es\/es\/wp-json\/wp\/v2\/media?parent=90489"}],"wp:term":[{"taxonomy":"category","embeddable":true,"href":"https:\/\/www.copealcoy.es\/es\/wp-json\/wp\/v2\/categories?post=90489"},{"taxonomy":"post_tag","embeddable":true,"href":"https:\/\/www.copealcoy.es\/es\/wp-json\/wp\/v2\/tags?post=90489"}],"curies":[{"name":"wp","href":"https:\/\/api.w.org\/{rel}","templated":true}]}}